{"id":1407,"date":"2017-08-31T13:59:42","date_gmt":"2017-08-31T10:59:42","guid":{"rendered":"https:\/\/suomenkuvalehti.fi\/tarinoitatieteesta\/?p=1407"},"modified":"2017-08-31T13:59:42","modified_gmt":"2017-08-31T10:59:42","slug":"tutkijoita-nalviva-poliitikko-kokematon-populisti-keskella-kehnoa-lainvalmistelua","status":"publish","type":"post","link":"https:\/\/suomenkuvalehti.fi\/tarinoitatieteesta\/tutkijoita-nalviva-poliitikko-kokematon-populisti-keskella-kehnoa-lainvalmistelua\/","title":{"rendered":"Tutkijoita n\u00e4lviv\u00e4 poliitikko on kokematon populisti keskell\u00e4 kehnoa lainvalmistelua"},"content":{"rendered":"\n<p>Osallistuin eilen <a href=\"http:\/\/tietokirja.fi\/\" target=\"_blank\" rel=\"noopener noreferrer\">Tietokirja.fi<\/a>-tapahtumassa paneelikeskusteluun &#8221;Kolme pointtia Stubbista. Miksi poliitikot t\u00f6lviv\u00e4t asiantuntijoita?&#8221;. Keskustelun otsikko on per\u00e4isin kielentutkija <strong>Janne Saarikiven<\/strong> kirjoituksesta, jossa h\u00e4n (syyst\u00e4kin) lytt\u00e4\u00e4 silloisen p\u00e4\u00e4ministeri <strong>Alexander Stubbin<\/strong> tutkijoita n\u00e4lvineet kommentit. Saarikiven kirjoituksen voi lukea <a href=\"https:\/\/www.facebook.com\/notes\/janne-saarikivi\/kolme-pointtia-alex-stubbista-ja-helsingin-yliopistosta\/990490934325650\/\" target=\"_blank\" rel=\"noopener noreferrer\">t\u00e4st\u00e4 linkist\u00e4<\/a>.<\/p>\n\n\n\n<p><span style=\"font-weight: 400;\">Tietokirja.fi-tapahtumassa pohdimme siis sit\u00e4, miksi poliitikot haluavat n\u00e4lvi\u00e4 \u201ckaiken maailman dosentteja\u201d ja miksi asiantuntijan ja poliitikon suhde ylip\u00e4\u00e4t\u00e4\u00e4n on niin vaikea. Kanssapanelistini, <em>Helsingin Sanomien<\/em>&nbsp;<strong>Marko Junkkari<\/strong> kokosi jo oma ajatuksiaan <a href=\"http:\/\/www.hs.fi\/paakirjoitukset\/art-2000005346690.html\" target=\"_blank\" rel=\"noopener noreferrer\">kolumniksi<\/a>. <\/span><\/p>\n\n\n\n<p><span style=\"font-weight: 400;\">Junkkarin ajatuksista nostaisin esille erityisesti t\u00e4m\u00e4n: &#8221;<em>Asiantuntijuudesta on ylitarjontaa, ja siihen suhtaudutaan mediassa toisin kuin ennen. Kokemusasiantuntijan n\u00e4kemyst\u00e4 pidet\u00e4\u00e4n usein yht\u00e4 arvokkaana kuin akateemisen tutkijan. Arkikokemus ja yksitt\u00e4isen ihmisen mielipide on yht\u00e4 merkityksellinen kuin tieteellinen tutkimus.<\/em>&#8221;<\/span><\/p>\n\n\n\n<p><span style=\"font-weight: 400;\">Huomiossa ei sin\u00e4ns\u00e4 ole mit\u00e4\u00e4n uutta, ja olen itsekin kirjoittanut useaan otteeseen asiantuntijuuden inflaatiosta ja erilaisista somessa profiloituneista tee-se-itse-asiantuntijoista. Mutta aika harvoin t\u00e4t\u00e4 samaa problematiikkaa korostetaan poliitikkojen kohdalla. Koska poliitikot kuitenkin ovat samaa populaatiota kuin me muutkin, todellisen asiantuntemuksen tunnistaminen on heille usein yht\u00e4 lailla hankalaa.<\/span><\/p>\n\n\n\n<p><span style=\"font-weight: 400;\">Alla joitain omia selityksi\u00e4ni sille, miksi poliitikot t\u00f6lviv\u00e4t tieteentekij\u00f6it\u00e4.&nbsp;<\/span><span style=\"font-weight: 400;\">Sin\u00e4ns\u00e4 ilmi\u00f6ss\u00e4 ei ole mit\u00e4\u00e4n uutta &#8211; sanansaattajia on ammuttu aina. Kyseess\u00e4 ei my\u00f6sk\u00e4\u00e4n ole erityisen suomalainen ilmi\u00f6, mutta k\u00e4sittelen asiaa t\u00e4ss\u00e4 nimenomaan suomalaisen politiikanteon kohdalta.<\/span><\/p>\n\n\n\n<p><strong>1. Asiantuntijoille naureskelu on populismia.<\/strong> Dosentteja t\u00f6lviv\u00e4 p\u00e4\u00e4tt\u00e4j\u00e4 haluaa miellytt\u00e4\u00e4 \u00e4\u00e4nest\u00e4ji\u00e4, jotain melkoisen kuvitteellista kansaa, jonka arvellaan naureskelevan liialliselle oppineisuudelle ja herrojen hienostelulle. Tietenkin \u00e4\u00e4nest\u00e4jiss\u00e4 on oikeastikin t\u00e4llaisia naureskelijoita ja &#8221;Helsingin herrojen&#8221; vihaajia, mutta ei ehk\u00e4 niin paljon kuin kansaa aliarvioiva p\u00e4\u00e4tt\u00e4j\u00e4 olettaa. Kyseinen asenne on ollut pitk\u00e4\u00e4n osa perussuomalaista politiikan tekoa, ja puolueen kannatuksen ollessa suurimmillaan monen muunkin puolueen edustaja on opportunistisesti omaksunut kyseisen kielenk\u00e4yt\u00f6n.<\/p>\n\n\n\n<p><span style=\"font-weight: 400;\"><strong>2. Poliittiset prosessit eiv\u00e4t toimi.<\/strong> Jos poliitikko hy\u00f6kk\u00e4\u00e4 tutkijoita kohtaan lainvalmistelun loppuvaiheessa, kyseess\u00e4 on usein inhimillisesti ihan ymm\u00e4rrett\u00e4v\u00e4 pettymys ja siilipuolustus. P\u00e4\u00e4t\u00f6ksenteko on pitk\u00e4ll\u00e4, ja sitten jostain ilmestyy perustuslakiasiantuntija tai muu tieteentekij\u00e4 ja lytt\u00e4\u00e4 kaiken tehdyn ty\u00f6n turhaksi. Poliitikon pit\u00e4isi tietenkin pysty\u00e4 ymm\u00e4rt\u00e4m\u00e4\u00e4n asiantuntijan teht\u00e4v\u00e4 ja asema eik\u00e4 ryhty\u00e4 lapselliseksi. Taustalla kuitenkin on todellinen ongelma: asiantuntijoita ei kuulla silloin kuin pit\u00e4isi. P\u00e4\u00e4t\u00f6ksenteon pit\u00e4isi k\u00e4ynnisty\u00e4 tiedon pohjalta ja vasta sitten, kun koossa on tarpeeksi tietoa.<\/span><\/p>\n\n\n\n<p><span style=\"font-weight: 400;\"><strong>3. Olemme tieten tahtoen valinneet ihanteeksemme provosoimisen.<\/strong> Kova\u00e4\u00e4nisest\u00e4 &#8221;kehtaamisesta&#8221; on tullut tavoittelemisen arvoista monella yhteiskunnan alueella. Poliitikko, joka kehtaa kiist\u00e4\u00e4 kaiken evoluutiota my\u00f6ten, miellytt\u00e4\u00e4 niit\u00e4, jotka eiv\u00e4t pid\u00e4 aiemmasta menosta. Kaiken yleisesti hyv\u00e4ksytyn kiist\u00e4minen on er\u00e4\u00e4nlainen \u00e4\u00e4rimm\u00e4inen statement: <em>min\u00e4 en kuulu vanhaan j\u00e4rjestelm\u00e4\u00e4n, mik\u00e4\u00e4n totuttu etiketti ei pid\u00e4ttele minua<\/em>. Provosointi ei ole pelk\u00e4st\u00e4\u00e4n poliitikkojen syy tai ominaisuus. Esimerkiksi median klikkiotsikot ja k\u00e4rkev\u00e4, tunteisiin menev\u00e4 uutisointi ovat osa samaa ilmi\u00f6t\u00e4. Itse\u00e4ni on ajoittain kovasti harmittanut se, ett\u00e4 monen hyv\u00e4n\u00e4 pit\u00e4m\u00e4ni kirjoittajan kunnianhimo ei en\u00e4\u00e4 kohdistu sis\u00e4ll\u00f6n laadukkuuteen ja ajatusten syvyyteen vaan siihen, ett\u00e4 &#8221;her\u00e4tet\u00e4\u00e4n mahdollisimman paljon keskustelua&#8221;.<\/span><\/p>\n\n\n\n<p><span style=\"font-weight: 400;\"><strong>4. Poliitikkomme ovat joko kokemattomia tai he eiv\u00e4t muuten vain ymm\u00e4rr\u00e4 politiikan olemusta.<\/strong> Kehnosti roolinsa tunteva p\u00e4\u00e4t\u00f6ksentekij\u00e4 kokee asemansa uhatuksi, kun tieteentekij\u00e4n sanomiset eiv\u00e4t tuekaan h\u00e4nen omaa kantaansa. Tutkijaa n\u00e4lviv\u00e4 poliitikko ei ymm\u00e4rr\u00e4 asiantuntijoiden ja poliitikkojen tai tieteellisen tiedon ja poliittisen p\u00e4\u00e4t\u00f6ksenteon eroa. Asiantuntija voi uhata poliitikon esitt\u00e4mi\u00e4 argumentteja, mutta h\u00e4n ei uhkaa poliitikon kansalta saamaa mandaattia. <\/span><\/p>\n\n\n\n<p><strong>*<\/strong><\/p>\n\n\n\n<p><span style=\"font-weight: 400;\">Tutkijoiden ja poliitikkojen suhteeseen tuo oman s\u00e4vyns\u00e4 yliopistoja koskeva lains\u00e4\u00e4d\u00e4nt\u00f6. Yliopistolakiin lis\u00e4ttiin 2000-luvun alussa maininta korkeakoulujen kolmannesta teht\u00e4v\u00e4st\u00e4, joka on vuorovaikutus yhteiskunnan kanssa. <\/span><\/p>\n\n\n\n<p><span style=\"font-weight: 400;\">Lakimuutoksen my\u00f6t\u00e4 korkeakoulut ovat kannustaneet ja osin ehk\u00e4 painostaneetkin tutkijoitaan julkisuuteen. Tutkijoiden halutaan kertovan ty\u00f6ns\u00e4 tuloksista median edustajille, p\u00e4\u00e4tt\u00e4jille ja suoraan suurelle yleis\u00f6lle. <\/span><\/p>\n\n\n\n<p><span style=\"font-weight: 400;\">Taustalla on tietenkin ajatus siit\u00e4, ett\u00e4 tutkimukseen k\u00e4ytetyt veroeurot eiv\u00e4t saa menn\u00e4 hukkaan: tieteenteon t\u00e4ytyy hy\u00f6dytt\u00e4\u00e4 yhteiskuntaa, ja tutkijoiden pit\u00e4\u00e4 itse huolehtia siit\u00e4, ett\u00e4 tuore tieteellinen tieto saavuttaa kaikki yhteiskunnan kerrokset. <\/span><\/p>\n\n\n\n<p><span style=\"font-weight: 400;\">On siis melko hassunkurista, ett\u00e4 toteuttaessaan lakis\u00e4\u00e4teist\u00e4 teht\u00e4v\u00e4\u00e4ns\u00e4 tutkijat saavat osalleen naureskelua ja v\u00e4h\u00e4ttely\u00e4 juuri niilt\u00e4, jotka ovat kyseisen teht\u00e4v\u00e4n lakiin kirjanneet. <\/span><\/p>\n\n\n\n<p><span style=\"font-weight: 400;\">Tulee mieleen, ett\u00e4 ehk\u00e4 Suomeen pit\u00e4isikin s\u00e4\u00e4t\u00e4\u00e4 er\u00e4\u00e4nlainen vastakappale yliopistojen kolmannelle teht\u00e4v\u00e4lle &#8211; eli laki, joka velvoittaisi eduskunnan tekem\u00e4\u00e4n p\u00e4\u00e4t\u00f6ksi\u00e4 tutkimustietoon nojautuen. Korkeakoulujen yhteiskunnallinen vaikutus ei toteudu, jos vastapuoli ei osaa k\u00e4ytt\u00e4\u00e4 tutkimustietoa hyv\u00e4kseen. <\/span><\/p>\n\n\n","protected":false},"excerpt":{"rendered":"<p>Osallistuin eilen Tietokirja.fi-tapahtumassa paneelikeskusteluun &#8221;Kolme pointtia Stubbista. Miksi poliitikot t\u00f6lviv\u00e4t asiantuntijoita?&#8221;. Keskustelun otsikko on per\u00e4isin kielentutkija Janne Saarikiven kirjoituksesta, jossa h\u00e4n<br \/>\n(sy&hellip;<\/p>\n","protected":false},"author":146,"featured_media":0,"comment_status":"open","ping_status":"open","sticky":false,"template":"","format":"standard","meta":{"_acf_changed":false,"asauth_required_access_level":3,"asauth_cansharepaid":"true","om_header_attributes":[],"footnotes":"","om_featured_image_focal_point":[],"om_primary_tag":0,"om_contributors":[],"om_co_authors":[],"beyondwords_generate_audio":"","beyondwords_project_id":"","beyondwords_content_id":"","beyondwords_preview_token":"","beyondwords_player_content":"","beyondwords_player_style":"","beyondwords_language_code":"","beyondwords_language_id":"","beyondwords_title_voice_id":"","beyondwords_body_voice_id":"","beyondwords_summary_voice_id":"","beyondwords_error_message":"","beyondwords_disabled":"","beyondwords_delete_content":"","beyondwords_podcast_id":"","beyondwords_hash":"","publish_post_to_speechkit":"","speechkit_hash":"","speechkit_generate_audio":"","speechkit_project_id":"","speechkit_podcast_id":"","speechkit_error_message":"","speechkit_disabled":"","speechkit_access_key":"","speechkit_error":"","speechkit_info":"","speechkit_response":"","speechkit_retries":"","speechkit_status":"","speechkit_updated_at":"","_speechkit_link":"","_speechkit_text":""},"categories":[1],"tags":[1712,1710,731,1711,1489,5,39,2,722,24,26,1218,35],"class_list":["post-1407","post","type-post","status-publish","format-standard","hentry","category-tarinoita-tieteesta","tag-alexander-stubb","tag-eduskunta","tag-lainsaadanto","tag-lainvalmistelu","tag-paivystavat-dosentit","tag-tiede","tag-tiede-yhteiskunnassa","tag-tieteen-julkisuus","tag-tieteen-vaikuttavuus","tag-tieteen-yleistajuistaminen","tag-tietokirjallisuus","tag-yhteiskunnallinen-vaikuttaminen","tag-yliopistolaki"],"om_views":null,"acf":{"tuuma_off":false,"tuuma_kysymys":"","tuuma_vastaus":""},"asauth":{"required_access_level":1,"share_token":"","is_paid":false},"yoast_head":"<!-- This site is optimized with the Yoast SEO plugin v26.4 - https:\/\/yoast.com\/wordpress\/plugins\/seo\/ -->\n<title>Tutkijoita n\u00e4lviv\u00e4 poliitikko on kokematon populisti keskell\u00e4 kehnoa lainvalmistelua - Tarinoita tieteest\u00e4<\/title>\n<meta name=\"description\" content=\"Kun tieteentekij\u00f6ill\u00e4 kerran on velvollisuus kertoa tutkimustensa tuloksista, poliitikoillakin pit\u00e4isi olla velvollisuus kuunnella.\" \/>\n<meta name=\"robots\" content=\"index, follow, max-snippet:-1, max-image-preview:large, max-video-preview:-1\" \/>\n<link rel=\"canonical\" href=\"https:\/\/suomenkuvalehti.fi\/tarinoitatieteesta\/tutkijoita-nalviva-poliitikko-kokematon-populisti-keskella-kehnoa-lainvalmistelua\/\" \/>\n<meta property=\"og:locale\" content=\"fi_FI\" \/>\n<meta property=\"og:type\" content=\"article\" \/>\n<meta property=\"og:title\" content=\"Tutkijoita n\u00e4lviv\u00e4 poliitikko on kokematon populisti keskell\u00e4 kehnoa lainvalmistelua - Tarinoita tieteest\u00e4\" \/>\n<meta property=\"og:description\" content=\"Kun tieteentekij\u00f6ill\u00e4 kerran on velvollisuus kertoa tutkimustensa tuloksista, poliitikoillakin pit\u00e4isi olla velvollisuus kuunnella.\" \/>\n<meta property=\"og:url\" content=\"https:\/\/suomenkuvalehti.fi\/tarinoitatieteesta\/tutkijoita-nalviva-poliitikko-kokematon-populisti-keskella-kehnoa-lainvalmistelua\/\" \/>\n<meta property=\"og:site_name\" content=\"Tarinoita tieteest\u00e4\" \/>\n<meta property=\"article:author\" content=\"https:\/\/www.facebook.com\/pages\/Tiina-Raevaara-Tarinoita-tieteest\/280663078640821?fref=ts\" \/>\n<meta property=\"article:published_time\" content=\"2017-08-31T10:59:42+00:00\" \/>\n<meta property=\"og:image\" content=\"https:\/\/suomenkuvalehti.fi\/tarinoitatieteesta\/wp-content\/uploads\/sites\/13\/2022\/04\/tiina_raevaara-scaled.jpg\" \/>\n\t<meta property=\"og:image:width\" content=\"2560\" \/>\n\t<meta property=\"og:image:height\" content=\"1707\" \/>\n\t<meta property=\"og:image:type\" content=\"image\/jpeg\" \/>\n<meta name=\"author\" content=\"Tiina Raevaara\" \/>\n<meta name=\"twitter:card\" content=\"summary_large_image\" \/>\n<meta name=\"twitter:creator\" content=\"@https:\/\/twitter.com\/raevaara\" \/>\n<meta name=\"twitter:label1\" content=\"Written by\" \/>\n\t<meta name=\"twitter:data1\" content=\"Tiina Raevaara\" \/>\n\t<meta name=\"twitter:label2\" content=\"Est. reading time\" \/>\n\t<meta name=\"twitter:data2\" content=\"4 minuuttia\" \/>\n<script type=\"application\/ld+json\" class=\"yoast-schema-graph\">{\"@context\":\"https:\/\/schema.org\",\"@graph\":[{\"@type\":\"WebPage\",\"@id\":\"https:\/\/suomenkuvalehti.fi\/tarinoitatieteesta\/tutkijoita-nalviva-poliitikko-kokematon-populisti-keskella-kehnoa-lainvalmistelua\/\",\"url\":\"https:\/\/suomenkuvalehti.fi\/tarinoitatieteesta\/tutkijoita-nalviva-poliitikko-kokematon-populisti-keskella-kehnoa-lainvalmistelua\/\",\"name\":\"Tutkijoita n\u00e4lviv\u00e4 poliitikko on kokematon populisti keskell\u00e4 kehnoa lainvalmistelua - Tarinoita tieteest\u00e4\",\"isPartOf\":{\"@id\":\"https:\/\/suomenkuvalehti.fi\/tarinoitatieteesta\/#website\"},\"datePublished\":\"2017-08-31T10:59:42+00:00\",\"author\":{\"@id\":\"https:\/\/suomenkuvalehti.fi\/tarinoitatieteesta\/#\/schema\/person\/bb9c6caa48b3f9394f20b9d28415bca6\"},\"description\":\"Kun tieteentekij\u00f6ill\u00e4 kerran on velvollisuus kertoa tutkimustensa tuloksista, poliitikoillakin pit\u00e4isi olla velvollisuus kuunnella.\",\"breadcrumb\":{\"@id\":\"https:\/\/suomenkuvalehti.fi\/tarinoitatieteesta\/tutkijoita-nalviva-poliitikko-kokematon-populisti-keskella-kehnoa-lainvalmistelua\/#breadcrumb\"},\"inLanguage\":\"fi\",\"potentialAction\":[{\"@type\":\"ReadAction\",\"target\":[\"https:\/\/suomenkuvalehti.fi\/tarinoitatieteesta\/tutkijoita-nalviva-poliitikko-kokematon-populisti-keskella-kehnoa-lainvalmistelua\/\"]}]},{\"@type\":\"BreadcrumbList\",\"@id\":\"https:\/\/suomenkuvalehti.fi\/tarinoitatieteesta\/tutkijoita-nalviva-poliitikko-kokematon-populisti-keskella-kehnoa-lainvalmistelua\/#breadcrumb\",\"itemListElement\":[{\"@type\":\"ListItem\",\"position\":1,\"name\":\"Home\",\"item\":\"https:\/\/suomenkuvalehti.fi\/tarinoitatieteesta\/\"},{\"@type\":\"ListItem\",\"position\":2,\"name\":\"Tutkijoita n\u00e4lviv\u00e4 poliitikko on kokematon populisti keskell\u00e4 kehnoa lainvalmistelua\"}]},{\"@type\":\"WebSite\",\"@id\":\"https:\/\/suomenkuvalehti.fi\/tarinoitatieteesta\/#website\",\"url\":\"https:\/\/suomenkuvalehti.fi\/tarinoitatieteesta\/\",\"name\":\"Tarinoita tieteest\u00e4\",\"description\":\"Biologi Tiina Raevaara tutkailee tieteen maailmaa kaunokirjailijan aivoin.\",\"potentialAction\":[{\"@type\":\"SearchAction\",\"target\":{\"@type\":\"EntryPoint\",\"urlTemplate\":\"https:\/\/suomenkuvalehti.fi\/haku\/?q={search_term_string}\"},\"query-input\":{\"@type\":\"PropertyValueSpecification\",\"valueRequired\":true,\"valueName\":\"search_term_string\"}}],\"inLanguage\":\"fi\"},{\"@type\":\"Person\",\"@id\":\"https:\/\/suomenkuvalehti.fi\/tarinoitatieteesta\/#\/schema\/person\/bb9c6caa48b3f9394f20b9d28415bca6\",\"name\":\"Tiina Raevaara\",\"image\":{\"@type\":\"ImageObject\",\"inLanguage\":\"fi\",\"@id\":\"https:\/\/suomenkuvalehti.fi\/tarinoitatieteesta\/#\/schema\/person\/image\/\",\"url\":\"https:\/\/suomenkuvalehti.fi\/tarinoitatieteesta\/wp-content\/uploads\/sites\/13\/2022\/04\/tiina_raevaara-150x150.jpg\",\"contentUrl\":\"https:\/\/suomenkuvalehti.fi\/tarinoitatieteesta\/wp-content\/uploads\/sites\/13\/2022\/04\/tiina_raevaara-150x150.jpg\",\"caption\":\"Tiina Raevaara\"},\"description\":\"Kirjoittaja Tiina Raevaara on filosofian tohtori ja kirjailija.\",\"sameAs\":[\"https:\/\/www.facebook.com\/pages\/Tiina-Raevaara-Tarinoita-tieteest\/280663078640821?fref=ts\",\"https:\/\/x.com\/https:\/\/twitter.com\/raevaara\"]}]}<\/script>\n<!-- \/ Yoast SEO plugin. -->","yoast_head_json":{"title":"Tutkijoita n\u00e4lviv\u00e4 poliitikko on kokematon populisti keskell\u00e4 kehnoa lainvalmistelua - Tarinoita tieteest\u00e4","description":"Kun tieteentekij\u00f6ill\u00e4 kerran on velvollisuus kertoa tutkimustensa tuloksista, poliitikoillakin pit\u00e4isi olla velvollisuus kuunnella.","robots":{"index":"index","follow":"follow","max-snippet":"max-snippet:-1","max-image-preview":"max-image-preview:large","max-video-preview":"max-video-preview:-1"},"canonical":"https:\/\/suomenkuvalehti.fi\/tarinoitatieteesta\/tutkijoita-nalviva-poliitikko-kokematon-populisti-keskella-kehnoa-lainvalmistelua\/","og_locale":"fi_FI","og_type":"article","og_title":"Tutkijoita n\u00e4lviv\u00e4 poliitikko on kokematon populisti keskell\u00e4 kehnoa lainvalmistelua - Tarinoita tieteest\u00e4","og_description":"Kun tieteentekij\u00f6ill\u00e4 kerran on velvollisuus kertoa tutkimustensa tuloksista, poliitikoillakin pit\u00e4isi olla velvollisuus kuunnella.","og_url":"https:\/\/suomenkuvalehti.fi\/tarinoitatieteesta\/tutkijoita-nalviva-poliitikko-kokematon-populisti-keskella-kehnoa-lainvalmistelua\/","og_site_name":"Tarinoita tieteest\u00e4","article_author":"https:\/\/www.facebook.com\/pages\/Tiina-Raevaara-Tarinoita-tieteest\/280663078640821?fref=ts","article_published_time":"2017-08-31T10:59:42+00:00","og_image":[{"width":2560,"height":1707,"url":"https:\/\/suomenkuvalehti.fi\/tarinoitatieteesta\/wp-content\/uploads\/sites\/13\/2022\/04\/tiina_raevaara-scaled.jpg","type":"image\/jpeg"}],"author":"Tiina Raevaara","twitter_card":"summary_large_image","twitter_creator":"@https:\/\/twitter.com\/raevaara","twitter_misc":{"Written by":"Tiina Raevaara","Est. reading time":"4 minuuttia"},"schema":{"@context":"https:\/\/schema.org","@graph":[{"@type":"WebPage","@id":"https:\/\/suomenkuvalehti.fi\/tarinoitatieteesta\/tutkijoita-nalviva-poliitikko-kokematon-populisti-keskella-kehnoa-lainvalmistelua\/","url":"https:\/\/suomenkuvalehti.fi\/tarinoitatieteesta\/tutkijoita-nalviva-poliitikko-kokematon-populisti-keskella-kehnoa-lainvalmistelua\/","name":"Tutkijoita n\u00e4lviv\u00e4 poliitikko on kokematon populisti keskell\u00e4 kehnoa lainvalmistelua - Tarinoita tieteest\u00e4","isPartOf":{"@id":"https:\/\/suomenkuvalehti.fi\/tarinoitatieteesta\/#website"},"datePublished":"2017-08-31T10:59:42+00:00","author":{"@id":"https:\/\/suomenkuvalehti.fi\/tarinoitatieteesta\/#\/schema\/person\/bb9c6caa48b3f9394f20b9d28415bca6"},"description":"Kun tieteentekij\u00f6ill\u00e4 kerran on velvollisuus kertoa tutkimustensa tuloksista, poliitikoillakin pit\u00e4isi olla velvollisuus kuunnella.","breadcrumb":{"@id":"https:\/\/suomenkuvalehti.fi\/tarinoitatieteesta\/tutkijoita-nalviva-poliitikko-kokematon-populisti-keskella-kehnoa-lainvalmistelua\/#breadcrumb"},"inLanguage":"fi","potentialAction":[{"@type":"ReadAction","target":["https:\/\/suomenkuvalehti.fi\/tarinoitatieteesta\/tutkijoita-nalviva-poliitikko-kokematon-populisti-keskella-kehnoa-lainvalmistelua\/"]}]},{"@type":"BreadcrumbList","@id":"https:\/\/suomenkuvalehti.fi\/tarinoitatieteesta\/tutkijoita-nalviva-poliitikko-kokematon-populisti-keskella-kehnoa-lainvalmistelua\/#breadcrumb","itemListElement":[{"@type":"ListItem","position":1,"name":"Home","item":"https:\/\/suomenkuvalehti.fi\/tarinoitatieteesta\/"},{"@type":"ListItem","position":2,"name":"Tutkijoita n\u00e4lviv\u00e4 poliitikko on kokematon populisti keskell\u00e4 kehnoa lainvalmistelua"}]},{"@type":"WebSite","@id":"https:\/\/suomenkuvalehti.fi\/tarinoitatieteesta\/#website","url":"https:\/\/suomenkuvalehti.fi\/tarinoitatieteesta\/","name":"Tarinoita tieteest\u00e4","description":"Biologi Tiina Raevaara tutkailee tieteen maailmaa kaunokirjailijan aivoin.","potentialAction":[{"@type":"SearchAction","target":{"@type":"EntryPoint","urlTemplate":"https:\/\/suomenkuvalehti.fi\/haku\/?q={search_term_string}"},"query-input":{"@type":"PropertyValueSpecification","valueRequired":true,"valueName":"search_term_string"}}],"inLanguage":"fi"},{"@type":"Person","@id":"https:\/\/suomenkuvalehti.fi\/tarinoitatieteesta\/#\/schema\/person\/bb9c6caa48b3f9394f20b9d28415bca6","name":"Tiina Raevaara","image":{"@type":"ImageObject","inLanguage":"fi","@id":"https:\/\/suomenkuvalehti.fi\/tarinoitatieteesta\/#\/schema\/person\/image\/","url":"https:\/\/suomenkuvalehti.fi\/tarinoitatieteesta\/wp-content\/uploads\/sites\/13\/2022\/04\/tiina_raevaara-150x150.jpg","contentUrl":"https:\/\/suomenkuvalehti.fi\/tarinoitatieteesta\/wp-content\/uploads\/sites\/13\/2022\/04\/tiina_raevaara-150x150.jpg","caption":"Tiina Raevaara"},"description":"Kirjoittaja Tiina Raevaara on filosofian tohtori ja kirjailija.","sameAs":["https:\/\/www.facebook.com\/pages\/Tiina-Raevaara-Tarinoita-tieteest\/280663078640821?fref=ts","https:\/\/x.com\/https:\/\/twitter.com\/raevaara"]}]}},"_links":{"self":[{"href":"https:\/\/suomenkuvalehti.fi\/tarinoitatieteesta\/wp-json\/wp\/v2\/posts\/1407","targetHints":{"allow":["GET"]}}],"collection":[{"href":"https:\/\/suomenkuvalehti.fi\/tarinoitatieteesta\/wp-json\/wp\/v2\/posts"}],"about":[{"href":"https:\/\/suomenkuvalehti.fi\/tarinoitatieteesta\/wp-json\/wp\/v2\/types\/post"}],"author":[{"embeddable":true,"href":"https:\/\/suomenkuvalehti.fi\/tarinoitatieteesta\/wp-json\/wp\/v2\/users\/146"}],"replies":[{"embeddable":true,"href":"https:\/\/suomenkuvalehti.fi\/tarinoitatieteesta\/wp-json\/wp\/v2\/comments?post=1407"}],"version-history":[{"count":2,"href":"https:\/\/suomenkuvalehti.fi\/tarinoitatieteesta\/wp-json\/wp\/v2\/posts\/1407\/revisions"}],"predecessor-version":[{"id":1409,"href":"https:\/\/suomenkuvalehti.fi\/tarinoitatieteesta\/wp-json\/wp\/v2\/posts\/1407\/revisions\/1409"}],"wp:attachment":[{"href":"https:\/\/suomenkuvalehti.fi\/tarinoitatieteesta\/wp-json\/wp\/v2\/media?parent=1407"}],"wp:term":[{"taxonomy":"category","embeddable":true,"href":"https:\/\/suomenkuvalehti.fi\/tarinoitatieteesta\/wp-json\/wp\/v2\/categories?post=1407"},{"taxonomy":"post_tag","embeddable":true,"href":"https:\/\/suomenkuvalehti.fi\/tarinoitatieteesta\/wp-json\/wp\/v2\/tags?post=1407"}],"curies":[{"name":"wp","href":"https:\/\/api.w.org\/{rel}","templated":true}]}}