{"id":1394,"date":"2017-07-13T15:49:31","date_gmt":"2017-07-13T12:49:31","guid":{"rendered":"https:\/\/suomenkuvalehti.fi\/tarinoitatieteesta\/?p=1394"},"modified":"2017-07-13T15:53:28","modified_gmt":"2017-07-13T12:53:29","slug":"emme-havinneet-vaan-saimme-eravoiton","status":"publish","type":"post","link":"https:\/\/suomenkuvalehti.fi\/tarinoitatieteesta\/emme-havinneet-vaan-saimme-eravoiton\/","title":{"rendered":"Me emme h\u00e4vinneet, vaan saimme er\u00e4voiton"},"content":{"rendered":"\n<p><span style=\"font-weight: 400;\">Euroopan parlamentin ymp\u00e4rist\u00f6valiokunta antoi \u00e4skett\u00e4in linjauksen siit\u00e4, kuinka EU:n ilmastonmuutoksen vastaisessa kamppailussa pit\u00e4isi suhtautua Suomen mets\u00e4talouteen. <\/span><\/p>\n\n\n\n<p><span style=\"font-weight: 400;\">Valiokunta ei ollut samalla kannalla Sipil\u00e4n hallituksen kanssa. Suomessa on ajettu v\u00e4kisin eteenp\u00e4in ajatusta, ett\u00e4 hakkaamalla isot m\u00e4\u00e4r\u00e4t mets\u00e4\u00e4 saamme paitsi mets\u00e4n sitomaan tehokkaasti hiilidioksidia, my\u00f6s aimo varannon &#8221;biopolttoainetta&#8221; kaupan p\u00e4\u00e4lle. <\/span><\/p>\n\n\n\n<p><span style=\"font-weight: 400;\">EP:n ymp\u00e4rist\u00f6valiokunnan mukaan suunnitellut hakkuut muuttavat mets\u00e4n hiilinielun sijaan hiilidioksidin l\u00e4hteeksi. <\/span><\/p>\n\n\n\n<p><span style=\"font-weight: 400;\">&#8221;Me h\u00e4visimme&#8221;, kertoi tuloksesta <a href=\"http:\/\/www.maaseuduntulevaisuus.fi\/mets%C3%A4\/eu-parlamentin-ymp%C3%A4rist%C3%B6valiokunta-%C3%A4%C3%A4nesti-hiilinieluista-me-h%C3%A4visimme-1.198040\" target=\"_blank\" rel=\"noopener noreferrer\"><em>Maaseudun Tulevaisuus<\/em> <\/a>olettaen, ett\u00e4 todella on olemassa jokin &#8221;me&#8221;. Monessa muussakin suomalaisessa mediassa l\u00e4hdettiin liikkeelle siit\u00e4, ett\u00e4 nyt me suomalaiset olemme yhdess\u00e4 rintamassa pettymyksemme ja h\u00e4vi\u00f6mme kanssa.<\/span><\/p>\n\n\n\n<p><span style=\"font-weight: 400;\">N\u00e4inh\u00e4n asia ei ole. Suomessa on arvosteltu hallituksen ja mets\u00e4teollisuuden mets\u00e4talouspolitiikkaa hyvin vahvasti. Sora\u00e4\u00e4net pit\u00e4isikin nostaa paremmin esille ja ihan oikeasti alkaa k\u00e4yd\u00e4 keskustelua siit\u00e4, onko mets\u00e4politiikkamme kest\u00e4v\u00e4\u00e4. Esimerkiksi aihetta koskevassa <a href=\"http:\/\/www.hs.fi\/talous\/art-2000005288929.html\" target=\"_blank\" rel=\"noopener noreferrer\">HS:n jutussa<\/a> haastatellaan vain EP:n valiokunnan linjauksesta tuohtuneita tahoja ik\u00e4\u00e4n kuin kyseess\u00e4 olisi kansallinen h\u00e4t\u00e4tila.<\/span><\/p>\n\n\n\n<p><span style=\"font-weight: 400;\">V\u00e4hint\u00e4\u00e4nkin yht\u00e4 paljon palstatilaa pit\u00e4isi antaa tutkijoiden huolille. &#8221;Suomen mets\u00e4nk\u00e4ytt\u00f6suunnitelmat kiihdytt\u00e4isiv\u00e4t ilmastonmuutosta ja heikent\u00e4isiv\u00e4t luonnon monimuotoisuutta&#8221;, sanottiin jo <a href=\"http:\/\/www.bios.fi\/julkilausuma\/\" target=\"_blank\" rel=\"noopener noreferrer\">68 mets\u00e4ntutkijan kannanotossa<\/a> t\u00e4m\u00e4n vuoden maaliskuussa. <\/span><\/p>\n\n\n\n<p><span style=\"font-weight: 400;\">Suomalaisessa ilmastopolitiikassa on laskettu sen varaan, ett\u00e4 hakkaamalla metsi\u00e4 polttoaineeksi kiihtyv\u00e4ll\u00e4 tahdilla pystymme v\u00e4hent\u00e4m\u00e4\u00e4n hiilidioksikuormaamme. &#8221;Biopolttoaineesta&#8221; on my\u00f6s toivottu piristysruisketta taloudelle: Suomeen on haettu ja luvattukin investointeja useaan biopolttoainetehdashankkeeseen. <\/span><\/p>\n\n\n\n<p><span style=\"font-weight: 400;\">Toisaalta my\u00f6s perinteisempi mets\u00e4teollisuus on vaatinut lis\u00e4\u00e4 hakkuita muun muassa selluntuotantoa varten. <a href=\"https:\/\/www.ammattilehti.fi\/uutiset.html?a400=75147\" target=\"_blank\" rel=\"noopener noreferrer\">Mets\u00e4teollisuus ry veikkaa<\/a>, ett\u00e4 vuosina 2017-18 &#8221;kotimaisen puun k\u00e4ytt\u00f6 nousee historiallisen suureksi&#8221;. <\/span><\/p>\n\n\n\n<p><span style=\"font-weight: 400;\">Selkokielell\u00e4 ilmaistuna t\u00e4m\u00e4 tarkoittaa, ett\u00e4 kuluvana vuonna Suomessa hakataan mets\u00e4\u00e4 enemm\u00e4n kuin koskaan ennen. J\u00e4ljet voi jokainen suomalainen n\u00e4hd\u00e4 ymp\u00e4rill\u00e4\u00e4n. <\/span><\/p>\n\n\n\n<p><span style=\"font-weight: 400;\">Euroopan parlamentin ymp\u00e4rist\u00f6valiokunnan kannanotto on n\u00e4kynyt mediassa my\u00f6s vihastuttavana jeesusteluna. &#8221;Monilla Euroopan mepeill\u00e4 ei ole harmainta aavistusta hyv\u00e4st\u00e4 mets\u00e4nhoidosta&#8221;, sanoi RKP:n meppi Nils Torvalds <a href=\"http:\/\/www.hs.fi\/talous\/art-2000005287156.html\" target=\"_blank\" rel=\"noopener noreferrer\"><em>Helsingin Sanomien<\/em><\/a> mukaan. <\/span><\/p>\n\n\n\n<p><span style=\"font-weight: 400;\">Sallikaa minun nauraa: ihan kuin suomalainen mets\u00e4nhoito olisi oppikirjamaisen kest\u00e4v\u00e4\u00e4. <\/span><\/p>\n\n\n\n<p><span style=\"font-weight: 400;\">Meill\u00e4 suomalaisilla on rasittava taipumus v\u00e4itt\u00e4\u00e4, ett\u00e4 luontosuhteemme olisi esimerkillinen. Ei se ole. Meill\u00e4 voisi olla paljon mets\u00e4\u00e4, mutta nykyisille p\u00e4\u00e4t\u00f6ksentekij\u00f6ille mets\u00e4 on pelkk\u00e4\u00e4 puupeltoa. Mit\u00e4\u00e4n muita arvoja mets\u00e4ll\u00e4 ei n\u00e4hd\u00e4.<\/span><\/p>\n\n\n\n<p><span style=\"font-weight: 400;\">Huono luontosuhteemme on jatkunut toisaalta pitk\u00e4\u00e4n: Luonnon monimuotoisuutta, maisemaa ja mets\u00e4ss\u00e4 liikkujia kunnioittavat mets\u00e4nhoitok\u00e4yt\u00e4nn\u00f6t olivat mets\u00e4nomistajille pitk\u00e4\u00e4n k\u00e4yt\u00e4nn\u00f6ss\u00e4 mahdottomia. Suomessa oli vuoteen 2014 saakka t<a href=\"https:\/\/yle.fi\/uutiset\/3-9717075\" target=\"_blank\" rel=\"noopener noreferrer\">osiasiassa laitonta hoitaa<\/a> mets\u00e4\u00e4 muuten kuin avohakkuilla.<\/span><\/p>\n\n\n\n<p><span style=\"font-weight: 400;\">Anneli J\u00e4\u00e4tteenm\u00e4ki taas valitti <a href=\"https:\/\/annelijaatteenmaki.net\/eun-ilmastoesitys-otti-metsanhoidon-maalitauluksi\/\" target=\"_blank\" rel=\"noopener noreferrer\">tiedotteessaan<\/a>, kuinka &#8221;EU:n ilmastoesitys otti mets\u00e4nhoidon maalitauluksi&#8221;. J\u00e4\u00e4tteenm\u00e4en mielest\u00e4 &#8221;aktiivista mets\u00e4nhoitoa t\u00e4ytyy puolustaa. Se on todellinen ilmastoteko&#8221;.&nbsp;<\/span><\/p>\n\n\n\n<p><span style=\"font-weight: 400;\">Hah, sanon t\u00e4h\u00e4nkin. Kannattaa lukea vaikkapa t\u00e4m\u00e4 Aurora R\u00e4m\u00f6n <a href=\"https:\/\/suomenkuvalehti.fi\/jutut\/kotimaa\/suomen-ilmastopolitiikka-pielessa-puun-poltosta-syntyy-enemman-paastoja-kuin-kivihiilesta\/?shared=908564-a8b6840b-999\" target=\"_blank\" rel=\"noopener noreferrer\">vuoden takainen, mutta nyt eritt\u00e4in ajankohtainen artikkeli<\/a> Suomen p\u00e4\u00e4t\u00f6ksentekij\u00f6iden suhteesta metsi\u00e4 koskevaan ilmastotietoon. Ep\u00e4ilykset ilmastopolitiikkamme kest\u00e4vyydest\u00e4 on mit\u00e4 ilmeisimmin haluttu lakaista n\u00e4kym\u00e4tt\u00f6miin. <\/span><\/p>\n\n\n\n<p><span style=\"font-weight: 400;\">Todellisuudessa Suomessa on paljon tahoja, jotka ovat ilahtuneet Euroopan parlamentin ymp\u00e4rist\u00f6valiokunnan linjauksesta <a href=\"http:\/\/bios.fi\/#tiedote-eu-parlamentin-ymparistovaliokunnan-paatos-metsienkayton-ilmastovaikutusten-laskentatavasta-oli-ennakoitavissa\" target=\"_blank\" rel=\"noopener noreferrer\">tai ainakin ymm\u00e4rt\u00e4v\u00e4t sen hyvin<\/a>. On v\u00e4h\u00e4n h\u00f6lm\u00f6\u00e4 valittaa valiokunnan kannasta, kun ilmastopolitiikan vuosia jatkunutta kritiikki\u00e4 ei ole otettu tosissaan. Olisi kannattanut ottaa. <\/span><\/p>\n\n\n\n<p><span style=\"font-weight: 400;\">EU:n hyv\u00e4 puoli on se, ett\u00e4 se kahlitsee kansallisia j\u00e4rjett\u00f6myyksi\u00e4. Kuten olen <a href=\"https:\/\/suomenkuvalehti.fi\/tarinoitatieteesta\/onko-kukaan-huomannut-etta-eliolajit-katoavat\/?shared=1246-429a833a-999\" target=\"_blank\" rel=\"noopener noreferrer\">moneen kertaan kirjoittanut<\/a>, maapallolla on k\u00e4ynniss\u00e4 lajien sukupuuttoaalto, ja mets\u00e4luonnon biodiversiteetin kaventuminen on osa sit\u00e4. Mets\u00e4nhoito on paitsi ilmastopolitiikkaa, my\u00f6s suoraa vaikuttamista planeettamme lajirikkauteen. <\/span><\/p>\n\n\n\n<p><span style=\"font-weight: 400;\">Jostain syyst\u00e4 biologien huolia ei oteta ainakaan Suomessa kovin tosissaan: meill\u00e4 ekologia on valitettavasti saanut pehme\u00e4n tieteen imagon. <\/span><\/p>\n\n\n\n<p><span style=\"font-weight: 400;\">Huolessa biodiversiteetin kaventumisesta on kuitenkin kyse eritt\u00e4in kovasta jutusta. T\u00e4m\u00e4 planeetta on ainoa mit\u00e4 meill\u00e4 on, ja ihminen, kuten muutkin lajit, on t\u00e4ysin riippuvainen ymp\u00e4r\u00f6ivist\u00e4 ekosysteemeist\u00e4.<\/span><\/p>\n\n\n","protected":false},"excerpt":{"rendered":"<p>Meill\u00e4 suomalaisilla on rasittava taipumus v\u00e4itt\u00e4\u00e4, ett\u00e4 luontosuhteemme olisi esimerkillinen. Ei se ole.<\/p>\n","protected":false},"author":146,"featured_media":0,"comment_status":"open","ping_status":"open","sticky":false,"template":"","format":"standard","meta":{"_acf_changed":false,"asauth_required_access_level":3,"asauth_cansharepaid":"true","om_header_attributes":[],"footnotes":"","om_featured_image_focal_point":[],"om_primary_tag":0,"om_contributors":[],"om_co_authors":[],"beyondwords_generate_audio":"","beyondwords_project_id":"","beyondwords_content_id":"","beyondwords_preview_token":"","beyondwords_player_content":"","beyondwords_player_style":"","beyondwords_language_code":"","beyondwords_language_id":"","beyondwords_title_voice_id":"","beyondwords_body_voice_id":"","beyondwords_summary_voice_id":"","beyondwords_error_message":"","beyondwords_disabled":"","beyondwords_delete_content":"","beyondwords_podcast_id":"","beyondwords_hash":"","publish_post_to_speechkit":"","speechkit_hash":"","speechkit_generate_audio":"","speechkit_project_id":"","speechkit_podcast_id":"","speechkit_error_message":"","speechkit_disabled":"","speechkit_access_key":"","speechkit_error":"","speechkit_info":"","speechkit_response":"","speechkit_retries":"","speechkit_status":"","speechkit_updated_at":"","_speechkit_link":"","_speechkit_text":""},"categories":[1],"tags":[1073,1303,1699,1703,1702,1548,1701,43,141,1071,1698,244,1704,1401,1700,1636,1274,245],"class_list":["post-1394","post","type-post","status-publish","format-standard","hentry","category-tarinoita-tieteesta","tag-avohakkuut","tag-biodiversiteetti","tag-biopolttoaineet","tag-euroopan-parlamentti","tag-euroopan-unioni","tag-hakkuut","tag-hiilinielu","tag-ilmastonmuutos","tag-luonnonsuojelu","tag-metsanhoito","tag-metsapolitiikka","tag-metsatalous","tag-metsateollisuus","tag-metsiensuojelu","tag-paastokauppa","tag-sukupuutot","tag-sukupuuttoaalto","tag-tehometsatalous"],"om_views":null,"acf":{"tuuma_off":false,"tuuma_kysymys":"","tuuma_vastaus":""},"asauth":{"required_access_level":1,"share_token":"","is_paid":false},"yoast_head":"<!-- This site is optimized with the Yoast SEO plugin v26.4 - https:\/\/yoast.com\/wordpress\/plugins\/seo\/ -->\n<title>Me emme h\u00e4vinneet, vaan saimme er\u00e4voiton - Tarinoita tieteest\u00e4<\/title>\n<meta name=\"description\" content=\"Hallituksen ajama ilmastopolitiikka on h\u00f6lm\u00f6\u00e4 ja lyhytn\u00e4k\u00f6ist\u00e4, ja on hyv\u00e4, ett\u00e4 Euroopan parlamentti tarttui siihen. Suhteessamme metsiin on paljon korjattavaa.\" \/>\n<meta name=\"robots\" content=\"index, follow, max-snippet:-1, max-image-preview:large, max-video-preview:-1\" \/>\n<link rel=\"canonical\" href=\"https:\/\/suomenkuvalehti.fi\/tarinoitatieteesta\/emme-havinneet-vaan-saimme-eravoiton\/\" \/>\n<meta property=\"og:locale\" content=\"fi_FI\" \/>\n<meta property=\"og:type\" content=\"article\" \/>\n<meta property=\"og:title\" content=\"Me emme h\u00e4vinneet, vaan saimme er\u00e4voiton - Tarinoita tieteest\u00e4\" \/>\n<meta property=\"og:description\" content=\"Hallituksen ajama ilmastopolitiikka on h\u00f6lm\u00f6\u00e4 ja lyhytn\u00e4k\u00f6ist\u00e4, ja on hyv\u00e4, ett\u00e4 Euroopan parlamentti tarttui siihen. Suhteessamme metsiin on paljon korjattavaa.\" \/>\n<meta property=\"og:url\" content=\"https:\/\/suomenkuvalehti.fi\/tarinoitatieteesta\/emme-havinneet-vaan-saimme-eravoiton\/\" \/>\n<meta property=\"og:site_name\" content=\"Tarinoita tieteest\u00e4\" \/>\n<meta property=\"article:author\" content=\"https:\/\/www.facebook.com\/pages\/Tiina-Raevaara-Tarinoita-tieteest\/280663078640821?fref=ts\" \/>\n<meta property=\"article:published_time\" content=\"2017-07-13T12:49:31+00:00\" \/>\n<meta property=\"article:modified_time\" content=\"2017-07-13T12:53:29+00:00\" \/>\n<meta property=\"og:image\" content=\"https:\/\/suomenkuvalehti.fi\/tarinoitatieteesta\/wp-content\/uploads\/sites\/13\/2022\/04\/tiina_raevaara-scaled.jpg\" \/>\n\t<meta property=\"og:image:width\" content=\"2560\" \/>\n\t<meta property=\"og:image:height\" content=\"1707\" \/>\n\t<meta property=\"og:image:type\" content=\"image\/jpeg\" \/>\n<meta name=\"author\" content=\"Tiina Raevaara\" \/>\n<meta name=\"twitter:card\" content=\"summary_large_image\" \/>\n<meta name=\"twitter:creator\" content=\"@https:\/\/twitter.com\/raevaara\" \/>\n<meta name=\"twitter:label1\" content=\"Written by\" \/>\n\t<meta name=\"twitter:data1\" content=\"Tiina Raevaara\" \/>\n\t<meta name=\"twitter:label2\" content=\"Est. reading time\" \/>\n\t<meta name=\"twitter:data2\" content=\"3 minuuttia\" \/>\n<script type=\"application\/ld+json\" class=\"yoast-schema-graph\">{\"@context\":\"https:\/\/schema.org\",\"@graph\":[{\"@type\":\"WebPage\",\"@id\":\"https:\/\/suomenkuvalehti.fi\/tarinoitatieteesta\/emme-havinneet-vaan-saimme-eravoiton\/\",\"url\":\"https:\/\/suomenkuvalehti.fi\/tarinoitatieteesta\/emme-havinneet-vaan-saimme-eravoiton\/\",\"name\":\"Me emme h\u00e4vinneet, vaan saimme er\u00e4voiton - Tarinoita tieteest\u00e4\",\"isPartOf\":{\"@id\":\"https:\/\/suomenkuvalehti.fi\/tarinoitatieteesta\/#website\"},\"datePublished\":\"2017-07-13T12:49:31+00:00\",\"dateModified\":\"2017-07-13T12:53:29+00:00\",\"author\":{\"@id\":\"https:\/\/suomenkuvalehti.fi\/tarinoitatieteesta\/#\/schema\/person\/bb9c6caa48b3f9394f20b9d28415bca6\"},\"description\":\"Hallituksen ajama ilmastopolitiikka on h\u00f6lm\u00f6\u00e4 ja lyhytn\u00e4k\u00f6ist\u00e4, ja on hyv\u00e4, ett\u00e4 Euroopan parlamentti tarttui siihen. Suhteessamme metsiin on paljon korjattavaa.\",\"breadcrumb\":{\"@id\":\"https:\/\/suomenkuvalehti.fi\/tarinoitatieteesta\/emme-havinneet-vaan-saimme-eravoiton\/#breadcrumb\"},\"inLanguage\":\"fi\",\"potentialAction\":[{\"@type\":\"ReadAction\",\"target\":[\"https:\/\/suomenkuvalehti.fi\/tarinoitatieteesta\/emme-havinneet-vaan-saimme-eravoiton\/\"]}]},{\"@type\":\"BreadcrumbList\",\"@id\":\"https:\/\/suomenkuvalehti.fi\/tarinoitatieteesta\/emme-havinneet-vaan-saimme-eravoiton\/#breadcrumb\",\"itemListElement\":[{\"@type\":\"ListItem\",\"position\":1,\"name\":\"Home\",\"item\":\"https:\/\/suomenkuvalehti.fi\/tarinoitatieteesta\/\"},{\"@type\":\"ListItem\",\"position\":2,\"name\":\"Me emme h\u00e4vinneet, vaan saimme er\u00e4voiton\"}]},{\"@type\":\"WebSite\",\"@id\":\"https:\/\/suomenkuvalehti.fi\/tarinoitatieteesta\/#website\",\"url\":\"https:\/\/suomenkuvalehti.fi\/tarinoitatieteesta\/\",\"name\":\"Tarinoita tieteest\u00e4\",\"description\":\"Biologi Tiina Raevaara tutkailee tieteen maailmaa kaunokirjailijan aivoin.\",\"potentialAction\":[{\"@type\":\"SearchAction\",\"target\":{\"@type\":\"EntryPoint\",\"urlTemplate\":\"https:\/\/suomenkuvalehti.fi\/haku\/?q={search_term_string}\"},\"query-input\":{\"@type\":\"PropertyValueSpecification\",\"valueRequired\":true,\"valueName\":\"search_term_string\"}}],\"inLanguage\":\"fi\"},{\"@type\":\"Person\",\"@id\":\"https:\/\/suomenkuvalehti.fi\/tarinoitatieteesta\/#\/schema\/person\/bb9c6caa48b3f9394f20b9d28415bca6\",\"name\":\"Tiina Raevaara\",\"image\":{\"@type\":\"ImageObject\",\"inLanguage\":\"fi\",\"@id\":\"https:\/\/suomenkuvalehti.fi\/tarinoitatieteesta\/#\/schema\/person\/image\/\",\"url\":\"https:\/\/suomenkuvalehti.fi\/tarinoitatieteesta\/wp-content\/uploads\/sites\/13\/2022\/04\/tiina_raevaara-150x150.jpg\",\"contentUrl\":\"https:\/\/suomenkuvalehti.fi\/tarinoitatieteesta\/wp-content\/uploads\/sites\/13\/2022\/04\/tiina_raevaara-150x150.jpg\",\"caption\":\"Tiina Raevaara\"},\"description\":\"Kirjoittaja Tiina Raevaara on filosofian tohtori ja kirjailija.\",\"sameAs\":[\"https:\/\/www.facebook.com\/pages\/Tiina-Raevaara-Tarinoita-tieteest\/280663078640821?fref=ts\",\"https:\/\/x.com\/https:\/\/twitter.com\/raevaara\"]}]}<\/script>\n<!-- \/ Yoast SEO plugin. -->","yoast_head_json":{"title":"Me emme h\u00e4vinneet, vaan saimme er\u00e4voiton - Tarinoita tieteest\u00e4","description":"Hallituksen ajama ilmastopolitiikka on h\u00f6lm\u00f6\u00e4 ja lyhytn\u00e4k\u00f6ist\u00e4, ja on hyv\u00e4, ett\u00e4 Euroopan parlamentti tarttui siihen. Suhteessamme metsiin on paljon korjattavaa.","robots":{"index":"index","follow":"follow","max-snippet":"max-snippet:-1","max-image-preview":"max-image-preview:large","max-video-preview":"max-video-preview:-1"},"canonical":"https:\/\/suomenkuvalehti.fi\/tarinoitatieteesta\/emme-havinneet-vaan-saimme-eravoiton\/","og_locale":"fi_FI","og_type":"article","og_title":"Me emme h\u00e4vinneet, vaan saimme er\u00e4voiton - Tarinoita tieteest\u00e4","og_description":"Hallituksen ajama ilmastopolitiikka on h\u00f6lm\u00f6\u00e4 ja lyhytn\u00e4k\u00f6ist\u00e4, ja on hyv\u00e4, ett\u00e4 Euroopan parlamentti tarttui siihen. Suhteessamme metsiin on paljon korjattavaa.","og_url":"https:\/\/suomenkuvalehti.fi\/tarinoitatieteesta\/emme-havinneet-vaan-saimme-eravoiton\/","og_site_name":"Tarinoita tieteest\u00e4","article_author":"https:\/\/www.facebook.com\/pages\/Tiina-Raevaara-Tarinoita-tieteest\/280663078640821?fref=ts","article_published_time":"2017-07-13T12:49:31+00:00","article_modified_time":"2017-07-13T12:53:29+00:00","og_image":[{"width":2560,"height":1707,"url":"https:\/\/suomenkuvalehti.fi\/tarinoitatieteesta\/wp-content\/uploads\/sites\/13\/2022\/04\/tiina_raevaara-scaled.jpg","type":"image\/jpeg"}],"author":"Tiina Raevaara","twitter_card":"summary_large_image","twitter_creator":"@https:\/\/twitter.com\/raevaara","twitter_misc":{"Written by":"Tiina Raevaara","Est. reading time":"3 minuuttia"},"schema":{"@context":"https:\/\/schema.org","@graph":[{"@type":"WebPage","@id":"https:\/\/suomenkuvalehti.fi\/tarinoitatieteesta\/emme-havinneet-vaan-saimme-eravoiton\/","url":"https:\/\/suomenkuvalehti.fi\/tarinoitatieteesta\/emme-havinneet-vaan-saimme-eravoiton\/","name":"Me emme h\u00e4vinneet, vaan saimme er\u00e4voiton - Tarinoita tieteest\u00e4","isPartOf":{"@id":"https:\/\/suomenkuvalehti.fi\/tarinoitatieteesta\/#website"},"datePublished":"2017-07-13T12:49:31+00:00","dateModified":"2017-07-13T12:53:29+00:00","author":{"@id":"https:\/\/suomenkuvalehti.fi\/tarinoitatieteesta\/#\/schema\/person\/bb9c6caa48b3f9394f20b9d28415bca6"},"description":"Hallituksen ajama ilmastopolitiikka on h\u00f6lm\u00f6\u00e4 ja lyhytn\u00e4k\u00f6ist\u00e4, ja on hyv\u00e4, ett\u00e4 Euroopan parlamentti tarttui siihen. Suhteessamme metsiin on paljon korjattavaa.","breadcrumb":{"@id":"https:\/\/suomenkuvalehti.fi\/tarinoitatieteesta\/emme-havinneet-vaan-saimme-eravoiton\/#breadcrumb"},"inLanguage":"fi","potentialAction":[{"@type":"ReadAction","target":["https:\/\/suomenkuvalehti.fi\/tarinoitatieteesta\/emme-havinneet-vaan-saimme-eravoiton\/"]}]},{"@type":"BreadcrumbList","@id":"https:\/\/suomenkuvalehti.fi\/tarinoitatieteesta\/emme-havinneet-vaan-saimme-eravoiton\/#breadcrumb","itemListElement":[{"@type":"ListItem","position":1,"name":"Home","item":"https:\/\/suomenkuvalehti.fi\/tarinoitatieteesta\/"},{"@type":"ListItem","position":2,"name":"Me emme h\u00e4vinneet, vaan saimme er\u00e4voiton"}]},{"@type":"WebSite","@id":"https:\/\/suomenkuvalehti.fi\/tarinoitatieteesta\/#website","url":"https:\/\/suomenkuvalehti.fi\/tarinoitatieteesta\/","name":"Tarinoita tieteest\u00e4","description":"Biologi Tiina Raevaara tutkailee tieteen maailmaa kaunokirjailijan aivoin.","potentialAction":[{"@type":"SearchAction","target":{"@type":"EntryPoint","urlTemplate":"https:\/\/suomenkuvalehti.fi\/haku\/?q={search_term_string}"},"query-input":{"@type":"PropertyValueSpecification","valueRequired":true,"valueName":"search_term_string"}}],"inLanguage":"fi"},{"@type":"Person","@id":"https:\/\/suomenkuvalehti.fi\/tarinoitatieteesta\/#\/schema\/person\/bb9c6caa48b3f9394f20b9d28415bca6","name":"Tiina Raevaara","image":{"@type":"ImageObject","inLanguage":"fi","@id":"https:\/\/suomenkuvalehti.fi\/tarinoitatieteesta\/#\/schema\/person\/image\/","url":"https:\/\/suomenkuvalehti.fi\/tarinoitatieteesta\/wp-content\/uploads\/sites\/13\/2022\/04\/tiina_raevaara-150x150.jpg","contentUrl":"https:\/\/suomenkuvalehti.fi\/tarinoitatieteesta\/wp-content\/uploads\/sites\/13\/2022\/04\/tiina_raevaara-150x150.jpg","caption":"Tiina Raevaara"},"description":"Kirjoittaja Tiina Raevaara on filosofian tohtori ja kirjailija.","sameAs":["https:\/\/www.facebook.com\/pages\/Tiina-Raevaara-Tarinoita-tieteest\/280663078640821?fref=ts","https:\/\/x.com\/https:\/\/twitter.com\/raevaara"]}]}},"_links":{"self":[{"href":"https:\/\/suomenkuvalehti.fi\/tarinoitatieteesta\/wp-json\/wp\/v2\/posts\/1394","targetHints":{"allow":["GET"]}}],"collection":[{"href":"https:\/\/suomenkuvalehti.fi\/tarinoitatieteesta\/wp-json\/wp\/v2\/posts"}],"about":[{"href":"https:\/\/suomenkuvalehti.fi\/tarinoitatieteesta\/wp-json\/wp\/v2\/types\/post"}],"author":[{"embeddable":true,"href":"https:\/\/suomenkuvalehti.fi\/tarinoitatieteesta\/wp-json\/wp\/v2\/users\/146"}],"replies":[{"embeddable":true,"href":"https:\/\/suomenkuvalehti.fi\/tarinoitatieteesta\/wp-json\/wp\/v2\/comments?post=1394"}],"version-history":[{"count":7,"href":"https:\/\/suomenkuvalehti.fi\/tarinoitatieteesta\/wp-json\/wp\/v2\/posts\/1394\/revisions"}],"predecessor-version":[{"id":1401,"href":"https:\/\/suomenkuvalehti.fi\/tarinoitatieteesta\/wp-json\/wp\/v2\/posts\/1394\/revisions\/1401"}],"wp:attachment":[{"href":"https:\/\/suomenkuvalehti.fi\/tarinoitatieteesta\/wp-json\/wp\/v2\/media?parent=1394"}],"wp:term":[{"taxonomy":"category","embeddable":true,"href":"https:\/\/suomenkuvalehti.fi\/tarinoitatieteesta\/wp-json\/wp\/v2\/categories?post=1394"},{"taxonomy":"post_tag","embeddable":true,"href":"https:\/\/suomenkuvalehti.fi\/tarinoitatieteesta\/wp-json\/wp\/v2\/tags?post=1394"}],"curies":[{"name":"wp","href":"https:\/\/api.w.org\/{rel}","templated":true}]}}