{"id":1390,"date":"2017-07-10T12:09:23","date_gmt":"2017-07-10T09:09:23","guid":{"rendered":"https:\/\/suomenkuvalehti.fi\/tarinoitatieteesta\/?p=1390"},"modified":"2025-01-14T13:17:20","modified_gmt":"2025-01-14T11:17:20","slug":"maailmankatsomus-ei-ole-pelkkaa-uskontoa","status":"publish","type":"post","link":"https:\/\/suomenkuvalehti.fi\/tarinoitatieteesta\/maailmankatsomus-ei-ole-pelkkaa-uskontoa\/","title":{"rendered":"Maailmankatsomus ei ole pelkk\u00e4\u00e4 uskontoa"},"content":{"rendered":"\n<p>Uskontokuntiin kuulumattomien osuus suomalaisista kasvaa koko ajan. <a href=\"https:\/\/yle.fi\/uutiset\/3-9706960\" target=\"_blank\" rel=\"noopener noreferrer\">Kirkosta eroaa vuosittain<\/a> noin 50 000 henkil\u00f6\u00e4, eiv\u00e4tk\u00e4 kirkkoon liittyneiden tai muihin uskontokuntiin kuuluvien maahanmuuttajien m\u00e4\u00e4r\u00e4 riit\u00e4 nitist\u00e4m\u00e4\u00e4n uskonnottomien kasvavaa osuutta.<\/p>\n\n\n\n<p><span style=\"font-weight: 400;\"><a href=\"https:\/\/yle.fi\/uutiset\/3-9706960\" target=\"_blank\" rel=\"noopener noreferrer\">Kirkon oman arvion mukaan<\/a> 2030-luvun puoliv\u00e4lin j\u00e4lkeen en\u00e4\u00e4 puolet suomalaisista kuuluu evankelisluterilaiseen kirkkoon. <\/span><\/p>\n\n\n\n<p><span style=\"font-weight: 400;\">Uskontokuntaan kuulumaton ihminen ei tietenk\u00e4\u00e4n l\u00e4hesk\u00e4\u00e4n aina ole uskonnoton. Syit\u00e4 kirkosta eroamiselle on paljon, ja toisaalta kaikille syv\u00e4stikin uskonnollisille ihmiselle ei luontevasti l\u00f6ydy lain edess\u00e4 virallistettua uskontokuntaa, jonka j\u00e4seneksi liitty\u00e4. Moni my\u00f6s kavahtaa ankaralta kuulostavaa uskonto-termi\u00e4, mutta kokee erilaiset hengellisyyden muodot t\u00e4rkeiksi.<\/span><\/p>\n\n\n\n<p><span style=\"font-weight: 400;\">Silti Suomi maallistuu kovaa vauhtia ja on tehnyt niin jo pitk\u00e4\u00e4n. On aavistuksen turhauttavaa, ett\u00e4 virallisen Suomen suhtautuminen uskonnottomuuteen kulkee aina monta askelta j\u00e4ljess\u00e4. <\/span><\/p>\n\n\n\n<p><span style=\"font-weight: 400;\">Itse asiassa tuntuu, ett\u00e4 yhteiskunnan on monessa kohtaa paljon helpompi suhtautua mihin tahansa uskontoon kuin uskonnottomuuteen. <\/span><\/p>\n\n\n\n<p><span style=\"font-weight: 400;\">Muslimimaahanmuuttajien my\u00f6t\u00e4 moni tuntuu ensimm\u00e4ist\u00e4 kertaa ymm\u00e4rt\u00e4neen, ett\u00e4 yhteiskunnassamme el\u00e4\u00e4 muitakin evankelis-luterilaiseen kirkkoon kuuluvia. <\/span><\/p>\n\n\n\n<p><span style=\"font-weight: 400;\">T\u00f6rm\u00e4sin muutama p\u00e4iv\u00e4 sitten <a href=\"https:\/\/yle.fi\/uutiset\/3-9707156\" target=\"_blank\" rel=\"noopener noreferrer\">Ylen uutissivuilla<\/a> artikkeliin evankelis-luterilaiseen kirkkoon kuulumattomien hautaamisesta Kainuussa. &#8221;Hautaukseen liittyv\u00e4t ep\u00e4kohdat ovat nousseet esille vasta viime vuosina, kun Kainuuseen viime vuosikymmenten aikana tullut muslimiv\u00e4est\u00f6 alkaa ik\u00e4\u00e4nty\u00e4&#8221;, jutussa todetaan. <\/span><\/p>\n\n\n\n<p><span style=\"font-weight: 400;\">Uskonnottomilla on ollut monenlaisia ongelmia hautajais- ja hautaamisj\u00e4rjestelyiss\u00e4 ymp\u00e4ri maata. Niit\u00e4 on ollut pitk\u00e4\u00e4n.<\/span><\/p>\n\n\n\n<p><span style=\"font-weight: 400;\">Ongelmat l\u00e4htev\u00e4t hautapaikan saamisesta. Tunnuksettomia hautapaikkoja on k\u00e4sitt\u00e4\u00e4kseni yleens\u00e4 tarjolla, mutta valinnanvaraa on hyvin paljon v\u00e4hemm\u00e4n kuin kirkkoon kuuluneiden vainajien kohdalla. Esimerkiksi Helsingin seurakuntayhtym\u00e4n ainoa tunnukseton hauta-alue sijaitsee Vantaalla. Uskonnoton voidaan haudata my\u00f6s tavallisille hautausmaille, mutta toisten haluna on nimenomaan tulla haudatuksi oman katsomuksen mukaisesti. Maailmankatsomukselliset asiat ovat hyvin henkil\u00f6kohtaisia, eik\u00e4 niit\u00e4 useinkaan ole syyt\u00e4 arvostella.<\/span><\/p>\n\n\n\n<p><span style=\"font-weight: 400;\">Ongelmia on my\u00f6s ollut esimerkiksi siin\u00e4, ett\u00e4 uskonnottomille hautajaisille on ollut vaikea l\u00f6yt\u00e4\u00e4 pitopaikkoja. Hautausmaiden yhteydess\u00e4 olevat tilat on periaatteessa tarkoitettu vain siunaustilaisuuksien j\u00e4rjest\u00e4miseen. Vaikka uskonnottoman vainajan omaisia eiv\u00e4t ristit seinill\u00e4 h\u00e4iritsisik\u00e4\u00e4n, seurakunnat ovat liian usein olleet yhteisty\u00f6kyvytt\u00f6mi\u00e4, kun uskonnottomille hautajaisille on pit\u00e4nyt l\u00f6yt\u00e4\u00e4 pitopaikka. Vaihtelua t\u00e4ss\u00e4 on paljon: seurakuntien v\u00e4lill\u00e4 on suuria eroja. Muunlaisten tilojen k\u00e4ytt\u00f6 hautajaisiin voi olla k\u00e4yt\u00e4nn\u00f6n syist\u00e4 hankalaa.<\/span><\/p>\n\n\n\n<p><span style=\"font-weight: 400;\">Yhteiskunta on antanut hautaustoimen p\u00e4\u00e4asiallisesti kirkon hoidettavaksi, jolloin parhaat palvelut suunnataan tietenkin kirkon omille j\u00e4senille. Se on ymm\u00e4rrett\u00e4v\u00e4\u00e4 &#8211; mutta se ei ole tasa-arvoista. Siin\u00e4 vaiheessa, kun en\u00e4\u00e4 alle puolet suomalaisista kuuluu evankelis-luterilaiseen kirkkoon, j\u00e4rjestely alkaa olla jo korostetun outo.<\/span><\/p>\n\n\n\n<p><span style=\"font-weight: 400;\">Henkil\u00f6kohtaisesti olen iloinen siit\u00e4, ett\u00e4 uskontovalikoimamme maailmankatsomuksista voidaan puhua muutenkin kuin kristinuskon kautta. Toivottavasti ajattelutapamme moninaistuisi viel\u00e4 lis\u00e4\u00e4 ja havahtuisimme siihen, millainen maailmankatsomusten kirjo Suomessa on ollut jo pitk\u00e4\u00e4n. <\/span><\/p>\n\n\n\n<p><span style=\"font-weight: 400;\">Toisin kuin Suomessa, maailmanlaajuisesti tarkasteltuna uskontokuntiin kuuluvien osuus v\u00e4est\u00f6st\u00e4 <a href=\"https:\/\/suomenkuvalehti.fi\/rajalla\/2017\/01\/31\/uskonnottomien-maara-pienenee-uskonnon-merkitys-kasvaa\/?shared=1306-4dc9a64b-999\" target=\"_blank\" rel=\"noopener noreferrer\">on pikemminkin nousussa<\/a>. Omana pelkonani on, ett\u00e4 siksi julkinen keskustelu uskonnoista ja maailmankatsomuksista typistyy v\u00e4kin\u00e4iseen kristinuskon ja islamin vastakkainasetteluun. On t\u00e4rke\u00e4\u00e4 nostaa keskusteluun muitakin v\u00e4est\u00f6ryhmi\u00e4 sek\u00e4 puhua erilaisista hengellisyyden, henkisyyden ja maailmankuvien muodoista. <\/span><\/p>\n\n\n\n<p><span style=\"font-weight: 400;\">Vaikka aloitin t\u00e4m\u00e4n tekstin luettelemalla henkil\u00f6m\u00e4\u00e4ri\u00e4, sellainen kertoo ihmisten ajattelusta lopulta aika v\u00e4h\u00e4n.<\/span><\/p>\n\n\n","protected":false},"excerpt":{"rendered":"<p>Uskontokuntiin kuulumattomien osuus suomalaisista kasvaa koko ajan. <\/p>\n","protected":false},"author":146,"featured_media":0,"comment_status":"open","ping_status":"open","sticky":false,"template":"","format":"standard","meta":{"_acf_changed":false,"asauth_required_access_level":3,"asauth_cansharepaid":"true","om_header_attributes":[],"footnotes":"","om_featured_image_focal_point":[],"om_primary_tag":966,"om_contributors":[],"om_co_authors":[],"beyondwords_generate_audio":"1","beyondwords_project_id":"39010","beyondwords_content_id":"35c37808-711d-456d-a27a-8bb04670ea46","beyondwords_preview_token":"08243dac-3e76-44e8-b588-411352625fb3","beyondwords_player_content":"","beyondwords_player_style":"","beyondwords_language_code":"fi_FI","beyondwords_language_id":"88","beyondwords_title_voice_id":"611","beyondwords_body_voice_id":"611","beyondwords_summary_voice_id":"611","beyondwords_error_message":"","beyondwords_disabled":"","beyondwords_delete_content":"","beyondwords_podcast_id":"35c37808-711d-456d-a27a-8bb04670ea46","beyondwords_hash":"","publish_post_to_speechkit":"","speechkit_hash":"","speechkit_generate_audio":"","speechkit_project_id":"","speechkit_podcast_id":"","speechkit_error_message":"","speechkit_disabled":"","speechkit_access_key":"","speechkit_error":"","speechkit_info":"","speechkit_response":"","speechkit_retries":"","speechkit_status":"","speechkit_updated_at":"","_speechkit_link":"","_speechkit_text":""},"categories":[1],"tags":[968,1697,385,1321,1696,966,967,1249],"class_list":["post-1390","post","type-post","status-publish","format-standard","hentry","category-tarinoita-tieteesta","tag-ateismi","tag-evankelis-luterilainen-kirkko","tag-islam","tag-kristinusko","tag-muslimit","tag-uskonnollisuus","tag-uskonnot","tag-uskonnottomuus"],"om_views":null,"acf":{"tuuma_off":false,"tuuma_kysymys":"","tuuma_vastaus":""},"asauth":{"required_access_level":1,"share_token":"","is_paid":false},"yoast_head":"<!-- This site is optimized with the Yoast SEO plugin v26.4 - https:\/\/yoast.com\/wordpress\/plugins\/seo\/ -->\n<title>Maailmankatsomus ei ole pelkk\u00e4\u00e4 uskontoa - Tarinoita tieteest\u00e4<\/title>\n<meta name=\"description\" content=\"Vasta islamin aiempaa vahvempi n\u00e4kyminen Suomessa on saanut jotkut huomaamaan, etteiv\u00e4t kaikki suomalaiset kuulu evankelis-luterilaiseen kirkkoon.\" \/>\n<meta name=\"robots\" content=\"index, follow, max-snippet:-1, max-image-preview:large, max-video-preview:-1\" \/>\n<link rel=\"canonical\" href=\"https:\/\/suomenkuvalehti.fi\/tarinoitatieteesta\/maailmankatsomus-ei-ole-pelkkaa-uskontoa\/\" \/>\n<meta property=\"og:locale\" content=\"fi_FI\" \/>\n<meta property=\"og:type\" content=\"article\" \/>\n<meta property=\"og:title\" content=\"Maailmankatsomus ei ole pelkk\u00e4\u00e4 uskontoa - Tarinoita tieteest\u00e4\" \/>\n<meta property=\"og:description\" content=\"Vasta islamin aiempaa vahvempi n\u00e4kyminen Suomessa on saanut jotkut huomaamaan, etteiv\u00e4t kaikki suomalaiset kuulu evankelis-luterilaiseen kirkkoon.\" \/>\n<meta property=\"og:url\" content=\"https:\/\/suomenkuvalehti.fi\/tarinoitatieteesta\/maailmankatsomus-ei-ole-pelkkaa-uskontoa\/\" \/>\n<meta property=\"og:site_name\" content=\"Tarinoita tieteest\u00e4\" \/>\n<meta property=\"article:author\" content=\"https:\/\/www.facebook.com\/pages\/Tiina-Raevaara-Tarinoita-tieteest\/280663078640821?fref=ts\" \/>\n<meta property=\"article:published_time\" content=\"2017-07-10T09:09:23+00:00\" \/>\n<meta property=\"article:modified_time\" content=\"2025-01-14T11:17:20+00:00\" \/>\n<meta property=\"og:image\" content=\"https:\/\/suomenkuvalehti.fi\/tarinoitatieteesta\/wp-content\/uploads\/sites\/13\/2022\/04\/tiina_raevaara-scaled.jpg\" \/>\n\t<meta property=\"og:image:width\" content=\"2560\" \/>\n\t<meta property=\"og:image:height\" content=\"1707\" \/>\n\t<meta property=\"og:image:type\" content=\"image\/jpeg\" \/>\n<meta name=\"author\" content=\"Tiina Raevaara\" \/>\n<meta name=\"twitter:card\" content=\"summary_large_image\" \/>\n<meta name=\"twitter:creator\" content=\"@https:\/\/twitter.com\/raevaara\" \/>\n<meta name=\"twitter:label1\" content=\"Written by\" \/>\n\t<meta name=\"twitter:data1\" content=\"Tiina Raevaara\" \/>\n\t<meta name=\"twitter:label2\" content=\"Est. reading time\" \/>\n\t<meta name=\"twitter:data2\" content=\"3 minuuttia\" \/>\n<script type=\"application\/ld+json\" class=\"yoast-schema-graph\">{\"@context\":\"https:\/\/schema.org\",\"@graph\":[{\"@type\":\"WebPage\",\"@id\":\"https:\/\/suomenkuvalehti.fi\/tarinoitatieteesta\/maailmankatsomus-ei-ole-pelkkaa-uskontoa\/\",\"url\":\"https:\/\/suomenkuvalehti.fi\/tarinoitatieteesta\/maailmankatsomus-ei-ole-pelkkaa-uskontoa\/\",\"name\":\"Maailmankatsomus ei ole pelkk\u00e4\u00e4 uskontoa - Tarinoita tieteest\u00e4\",\"isPartOf\":{\"@id\":\"https:\/\/suomenkuvalehti.fi\/tarinoitatieteesta\/#website\"},\"datePublished\":\"2017-07-10T09:09:23+00:00\",\"dateModified\":\"2025-01-14T11:17:20+00:00\",\"author\":{\"@id\":\"https:\/\/suomenkuvalehti.fi\/tarinoitatieteesta\/#\/schema\/person\/bb9c6caa48b3f9394f20b9d28415bca6\"},\"description\":\"Vasta islamin aiempaa vahvempi n\u00e4kyminen Suomessa on saanut jotkut huomaamaan, etteiv\u00e4t kaikki suomalaiset kuulu evankelis-luterilaiseen kirkkoon.\",\"breadcrumb\":{\"@id\":\"https:\/\/suomenkuvalehti.fi\/tarinoitatieteesta\/maailmankatsomus-ei-ole-pelkkaa-uskontoa\/#breadcrumb\"},\"inLanguage\":\"fi\",\"potentialAction\":[{\"@type\":\"ReadAction\",\"target\":[\"https:\/\/suomenkuvalehti.fi\/tarinoitatieteesta\/maailmankatsomus-ei-ole-pelkkaa-uskontoa\/\"]}]},{\"@type\":\"BreadcrumbList\",\"@id\":\"https:\/\/suomenkuvalehti.fi\/tarinoitatieteesta\/maailmankatsomus-ei-ole-pelkkaa-uskontoa\/#breadcrumb\",\"itemListElement\":[{\"@type\":\"ListItem\",\"position\":1,\"name\":\"Home\",\"item\":\"https:\/\/suomenkuvalehti.fi\/tarinoitatieteesta\/\"},{\"@type\":\"ListItem\",\"position\":2,\"name\":\"Maailmankatsomus ei ole pelkk\u00e4\u00e4 uskontoa\"}]},{\"@type\":\"WebSite\",\"@id\":\"https:\/\/suomenkuvalehti.fi\/tarinoitatieteesta\/#website\",\"url\":\"https:\/\/suomenkuvalehti.fi\/tarinoitatieteesta\/\",\"name\":\"Tarinoita tieteest\u00e4\",\"description\":\"Biologi Tiina Raevaara tutkailee tieteen maailmaa kaunokirjailijan aivoin.\",\"potentialAction\":[{\"@type\":\"SearchAction\",\"target\":{\"@type\":\"EntryPoint\",\"urlTemplate\":\"https:\/\/suomenkuvalehti.fi\/haku\/?q={search_term_string}\"},\"query-input\":{\"@type\":\"PropertyValueSpecification\",\"valueRequired\":true,\"valueName\":\"search_term_string\"}}],\"inLanguage\":\"fi\"},{\"@type\":\"Person\",\"@id\":\"https:\/\/suomenkuvalehti.fi\/tarinoitatieteesta\/#\/schema\/person\/bb9c6caa48b3f9394f20b9d28415bca6\",\"name\":\"Tiina Raevaara\",\"image\":{\"@type\":\"ImageObject\",\"inLanguage\":\"fi\",\"@id\":\"https:\/\/suomenkuvalehti.fi\/tarinoitatieteesta\/#\/schema\/person\/image\/\",\"url\":\"https:\/\/suomenkuvalehti.fi\/tarinoitatieteesta\/wp-content\/uploads\/sites\/13\/2022\/04\/tiina_raevaara-150x150.jpg\",\"contentUrl\":\"https:\/\/suomenkuvalehti.fi\/tarinoitatieteesta\/wp-content\/uploads\/sites\/13\/2022\/04\/tiina_raevaara-150x150.jpg\",\"caption\":\"Tiina Raevaara\"},\"description\":\"Kirjoittaja Tiina Raevaara on filosofian tohtori ja kirjailija.\",\"sameAs\":[\"https:\/\/www.facebook.com\/pages\/Tiina-Raevaara-Tarinoita-tieteest\/280663078640821?fref=ts\",\"https:\/\/x.com\/https:\/\/twitter.com\/raevaara\"]}]}<\/script>\n<!-- \/ Yoast SEO plugin. -->","yoast_head_json":{"title":"Maailmankatsomus ei ole pelkk\u00e4\u00e4 uskontoa - Tarinoita tieteest\u00e4","description":"Vasta islamin aiempaa vahvempi n\u00e4kyminen Suomessa on saanut jotkut huomaamaan, etteiv\u00e4t kaikki suomalaiset kuulu evankelis-luterilaiseen kirkkoon.","robots":{"index":"index","follow":"follow","max-snippet":"max-snippet:-1","max-image-preview":"max-image-preview:large","max-video-preview":"max-video-preview:-1"},"canonical":"https:\/\/suomenkuvalehti.fi\/tarinoitatieteesta\/maailmankatsomus-ei-ole-pelkkaa-uskontoa\/","og_locale":"fi_FI","og_type":"article","og_title":"Maailmankatsomus ei ole pelkk\u00e4\u00e4 uskontoa - Tarinoita tieteest\u00e4","og_description":"Vasta islamin aiempaa vahvempi n\u00e4kyminen Suomessa on saanut jotkut huomaamaan, etteiv\u00e4t kaikki suomalaiset kuulu evankelis-luterilaiseen kirkkoon.","og_url":"https:\/\/suomenkuvalehti.fi\/tarinoitatieteesta\/maailmankatsomus-ei-ole-pelkkaa-uskontoa\/","og_site_name":"Tarinoita tieteest\u00e4","article_author":"https:\/\/www.facebook.com\/pages\/Tiina-Raevaara-Tarinoita-tieteest\/280663078640821?fref=ts","article_published_time":"2017-07-10T09:09:23+00:00","article_modified_time":"2025-01-14T11:17:20+00:00","og_image":[{"width":2560,"height":1707,"url":"https:\/\/suomenkuvalehti.fi\/tarinoitatieteesta\/wp-content\/uploads\/sites\/13\/2022\/04\/tiina_raevaara-scaled.jpg","type":"image\/jpeg"}],"author":"Tiina Raevaara","twitter_card":"summary_large_image","twitter_creator":"@https:\/\/twitter.com\/raevaara","twitter_misc":{"Written by":"Tiina Raevaara","Est. reading time":"3 minuuttia"},"schema":{"@context":"https:\/\/schema.org","@graph":[{"@type":"WebPage","@id":"https:\/\/suomenkuvalehti.fi\/tarinoitatieteesta\/maailmankatsomus-ei-ole-pelkkaa-uskontoa\/","url":"https:\/\/suomenkuvalehti.fi\/tarinoitatieteesta\/maailmankatsomus-ei-ole-pelkkaa-uskontoa\/","name":"Maailmankatsomus ei ole pelkk\u00e4\u00e4 uskontoa - Tarinoita tieteest\u00e4","isPartOf":{"@id":"https:\/\/suomenkuvalehti.fi\/tarinoitatieteesta\/#website"},"datePublished":"2017-07-10T09:09:23+00:00","dateModified":"2025-01-14T11:17:20+00:00","author":{"@id":"https:\/\/suomenkuvalehti.fi\/tarinoitatieteesta\/#\/schema\/person\/bb9c6caa48b3f9394f20b9d28415bca6"},"description":"Vasta islamin aiempaa vahvempi n\u00e4kyminen Suomessa on saanut jotkut huomaamaan, etteiv\u00e4t kaikki suomalaiset kuulu evankelis-luterilaiseen kirkkoon.","breadcrumb":{"@id":"https:\/\/suomenkuvalehti.fi\/tarinoitatieteesta\/maailmankatsomus-ei-ole-pelkkaa-uskontoa\/#breadcrumb"},"inLanguage":"fi","potentialAction":[{"@type":"ReadAction","target":["https:\/\/suomenkuvalehti.fi\/tarinoitatieteesta\/maailmankatsomus-ei-ole-pelkkaa-uskontoa\/"]}]},{"@type":"BreadcrumbList","@id":"https:\/\/suomenkuvalehti.fi\/tarinoitatieteesta\/maailmankatsomus-ei-ole-pelkkaa-uskontoa\/#breadcrumb","itemListElement":[{"@type":"ListItem","position":1,"name":"Home","item":"https:\/\/suomenkuvalehti.fi\/tarinoitatieteesta\/"},{"@type":"ListItem","position":2,"name":"Maailmankatsomus ei ole pelkk\u00e4\u00e4 uskontoa"}]},{"@type":"WebSite","@id":"https:\/\/suomenkuvalehti.fi\/tarinoitatieteesta\/#website","url":"https:\/\/suomenkuvalehti.fi\/tarinoitatieteesta\/","name":"Tarinoita tieteest\u00e4","description":"Biologi Tiina Raevaara tutkailee tieteen maailmaa kaunokirjailijan aivoin.","potentialAction":[{"@type":"SearchAction","target":{"@type":"EntryPoint","urlTemplate":"https:\/\/suomenkuvalehti.fi\/haku\/?q={search_term_string}"},"query-input":{"@type":"PropertyValueSpecification","valueRequired":true,"valueName":"search_term_string"}}],"inLanguage":"fi"},{"@type":"Person","@id":"https:\/\/suomenkuvalehti.fi\/tarinoitatieteesta\/#\/schema\/person\/bb9c6caa48b3f9394f20b9d28415bca6","name":"Tiina Raevaara","image":{"@type":"ImageObject","inLanguage":"fi","@id":"https:\/\/suomenkuvalehti.fi\/tarinoitatieteesta\/#\/schema\/person\/image\/","url":"https:\/\/suomenkuvalehti.fi\/tarinoitatieteesta\/wp-content\/uploads\/sites\/13\/2022\/04\/tiina_raevaara-150x150.jpg","contentUrl":"https:\/\/suomenkuvalehti.fi\/tarinoitatieteesta\/wp-content\/uploads\/sites\/13\/2022\/04\/tiina_raevaara-150x150.jpg","caption":"Tiina Raevaara"},"description":"Kirjoittaja Tiina Raevaara on filosofian tohtori ja kirjailija.","sameAs":["https:\/\/www.facebook.com\/pages\/Tiina-Raevaara-Tarinoita-tieteest\/280663078640821?fref=ts","https:\/\/x.com\/https:\/\/twitter.com\/raevaara"]}]}},"_links":{"self":[{"href":"https:\/\/suomenkuvalehti.fi\/tarinoitatieteesta\/wp-json\/wp\/v2\/posts\/1390","targetHints":{"allow":["GET"]}}],"collection":[{"href":"https:\/\/suomenkuvalehti.fi\/tarinoitatieteesta\/wp-json\/wp\/v2\/posts"}],"about":[{"href":"https:\/\/suomenkuvalehti.fi\/tarinoitatieteesta\/wp-json\/wp\/v2\/types\/post"}],"author":[{"embeddable":true,"href":"https:\/\/suomenkuvalehti.fi\/tarinoitatieteesta\/wp-json\/wp\/v2\/users\/146"}],"replies":[{"embeddable":true,"href":"https:\/\/suomenkuvalehti.fi\/tarinoitatieteesta\/wp-json\/wp\/v2\/comments?post=1390"}],"version-history":[{"count":4,"href":"https:\/\/suomenkuvalehti.fi\/tarinoitatieteesta\/wp-json\/wp\/v2\/posts\/1390\/revisions"}],"predecessor-version":[{"id":2288,"href":"https:\/\/suomenkuvalehti.fi\/tarinoitatieteesta\/wp-json\/wp\/v2\/posts\/1390\/revisions\/2288"}],"wp:attachment":[{"href":"https:\/\/suomenkuvalehti.fi\/tarinoitatieteesta\/wp-json\/wp\/v2\/media?parent=1390"}],"wp:term":[{"taxonomy":"category","embeddable":true,"href":"https:\/\/suomenkuvalehti.fi\/tarinoitatieteesta\/wp-json\/wp\/v2\/categories?post=1390"},{"taxonomy":"post_tag","embeddable":true,"href":"https:\/\/suomenkuvalehti.fi\/tarinoitatieteesta\/wp-json\/wp\/v2\/tags?post=1390"}],"curies":[{"name":"wp","href":"https:\/\/api.w.org\/{rel}","templated":true}]}}