{"id":1386,"date":"2017-06-28T14:27:06","date_gmt":"2017-06-28T11:27:06","guid":{"rendered":"https:\/\/suomenkuvalehti.fi\/tarinoitatieteesta\/?p=1386"},"modified":"2017-06-28T14:27:06","modified_gmt":"2017-06-28T11:27:06","slug":"suomessa-edelleen-laki-jollaisesta-ruotsissa-maksetaan-jo-korvauksia","status":"publish","type":"post","link":"https:\/\/suomenkuvalehti.fi\/tarinoitatieteesta\/suomessa-edelleen-laki-jollaisesta-ruotsissa-maksetaan-jo-korvauksia\/","title":{"rendered":"Suomessa on edelleen laki, jollaisesta Ruotsissa maksetaan jo korvauksia"},"content":{"rendered":"\n<p>On Pride-viikko, ja vaikka hirve\u00e4n moni seksuaali- ja sukupuoliv\u00e4hemmist\u00f6j\u00e4 koskeva asia ja asenne yhteiskunnassa on kehittynyt hyv\u00e4\u00e4n suuntaan, tekemist\u00e4 riitt\u00e4\u00e4.<\/p>\n\n\n\n<p><span style=\"font-weight: 400;\">Kirjoitin <a href=\"https:\/\/suomenkuvalehti.fi\/tarinoitatieteesta\/miehet-synnyttavat-hah-hah-haa\/?shared=225-9cf6cc17-999\" target=\"_blank\" rel=\"noopener noreferrer\">viisi ja puoli vuotta sitten tuohtumuksestani<\/a>, joka koski toimittajien tapaa kertoa yhdest\u00e4 Suomen suurimmasta ihmisoikeusongelmasta. <\/span><\/p>\n\n\n\n<p><span style=\"font-weight: 400;\">Suomen lains\u00e4\u00e4d\u00e4nn\u00f6ss\u00e4 sukupuoltaan juridisesti korjaavien tulee olla todettu l\u00e4\u00e4ketieteellisesti lis\u00e4\u00e4ntymiskyvytt\u00f6miksi. Laki on Euroopan ihmisoikeustuomioistuimen mukaan ihmisoikeusloukkaus, ja naapurimaassamme Ruotsissa on t\u00e4n\u00e4 vuonna tehty p\u00e4\u00e4t\u00f6s maksaa korvauksia vastaavan lains\u00e4\u00e4d\u00e4nn\u00f6n vuoksi aikanaan steriloiduille ihmisille. <\/span><\/p>\n\n\n\n<p><span style=\"font-weight: 400;\">K\u00e4yt\u00e4nn\u00f6ss\u00e4 Suomen laissakin on kyse pakkosteriloinnista: jos haluat korjata juridisen sukupuolesi, sinulta vied\u00e4\u00e4n mahdollisuus biologiseen suvunjatkamiseen. Py\u00f6ritteli asiaa miten p\u00e4in tahansa, lains\u00e4\u00e4d\u00e4nn\u00f6n puolustamiseksi ei l\u00f6ydy yht\u00e4\u00e4n kest\u00e4v\u00e4\u00e4 argumenttia. <\/span><\/p>\n\n\n\n<p><span style=\"font-weight: 400;\">Tarkemmin lains\u00e4\u00e4d\u00e4nn\u00f6n ep\u00e4oikeudenmukaisuudesta voi lukea esimerkiksi <a href=\"https:\/\/www.amnesty.fi\/asiantuntijat-suomen-translaki-reilusti-jalkijunassa-muihin-pohjoismaihin-verrattuna\/?utm_source=TWITTER&amp;utm_medium=social&amp;utm_content=LGBT&amp;utm_campaign=Other_issue&amp;Post_ID=950408500\" target=\"_blank\" rel=\"noopener noreferrer\">Amnestyn verkkosivuilta<\/a>.<\/span><\/p>\n\n\n\n<p><span style=\"font-weight: 400;\">Vuosien takaisessa blogissani paheksuin siis median tapaa kertoa siit\u00e4, kuinka silloisen asiasta vastaavan ministerin, <strong>Maria Guzenina-Richardsonin<\/strong> erityisavustaja yritti toimia lains\u00e4\u00e4d\u00e4nn\u00f6n muuttamiseksi ilmeisesti ministerin tiet\u00e4m\u00e4tt\u00e4 (mik\u00e4 ei tietenk\u00e4\u00e4n ole oikea tapa tehd\u00e4 erityisavustajan ty\u00f6t\u00e4). <\/span><\/p>\n\n\n\n<p><span style=\"font-weight: 400;\">Oikeudenmukaisempaa lains\u00e4\u00e4d\u00e4nt\u00f6\u00e4, jossa ei en\u00e4\u00e4 vaadittaisi lis\u00e4\u00e4ntymiskyvytt\u00f6myytt\u00e4, nimitettiin mediassa naureskelevaan s\u00e4vyyn &#8221;miesten synnytyslaiksi&#8221;. <\/span><\/p>\n\n\n\n<p><span style=\"font-weight: 400;\">Ilmaisu oli v\u00e4h\u00e4ttelev\u00e4 ja pilkallinen, ja romutti uskoani sen suhteen, ett\u00e4 media olisi erityisen valppaana ihmisoikeusrikkomusten kohdalla tai toisi p\u00e4iv\u00e4nvaloon v\u00e4\u00e4ryyksi\u00e4, joita me helppoa el\u00e4m\u00e4\u00e4 viett\u00e4v\u00e4t keskivertoihmiset emme aina syyst\u00e4 tai toisesta huomaa.<\/span><\/p>\n\n\n\n<p><span style=\"font-weight: 400;\">Luin vuosien takaiset &#8221;miesten synnytyslaki&#8221; -uutiset t\u00e4t\u00e4 kirjoitusta varten ja masennuin muutenkin sen aikaisen keskustelun s\u00e4vyst\u00e4. <\/span><\/p>\n\n\n\n<p><span style=\"font-weight: 400;\">Tai ehk\u00e4 pit\u00e4isi olla tyytyv\u00e4inen edistymisest\u00e4? Juuri t\u00e4n\u00e4\u00e4n on k\u00e4ynniss\u00e4<a href=\"https:\/\/www.amnesty.fi\/kutsu-seminaari-transihmisten-oikeuksista-pohjoismaissa-28-6-klo-13\/\" target=\"_blank\" rel=\"noopener noreferrer\"> seminaari<\/a>, jossa pohditaan translakien ulottuvuuksia Pohjoismaissa. <\/span><\/p>\n\n\n\n<p><span style=\"font-weight: 400;\">Seminaarin suojelijana toimii perhe- ja peruspalveluministeri <strong>Juha Rehula<\/strong>, joka Amnestyn verkkosivuilla kertoo pit\u00e4v\u00e4ns\u00e4 translain korjaamista tarpeellisena ja muuttaneensa itse n\u00e4kemyst\u00e4\u00e4n asiasta viime vuosien aikana. &#8221;<\/span><span style=\"font-weight: 400;\"><em>Edistys on ollut nopeaa, ja sukupuolen moninaisuutta koskeva ymm\u00e4rrys on kasvanut. Olen itsekin p\u00e4ivitt\u00e4nyt mielipidett\u00e4ni sen j\u00e4lkeen, kun olen keskustellut ihmisten kanssa, joiden el\u00e4m\u00e4\u00e4 n\u00e4m\u00e4 kysymykset koskettavat. Kohtaamiset ovat helpottaneet minua ymm\u00e4rt\u00e4m\u00e4\u00e4n lains\u00e4\u00e4d\u00e4nn\u00f6n vaikutukset ihmisten el\u00e4m\u00e4\u00e4n. On kyse ihmisarvosta<\/em>&#8221;, Rehula sanoo Amnestyn <a href=\"https:\/\/www.amnesty.fi\/asiantuntijat-suomen-translaki-reilusti-jalkijunassa-muihin-pohjoismaihin-verrattuna\/?utm_source=TWITTER&amp;utm_medium=social&amp;utm_content=LGBT&amp;utm_campaign=Other_issue&amp;Post_ID=950408500\" target=\"_blank\" rel=\"noopener noreferrer\">tiedotteen <\/a>mukaan.<\/span><\/p>\n\n\n\n<p><span style=\"font-weight: 400;\">T\u00e4m\u00e4 on tietenkin suurta edistyst\u00e4 verrattuna viiden vuoden takaiseen tilanteeseen, jolloin silloinen ministeri Guzenina-Richardson kommentoi asiaa <a href=\"http:\/\/www.iltalehti.fi\/uutiset\/2012013015142766_uu.shtml\" target=\"_blank\" rel=\"noopener noreferrer\">Iltalehdelle<\/a> n\u00e4in masentavasti: &#8221;<\/span><span style=\"font-weight: 400;\"><em>T\u00e4ytyy tunnustaa, ett\u00e4 kun en ole ollut t\u00e4ss\u00e4 asiassa mill\u00e4\u00e4n tavalla aloitteellinen tai aktiivinen, koko aihe on aivan vieras. En ole perehtynyt t\u00e4h\u00e4n mill\u00e4\u00e4n tavalla. En osaa sanoa, onko t\u00e4m\u00e4 hyv\u00e4 vai huono asia, koska minulle ei ole tehty mit\u00e4\u00e4n muistioita tai selvityksi\u00e4 aiheesta<\/em>.&#8221;<\/span><\/p>\n\n\n\n<p><span style=\"font-weight: 400;\">Olisihan se mukavaa, jos ministeri olisi tunnistanut ilmiselv\u00e4n ihmisoikeusrikkomuksen jo viisi vuotta sitten ihan ilman muistiotakin. &nbsp;Voisimme olla nyt tilanteessa, jossa Suomessa ei en\u00e4\u00e4 olisi voimassa lains\u00e4\u00e4d\u00e4nt\u00f6\u00e4, jollaisesta Ruotsissa on ryhdytty jo maksamaan kansalaisille korvauksia.<\/span><\/p>\n\n\n\n<p>*<\/p>\n\n\n\n<p><span style=\"font-weight: 400;\"><strong>P.S.<\/strong> Tekstiss\u00e4 mainittua seminaaria ja ylip\u00e4\u00e4t\u00e4\u00e4n aiheesta k\u00e4yt\u00e4v\u00e4\u00e4 keskustelua voi seurata Twitteriss\u00e4 hashtageilla <\/span><span style=\"font-weight: 400;\">#translaki ja #<\/span>translakiNYT.<\/p>\n\n\n","protected":false},"excerpt":{"rendered":"<p>On Pride-viikko, ja vaikka hirve\u00e4n moni seksuaali- ja sukupuoliv\u00e4hemmist\u00f6j\u00e4 koskeva asia ja asenne yhteiskunnassa on kehittynyt hyv\u00e4\u00e4n suuntaan, tekemist\u00e4 riitt\u00e4\u00e4. Kirjoitin viisi ja puoli vuotta sitten tuohtumuksestani, joka koski toimittajien<br \/>\ntapaa ke&hellip;<\/p>\n","protected":false},"author":146,"featured_media":0,"comment_status":"open","ping_status":"open","sticky":false,"template":"","format":"standard","meta":{"_acf_changed":false,"asauth_required_access_level":3,"asauth_cansharepaid":"true","om_header_attributes":[],"footnotes":"","om_featured_image_focal_point":[],"om_primary_tag":0,"om_contributors":[],"om_co_authors":[],"beyondwords_generate_audio":"","beyondwords_project_id":"","beyondwords_content_id":"","beyondwords_preview_token":"","beyondwords_player_content":"","beyondwords_player_style":"","beyondwords_language_code":"","beyondwords_language_id":"","beyondwords_title_voice_id":"","beyondwords_body_voice_id":"","beyondwords_summary_voice_id":"","beyondwords_error_message":"","beyondwords_disabled":"","beyondwords_delete_content":"","beyondwords_podcast_id":"","beyondwords_hash":"","publish_post_to_speechkit":"","speechkit_hash":"","speechkit_generate_audio":"","speechkit_project_id":"","speechkit_podcast_id":"","speechkit_error_message":"","speechkit_disabled":"","speechkit_access_key":"","speechkit_error":"","speechkit_info":"","speechkit_response":"","speechkit_retries":"","speechkit_status":"","speechkit_updated_at":"","_speechkit_link":"","_speechkit_text":""},"categories":[1],"tags":[737,1695,736,1416,498,1414,733],"class_list":["post-1386","post","type-post","status-publish","format-standard","hentry","category-tarinoita-tieteesta","tag-ihmisoikeudet","tag-juha-rehula","tag-maria-guzenina-richardson","tag-pakkosterilisaatio","tag-sukupuolivahemmistot","tag-translaki","tag-transsukupuolisuus"],"om_views":null,"acf":{"tuuma_off":false,"tuuma_kysymys":"","tuuma_vastaus":""},"asauth":{"required_access_level":1,"share_token":"","is_paid":false},"yoast_head":"<!-- This site is optimized with the Yoast SEO plugin v26.4 - https:\/\/yoast.com\/wordpress\/plugins\/seo\/ -->\n<title>Suomessa on edelleen laki, jollaisesta Ruotsissa maksetaan jo korvauksia - Tarinoita tieteest\u00e4<\/title>\n<meta name=\"description\" content=\"Suomen ep\u00e4oikeudenmukaisesta translaista pit\u00e4isi p\u00e4\u00e4st\u00e4 jo eroon. Onneksi nykyiset ministerit sent\u00e4\u00e4n my\u00f6nt\u00e4v\u00e4t ongelman olemassaolon.\" \/>\n<meta name=\"robots\" content=\"index, follow, max-snippet:-1, max-image-preview:large, max-video-preview:-1\" \/>\n<link rel=\"canonical\" href=\"https:\/\/suomenkuvalehti.fi\/tarinoitatieteesta\/suomessa-edelleen-laki-jollaisesta-ruotsissa-maksetaan-jo-korvauksia\/\" \/>\n<meta property=\"og:locale\" content=\"fi_FI\" \/>\n<meta property=\"og:type\" content=\"article\" \/>\n<meta property=\"og:title\" content=\"Suomessa on edelleen laki, jollaisesta Ruotsissa maksetaan jo korvauksia - Tarinoita tieteest\u00e4\" \/>\n<meta property=\"og:description\" content=\"Suomen ep\u00e4oikeudenmukaisesta translaista pit\u00e4isi p\u00e4\u00e4st\u00e4 jo eroon. Onneksi nykyiset ministerit sent\u00e4\u00e4n my\u00f6nt\u00e4v\u00e4t ongelman olemassaolon.\" \/>\n<meta property=\"og:url\" content=\"https:\/\/suomenkuvalehti.fi\/tarinoitatieteesta\/suomessa-edelleen-laki-jollaisesta-ruotsissa-maksetaan-jo-korvauksia\/\" \/>\n<meta property=\"og:site_name\" content=\"Tarinoita tieteest\u00e4\" \/>\n<meta property=\"article:author\" content=\"https:\/\/www.facebook.com\/pages\/Tiina-Raevaara-Tarinoita-tieteest\/280663078640821?fref=ts\" \/>\n<meta property=\"article:published_time\" content=\"2017-06-28T11:27:06+00:00\" \/>\n<meta property=\"og:image\" content=\"https:\/\/suomenkuvalehti.fi\/tarinoitatieteesta\/wp-content\/uploads\/sites\/13\/2022\/04\/tiina_raevaara-scaled.jpg\" \/>\n\t<meta property=\"og:image:width\" content=\"2560\" \/>\n\t<meta property=\"og:image:height\" content=\"1707\" \/>\n\t<meta property=\"og:image:type\" content=\"image\/jpeg\" \/>\n<meta name=\"author\" content=\"Tiina Raevaara\" \/>\n<meta name=\"twitter:card\" content=\"summary_large_image\" \/>\n<meta name=\"twitter:creator\" content=\"@https:\/\/twitter.com\/raevaara\" \/>\n<meta name=\"twitter:label1\" content=\"Written by\" \/>\n\t<meta name=\"twitter:data1\" content=\"Tiina Raevaara\" \/>\n\t<meta name=\"twitter:label2\" content=\"Est. reading time\" \/>\n\t<meta name=\"twitter:data2\" content=\"2 minuuttia\" \/>\n<script type=\"application\/ld+json\" class=\"yoast-schema-graph\">{\"@context\":\"https:\/\/schema.org\",\"@graph\":[{\"@type\":\"WebPage\",\"@id\":\"https:\/\/suomenkuvalehti.fi\/tarinoitatieteesta\/suomessa-edelleen-laki-jollaisesta-ruotsissa-maksetaan-jo-korvauksia\/\",\"url\":\"https:\/\/suomenkuvalehti.fi\/tarinoitatieteesta\/suomessa-edelleen-laki-jollaisesta-ruotsissa-maksetaan-jo-korvauksia\/\",\"name\":\"Suomessa on edelleen laki, jollaisesta Ruotsissa maksetaan jo korvauksia - Tarinoita tieteest\u00e4\",\"isPartOf\":{\"@id\":\"https:\/\/suomenkuvalehti.fi\/tarinoitatieteesta\/#website\"},\"datePublished\":\"2017-06-28T11:27:06+00:00\",\"author\":{\"@id\":\"https:\/\/suomenkuvalehti.fi\/tarinoitatieteesta\/#\/schema\/person\/bb9c6caa48b3f9394f20b9d28415bca6\"},\"description\":\"Suomen ep\u00e4oikeudenmukaisesta translaista pit\u00e4isi p\u00e4\u00e4st\u00e4 jo eroon. Onneksi nykyiset ministerit sent\u00e4\u00e4n my\u00f6nt\u00e4v\u00e4t ongelman olemassaolon.\",\"breadcrumb\":{\"@id\":\"https:\/\/suomenkuvalehti.fi\/tarinoitatieteesta\/suomessa-edelleen-laki-jollaisesta-ruotsissa-maksetaan-jo-korvauksia\/#breadcrumb\"},\"inLanguage\":\"fi\",\"potentialAction\":[{\"@type\":\"ReadAction\",\"target\":[\"https:\/\/suomenkuvalehti.fi\/tarinoitatieteesta\/suomessa-edelleen-laki-jollaisesta-ruotsissa-maksetaan-jo-korvauksia\/\"]}]},{\"@type\":\"BreadcrumbList\",\"@id\":\"https:\/\/suomenkuvalehti.fi\/tarinoitatieteesta\/suomessa-edelleen-laki-jollaisesta-ruotsissa-maksetaan-jo-korvauksia\/#breadcrumb\",\"itemListElement\":[{\"@type\":\"ListItem\",\"position\":1,\"name\":\"Home\",\"item\":\"https:\/\/suomenkuvalehti.fi\/tarinoitatieteesta\/\"},{\"@type\":\"ListItem\",\"position\":2,\"name\":\"Suomessa on edelleen laki, jollaisesta Ruotsissa maksetaan jo korvauksia\"}]},{\"@type\":\"WebSite\",\"@id\":\"https:\/\/suomenkuvalehti.fi\/tarinoitatieteesta\/#website\",\"url\":\"https:\/\/suomenkuvalehti.fi\/tarinoitatieteesta\/\",\"name\":\"Tarinoita tieteest\u00e4\",\"description\":\"Biologi Tiina Raevaara tutkailee tieteen maailmaa kaunokirjailijan aivoin.\",\"potentialAction\":[{\"@type\":\"SearchAction\",\"target\":{\"@type\":\"EntryPoint\",\"urlTemplate\":\"https:\/\/suomenkuvalehti.fi\/haku\/?q={search_term_string}\"},\"query-input\":{\"@type\":\"PropertyValueSpecification\",\"valueRequired\":true,\"valueName\":\"search_term_string\"}}],\"inLanguage\":\"fi\"},{\"@type\":\"Person\",\"@id\":\"https:\/\/suomenkuvalehti.fi\/tarinoitatieteesta\/#\/schema\/person\/bb9c6caa48b3f9394f20b9d28415bca6\",\"name\":\"Tiina Raevaara\",\"image\":{\"@type\":\"ImageObject\",\"inLanguage\":\"fi\",\"@id\":\"https:\/\/suomenkuvalehti.fi\/tarinoitatieteesta\/#\/schema\/person\/image\/\",\"url\":\"https:\/\/suomenkuvalehti.fi\/tarinoitatieteesta\/wp-content\/uploads\/sites\/13\/2022\/04\/tiina_raevaara-150x150.jpg\",\"contentUrl\":\"https:\/\/suomenkuvalehti.fi\/tarinoitatieteesta\/wp-content\/uploads\/sites\/13\/2022\/04\/tiina_raevaara-150x150.jpg\",\"caption\":\"Tiina Raevaara\"},\"description\":\"Kirjoittaja Tiina Raevaara on filosofian tohtori ja kirjailija.\",\"sameAs\":[\"https:\/\/www.facebook.com\/pages\/Tiina-Raevaara-Tarinoita-tieteest\/280663078640821?fref=ts\",\"https:\/\/x.com\/https:\/\/twitter.com\/raevaara\"]}]}<\/script>\n<!-- \/ Yoast SEO plugin. -->","yoast_head_json":{"title":"Suomessa on edelleen laki, jollaisesta Ruotsissa maksetaan jo korvauksia - Tarinoita tieteest\u00e4","description":"Suomen ep\u00e4oikeudenmukaisesta translaista pit\u00e4isi p\u00e4\u00e4st\u00e4 jo eroon. Onneksi nykyiset ministerit sent\u00e4\u00e4n my\u00f6nt\u00e4v\u00e4t ongelman olemassaolon.","robots":{"index":"index","follow":"follow","max-snippet":"max-snippet:-1","max-image-preview":"max-image-preview:large","max-video-preview":"max-video-preview:-1"},"canonical":"https:\/\/suomenkuvalehti.fi\/tarinoitatieteesta\/suomessa-edelleen-laki-jollaisesta-ruotsissa-maksetaan-jo-korvauksia\/","og_locale":"fi_FI","og_type":"article","og_title":"Suomessa on edelleen laki, jollaisesta Ruotsissa maksetaan jo korvauksia - Tarinoita tieteest\u00e4","og_description":"Suomen ep\u00e4oikeudenmukaisesta translaista pit\u00e4isi p\u00e4\u00e4st\u00e4 jo eroon. Onneksi nykyiset ministerit sent\u00e4\u00e4n my\u00f6nt\u00e4v\u00e4t ongelman olemassaolon.","og_url":"https:\/\/suomenkuvalehti.fi\/tarinoitatieteesta\/suomessa-edelleen-laki-jollaisesta-ruotsissa-maksetaan-jo-korvauksia\/","og_site_name":"Tarinoita tieteest\u00e4","article_author":"https:\/\/www.facebook.com\/pages\/Tiina-Raevaara-Tarinoita-tieteest\/280663078640821?fref=ts","article_published_time":"2017-06-28T11:27:06+00:00","og_image":[{"width":2560,"height":1707,"url":"https:\/\/suomenkuvalehti.fi\/tarinoitatieteesta\/wp-content\/uploads\/sites\/13\/2022\/04\/tiina_raevaara-scaled.jpg","type":"image\/jpeg"}],"author":"Tiina Raevaara","twitter_card":"summary_large_image","twitter_creator":"@https:\/\/twitter.com\/raevaara","twitter_misc":{"Written by":"Tiina Raevaara","Est. reading time":"2 minuuttia"},"schema":{"@context":"https:\/\/schema.org","@graph":[{"@type":"WebPage","@id":"https:\/\/suomenkuvalehti.fi\/tarinoitatieteesta\/suomessa-edelleen-laki-jollaisesta-ruotsissa-maksetaan-jo-korvauksia\/","url":"https:\/\/suomenkuvalehti.fi\/tarinoitatieteesta\/suomessa-edelleen-laki-jollaisesta-ruotsissa-maksetaan-jo-korvauksia\/","name":"Suomessa on edelleen laki, jollaisesta Ruotsissa maksetaan jo korvauksia - Tarinoita tieteest\u00e4","isPartOf":{"@id":"https:\/\/suomenkuvalehti.fi\/tarinoitatieteesta\/#website"},"datePublished":"2017-06-28T11:27:06+00:00","author":{"@id":"https:\/\/suomenkuvalehti.fi\/tarinoitatieteesta\/#\/schema\/person\/bb9c6caa48b3f9394f20b9d28415bca6"},"description":"Suomen ep\u00e4oikeudenmukaisesta translaista pit\u00e4isi p\u00e4\u00e4st\u00e4 jo eroon. Onneksi nykyiset ministerit sent\u00e4\u00e4n my\u00f6nt\u00e4v\u00e4t ongelman olemassaolon.","breadcrumb":{"@id":"https:\/\/suomenkuvalehti.fi\/tarinoitatieteesta\/suomessa-edelleen-laki-jollaisesta-ruotsissa-maksetaan-jo-korvauksia\/#breadcrumb"},"inLanguage":"fi","potentialAction":[{"@type":"ReadAction","target":["https:\/\/suomenkuvalehti.fi\/tarinoitatieteesta\/suomessa-edelleen-laki-jollaisesta-ruotsissa-maksetaan-jo-korvauksia\/"]}]},{"@type":"BreadcrumbList","@id":"https:\/\/suomenkuvalehti.fi\/tarinoitatieteesta\/suomessa-edelleen-laki-jollaisesta-ruotsissa-maksetaan-jo-korvauksia\/#breadcrumb","itemListElement":[{"@type":"ListItem","position":1,"name":"Home","item":"https:\/\/suomenkuvalehti.fi\/tarinoitatieteesta\/"},{"@type":"ListItem","position":2,"name":"Suomessa on edelleen laki, jollaisesta Ruotsissa maksetaan jo korvauksia"}]},{"@type":"WebSite","@id":"https:\/\/suomenkuvalehti.fi\/tarinoitatieteesta\/#website","url":"https:\/\/suomenkuvalehti.fi\/tarinoitatieteesta\/","name":"Tarinoita tieteest\u00e4","description":"Biologi Tiina Raevaara tutkailee tieteen maailmaa kaunokirjailijan aivoin.","potentialAction":[{"@type":"SearchAction","target":{"@type":"EntryPoint","urlTemplate":"https:\/\/suomenkuvalehti.fi\/haku\/?q={search_term_string}"},"query-input":{"@type":"PropertyValueSpecification","valueRequired":true,"valueName":"search_term_string"}}],"inLanguage":"fi"},{"@type":"Person","@id":"https:\/\/suomenkuvalehti.fi\/tarinoitatieteesta\/#\/schema\/person\/bb9c6caa48b3f9394f20b9d28415bca6","name":"Tiina Raevaara","image":{"@type":"ImageObject","inLanguage":"fi","@id":"https:\/\/suomenkuvalehti.fi\/tarinoitatieteesta\/#\/schema\/person\/image\/","url":"https:\/\/suomenkuvalehti.fi\/tarinoitatieteesta\/wp-content\/uploads\/sites\/13\/2022\/04\/tiina_raevaara-150x150.jpg","contentUrl":"https:\/\/suomenkuvalehti.fi\/tarinoitatieteesta\/wp-content\/uploads\/sites\/13\/2022\/04\/tiina_raevaara-150x150.jpg","caption":"Tiina Raevaara"},"description":"Kirjoittaja Tiina Raevaara on filosofian tohtori ja kirjailija.","sameAs":["https:\/\/www.facebook.com\/pages\/Tiina-Raevaara-Tarinoita-tieteest\/280663078640821?fref=ts","https:\/\/x.com\/https:\/\/twitter.com\/raevaara"]}]}},"_links":{"self":[{"href":"https:\/\/suomenkuvalehti.fi\/tarinoitatieteesta\/wp-json\/wp\/v2\/posts\/1386","targetHints":{"allow":["GET"]}}],"collection":[{"href":"https:\/\/suomenkuvalehti.fi\/tarinoitatieteesta\/wp-json\/wp\/v2\/posts"}],"about":[{"href":"https:\/\/suomenkuvalehti.fi\/tarinoitatieteesta\/wp-json\/wp\/v2\/types\/post"}],"author":[{"embeddable":true,"href":"https:\/\/suomenkuvalehti.fi\/tarinoitatieteesta\/wp-json\/wp\/v2\/users\/146"}],"replies":[{"embeddable":true,"href":"https:\/\/suomenkuvalehti.fi\/tarinoitatieteesta\/wp-json\/wp\/v2\/comments?post=1386"}],"version-history":[{"count":3,"href":"https:\/\/suomenkuvalehti.fi\/tarinoitatieteesta\/wp-json\/wp\/v2\/posts\/1386\/revisions"}],"predecessor-version":[{"id":1389,"href":"https:\/\/suomenkuvalehti.fi\/tarinoitatieteesta\/wp-json\/wp\/v2\/posts\/1386\/revisions\/1389"}],"wp:attachment":[{"href":"https:\/\/suomenkuvalehti.fi\/tarinoitatieteesta\/wp-json\/wp\/v2\/media?parent=1386"}],"wp:term":[{"taxonomy":"category","embeddable":true,"href":"https:\/\/suomenkuvalehti.fi\/tarinoitatieteesta\/wp-json\/wp\/v2\/categories?post=1386"},{"taxonomy":"post_tag","embeddable":true,"href":"https:\/\/suomenkuvalehti.fi\/tarinoitatieteesta\/wp-json\/wp\/v2\/tags?post=1386"}],"curies":[{"name":"wp","href":"https:\/\/api.w.org\/{rel}","templated":true}]}}