{"id":1146,"date":"2015-12-31T15:22:58","date_gmt":"2015-12-31T13:22:58","guid":{"rendered":"https:\/\/suomenkuvalehti.fi\/tarinoitatieteesta\/?p=1146"},"modified":"2015-12-31T15:22:58","modified_gmt":"2015-12-31T13:22:58","slug":"ehka-ensi-vuonna-paradoksit-katoavat","status":"publish","type":"post","link":"https:\/\/suomenkuvalehti.fi\/tarinoitatieteesta\/ehka-ensi-vuonna-paradoksit-katoavat\/","title":{"rendered":"Ehk\u00e4 ensi vuonna paradoksit katoavat"},"content":{"rendered":"\n<p>P\u00e4\u00e4ttyv\u00e4 vuosi oli oikein tapahtumarikas, niin kuin vuodet aina ovat. Kierroksia maailmaan toivat muun muassa eduskuntavaalit ja uuden hallituksen leikkauspolitiikka, Syyriassa jatkuva sota, ISIS ja sen terroriteot, L\u00e4hi-id\u00e4n ja pohjois-Afrikan ep\u00e4vakautta pakenevat ihmiset.<\/p>\n\n\n\n<p><span style=\"font-weight: 400;\">Vuodesta j\u00e4i mieleen monenlaisia huomioita. T\u00e4ss\u00e4 muutamia:<\/span><\/p>\n\n\n\n<ul class=\"wp-block-list\">\n<li><span style=\"font-weight: 400;\"><span style=\"font-weight: 400;\">Suomen taloudellinen tilanne on hallituksen mukaan poikkeuksellisen vaikea, mutta ei kuitenkaan niin vaikea, ett\u00e4 ratkaisuja olisi kannattanut tehd\u00e4 parhaaseen mahdolliseen tietoon turvautuen. Ehk\u00e4 ensi vuonna kuullaan jo tutkijoita.<\/span><\/span><\/li>\n<li>Maailmalla tehd\u00e4\u00e4n paljon t\u00f6it\u00e4, jotta salamets\u00e4stys saataisiin Afrikassa loppumaan. Esimerkiksi useat sarvikuonolajit ovat jo kuolleet salamets\u00e4styksen takia sukupuuttoon. Ehk\u00e4 ensi vuonna Suomessa tajutaan, ett\u00e4 jokaisen maan pit\u00e4\u00e4 huolehtia my\u00f6s oman alueensa el\u00e4imist\u00e4, ja siksi saimaannorpan suojelussa alkaa uusi tehokausi ja suurpetojen salamets\u00e4st\u00e4j\u00e4t ajetaan ahtaalle.<\/li>\n<li>Suomessa ei olla koskaan oltu n\u00e4in huolissaan naisten koskemattomuudesta ja oikeudesta kulkea kadulla rauhassa. Ehk\u00e4 ensi vuonna pidet\u00e4\u00e4n jo yleisesti t\u00e4rke\u00e4n\u00e4, ettei kukaan huutele kellek\u00e4\u00e4n pilkkahuutoja kaduilla ja kulkuv\u00e4lineiss\u00e4 tai l\u00e4hettele s\u00e4hk\u00f6postiin raiskausuhkauksia.<\/li>\n<li>Ihmiset, jotka eniten julistavat pelk\u00e4\u00e4v\u00e4ns\u00e4 islamistista terroria, puhuvat&nbsp;kuin terroristit. Ehk\u00e4 he ensi vuonna huomaavat itsekin t\u00e4m\u00e4n ristiriidan.<\/li>\n<li>On paljon ihmisi\u00e4, jotka valittavat, ettei Suomessa saa k\u00e4yd\u00e4 kunnolla keskustelua maahanmuutosta. Ehk\u00e4 he ensi vuonna parantavat tilannetta omalta osaltaan ja huolehtivat, ettei esimerkiksi heid\u00e4n omilla Facebook-sivuillaan uhkailla tapoilla ja tuhopoltoilla.<\/li>\n<\/ul>\n\n\n\n<p><span style=\"font-weight: 400;\">Sosiaalisen median kautta katsottuna Suomessa on joukko ihmisi\u00e4, jotka ovat ahdistuneet maailmanmenosta niin, etteiv\u00e4t he voi keskitty\u00e4 mihink\u00e4\u00e4n muuhun kuin maahanmuuttajien tekemisten p\u00e4ivittelyyn. Heille toivon el\u00e4m\u00e4\u00e4n iloa ja valoa. Maailmassa on muutakin kuin maahanmuutto. Itse olen varma, ett\u00e4 Suomi selvi\u00e4\u00e4 niin maahantulijoista kuin lopulta my\u00f6s talousvaikeuksista. <\/span><\/p>\n\n\n\n<p><span style=\"font-weight: 400;\">Rentoa uutta vuotta!<\/span><\/p>\n\n\n","protected":false},"excerpt":{"rendered":"<p>P\u00e4\u00e4ttyv\u00e4 vuosi oli oikein tapahtumarikas, niin kuin vuodet aina ovat. Kierroksia maailmaan toivat muun muassa eduskuntavaalit ja uuden hallituksen leikkauspolitiikka, Syyriassa jatkuva sota, ISIS ja sen terroriteot, L\u00e4hi-id\u00e4n ja pohjois-Afrikan ep\u00e4vakautta pakenevat ihmiset. Vuodesta<br \/>\nj\u00e4i m&hellip;<\/p>\n","protected":false},"author":146,"featured_media":0,"comment_status":"open","ping_status":"open","sticky":false,"template":"","format":"standard","meta":{"_acf_changed":false,"asauth_required_access_level":3,"asauth_cansharepaid":"true","om_header_attributes":[],"footnotes":"","om_featured_image_focal_point":[],"om_primary_tag":0,"om_contributors":[],"om_co_authors":[],"beyondwords_generate_audio":"","beyondwords_project_id":"","beyondwords_content_id":"","beyondwords_preview_token":"","beyondwords_player_content":"","beyondwords_player_style":"","beyondwords_language_code":"","beyondwords_language_id":"","beyondwords_title_voice_id":"","beyondwords_body_voice_id":"","beyondwords_summary_voice_id":"","beyondwords_error_message":"","beyondwords_disabled":"","beyondwords_delete_content":"","beyondwords_podcast_id":"","beyondwords_hash":"","publish_post_to_speechkit":"","speechkit_hash":"","speechkit_generate_audio":"","speechkit_project_id":"","speechkit_podcast_id":"","speechkit_error_message":"","speechkit_disabled":"","speechkit_access_key":"","speechkit_error":"","speechkit_info":"","speechkit_response":"","speechkit_retries":"","speechkit_status":"","speechkit_updated_at":"","_speechkit_link":"","_speechkit_text":""},"categories":[1],"tags":[1450,383,810,809,393,84,1181,1274,357,1314,134,176,87],"class_list":["post-1146","post","type-post","status-publish","format-standard","hentry","category-tarinoita-tieteesta","tag-maahanmuuttajat","tag-maahanmuutto","tag-pelkaaminen","tag-pelko","tag-salametsastys","tag-sosiaalinen-media","tag-sukupuutto","tag-sukupuuttoaalto","tag-suurpedot","tag-suurpetojen-suojelu","tag-tasa-arvo","tag-uhkailu","tag-vihapuhe"],"om_views":null,"acf":{"tuuma_off":false,"tuuma_kysymys":"","tuuma_vastaus":""},"asauth":{"required_access_level":1,"share_token":"","is_paid":false},"yoast_head":"<!-- This site is optimized with the Yoast SEO plugin v26.4 - https:\/\/yoast.com\/wordpress\/plugins\/seo\/ -->\n<title>Ehk\u00e4 ensi vuonna paradoksit katoavat - Tarinoita tieteest\u00e4<\/title>\n<meta name=\"description\" content=\"Vuoden varrella osui silmiin ristiriitaisia asenteita terrorinpelkoon ja salamets\u00e4stykseen. Ehk\u00e4 ensi vuonna asiat paranevat.\" \/>\n<meta name=\"robots\" content=\"index, follow, max-snippet:-1, max-image-preview:large, max-video-preview:-1\" \/>\n<link rel=\"canonical\" href=\"https:\/\/suomenkuvalehti.fi\/tarinoitatieteesta\/ehka-ensi-vuonna-paradoksit-katoavat\/\" \/>\n<meta property=\"og:locale\" content=\"fi_FI\" \/>\n<meta property=\"og:type\" content=\"article\" \/>\n<meta property=\"og:title\" content=\"Ehk\u00e4 ensi vuonna paradoksit katoavat - Tarinoita tieteest\u00e4\" \/>\n<meta property=\"og:description\" content=\"Vuoden varrella osui silmiin ristiriitaisia asenteita terrorinpelkoon ja salamets\u00e4stykseen. Ehk\u00e4 ensi vuonna asiat paranevat.\" \/>\n<meta property=\"og:url\" content=\"https:\/\/suomenkuvalehti.fi\/tarinoitatieteesta\/ehka-ensi-vuonna-paradoksit-katoavat\/\" \/>\n<meta property=\"og:site_name\" content=\"Tarinoita tieteest\u00e4\" \/>\n<meta property=\"article:author\" content=\"https:\/\/www.facebook.com\/pages\/Tiina-Raevaara-Tarinoita-tieteest\/280663078640821?fref=ts\" \/>\n<meta property=\"article:published_time\" content=\"2015-12-31T13:22:58+00:00\" \/>\n<meta property=\"og:image\" content=\"https:\/\/suomenkuvalehti.fi\/tarinoitatieteesta\/wp-content\/uploads\/sites\/13\/2022\/04\/tiina_raevaara-scaled.jpg\" \/>\n\t<meta property=\"og:image:width\" content=\"2560\" \/>\n\t<meta property=\"og:image:height\" content=\"1707\" \/>\n\t<meta property=\"og:image:type\" content=\"image\/jpeg\" \/>\n<meta name=\"author\" content=\"Tiina Raevaara\" \/>\n<meta name=\"twitter:card\" content=\"summary_large_image\" \/>\n<meta name=\"twitter:creator\" content=\"@https:\/\/twitter.com\/raevaara\" \/>\n<meta name=\"twitter:label1\" content=\"Written by\" \/>\n\t<meta name=\"twitter:data1\" content=\"Tiina Raevaara\" \/>\n\t<meta name=\"twitter:label2\" content=\"Est. reading time\" \/>\n\t<meta name=\"twitter:data2\" content=\"1 minuutti\" \/>\n<script type=\"application\/ld+json\" class=\"yoast-schema-graph\">{\"@context\":\"https:\/\/schema.org\",\"@graph\":[{\"@type\":\"WebPage\",\"@id\":\"https:\/\/suomenkuvalehti.fi\/tarinoitatieteesta\/ehka-ensi-vuonna-paradoksit-katoavat\/\",\"url\":\"https:\/\/suomenkuvalehti.fi\/tarinoitatieteesta\/ehka-ensi-vuonna-paradoksit-katoavat\/\",\"name\":\"Ehk\u00e4 ensi vuonna paradoksit katoavat - Tarinoita tieteest\u00e4\",\"isPartOf\":{\"@id\":\"https:\/\/suomenkuvalehti.fi\/tarinoitatieteesta\/#website\"},\"datePublished\":\"2015-12-31T13:22:58+00:00\",\"author\":{\"@id\":\"https:\/\/suomenkuvalehti.fi\/tarinoitatieteesta\/#\/schema\/person\/bb9c6caa48b3f9394f20b9d28415bca6\"},\"description\":\"Vuoden varrella osui silmiin ristiriitaisia asenteita terrorinpelkoon ja salamets\u00e4stykseen. Ehk\u00e4 ensi vuonna asiat paranevat.\",\"breadcrumb\":{\"@id\":\"https:\/\/suomenkuvalehti.fi\/tarinoitatieteesta\/ehka-ensi-vuonna-paradoksit-katoavat\/#breadcrumb\"},\"inLanguage\":\"fi\",\"potentialAction\":[{\"@type\":\"ReadAction\",\"target\":[\"https:\/\/suomenkuvalehti.fi\/tarinoitatieteesta\/ehka-ensi-vuonna-paradoksit-katoavat\/\"]}]},{\"@type\":\"BreadcrumbList\",\"@id\":\"https:\/\/suomenkuvalehti.fi\/tarinoitatieteesta\/ehka-ensi-vuonna-paradoksit-katoavat\/#breadcrumb\",\"itemListElement\":[{\"@type\":\"ListItem\",\"position\":1,\"name\":\"Home\",\"item\":\"https:\/\/suomenkuvalehti.fi\/tarinoitatieteesta\/\"},{\"@type\":\"ListItem\",\"position\":2,\"name\":\"Ehk\u00e4 ensi vuonna paradoksit katoavat\"}]},{\"@type\":\"WebSite\",\"@id\":\"https:\/\/suomenkuvalehti.fi\/tarinoitatieteesta\/#website\",\"url\":\"https:\/\/suomenkuvalehti.fi\/tarinoitatieteesta\/\",\"name\":\"Tarinoita tieteest\u00e4\",\"description\":\"Biologi Tiina Raevaara tutkailee tieteen maailmaa kaunokirjailijan aivoin.\",\"potentialAction\":[{\"@type\":\"SearchAction\",\"target\":{\"@type\":\"EntryPoint\",\"urlTemplate\":\"https:\/\/suomenkuvalehti.fi\/haku\/?q={search_term_string}\"},\"query-input\":{\"@type\":\"PropertyValueSpecification\",\"valueRequired\":true,\"valueName\":\"search_term_string\"}}],\"inLanguage\":\"fi\"},{\"@type\":\"Person\",\"@id\":\"https:\/\/suomenkuvalehti.fi\/tarinoitatieteesta\/#\/schema\/person\/bb9c6caa48b3f9394f20b9d28415bca6\",\"name\":\"Tiina Raevaara\",\"image\":{\"@type\":\"ImageObject\",\"inLanguage\":\"fi\",\"@id\":\"https:\/\/suomenkuvalehti.fi\/tarinoitatieteesta\/#\/schema\/person\/image\/\",\"url\":\"https:\/\/suomenkuvalehti.fi\/tarinoitatieteesta\/wp-content\/uploads\/sites\/13\/2022\/04\/tiina_raevaara-150x150.jpg\",\"contentUrl\":\"https:\/\/suomenkuvalehti.fi\/tarinoitatieteesta\/wp-content\/uploads\/sites\/13\/2022\/04\/tiina_raevaara-150x150.jpg\",\"caption\":\"Tiina Raevaara\"},\"description\":\"Kirjoittaja Tiina Raevaara on filosofian tohtori ja kirjailija.\",\"sameAs\":[\"https:\/\/www.facebook.com\/pages\/Tiina-Raevaara-Tarinoita-tieteest\/280663078640821?fref=ts\",\"https:\/\/x.com\/https:\/\/twitter.com\/raevaara\"]}]}<\/script>\n<!-- \/ Yoast SEO plugin. -->","yoast_head_json":{"title":"Ehk\u00e4 ensi vuonna paradoksit katoavat - Tarinoita tieteest\u00e4","description":"Vuoden varrella osui silmiin ristiriitaisia asenteita terrorinpelkoon ja salamets\u00e4stykseen. Ehk\u00e4 ensi vuonna asiat paranevat.","robots":{"index":"index","follow":"follow","max-snippet":"max-snippet:-1","max-image-preview":"max-image-preview:large","max-video-preview":"max-video-preview:-1"},"canonical":"https:\/\/suomenkuvalehti.fi\/tarinoitatieteesta\/ehka-ensi-vuonna-paradoksit-katoavat\/","og_locale":"fi_FI","og_type":"article","og_title":"Ehk\u00e4 ensi vuonna paradoksit katoavat - Tarinoita tieteest\u00e4","og_description":"Vuoden varrella osui silmiin ristiriitaisia asenteita terrorinpelkoon ja salamets\u00e4stykseen. Ehk\u00e4 ensi vuonna asiat paranevat.","og_url":"https:\/\/suomenkuvalehti.fi\/tarinoitatieteesta\/ehka-ensi-vuonna-paradoksit-katoavat\/","og_site_name":"Tarinoita tieteest\u00e4","article_author":"https:\/\/www.facebook.com\/pages\/Tiina-Raevaara-Tarinoita-tieteest\/280663078640821?fref=ts","article_published_time":"2015-12-31T13:22:58+00:00","og_image":[{"width":2560,"height":1707,"url":"https:\/\/suomenkuvalehti.fi\/tarinoitatieteesta\/wp-content\/uploads\/sites\/13\/2022\/04\/tiina_raevaara-scaled.jpg","type":"image\/jpeg"}],"author":"Tiina Raevaara","twitter_card":"summary_large_image","twitter_creator":"@https:\/\/twitter.com\/raevaara","twitter_misc":{"Written by":"Tiina Raevaara","Est. reading time":"1 minuutti"},"schema":{"@context":"https:\/\/schema.org","@graph":[{"@type":"WebPage","@id":"https:\/\/suomenkuvalehti.fi\/tarinoitatieteesta\/ehka-ensi-vuonna-paradoksit-katoavat\/","url":"https:\/\/suomenkuvalehti.fi\/tarinoitatieteesta\/ehka-ensi-vuonna-paradoksit-katoavat\/","name":"Ehk\u00e4 ensi vuonna paradoksit katoavat - Tarinoita tieteest\u00e4","isPartOf":{"@id":"https:\/\/suomenkuvalehti.fi\/tarinoitatieteesta\/#website"},"datePublished":"2015-12-31T13:22:58+00:00","author":{"@id":"https:\/\/suomenkuvalehti.fi\/tarinoitatieteesta\/#\/schema\/person\/bb9c6caa48b3f9394f20b9d28415bca6"},"description":"Vuoden varrella osui silmiin ristiriitaisia asenteita terrorinpelkoon ja salamets\u00e4stykseen. Ehk\u00e4 ensi vuonna asiat paranevat.","breadcrumb":{"@id":"https:\/\/suomenkuvalehti.fi\/tarinoitatieteesta\/ehka-ensi-vuonna-paradoksit-katoavat\/#breadcrumb"},"inLanguage":"fi","potentialAction":[{"@type":"ReadAction","target":["https:\/\/suomenkuvalehti.fi\/tarinoitatieteesta\/ehka-ensi-vuonna-paradoksit-katoavat\/"]}]},{"@type":"BreadcrumbList","@id":"https:\/\/suomenkuvalehti.fi\/tarinoitatieteesta\/ehka-ensi-vuonna-paradoksit-katoavat\/#breadcrumb","itemListElement":[{"@type":"ListItem","position":1,"name":"Home","item":"https:\/\/suomenkuvalehti.fi\/tarinoitatieteesta\/"},{"@type":"ListItem","position":2,"name":"Ehk\u00e4 ensi vuonna paradoksit katoavat"}]},{"@type":"WebSite","@id":"https:\/\/suomenkuvalehti.fi\/tarinoitatieteesta\/#website","url":"https:\/\/suomenkuvalehti.fi\/tarinoitatieteesta\/","name":"Tarinoita tieteest\u00e4","description":"Biologi Tiina Raevaara tutkailee tieteen maailmaa kaunokirjailijan aivoin.","potentialAction":[{"@type":"SearchAction","target":{"@type":"EntryPoint","urlTemplate":"https:\/\/suomenkuvalehti.fi\/haku\/?q={search_term_string}"},"query-input":{"@type":"PropertyValueSpecification","valueRequired":true,"valueName":"search_term_string"}}],"inLanguage":"fi"},{"@type":"Person","@id":"https:\/\/suomenkuvalehti.fi\/tarinoitatieteesta\/#\/schema\/person\/bb9c6caa48b3f9394f20b9d28415bca6","name":"Tiina Raevaara","image":{"@type":"ImageObject","inLanguage":"fi","@id":"https:\/\/suomenkuvalehti.fi\/tarinoitatieteesta\/#\/schema\/person\/image\/","url":"https:\/\/suomenkuvalehti.fi\/tarinoitatieteesta\/wp-content\/uploads\/sites\/13\/2022\/04\/tiina_raevaara-150x150.jpg","contentUrl":"https:\/\/suomenkuvalehti.fi\/tarinoitatieteesta\/wp-content\/uploads\/sites\/13\/2022\/04\/tiina_raevaara-150x150.jpg","caption":"Tiina Raevaara"},"description":"Kirjoittaja Tiina Raevaara on filosofian tohtori ja kirjailija.","sameAs":["https:\/\/www.facebook.com\/pages\/Tiina-Raevaara-Tarinoita-tieteest\/280663078640821?fref=ts","https:\/\/x.com\/https:\/\/twitter.com\/raevaara"]}]}},"_links":{"self":[{"href":"https:\/\/suomenkuvalehti.fi\/tarinoitatieteesta\/wp-json\/wp\/v2\/posts\/1146","targetHints":{"allow":["GET"]}}],"collection":[{"href":"https:\/\/suomenkuvalehti.fi\/tarinoitatieteesta\/wp-json\/wp\/v2\/posts"}],"about":[{"href":"https:\/\/suomenkuvalehti.fi\/tarinoitatieteesta\/wp-json\/wp\/v2\/types\/post"}],"author":[{"embeddable":true,"href":"https:\/\/suomenkuvalehti.fi\/tarinoitatieteesta\/wp-json\/wp\/v2\/users\/146"}],"replies":[{"embeddable":true,"href":"https:\/\/suomenkuvalehti.fi\/tarinoitatieteesta\/wp-json\/wp\/v2\/comments?post=1146"}],"version-history":[{"count":3,"href":"https:\/\/suomenkuvalehti.fi\/tarinoitatieteesta\/wp-json\/wp\/v2\/posts\/1146\/revisions"}],"predecessor-version":[{"id":1149,"href":"https:\/\/suomenkuvalehti.fi\/tarinoitatieteesta\/wp-json\/wp\/v2\/posts\/1146\/revisions\/1149"}],"wp:attachment":[{"href":"https:\/\/suomenkuvalehti.fi\/tarinoitatieteesta\/wp-json\/wp\/v2\/media?parent=1146"}],"wp:term":[{"taxonomy":"category","embeddable":true,"href":"https:\/\/suomenkuvalehti.fi\/tarinoitatieteesta\/wp-json\/wp\/v2\/categories?post=1146"},{"taxonomy":"post_tag","embeddable":true,"href":"https:\/\/suomenkuvalehti.fi\/tarinoitatieteesta\/wp-json\/wp\/v2\/tags?post=1146"}],"curies":[{"name":"wp","href":"https:\/\/api.w.org\/{rel}","templated":true}]}}