{"id":969,"date":"2017-03-06T15:37:17","date_gmt":"2017-03-06T13:37:17","guid":{"rendered":"https:\/\/suomenkuvalehti.fi\/taivaan-tahden\/?p=969"},"modified":"2017-03-06T15:43:46","modified_gmt":"2017-03-06T13:43:46","slug":"meteorit-nehan-juttelee","status":"publish","type":"post","link":"https:\/\/suomenkuvalehti.fi\/taivaan-tahden\/2017\/03\/06\/meteorit-nehan-juttelee\/","title":{"rendered":"Meteorit &#8211; neh\u00e4n juttelee meille!"},"content":{"rendered":"<figure class=\"aligncenter size-large is-resized wp-block-image\">\n  <div class=\"wp-block-image__inner-container\">\n    <a href=\"https:\/\/suomenkuvalehti.fi\/taivaan-tahden\/wp-content\/uploads\/sites\/36\/2017\/03\/normal_1344596111-1.jpg\"><img loading=\"lazy\" decoding=\"async\" src=\"https:\/\/suomenkuvalehti.fi\/taivaan-tahden\/wp-content\/uploads\/sites\/36\/2017\/03\/normal_1344596111-1-1024x682.jpg\" alt=\"\" class=\"wp-image-970\" width=\"1024\" height=\"682\" style=\"--aspect-ratio: 1.5\" srcset=\"https:\/\/suomenkuvalehti.fi\/taivaan-tahden\/wp-content\/uploads\/sites\/36\/2017\/03\/normal_1344596111-1-1024x682.jpg 1024w, https:\/\/suomenkuvalehti.fi\/taivaan-tahden\/wp-content\/uploads\/sites\/36\/2017\/03\/normal_1344596111-1-300x200.jpg 300w, https:\/\/suomenkuvalehti.fi\/taivaan-tahden\/wp-content\/uploads\/sites\/36\/2017\/03\/normal_1344596111-1-768x512.jpg 768w, https:\/\/suomenkuvalehti.fi\/taivaan-tahden\/wp-content\/uploads\/sites\/36\/2017\/03\/normal_1344596111-1-630x420.jpg 630w, https:\/\/suomenkuvalehti.fi\/taivaan-tahden\/wp-content\/uploads\/sites\/36\/2017\/03\/normal_1344596111-1.jpg 1496w\" sizes=\"auto, (max-width: 1024px) 100vw, 1024px\" \/><\/a>    <figcaption class=\"wp-block-image__figcaption\">\n      T\u00e4hdenlentoja voi n\u00e4hd\u00e4 my\u00f6s Kansainv\u00e4liselt\u00e4 avaruusasemalta, mutta ne vilahtelevat aseman alapuolella. Kuva Nasa          <\/figcaption>\n      <\/div>\n<\/figure>\n\n\n<p>Kirkkaasta t\u00e4hdenlennosta kuuluvaa \u00e4\u00e4nt\u00e4 \u2013&nbsp;sihin\u00e4\u00e4, suhinaa ja r\u00e4tin\u00e4\u00e4 \u2013&nbsp;on pidetty jokseenkin yht\u00e4 uskottavana ilmi\u00f6n\u00e4 kuin sellaisen n\u00e4kyess\u00e4 esitetyn toiveen toteutumista.<\/p>\n\n\n\n<p>Toiveita voi toki edelleen esitt\u00e4\u00e4 \u2013&nbsp;turhaan \u2013&nbsp;mutta tutkijoilla alkaa olla k\u00e4sitys siit\u00e4, miten meteorien \u00e4\u00e4net kenties syntyv\u00e4t.<\/p>\n\n\n\n<p>Ongelmana on, ett\u00e4 tyypillisen t\u00e4hdenlennon aiheuttaa avaruuden kivensiru, joka k\u00e4r\u00e4ht\u00e4\u00e4 tuhkaksi Maan ilmakeh\u00e4ss\u00e4 vajaan sadan kilometrin korkeudella.<\/p>\n\n\n\n<p>Tuolla korkeudella on melkein tyhji\u00f6, jossa \u00e4\u00e4ni ei kulje. Ja vaikka \u00e4\u00e4ni siell\u00e4 kulkisikin, se ehtisi maanpinnalle taivaalle toljottavien korviin vasta minuutteja my\u00f6hemmin kuin samasta ilmi\u00f6st\u00e4 tuleva valo.<\/p>\n\n\n\n<p>Silti raportoidut \u00e4\u00e4net ovat kuuluneet samaan aikaan kuin tulinen juova on piirtynyt \u00f6isen taivaan tummaan samettiin.<\/p>\n\n\n\n<p>Yksi teoria on, ett\u00e4 \u00e4\u00e4net johtuvat radios\u00e4teilyst\u00e4, jota syntyy kiven h\u00f6yrystyess\u00e4 ja kuumentaessa kulkureitill\u00e4\u00e4n olevaa ilmaa.&nbsp; Se edellytt\u00e4isi jonkinlaista mekanismia, joka muuttaisi radioaallot korvin kuultaviksi \u00e4\u00e4niksi.<\/p>\n\n\n\n<p>Sellainen tunnetaan ja sit\u00e4 sovelletaan radiovastaanottimissa. Meteorien \u00e4\u00e4net kuitenkin kuuluvat \u2013&nbsp;silloin kun ovat kuuluakseen&nbsp;\u2013&nbsp;ilman mit\u00e4\u00e4n elektroniikkaa.<\/p>\n\n\n\n<p>Jos kerran radios\u00e4teily voi muuttua \u00e4\u00e4niksi, miten on valon laita? Kumpikin on samanlaista s\u00e4hk\u00f6magneettista aaltoliikett\u00e4, erona on vain aallonpituus.<\/p>\n\n\n\n<p>Helmikuussa julkaistiin <i>Scientific Reports<\/i> -tiedelehdess\u00e4 artikkeli, jossa&nbsp;<b>Richard Spaldingin<\/b> johtama tutkijaryhm\u00e4 paneutui&nbsp;asiaan.<\/p>\n\n\n\n<p>Tutkimuksessa kohdistettiin voimakkaita valopulsseja erilaisiin materiaaleihin, kuten ruohoon, puiden lehtiin, kankaaseen ja hiuksiin, joita on yleens\u00e4 l\u00e4hettyvill\u00e4, kun meteorien \u00e4\u00e4ni\u00e4 kuullaan.<\/p>\n\n\n\n<p>Materiaalien todettiin l\u00e4mpenev\u00e4n \u00e4killisesti, mik\u00e4 puolestaan l\u00e4mmitti ymp\u00e4r\u00f6iv\u00e4\u00e4 ilmaa. Siit\u00e4 oli seurauksena paineaaltoja, jotka havaittiin heikkoina \u00e4\u00e4nin\u00e4, kuin lehtien havinana tai hiljaisina kuiskauksina.<\/p>\n\n\n\n<p>Vastaavanlainen fotoakustinen ilmi\u00f6 on tuttu jo yli sadan vuoden takaa. Puhelimen keksij\u00e4ksi tituleerattu <b>Alexander Graham Bell<\/b> tutki valon k\u00e4ytt\u00e4mist\u00e4 pitk\u00e4n matkan puhelinyhteyksiss\u00e4, ja totesi valon saavan tietyiss\u00e4 materiaaleissa aikaan \u00e4\u00e4ni\u00e4.<\/p>\n\n\n","protected":false},"excerpt":{"rendered":"<p>Sihin\u00e4\u00e4, suhinaa ja r\u00e4tin\u00e4\u00e4.<\/p>\n","protected":false},"author":557,"featured_media":0,"comment_status":"open","ping_status":"open","sticky":false,"template":"","format":"standard","meta":{"_acf_changed":false,"asauth_required_access_level":3,"asauth_cansharepaid":"true","om_header_attributes":[],"footnotes":"","om_featured_image_focal_point":[],"om_primary_tag":0,"om_contributors":[],"om_co_authors":[],"beyondwords_generate_audio":"","beyondwords_project_id":"","beyondwords_content_id":"","beyondwords_preview_token":"","beyondwords_player_content":"","beyondwords_player_style":"","beyondwords_language_code":"","beyondwords_language_id":"","beyondwords_title_voice_id":"","beyondwords_body_voice_id":"","beyondwords_summary_voice_id":"","beyondwords_error_message":"","beyondwords_disabled":"","beyondwords_delete_content":"","beyondwords_podcast_id":"","beyondwords_hash":"","publish_post_to_speechkit":"","speechkit_hash":"","speechkit_generate_audio":"","speechkit_project_id":"","speechkit_podcast_id":"","speechkit_error_message":"","speechkit_disabled":"","speechkit_access_key":"","speechkit_error":"","speechkit_info":"","speechkit_response":"","speechkit_retries":"","speechkit_status":"","speechkit_updated_at":"","_speechkit_link":"","_speechkit_text":""},"categories":[1],"tags":[194,28,396,68,395],"class_list":["post-969","post","type-post","status-publish","format-standard","hentry","category-taivaan-tahden","tag-aani","tag-meteori","tag-radioaallot","tag-tahdenlento","tag-valo"],"om_views":null,"acf":{"tuuma_off":false,"tuuma_kysymys":"","tuuma_vastaus":""},"asauth":{"required_access_level":1,"share_token":"","is_paid":false},"yoast_head":"<!-- This site is optimized with the Yoast SEO plugin v26.4 - https:\/\/yoast.com\/wordpress\/plugins\/seo\/ -->\n<title>Meteorit - neh\u00e4n juttelee meille! - Taivaan t\u00e4hden<\/title>\n<meta name=\"robots\" content=\"index, follow, max-snippet:-1, max-image-preview:large, max-video-preview:-1\" \/>\n<link rel=\"canonical\" href=\"https:\/\/suomenkuvalehti.fi\/taivaan-tahden\/2017\/03\/06\/meteorit-nehan-juttelee\/\" \/>\n<meta property=\"og:locale\" content=\"fi_FI\" \/>\n<meta property=\"og:type\" content=\"article\" \/>\n<meta property=\"og:title\" content=\"Meteorit - neh\u00e4n juttelee meille! - Taivaan t\u00e4hden\" \/>\n<meta property=\"og:description\" content=\"Sihin\u00e4\u00e4, suhinaa ja r\u00e4tin\u00e4\u00e4.\" \/>\n<meta property=\"og:url\" content=\"https:\/\/suomenkuvalehti.fi\/taivaan-tahden\/2017\/03\/06\/meteorit-nehan-juttelee\/\" \/>\n<meta property=\"og:site_name\" content=\"Taivaan t\u00e4hden\" \/>\n<meta property=\"article:published_time\" content=\"2017-03-06T13:37:17+00:00\" \/>\n<meta property=\"article:modified_time\" content=\"2017-03-06T13:43:46+00:00\" \/>\n<meta property=\"og:image\" content=\"https:\/\/suomenkuvalehti.fi\/taivaan-tahden\/wp-content\/uploads\/sites\/36\/2017\/03\/normal_1344596111-1.jpg\" \/>\n\t<meta property=\"og:image:width\" content=\"1496\" \/>\n\t<meta property=\"og:image:height\" content=\"997\" \/>\n\t<meta property=\"og:image:type\" content=\"image\/jpeg\" \/>\n<meta name=\"author\" content=\"Markus Hotakainen\" \/>\n<meta name=\"twitter:card\" content=\"summary_large_image\" \/>\n<meta name=\"twitter:label1\" content=\"Written by\" \/>\n\t<meta name=\"twitter:data1\" content=\"Markus Hotakainen\" \/>\n\t<meta name=\"twitter:label2\" content=\"Est. reading time\" \/>\n\t<meta name=\"twitter:data2\" content=\"2 minuuttia\" \/>\n<script type=\"application\/ld+json\" class=\"yoast-schema-graph\">{\"@context\":\"https:\/\/schema.org\",\"@graph\":[{\"@type\":\"WebPage\",\"@id\":\"https:\/\/suomenkuvalehti.fi\/taivaan-tahden\/2017\/03\/06\/meteorit-nehan-juttelee\/\",\"url\":\"https:\/\/suomenkuvalehti.fi\/taivaan-tahden\/2017\/03\/06\/meteorit-nehan-juttelee\/\",\"name\":\"Meteorit - neh\u00e4n juttelee meille! - Taivaan t\u00e4hden\",\"isPartOf\":{\"@id\":\"https:\/\/suomenkuvalehti.fi\/taivaan-tahden\/#website\"},\"primaryImageOfPage\":{\"@id\":\"https:\/\/suomenkuvalehti.fi\/taivaan-tahden\/2017\/03\/06\/meteorit-nehan-juttelee\/#primaryimage\"},\"image\":{\"@id\":\"https:\/\/suomenkuvalehti.fi\/taivaan-tahden\/2017\/03\/06\/meteorit-nehan-juttelee\/#primaryimage\"},\"thumbnailUrl\":\"https:\/\/suomenkuvalehti.fi\/taivaan-tahden\/wp-content\/uploads\/sites\/36\/2017\/03\/normal_1344596111-1-1024x682.jpg\",\"datePublished\":\"2017-03-06T13:37:17+00:00\",\"dateModified\":\"2017-03-06T13:43:46+00:00\",\"author\":{\"@id\":\"https:\/\/suomenkuvalehti.fi\/taivaan-tahden\/#\/schema\/person\/c9c1373acb19750e11084ef640abeae0\"},\"breadcrumb\":{\"@id\":\"https:\/\/suomenkuvalehti.fi\/taivaan-tahden\/2017\/03\/06\/meteorit-nehan-juttelee\/#breadcrumb\"},\"inLanguage\":\"fi\",\"potentialAction\":[{\"@type\":\"ReadAction\",\"target\":[\"https:\/\/suomenkuvalehti.fi\/taivaan-tahden\/2017\/03\/06\/meteorit-nehan-juttelee\/\"]}]},{\"@type\":\"ImageObject\",\"inLanguage\":\"fi\",\"@id\":\"https:\/\/suomenkuvalehti.fi\/taivaan-tahden\/2017\/03\/06\/meteorit-nehan-juttelee\/#primaryimage\",\"url\":\"https:\/\/suomenkuvalehti.fi\/taivaan-tahden\/wp-content\/uploads\/sites\/36\/2017\/03\/normal_1344596111-1.jpg\",\"contentUrl\":\"https:\/\/suomenkuvalehti.fi\/taivaan-tahden\/wp-content\/uploads\/sites\/36\/2017\/03\/normal_1344596111-1.jpg\",\"width\":1496,\"height\":997},{\"@type\":\"BreadcrumbList\",\"@id\":\"https:\/\/suomenkuvalehti.fi\/taivaan-tahden\/2017\/03\/06\/meteorit-nehan-juttelee\/#breadcrumb\",\"itemListElement\":[{\"@type\":\"ListItem\",\"position\":1,\"name\":\"Home\",\"item\":\"https:\/\/suomenkuvalehti.fi\/taivaan-tahden\/\"},{\"@type\":\"ListItem\",\"position\":2,\"name\":\"Meteorit &#8211; neh\u00e4n juttelee meille!\"}]},{\"@type\":\"WebSite\",\"@id\":\"https:\/\/suomenkuvalehti.fi\/taivaan-tahden\/#website\",\"url\":\"https:\/\/suomenkuvalehti.fi\/taivaan-tahden\/\",\"name\":\"Taivaan t\u00e4hden\",\"description\":\"Tiedetoimittaja Markus Hotakainen h\u00e4mm\u00e4stelee maailmankaikkeutta.\",\"potentialAction\":[{\"@type\":\"SearchAction\",\"target\":{\"@type\":\"EntryPoint\",\"urlTemplate\":\"https:\/\/suomenkuvalehti.fi\/haku\/?q={search_term_string}\"},\"query-input\":{\"@type\":\"PropertyValueSpecification\",\"valueRequired\":true,\"valueName\":\"search_term_string\"}}],\"inLanguage\":\"fi\"},{\"@type\":\"Person\",\"@id\":\"https:\/\/suomenkuvalehti.fi\/taivaan-tahden\/#\/schema\/person\/c9c1373acb19750e11084ef640abeae0\",\"name\":\"Markus Hotakainen\",\"image\":{\"@type\":\"ImageObject\",\"inLanguage\":\"fi\",\"@id\":\"https:\/\/suomenkuvalehti.fi\/taivaan-tahden\/#\/schema\/person\/image\/\",\"url\":\"https:\/\/suomenkuvalehti.fi\/taivaan-tahden\/wp-content\/uploads\/sites\/36\/2018\/05\/markus_hotakainen_blogi_pieni-150x150.jpg\",\"contentUrl\":\"https:\/\/suomenkuvalehti.fi\/taivaan-tahden\/wp-content\/uploads\/sites\/36\/2018\/05\/markus_hotakainen_blogi_pieni-150x150.jpg\",\"caption\":\"Markus Hotakainen\"},\"description\":\"Kirjoittaja on tiedetoimittaja ja tietokirjailija.\"}]}<\/script>\n<!-- \/ Yoast SEO plugin. -->","yoast_head_json":{"title":"Meteorit - neh\u00e4n juttelee meille! - Taivaan t\u00e4hden","robots":{"index":"index","follow":"follow","max-snippet":"max-snippet:-1","max-image-preview":"max-image-preview:large","max-video-preview":"max-video-preview:-1"},"canonical":"https:\/\/suomenkuvalehti.fi\/taivaan-tahden\/2017\/03\/06\/meteorit-nehan-juttelee\/","og_locale":"fi_FI","og_type":"article","og_title":"Meteorit - neh\u00e4n juttelee meille! - Taivaan t\u00e4hden","og_description":"Sihin\u00e4\u00e4, suhinaa ja r\u00e4tin\u00e4\u00e4.","og_url":"https:\/\/suomenkuvalehti.fi\/taivaan-tahden\/2017\/03\/06\/meteorit-nehan-juttelee\/","og_site_name":"Taivaan t\u00e4hden","article_published_time":"2017-03-06T13:37:17+00:00","article_modified_time":"2017-03-06T13:43:46+00:00","og_image":[{"width":1496,"height":997,"url":"https:\/\/suomenkuvalehti.fi\/taivaan-tahden\/wp-content\/uploads\/sites\/36\/2017\/03\/normal_1344596111-1.jpg","type":"image\/jpeg"}],"author":"Markus Hotakainen","twitter_card":"summary_large_image","twitter_misc":{"Written by":"Markus Hotakainen","Est. reading time":"2 minuuttia"},"schema":{"@context":"https:\/\/schema.org","@graph":[{"@type":"WebPage","@id":"https:\/\/suomenkuvalehti.fi\/taivaan-tahden\/2017\/03\/06\/meteorit-nehan-juttelee\/","url":"https:\/\/suomenkuvalehti.fi\/taivaan-tahden\/2017\/03\/06\/meteorit-nehan-juttelee\/","name":"Meteorit - neh\u00e4n juttelee meille! - Taivaan t\u00e4hden","isPartOf":{"@id":"https:\/\/suomenkuvalehti.fi\/taivaan-tahden\/#website"},"primaryImageOfPage":{"@id":"https:\/\/suomenkuvalehti.fi\/taivaan-tahden\/2017\/03\/06\/meteorit-nehan-juttelee\/#primaryimage"},"image":{"@id":"https:\/\/suomenkuvalehti.fi\/taivaan-tahden\/2017\/03\/06\/meteorit-nehan-juttelee\/#primaryimage"},"thumbnailUrl":"https:\/\/suomenkuvalehti.fi\/taivaan-tahden\/wp-content\/uploads\/sites\/36\/2017\/03\/normal_1344596111-1-1024x682.jpg","datePublished":"2017-03-06T13:37:17+00:00","dateModified":"2017-03-06T13:43:46+00:00","author":{"@id":"https:\/\/suomenkuvalehti.fi\/taivaan-tahden\/#\/schema\/person\/c9c1373acb19750e11084ef640abeae0"},"breadcrumb":{"@id":"https:\/\/suomenkuvalehti.fi\/taivaan-tahden\/2017\/03\/06\/meteorit-nehan-juttelee\/#breadcrumb"},"inLanguage":"fi","potentialAction":[{"@type":"ReadAction","target":["https:\/\/suomenkuvalehti.fi\/taivaan-tahden\/2017\/03\/06\/meteorit-nehan-juttelee\/"]}]},{"@type":"ImageObject","inLanguage":"fi","@id":"https:\/\/suomenkuvalehti.fi\/taivaan-tahden\/2017\/03\/06\/meteorit-nehan-juttelee\/#primaryimage","url":"https:\/\/suomenkuvalehti.fi\/taivaan-tahden\/wp-content\/uploads\/sites\/36\/2017\/03\/normal_1344596111-1.jpg","contentUrl":"https:\/\/suomenkuvalehti.fi\/taivaan-tahden\/wp-content\/uploads\/sites\/36\/2017\/03\/normal_1344596111-1.jpg","width":1496,"height":997},{"@type":"BreadcrumbList","@id":"https:\/\/suomenkuvalehti.fi\/taivaan-tahden\/2017\/03\/06\/meteorit-nehan-juttelee\/#breadcrumb","itemListElement":[{"@type":"ListItem","position":1,"name":"Home","item":"https:\/\/suomenkuvalehti.fi\/taivaan-tahden\/"},{"@type":"ListItem","position":2,"name":"Meteorit &#8211; neh\u00e4n juttelee meille!"}]},{"@type":"WebSite","@id":"https:\/\/suomenkuvalehti.fi\/taivaan-tahden\/#website","url":"https:\/\/suomenkuvalehti.fi\/taivaan-tahden\/","name":"Taivaan t\u00e4hden","description":"Tiedetoimittaja Markus Hotakainen h\u00e4mm\u00e4stelee maailmankaikkeutta.","potentialAction":[{"@type":"SearchAction","target":{"@type":"EntryPoint","urlTemplate":"https:\/\/suomenkuvalehti.fi\/haku\/?q={search_term_string}"},"query-input":{"@type":"PropertyValueSpecification","valueRequired":true,"valueName":"search_term_string"}}],"inLanguage":"fi"},{"@type":"Person","@id":"https:\/\/suomenkuvalehti.fi\/taivaan-tahden\/#\/schema\/person\/c9c1373acb19750e11084ef640abeae0","name":"Markus Hotakainen","image":{"@type":"ImageObject","inLanguage":"fi","@id":"https:\/\/suomenkuvalehti.fi\/taivaan-tahden\/#\/schema\/person\/image\/","url":"https:\/\/suomenkuvalehti.fi\/taivaan-tahden\/wp-content\/uploads\/sites\/36\/2018\/05\/markus_hotakainen_blogi_pieni-150x150.jpg","contentUrl":"https:\/\/suomenkuvalehti.fi\/taivaan-tahden\/wp-content\/uploads\/sites\/36\/2018\/05\/markus_hotakainen_blogi_pieni-150x150.jpg","caption":"Markus Hotakainen"},"description":"Kirjoittaja on tiedetoimittaja ja tietokirjailija."}]}},"_links":{"self":[{"href":"https:\/\/suomenkuvalehti.fi\/taivaan-tahden\/wp-json\/wp\/v2\/posts\/969","targetHints":{"allow":["GET"]}}],"collection":[{"href":"https:\/\/suomenkuvalehti.fi\/taivaan-tahden\/wp-json\/wp\/v2\/posts"}],"about":[{"href":"https:\/\/suomenkuvalehti.fi\/taivaan-tahden\/wp-json\/wp\/v2\/types\/post"}],"author":[{"embeddable":true,"href":"https:\/\/suomenkuvalehti.fi\/taivaan-tahden\/wp-json\/wp\/v2\/users\/557"}],"replies":[{"embeddable":true,"href":"https:\/\/suomenkuvalehti.fi\/taivaan-tahden\/wp-json\/wp\/v2\/comments?post=969"}],"version-history":[{"count":4,"href":"https:\/\/suomenkuvalehti.fi\/taivaan-tahden\/wp-json\/wp\/v2\/posts\/969\/revisions"}],"predecessor-version":[{"id":974,"href":"https:\/\/suomenkuvalehti.fi\/taivaan-tahden\/wp-json\/wp\/v2\/posts\/969\/revisions\/974"}],"wp:attachment":[{"href":"https:\/\/suomenkuvalehti.fi\/taivaan-tahden\/wp-json\/wp\/v2\/media?parent=969"}],"wp:term":[{"taxonomy":"category","embeddable":true,"href":"https:\/\/suomenkuvalehti.fi\/taivaan-tahden\/wp-json\/wp\/v2\/categories?post=969"},{"taxonomy":"post_tag","embeddable":true,"href":"https:\/\/suomenkuvalehti.fi\/taivaan-tahden\/wp-json\/wp\/v2\/tags?post=969"}],"curies":[{"name":"wp","href":"https:\/\/api.w.org\/{rel}","templated":true}]}}