{"id":922,"date":"2017-02-21T16:40:59","date_gmt":"2017-02-21T14:40:59","guid":{"rendered":"https:\/\/suomenkuvalehti.fi\/taivaan-tahden\/?p=922"},"modified":"2017-02-21T17:23:04","modified_gmt":"2017-02-21T15:23:04","slug":"meteli-herattaa-uinuvan-alienin","status":"publish","type":"post","link":"https:\/\/suomenkuvalehti.fi\/taivaan-tahden\/2017\/02\/21\/meteli-herattaa-uinuvan-alienin\/","title":{"rendered":"Met(el)i voi her\u00e4tt\u00e4\u00e4 uinuvan alienin"},"content":{"rendered":"<figure class=\"aligncenter size-large is-resized wp-block-image\">\n  <div class=\"wp-block-image__inner-container\">\n    <a href=\"https:\/\/suomenkuvalehti.fi\/taivaan-tahden\/wp-content\/uploads\/sites\/36\/2017\/02\/wow_signal.jpg\"><img loading=\"lazy\" decoding=\"async\" src=\"https:\/\/suomenkuvalehti.fi\/taivaan-tahden\/wp-content\/uploads\/sites\/36\/2017\/02\/wow_signal-1024x578.jpg\" alt=\"\" class=\"wp-image-923\" width=\"1024\" height=\"578\" style=\"--aspect-ratio: 1.77\" srcset=\"https:\/\/suomenkuvalehti.fi\/taivaan-tahden\/wp-content\/uploads\/sites\/36\/2017\/02\/wow_signal-1024x578.jpg 1024w, https:\/\/suomenkuvalehti.fi\/taivaan-tahden\/wp-content\/uploads\/sites\/36\/2017\/02\/wow_signal-300x169.jpg 300w, https:\/\/suomenkuvalehti.fi\/taivaan-tahden\/wp-content\/uploads\/sites\/36\/2017\/02\/wow_signal-768x433.jpg 768w, https:\/\/suomenkuvalehti.fi\/taivaan-tahden\/wp-content\/uploads\/sites\/36\/2017\/02\/wow_signal-630x356.jpg 630w, https:\/\/suomenkuvalehti.fi\/taivaan-tahden\/wp-content\/uploads\/sites\/36\/2017\/02\/wow_signal.jpg 1063w\" sizes=\"auto, (max-width: 1024px) 100vw, 1024px\" \/><\/a>    <figcaption class=\"wp-block-image__figcaption\">\n      <strong>Jerry Ehman<\/strong> raapusti havaintoprintin laitaan kolme kuuluisaksi k\u00e4ynytt\u00e4 kirjainta. Kuva: Big Ear Radio Observatory          <\/figcaption>\n      <\/div>\n<\/figure>\n\n\n<p>Kirjoitin pari vuotta sitten kirjan avaruuden \u00e4lyn etsinn\u00e4st\u00e4 eli SETI-tutkimuksesta (Search for Extraterrestrial Intelligence). Nyt teos on jo vanhentunut.<\/p>\n\n\n\n<p>Ei h\u00e4t\u00e4\u00e4, \u00e4ly\u00e4 ei ole viel\u00e4 l\u00f6ytynyt avaruudesta &#8211; jos kohta sen esiintyminen maapallollakin tuntuu k\u00e4yv\u00e4n yh\u00e4 harvinaisemmaksi.<\/p>\n\n\n\n<p>SETI vain on menneen talven lumia, nyt tutkijat puhuvat METIst\u00e4 (Messaging Extraterrestrial Intelligence) eli viestinn\u00e4st\u00e4 Maan ulkopuolisen \u00e4lyn kanssa.<\/p>\n\n\n\n<p>Tai jos tarkkoja ollaan, viestien l\u00e4hett\u00e4misest\u00e4. Viestint\u00e4 oli mukana jo vuosikymmeni\u00e4 sitten, kun tutkimuksesta k\u00e4ytettiin alkuun lyhennett\u00e4 CETI eli Communication with ja niin edelleen.<\/p>\n\n\n\n<p>Kun keskustelukumppania ei l\u00f6ytynytk\u00e4\u00e4n, alettiin puhua etsinn\u00e4st\u00e4. Nyt ollaan kuitenkin palaamassa ajatukseen, ett\u00e4 avaruuden muukalaisten kanssa ehk\u00e4 sittenkin voitaisiin viesti\u00e4.<\/p>\n\n\n\n<p>Ei siell\u00e4 edelleenk\u00e4\u00e4n ole varmuudella ket\u00e4\u00e4n meit\u00e4 kuulemassa, mutta ajatuksena on, ett\u00e4 meid\u00e4n kannattaa l\u00e4hetell\u00e4 viestej\u00e4, jotta mahdolliset muukalaiset voisivat olla varmoja olemassaolostamme.<\/p>\n\n\n\n<p><strong>Stephen Hawking<\/strong> on varoitellut, ettei meid\u00e4n kannata levitell\u00e4 kosmokseen juoruja itsest\u00e4mme, koska joku vihamielinen sivilisaatio voi tulla ja valloittaa rakkaan kotiplaneettamme.<\/p>\n\n\n\n<p>T\u00e4t\u00e4 kauhuskenaariota ei kovin moni jaa. METI-tutkimuksessa ajatellaan pikemminkin p\u00e4invastoin.<\/p>\n\n\n\n<p>Kun itse etsimme avaruuden \u00e4ly\u00e4, yksitt\u00e4iset signaalit eiv\u00e4t riit\u00e4 sen l\u00f6ytymiseen. Vuonna 1977 kolmen jalkapallokent\u00e4n kokoisella Big Ear -radioteleskoopilla vastaanotettiin reilun minuutin kest\u00e4nyt \u201dviesti\u201d, joka tunnetaan Wow! -signaalina.<\/p>\n\n\n\n<p>Se ei koskaan toistunut eik\u00e4 samassa suunnassa yrityksist\u00e4 huolimatta havaittu mit\u00e4\u00e4n vastaavaa. Jotta jollakin olisi tieteellist\u00e4 merkityst\u00e4, sen pit\u00e4\u00e4 olla toistettavissa ja havaittavissa uudelleen.<\/p>\n\n\n\n<p>T\u00e4h\u00e4n perustuu my\u00f6s METI.<\/p>\n\n\n\n<p>Jos haluamme tulla kuulluiksi, meid\u00e4n t\u00e4ytyy l\u00e4hett\u00e4\u00e4 avaruuteen alituiseen viestej\u00e4. Silloin mahdolliset vastaanottajat eiv\u00e4t havaitsisi yksitt\u00e4isi\u00e4 Wow! -signaalin vastineita, vaan saisivat toistuvista viesteist\u00e4 varmistuksen, ett\u00e4 siell\u00e4 jossakin \u2013 eli t\u00e4\u00e4ll\u00e4 \u2013 todella on joku.<\/p>\n\n\n","protected":false},"excerpt":{"rendered":"<p>\u00c4ly\u00e4 ei ole viel\u00e4 l\u00f6ytynyt avaruudesta \u2013 jos kohta sen esiintyminen maapallollakin tuntuu k\u00e4yv\u00e4n yh\u00e4 harvinaisemmaksi.<\/p>\n","protected":false},"author":557,"featured_media":0,"comment_status":"open","ping_status":"open","sticky":false,"template":"","format":"standard","meta":{"_acf_changed":false,"asauth_required_access_level":3,"asauth_cansharepaid":"true","om_header_attributes":[],"footnotes":"","om_featured_image_focal_point":[],"om_primary_tag":0,"om_contributors":[],"om_co_authors":[],"beyondwords_generate_audio":"","beyondwords_project_id":"","beyondwords_content_id":"","beyondwords_preview_token":"","beyondwords_player_content":"","beyondwords_player_style":"","beyondwords_language_code":"","beyondwords_language_id":"","beyondwords_title_voice_id":"","beyondwords_body_voice_id":"","beyondwords_summary_voice_id":"","beyondwords_error_message":"","beyondwords_disabled":"","beyondwords_delete_content":"","beyondwords_podcast_id":"","beyondwords_hash":"","publish_post_to_speechkit":"","speechkit_hash":"","speechkit_generate_audio":"","speechkit_project_id":"","speechkit_podcast_id":"","speechkit_error_message":"","speechkit_disabled":"","speechkit_access_key":"","speechkit_error":"","speechkit_info":"","speechkit_response":"","speechkit_retries":"","speechkit_status":"","speechkit_updated_at":"","_speechkit_link":"","_speechkit_text":""},"categories":[1],"tags":[89,388,389,90,7],"class_list":["post-922","post","type-post","status-publish","format-standard","hentry","category-taivaan-tahden","tag-avaruuden-aly","tag-ceti","tag-meti","tag-seti","tag-stephen-hawking"],"om_views":null,"acf":{"tuuma_off":false,"tuuma_kysymys":"","tuuma_vastaus":""},"asauth":{"required_access_level":1,"share_token":"","is_paid":false},"yoast_head":"<!-- This site is optimized with the Yoast SEO plugin v26.4 - https:\/\/yoast.com\/wordpress\/plugins\/seo\/ -->\n<title>Met(el)i voi her\u00e4tt\u00e4\u00e4 uinuvan alienin - Taivaan t\u00e4hden<\/title>\n<meta name=\"robots\" content=\"index, follow, max-snippet:-1, max-image-preview:large, max-video-preview:-1\" \/>\n<link rel=\"canonical\" href=\"https:\/\/suomenkuvalehti.fi\/taivaan-tahden\/2017\/02\/21\/meteli-herattaa-uinuvan-alienin\/\" \/>\n<meta property=\"og:locale\" content=\"fi_FI\" \/>\n<meta property=\"og:type\" content=\"article\" \/>\n<meta property=\"og:title\" content=\"Met(el)i voi her\u00e4tt\u00e4\u00e4 uinuvan alienin - Taivaan t\u00e4hden\" \/>\n<meta property=\"og:description\" content=\"\u00c4ly\u00e4 ei ole viel\u00e4 l\u00f6ytynyt avaruudesta \u2013 jos kohta sen esiintyminen maapallollakin tuntuu k\u00e4yv\u00e4n yh\u00e4 harvinaisemmaksi.\" \/>\n<meta property=\"og:url\" content=\"https:\/\/suomenkuvalehti.fi\/taivaan-tahden\/2017\/02\/21\/meteli-herattaa-uinuvan-alienin\/\" \/>\n<meta property=\"og:site_name\" content=\"Taivaan t\u00e4hden\" \/>\n<meta property=\"article:published_time\" content=\"2017-02-21T14:40:59+00:00\" \/>\n<meta property=\"article:modified_time\" content=\"2017-02-21T15:23:04+00:00\" \/>\n<meta property=\"og:image\" content=\"https:\/\/suomenkuvalehti.fi\/taivaan-tahden\/wp-content\/uploads\/sites\/36\/2017\/02\/wow_signal.jpg\" \/>\n\t<meta property=\"og:image:width\" content=\"1063\" \/>\n\t<meta property=\"og:image:height\" content=\"600\" \/>\n\t<meta property=\"og:image:type\" content=\"image\/jpeg\" \/>\n<meta name=\"author\" content=\"Markus Hotakainen\" \/>\n<meta name=\"twitter:card\" content=\"summary_large_image\" \/>\n<meta name=\"twitter:label1\" content=\"Written by\" \/>\n\t<meta name=\"twitter:data1\" content=\"Markus Hotakainen\" \/>\n\t<meta name=\"twitter:label2\" content=\"Est. reading time\" \/>\n\t<meta name=\"twitter:data2\" content=\"1 minuutti\" \/>\n<script type=\"application\/ld+json\" class=\"yoast-schema-graph\">{\"@context\":\"https:\/\/schema.org\",\"@graph\":[{\"@type\":\"WebPage\",\"@id\":\"https:\/\/suomenkuvalehti.fi\/taivaan-tahden\/2017\/02\/21\/meteli-herattaa-uinuvan-alienin\/\",\"url\":\"https:\/\/suomenkuvalehti.fi\/taivaan-tahden\/2017\/02\/21\/meteli-herattaa-uinuvan-alienin\/\",\"name\":\"Met(el)i voi her\u00e4tt\u00e4\u00e4 uinuvan alienin - Taivaan t\u00e4hden\",\"isPartOf\":{\"@id\":\"https:\/\/suomenkuvalehti.fi\/taivaan-tahden\/#website\"},\"primaryImageOfPage\":{\"@id\":\"https:\/\/suomenkuvalehti.fi\/taivaan-tahden\/2017\/02\/21\/meteli-herattaa-uinuvan-alienin\/#primaryimage\"},\"image\":{\"@id\":\"https:\/\/suomenkuvalehti.fi\/taivaan-tahden\/2017\/02\/21\/meteli-herattaa-uinuvan-alienin\/#primaryimage\"},\"thumbnailUrl\":\"https:\/\/suomenkuvalehti.fi\/taivaan-tahden\/wp-content\/uploads\/sites\/36\/2017\/02\/wow_signal-1024x578.jpg\",\"datePublished\":\"2017-02-21T14:40:59+00:00\",\"dateModified\":\"2017-02-21T15:23:04+00:00\",\"author\":{\"@id\":\"https:\/\/suomenkuvalehti.fi\/taivaan-tahden\/#\/schema\/person\/c9c1373acb19750e11084ef640abeae0\"},\"breadcrumb\":{\"@id\":\"https:\/\/suomenkuvalehti.fi\/taivaan-tahden\/2017\/02\/21\/meteli-herattaa-uinuvan-alienin\/#breadcrumb\"},\"inLanguage\":\"fi\",\"potentialAction\":[{\"@type\":\"ReadAction\",\"target\":[\"https:\/\/suomenkuvalehti.fi\/taivaan-tahden\/2017\/02\/21\/meteli-herattaa-uinuvan-alienin\/\"]}]},{\"@type\":\"ImageObject\",\"inLanguage\":\"fi\",\"@id\":\"https:\/\/suomenkuvalehti.fi\/taivaan-tahden\/2017\/02\/21\/meteli-herattaa-uinuvan-alienin\/#primaryimage\",\"url\":\"https:\/\/suomenkuvalehti.fi\/taivaan-tahden\/wp-content\/uploads\/sites\/36\/2017\/02\/wow_signal.jpg\",\"contentUrl\":\"https:\/\/suomenkuvalehti.fi\/taivaan-tahden\/wp-content\/uploads\/sites\/36\/2017\/02\/wow_signal.jpg\",\"width\":1063,\"height\":600},{\"@type\":\"BreadcrumbList\",\"@id\":\"https:\/\/suomenkuvalehti.fi\/taivaan-tahden\/2017\/02\/21\/meteli-herattaa-uinuvan-alienin\/#breadcrumb\",\"itemListElement\":[{\"@type\":\"ListItem\",\"position\":1,\"name\":\"Home\",\"item\":\"https:\/\/suomenkuvalehti.fi\/taivaan-tahden\/\"},{\"@type\":\"ListItem\",\"position\":2,\"name\":\"Met(el)i voi her\u00e4tt\u00e4\u00e4 uinuvan alienin\"}]},{\"@type\":\"WebSite\",\"@id\":\"https:\/\/suomenkuvalehti.fi\/taivaan-tahden\/#website\",\"url\":\"https:\/\/suomenkuvalehti.fi\/taivaan-tahden\/\",\"name\":\"Taivaan t\u00e4hden\",\"description\":\"Tiedetoimittaja Markus Hotakainen h\u00e4mm\u00e4stelee maailmankaikkeutta.\",\"potentialAction\":[{\"@type\":\"SearchAction\",\"target\":{\"@type\":\"EntryPoint\",\"urlTemplate\":\"https:\/\/suomenkuvalehti.fi\/haku\/?q={search_term_string}\"},\"query-input\":{\"@type\":\"PropertyValueSpecification\",\"valueRequired\":true,\"valueName\":\"search_term_string\"}}],\"inLanguage\":\"fi\"},{\"@type\":\"Person\",\"@id\":\"https:\/\/suomenkuvalehti.fi\/taivaan-tahden\/#\/schema\/person\/c9c1373acb19750e11084ef640abeae0\",\"name\":\"Markus Hotakainen\",\"image\":{\"@type\":\"ImageObject\",\"inLanguage\":\"fi\",\"@id\":\"https:\/\/suomenkuvalehti.fi\/taivaan-tahden\/#\/schema\/person\/image\/\",\"url\":\"https:\/\/suomenkuvalehti.fi\/taivaan-tahden\/wp-content\/uploads\/sites\/36\/2018\/05\/markus_hotakainen_blogi_pieni-150x150.jpg\",\"contentUrl\":\"https:\/\/suomenkuvalehti.fi\/taivaan-tahden\/wp-content\/uploads\/sites\/36\/2018\/05\/markus_hotakainen_blogi_pieni-150x150.jpg\",\"caption\":\"Markus Hotakainen\"},\"description\":\"Kirjoittaja on tiedetoimittaja ja tietokirjailija.\"}]}<\/script>\n<!-- \/ Yoast SEO plugin. -->","yoast_head_json":{"title":"Met(el)i voi her\u00e4tt\u00e4\u00e4 uinuvan alienin - Taivaan t\u00e4hden","robots":{"index":"index","follow":"follow","max-snippet":"max-snippet:-1","max-image-preview":"max-image-preview:large","max-video-preview":"max-video-preview:-1"},"canonical":"https:\/\/suomenkuvalehti.fi\/taivaan-tahden\/2017\/02\/21\/meteli-herattaa-uinuvan-alienin\/","og_locale":"fi_FI","og_type":"article","og_title":"Met(el)i voi her\u00e4tt\u00e4\u00e4 uinuvan alienin - Taivaan t\u00e4hden","og_description":"\u00c4ly\u00e4 ei ole viel\u00e4 l\u00f6ytynyt avaruudesta \u2013 jos kohta sen esiintyminen maapallollakin tuntuu k\u00e4yv\u00e4n yh\u00e4 harvinaisemmaksi.","og_url":"https:\/\/suomenkuvalehti.fi\/taivaan-tahden\/2017\/02\/21\/meteli-herattaa-uinuvan-alienin\/","og_site_name":"Taivaan t\u00e4hden","article_published_time":"2017-02-21T14:40:59+00:00","article_modified_time":"2017-02-21T15:23:04+00:00","og_image":[{"width":1063,"height":600,"url":"https:\/\/suomenkuvalehti.fi\/taivaan-tahden\/wp-content\/uploads\/sites\/36\/2017\/02\/wow_signal.jpg","type":"image\/jpeg"}],"author":"Markus Hotakainen","twitter_card":"summary_large_image","twitter_misc":{"Written by":"Markus Hotakainen","Est. reading time":"1 minuutti"},"schema":{"@context":"https:\/\/schema.org","@graph":[{"@type":"WebPage","@id":"https:\/\/suomenkuvalehti.fi\/taivaan-tahden\/2017\/02\/21\/meteli-herattaa-uinuvan-alienin\/","url":"https:\/\/suomenkuvalehti.fi\/taivaan-tahden\/2017\/02\/21\/meteli-herattaa-uinuvan-alienin\/","name":"Met(el)i voi her\u00e4tt\u00e4\u00e4 uinuvan alienin - Taivaan t\u00e4hden","isPartOf":{"@id":"https:\/\/suomenkuvalehti.fi\/taivaan-tahden\/#website"},"primaryImageOfPage":{"@id":"https:\/\/suomenkuvalehti.fi\/taivaan-tahden\/2017\/02\/21\/meteli-herattaa-uinuvan-alienin\/#primaryimage"},"image":{"@id":"https:\/\/suomenkuvalehti.fi\/taivaan-tahden\/2017\/02\/21\/meteli-herattaa-uinuvan-alienin\/#primaryimage"},"thumbnailUrl":"https:\/\/suomenkuvalehti.fi\/taivaan-tahden\/wp-content\/uploads\/sites\/36\/2017\/02\/wow_signal-1024x578.jpg","datePublished":"2017-02-21T14:40:59+00:00","dateModified":"2017-02-21T15:23:04+00:00","author":{"@id":"https:\/\/suomenkuvalehti.fi\/taivaan-tahden\/#\/schema\/person\/c9c1373acb19750e11084ef640abeae0"},"breadcrumb":{"@id":"https:\/\/suomenkuvalehti.fi\/taivaan-tahden\/2017\/02\/21\/meteli-herattaa-uinuvan-alienin\/#breadcrumb"},"inLanguage":"fi","potentialAction":[{"@type":"ReadAction","target":["https:\/\/suomenkuvalehti.fi\/taivaan-tahden\/2017\/02\/21\/meteli-herattaa-uinuvan-alienin\/"]}]},{"@type":"ImageObject","inLanguage":"fi","@id":"https:\/\/suomenkuvalehti.fi\/taivaan-tahden\/2017\/02\/21\/meteli-herattaa-uinuvan-alienin\/#primaryimage","url":"https:\/\/suomenkuvalehti.fi\/taivaan-tahden\/wp-content\/uploads\/sites\/36\/2017\/02\/wow_signal.jpg","contentUrl":"https:\/\/suomenkuvalehti.fi\/taivaan-tahden\/wp-content\/uploads\/sites\/36\/2017\/02\/wow_signal.jpg","width":1063,"height":600},{"@type":"BreadcrumbList","@id":"https:\/\/suomenkuvalehti.fi\/taivaan-tahden\/2017\/02\/21\/meteli-herattaa-uinuvan-alienin\/#breadcrumb","itemListElement":[{"@type":"ListItem","position":1,"name":"Home","item":"https:\/\/suomenkuvalehti.fi\/taivaan-tahden\/"},{"@type":"ListItem","position":2,"name":"Met(el)i voi her\u00e4tt\u00e4\u00e4 uinuvan alienin"}]},{"@type":"WebSite","@id":"https:\/\/suomenkuvalehti.fi\/taivaan-tahden\/#website","url":"https:\/\/suomenkuvalehti.fi\/taivaan-tahden\/","name":"Taivaan t\u00e4hden","description":"Tiedetoimittaja Markus Hotakainen h\u00e4mm\u00e4stelee maailmankaikkeutta.","potentialAction":[{"@type":"SearchAction","target":{"@type":"EntryPoint","urlTemplate":"https:\/\/suomenkuvalehti.fi\/haku\/?q={search_term_string}"},"query-input":{"@type":"PropertyValueSpecification","valueRequired":true,"valueName":"search_term_string"}}],"inLanguage":"fi"},{"@type":"Person","@id":"https:\/\/suomenkuvalehti.fi\/taivaan-tahden\/#\/schema\/person\/c9c1373acb19750e11084ef640abeae0","name":"Markus Hotakainen","image":{"@type":"ImageObject","inLanguage":"fi","@id":"https:\/\/suomenkuvalehti.fi\/taivaan-tahden\/#\/schema\/person\/image\/","url":"https:\/\/suomenkuvalehti.fi\/taivaan-tahden\/wp-content\/uploads\/sites\/36\/2018\/05\/markus_hotakainen_blogi_pieni-150x150.jpg","contentUrl":"https:\/\/suomenkuvalehti.fi\/taivaan-tahden\/wp-content\/uploads\/sites\/36\/2018\/05\/markus_hotakainen_blogi_pieni-150x150.jpg","caption":"Markus Hotakainen"},"description":"Kirjoittaja on tiedetoimittaja ja tietokirjailija."}]}},"_links":{"self":[{"href":"https:\/\/suomenkuvalehti.fi\/taivaan-tahden\/wp-json\/wp\/v2\/posts\/922","targetHints":{"allow":["GET"]}}],"collection":[{"href":"https:\/\/suomenkuvalehti.fi\/taivaan-tahden\/wp-json\/wp\/v2\/posts"}],"about":[{"href":"https:\/\/suomenkuvalehti.fi\/taivaan-tahden\/wp-json\/wp\/v2\/types\/post"}],"author":[{"embeddable":true,"href":"https:\/\/suomenkuvalehti.fi\/taivaan-tahden\/wp-json\/wp\/v2\/users\/557"}],"replies":[{"embeddable":true,"href":"https:\/\/suomenkuvalehti.fi\/taivaan-tahden\/wp-json\/wp\/v2\/comments?post=922"}],"version-history":[{"count":5,"href":"https:\/\/suomenkuvalehti.fi\/taivaan-tahden\/wp-json\/wp\/v2\/posts\/922\/revisions"}],"predecessor-version":[{"id":946,"href":"https:\/\/suomenkuvalehti.fi\/taivaan-tahden\/wp-json\/wp\/v2\/posts\/922\/revisions\/946"}],"wp:attachment":[{"href":"https:\/\/suomenkuvalehti.fi\/taivaan-tahden\/wp-json\/wp\/v2\/media?parent=922"}],"wp:term":[{"taxonomy":"category","embeddable":true,"href":"https:\/\/suomenkuvalehti.fi\/taivaan-tahden\/wp-json\/wp\/v2\/categories?post=922"},{"taxonomy":"post_tag","embeddable":true,"href":"https:\/\/suomenkuvalehti.fi\/taivaan-tahden\/wp-json\/wp\/v2\/tags?post=922"}],"curies":[{"name":"wp","href":"https:\/\/api.w.org\/{rel}","templated":true}]}}