{"id":811,"date":"2017-01-08T10:26:50","date_gmt":"2017-01-08T08:26:50","guid":{"rendered":"https:\/\/suomenkuvalehti.fi\/taivaan-tahden\/?p=811"},"modified":"2017-01-08T11:36:36","modified_gmt":"2017-01-08T09:36:36","slug":"kuuselfie-jota-ei-koskaan-otettu","status":"publish","type":"post","link":"https:\/\/suomenkuvalehti.fi\/taivaan-tahden\/2017\/01\/08\/kuuselfie-jota-ei-koskaan-otettu\/","title":{"rendered":"Kuuselfie, jota ei koskaan otettu"},"content":{"rendered":"<figure class=\"aligncenter size-large is-resized wp-block-image\">\n  <div class=\"wp-block-image__inner-container\">\n    <a href=\"https:\/\/suomenkuvalehti.fi\/taivaan-tahden\/wp-content\/uploads\/sites\/36\/2017\/01\/1024px-apollo12visor.jpg\"><img loading=\"lazy\" decoding=\"async\" src=\"https:\/\/suomenkuvalehti.fi\/taivaan-tahden\/wp-content\/uploads\/sites\/36\/2017\/01\/1024px-apollo12visor-1024x1024.jpg\" alt=\"\" class=\"wp-image-812\" width=\"1024\" height=\"1024\" style=\"--aspect-ratio: 1\" srcset=\"https:\/\/suomenkuvalehti.fi\/taivaan-tahden\/wp-content\/uploads\/sites\/36\/2017\/01\/1024px-apollo12visor-1024x1024.jpg 1024w, https:\/\/suomenkuvalehti.fi\/taivaan-tahden\/wp-content\/uploads\/sites\/36\/2017\/01\/1024px-apollo12visor-150x150.jpg 150w, https:\/\/suomenkuvalehti.fi\/taivaan-tahden\/wp-content\/uploads\/sites\/36\/2017\/01\/1024px-apollo12visor-300x300.jpg 300w, https:\/\/suomenkuvalehti.fi\/taivaan-tahden\/wp-content\/uploads\/sites\/36\/2017\/01\/1024px-apollo12visor-768x768.jpg 768w, https:\/\/suomenkuvalehti.fi\/taivaan-tahden\/wp-content\/uploads\/sites\/36\/2017\/01\/1024px-apollo12visor-630x630.jpg 630w, https:\/\/suomenkuvalehti.fi\/taivaan-tahden\/wp-content\/uploads\/sites\/36\/2017\/01\/1024px-apollo12visor.jpg 1102w\" sizes=\"auto, (max-width: 1024px) 100vw, 1024px\" \/><\/a>    <figcaption class=\"wp-block-image__figcaption\">\n      Ep\u00e4onninen Apollo 12 -astronautti Alan Bean. Kuva: Nasa \/ Charles Conrad          <\/figcaption>\n      <\/div>\n<\/figure>\n\n\n<p>Ammoisilta Apollo-lennoilta on l\u00e4j\u00e4p\u00e4in kuvia, joissa avaruuspukuinen astronautti touhuaa Kuun p\u00f6lyisell\u00e4 pinnalla. Osa n\u00e4ist\u00e4 otoksista on saanut ikonisen maineen, tunnetuimpana varmaankin potretti Buzz Aldrinista, jonka kyp\u00e4r\u00e4n visiirist\u00e4 heijastuu Neil Armstrong ja h\u00e4m\u00e4h\u00e4kkim\u00e4inen kuumoduuli.<\/p>\n\n\n\n<p>Seuraavalla eli Apollo 12 -lennolla Kuun pinnalle laskeutuneet Charles Conrad ja Alan Bean aikoivat s\u00e4ik\u00e4ytt\u00e4\u00e4 tai ainakin h\u00e4mment\u00e4\u00e4 insin\u00f6\u00f6rit ja tutkijat ujuttamalla lukemattomien filimiruutujen joukkoon muutaman kuvan, joissa poseeraa kumpikin astronautti.<\/p>\n\n\n\n<p>Kuka kuvat on ottanut?<\/p>\n\n\n\n<p>Al Bean piilotti kuun\u00e4ytteille varattuun k\u00e4rryyn Hasselblad-kameran erillisen itselaukaisimen &#8211; kamerat eiv\u00e4t tuolloin olleet nykyisi\u00e4 tekniikan digi-ihmeit\u00e4 lukemattomine sis\u00e4\u00e4nrakennettuine ominaisuuksineen.<\/p>\n\n\n\n<p>Beanin tarkoitus oli kaivaa ajastin esiin, kun astronauttikaksikko olisi muutamaa vuotta aiemmin Kuun pinnalle laskeutuneen Surveyor-luotaimen luona.<\/p>\n\n\n\n<p>Hyvin suunniteltu on puoliksi tekem\u00e4tt\u00e4. Kun kuvanottohetki koitti, sen kummemmin Bean kuin Conrad ei onnistunut l\u00f6yt\u00e4m\u00e4\u00e4n ajastinta.<\/p>\n\n\n\n<p>Tuntuu p\u00f6lj\u00e4lt\u00e4, mutta teht\u00e4v\u00e4 ei ollut helppo. Jos kiskaisee kumisaappaan k\u00e4teens\u00e4, saa jonkinlaisen k\u00e4sityksen hienomotoriikasta, jonka kuupuvun k\u00f6mpel\u00f6t ja kankeat hansikkaat tekiv\u00e4t mahdolliseksi.<\/p>\n\n\n\n<p>Kuuk\u00e4velyjen ohjelma oli aikataulutettu hyvin tarkkaan, joten ajastimen etsint\u00e4\u00e4 ei voinut jatkaa kovin pitk\u00e4\u00e4n. Hommaa vaikeutti viel\u00e4 se, ett\u00e4 astronautit eiv\u00e4t voineet keskustella asiasta kesken\u00e4\u00e4n: seh\u00e4n oli tarkoitus pit\u00e4\u00e4 salaisuutena.<\/p>\n\n\n\n<p>Ajastinta ei l\u00f6ytynyt ja astronauttien piti jatkaa oikeita t\u00f6it\u00e4\u00e4n Kuun pinnalla. He palasivat kuumoduulin luokse ja alkoivat siirt\u00e4\u00e4 ker\u00e4\u00e4mi\u00e4\u00e4n kivi\u00e4 n\u00e4ytek\u00e4rryst\u00e4 paluualukseen &#8211; ja kas: siin\u00e4h\u00e4n ajastin oli.<\/p>\n\n\n\n<p>Bean poimi aparaatin k\u00e4teens\u00e4, tuijotti sit\u00e4 hetken hansikoidulla k\u00e4mmenell\u00e4\u00e4n ja suivaantuneena viskasi sen menem\u00e4\u00e4n. Ajastimen kieppuessa viel\u00e4 \u201dilmassa\u201d kohti Kuun horisonttia, Bean \u00e4kk\u00e4si, ett\u00e4 olisivathan he voineet ottaa salaper\u00e4isen tuplaselfien yht\u00e4 hyvin kuumoduulin vieress\u00e4.<\/p>\n\n\n\n<p>&nbsp;<\/p>\n\n\n","protected":false},"excerpt":{"rendered":"<p>Ammoisilta Apollo-lennoilta on l\u00e4j\u00e4p\u00e4in kuvia, joissa avaruuspukuinen astronautti touhuaa Kuun p\u00f6lyisell\u00e4 pinnalla.<\/p>\n","protected":false},"author":557,"featured_media":0,"comment_status":"open","ping_status":"open","sticky":false,"template":"","format":"standard","meta":{"_acf_changed":false,"asauth_required_access_level":3,"asauth_cansharepaid":"true","om_header_attributes":[],"footnotes":"","om_featured_image_focal_point":[],"om_primary_tag":0,"om_contributors":[],"om_co_authors":[],"beyondwords_generate_audio":"","beyondwords_project_id":"","beyondwords_content_id":"","beyondwords_preview_token":"","beyondwords_player_content":"","beyondwords_player_style":"","beyondwords_language_code":"","beyondwords_language_id":"","beyondwords_title_voice_id":"","beyondwords_body_voice_id":"","beyondwords_summary_voice_id":"","beyondwords_error_message":"","beyondwords_disabled":"","beyondwords_delete_content":"","beyondwords_podcast_id":"","beyondwords_hash":"","publish_post_to_speechkit":"","speechkit_hash":"","speechkit_generate_audio":"","speechkit_project_id":"","speechkit_podcast_id":"","speechkit_error_message":"","speechkit_disabled":"","speechkit_access_key":"","speechkit_error":"","speechkit_info":"","speechkit_response":"","speechkit_retries":"","speechkit_status":"","speechkit_updated_at":"","_speechkit_link":"","_speechkit_text":""},"categories":[1],"tags":[352,351,353,5,354],"class_list":["post-811","post","type-post","status-publish","format-standard","hentry","category-taivaan-tahden","tag-alan-bean","tag-apollo-12","tag-charles-conrad","tag-kuu","tag-selfie"],"om_views":null,"acf":{"tuuma_off":false,"tuuma_kysymys":"","tuuma_vastaus":""},"asauth":{"required_access_level":1,"share_token":"","is_paid":false},"yoast_head":"<!-- This site is optimized with the Yoast SEO plugin v26.4 - https:\/\/yoast.com\/wordpress\/plugins\/seo\/ -->\n<title>Kuuselfie, jota ei koskaan otettu - Taivaan t\u00e4hden<\/title>\n<meta name=\"robots\" content=\"index, follow, max-snippet:-1, max-image-preview:large, max-video-preview:-1\" \/>\n<link rel=\"canonical\" href=\"https:\/\/suomenkuvalehti.fi\/taivaan-tahden\/2017\/01\/08\/kuuselfie-jota-ei-koskaan-otettu\/\" \/>\n<meta property=\"og:locale\" content=\"fi_FI\" \/>\n<meta property=\"og:type\" content=\"article\" \/>\n<meta property=\"og:title\" content=\"Kuuselfie, jota ei koskaan otettu - Taivaan t\u00e4hden\" \/>\n<meta property=\"og:description\" content=\"Ammoisilta Apollo-lennoilta on l\u00e4j\u00e4p\u00e4in kuvia, joissa avaruuspukuinen astronautti touhuaa Kuun p\u00f6lyisell\u00e4 pinnalla.\" \/>\n<meta property=\"og:url\" content=\"https:\/\/suomenkuvalehti.fi\/taivaan-tahden\/2017\/01\/08\/kuuselfie-jota-ei-koskaan-otettu\/\" \/>\n<meta property=\"og:site_name\" content=\"Taivaan t\u00e4hden\" \/>\n<meta property=\"article:published_time\" content=\"2017-01-08T08:26:50+00:00\" \/>\n<meta property=\"article:modified_time\" content=\"2017-01-08T09:36:36+00:00\" \/>\n<meta property=\"og:image\" content=\"https:\/\/suomenkuvalehti.fi\/taivaan-tahden\/wp-content\/uploads\/sites\/36\/2017\/01\/1024px-apollo12visor.jpg\" \/>\n\t<meta property=\"og:image:width\" content=\"1102\" \/>\n\t<meta property=\"og:image:height\" content=\"1102\" \/>\n\t<meta property=\"og:image:type\" content=\"image\/jpeg\" \/>\n<meta name=\"author\" content=\"Markus Hotakainen\" \/>\n<meta name=\"twitter:card\" content=\"summary_large_image\" \/>\n<meta name=\"twitter:label1\" content=\"Written by\" \/>\n\t<meta name=\"twitter:data1\" content=\"Markus Hotakainen\" \/>\n\t<meta name=\"twitter:label2\" content=\"Est. reading time\" \/>\n\t<meta name=\"twitter:data2\" content=\"1 minuutti\" \/>\n<script type=\"application\/ld+json\" class=\"yoast-schema-graph\">{\"@context\":\"https:\/\/schema.org\",\"@graph\":[{\"@type\":\"WebPage\",\"@id\":\"https:\/\/suomenkuvalehti.fi\/taivaan-tahden\/2017\/01\/08\/kuuselfie-jota-ei-koskaan-otettu\/\",\"url\":\"https:\/\/suomenkuvalehti.fi\/taivaan-tahden\/2017\/01\/08\/kuuselfie-jota-ei-koskaan-otettu\/\",\"name\":\"Kuuselfie, jota ei koskaan otettu - Taivaan t\u00e4hden\",\"isPartOf\":{\"@id\":\"https:\/\/suomenkuvalehti.fi\/taivaan-tahden\/#website\"},\"primaryImageOfPage\":{\"@id\":\"https:\/\/suomenkuvalehti.fi\/taivaan-tahden\/2017\/01\/08\/kuuselfie-jota-ei-koskaan-otettu\/#primaryimage\"},\"image\":{\"@id\":\"https:\/\/suomenkuvalehti.fi\/taivaan-tahden\/2017\/01\/08\/kuuselfie-jota-ei-koskaan-otettu\/#primaryimage\"},\"thumbnailUrl\":\"https:\/\/suomenkuvalehti.fi\/taivaan-tahden\/wp-content\/uploads\/sites\/36\/2017\/01\/1024px-apollo12visor-1024x1024.jpg\",\"datePublished\":\"2017-01-08T08:26:50+00:00\",\"dateModified\":\"2017-01-08T09:36:36+00:00\",\"author\":{\"@id\":\"https:\/\/suomenkuvalehti.fi\/taivaan-tahden\/#\/schema\/person\/c9c1373acb19750e11084ef640abeae0\"},\"breadcrumb\":{\"@id\":\"https:\/\/suomenkuvalehti.fi\/taivaan-tahden\/2017\/01\/08\/kuuselfie-jota-ei-koskaan-otettu\/#breadcrumb\"},\"inLanguage\":\"fi\",\"potentialAction\":[{\"@type\":\"ReadAction\",\"target\":[\"https:\/\/suomenkuvalehti.fi\/taivaan-tahden\/2017\/01\/08\/kuuselfie-jota-ei-koskaan-otettu\/\"]}]},{\"@type\":\"ImageObject\",\"inLanguage\":\"fi\",\"@id\":\"https:\/\/suomenkuvalehti.fi\/taivaan-tahden\/2017\/01\/08\/kuuselfie-jota-ei-koskaan-otettu\/#primaryimage\",\"url\":\"https:\/\/suomenkuvalehti.fi\/taivaan-tahden\/wp-content\/uploads\/sites\/36\/2017\/01\/1024px-apollo12visor.jpg\",\"contentUrl\":\"https:\/\/suomenkuvalehti.fi\/taivaan-tahden\/wp-content\/uploads\/sites\/36\/2017\/01\/1024px-apollo12visor.jpg\",\"width\":1102,\"height\":1102},{\"@type\":\"BreadcrumbList\",\"@id\":\"https:\/\/suomenkuvalehti.fi\/taivaan-tahden\/2017\/01\/08\/kuuselfie-jota-ei-koskaan-otettu\/#breadcrumb\",\"itemListElement\":[{\"@type\":\"ListItem\",\"position\":1,\"name\":\"Home\",\"item\":\"https:\/\/suomenkuvalehti.fi\/taivaan-tahden\/\"},{\"@type\":\"ListItem\",\"position\":2,\"name\":\"Kuuselfie, jota ei koskaan otettu\"}]},{\"@type\":\"WebSite\",\"@id\":\"https:\/\/suomenkuvalehti.fi\/taivaan-tahden\/#website\",\"url\":\"https:\/\/suomenkuvalehti.fi\/taivaan-tahden\/\",\"name\":\"Taivaan t\u00e4hden\",\"description\":\"Tiedetoimittaja Markus Hotakainen h\u00e4mm\u00e4stelee maailmankaikkeutta.\",\"potentialAction\":[{\"@type\":\"SearchAction\",\"target\":{\"@type\":\"EntryPoint\",\"urlTemplate\":\"https:\/\/suomenkuvalehti.fi\/haku\/?q={search_term_string}\"},\"query-input\":{\"@type\":\"PropertyValueSpecification\",\"valueRequired\":true,\"valueName\":\"search_term_string\"}}],\"inLanguage\":\"fi\"},{\"@type\":\"Person\",\"@id\":\"https:\/\/suomenkuvalehti.fi\/taivaan-tahden\/#\/schema\/person\/c9c1373acb19750e11084ef640abeae0\",\"name\":\"Markus Hotakainen\",\"image\":{\"@type\":\"ImageObject\",\"inLanguage\":\"fi\",\"@id\":\"https:\/\/suomenkuvalehti.fi\/taivaan-tahden\/#\/schema\/person\/image\/\",\"url\":\"https:\/\/suomenkuvalehti.fi\/taivaan-tahden\/wp-content\/uploads\/sites\/36\/2018\/05\/markus_hotakainen_blogi_pieni-150x150.jpg\",\"contentUrl\":\"https:\/\/suomenkuvalehti.fi\/taivaan-tahden\/wp-content\/uploads\/sites\/36\/2018\/05\/markus_hotakainen_blogi_pieni-150x150.jpg\",\"caption\":\"Markus Hotakainen\"},\"description\":\"Kirjoittaja on tiedetoimittaja ja tietokirjailija.\"}]}<\/script>\n<!-- \/ Yoast SEO plugin. -->","yoast_head_json":{"title":"Kuuselfie, jota ei koskaan otettu - Taivaan t\u00e4hden","robots":{"index":"index","follow":"follow","max-snippet":"max-snippet:-1","max-image-preview":"max-image-preview:large","max-video-preview":"max-video-preview:-1"},"canonical":"https:\/\/suomenkuvalehti.fi\/taivaan-tahden\/2017\/01\/08\/kuuselfie-jota-ei-koskaan-otettu\/","og_locale":"fi_FI","og_type":"article","og_title":"Kuuselfie, jota ei koskaan otettu - Taivaan t\u00e4hden","og_description":"Ammoisilta Apollo-lennoilta on l\u00e4j\u00e4p\u00e4in kuvia, joissa avaruuspukuinen astronautti touhuaa Kuun p\u00f6lyisell\u00e4 pinnalla.","og_url":"https:\/\/suomenkuvalehti.fi\/taivaan-tahden\/2017\/01\/08\/kuuselfie-jota-ei-koskaan-otettu\/","og_site_name":"Taivaan t\u00e4hden","article_published_time":"2017-01-08T08:26:50+00:00","article_modified_time":"2017-01-08T09:36:36+00:00","og_image":[{"width":1102,"height":1102,"url":"https:\/\/suomenkuvalehti.fi\/taivaan-tahden\/wp-content\/uploads\/sites\/36\/2017\/01\/1024px-apollo12visor.jpg","type":"image\/jpeg"}],"author":"Markus Hotakainen","twitter_card":"summary_large_image","twitter_misc":{"Written by":"Markus Hotakainen","Est. reading time":"1 minuutti"},"schema":{"@context":"https:\/\/schema.org","@graph":[{"@type":"WebPage","@id":"https:\/\/suomenkuvalehti.fi\/taivaan-tahden\/2017\/01\/08\/kuuselfie-jota-ei-koskaan-otettu\/","url":"https:\/\/suomenkuvalehti.fi\/taivaan-tahden\/2017\/01\/08\/kuuselfie-jota-ei-koskaan-otettu\/","name":"Kuuselfie, jota ei koskaan otettu - Taivaan t\u00e4hden","isPartOf":{"@id":"https:\/\/suomenkuvalehti.fi\/taivaan-tahden\/#website"},"primaryImageOfPage":{"@id":"https:\/\/suomenkuvalehti.fi\/taivaan-tahden\/2017\/01\/08\/kuuselfie-jota-ei-koskaan-otettu\/#primaryimage"},"image":{"@id":"https:\/\/suomenkuvalehti.fi\/taivaan-tahden\/2017\/01\/08\/kuuselfie-jota-ei-koskaan-otettu\/#primaryimage"},"thumbnailUrl":"https:\/\/suomenkuvalehti.fi\/taivaan-tahden\/wp-content\/uploads\/sites\/36\/2017\/01\/1024px-apollo12visor-1024x1024.jpg","datePublished":"2017-01-08T08:26:50+00:00","dateModified":"2017-01-08T09:36:36+00:00","author":{"@id":"https:\/\/suomenkuvalehti.fi\/taivaan-tahden\/#\/schema\/person\/c9c1373acb19750e11084ef640abeae0"},"breadcrumb":{"@id":"https:\/\/suomenkuvalehti.fi\/taivaan-tahden\/2017\/01\/08\/kuuselfie-jota-ei-koskaan-otettu\/#breadcrumb"},"inLanguage":"fi","potentialAction":[{"@type":"ReadAction","target":["https:\/\/suomenkuvalehti.fi\/taivaan-tahden\/2017\/01\/08\/kuuselfie-jota-ei-koskaan-otettu\/"]}]},{"@type":"ImageObject","inLanguage":"fi","@id":"https:\/\/suomenkuvalehti.fi\/taivaan-tahden\/2017\/01\/08\/kuuselfie-jota-ei-koskaan-otettu\/#primaryimage","url":"https:\/\/suomenkuvalehti.fi\/taivaan-tahden\/wp-content\/uploads\/sites\/36\/2017\/01\/1024px-apollo12visor.jpg","contentUrl":"https:\/\/suomenkuvalehti.fi\/taivaan-tahden\/wp-content\/uploads\/sites\/36\/2017\/01\/1024px-apollo12visor.jpg","width":1102,"height":1102},{"@type":"BreadcrumbList","@id":"https:\/\/suomenkuvalehti.fi\/taivaan-tahden\/2017\/01\/08\/kuuselfie-jota-ei-koskaan-otettu\/#breadcrumb","itemListElement":[{"@type":"ListItem","position":1,"name":"Home","item":"https:\/\/suomenkuvalehti.fi\/taivaan-tahden\/"},{"@type":"ListItem","position":2,"name":"Kuuselfie, jota ei koskaan otettu"}]},{"@type":"WebSite","@id":"https:\/\/suomenkuvalehti.fi\/taivaan-tahden\/#website","url":"https:\/\/suomenkuvalehti.fi\/taivaan-tahden\/","name":"Taivaan t\u00e4hden","description":"Tiedetoimittaja Markus Hotakainen h\u00e4mm\u00e4stelee maailmankaikkeutta.","potentialAction":[{"@type":"SearchAction","target":{"@type":"EntryPoint","urlTemplate":"https:\/\/suomenkuvalehti.fi\/haku\/?q={search_term_string}"},"query-input":{"@type":"PropertyValueSpecification","valueRequired":true,"valueName":"search_term_string"}}],"inLanguage":"fi"},{"@type":"Person","@id":"https:\/\/suomenkuvalehti.fi\/taivaan-tahden\/#\/schema\/person\/c9c1373acb19750e11084ef640abeae0","name":"Markus Hotakainen","image":{"@type":"ImageObject","inLanguage":"fi","@id":"https:\/\/suomenkuvalehti.fi\/taivaan-tahden\/#\/schema\/person\/image\/","url":"https:\/\/suomenkuvalehti.fi\/taivaan-tahden\/wp-content\/uploads\/sites\/36\/2018\/05\/markus_hotakainen_blogi_pieni-150x150.jpg","contentUrl":"https:\/\/suomenkuvalehti.fi\/taivaan-tahden\/wp-content\/uploads\/sites\/36\/2018\/05\/markus_hotakainen_blogi_pieni-150x150.jpg","caption":"Markus Hotakainen"},"description":"Kirjoittaja on tiedetoimittaja ja tietokirjailija."}]}},"_links":{"self":[{"href":"https:\/\/suomenkuvalehti.fi\/taivaan-tahden\/wp-json\/wp\/v2\/posts\/811","targetHints":{"allow":["GET"]}}],"collection":[{"href":"https:\/\/suomenkuvalehti.fi\/taivaan-tahden\/wp-json\/wp\/v2\/posts"}],"about":[{"href":"https:\/\/suomenkuvalehti.fi\/taivaan-tahden\/wp-json\/wp\/v2\/types\/post"}],"author":[{"embeddable":true,"href":"https:\/\/suomenkuvalehti.fi\/taivaan-tahden\/wp-json\/wp\/v2\/users\/557"}],"replies":[{"embeddable":true,"href":"https:\/\/suomenkuvalehti.fi\/taivaan-tahden\/wp-json\/wp\/v2\/comments?post=811"}],"version-history":[{"count":5,"href":"https:\/\/suomenkuvalehti.fi\/taivaan-tahden\/wp-json\/wp\/v2\/posts\/811\/revisions"}],"predecessor-version":[{"id":819,"href":"https:\/\/suomenkuvalehti.fi\/taivaan-tahden\/wp-json\/wp\/v2\/posts\/811\/revisions\/819"}],"wp:attachment":[{"href":"https:\/\/suomenkuvalehti.fi\/taivaan-tahden\/wp-json\/wp\/v2\/media?parent=811"}],"wp:term":[{"taxonomy":"category","embeddable":true,"href":"https:\/\/suomenkuvalehti.fi\/taivaan-tahden\/wp-json\/wp\/v2\/categories?post=811"},{"taxonomy":"post_tag","embeddable":true,"href":"https:\/\/suomenkuvalehti.fi\/taivaan-tahden\/wp-json\/wp\/v2\/tags?post=811"}],"curies":[{"name":"wp","href":"https:\/\/api.w.org\/{rel}","templated":true}]}}