{"id":719,"date":"2016-11-13T12:32:09","date_gmt":"2016-11-13T10:32:09","guid":{"rendered":"https:\/\/suomenkuvalehti.fi\/taivaan-tahden\/?p=719"},"modified":"2016-11-13T12:32:09","modified_gmt":"2016-11-13T10:32:09","slug":"superkuu-my-ass","status":"publish","type":"post","link":"https:\/\/suomenkuvalehti.fi\/taivaan-tahden\/2016\/11\/13\/superkuu-my-ass\/","title":{"rendered":"Superkuu, my ass!"},"content":{"rendered":"<figure class=\"aligncenter size-large is-resized wp-block-image\">\n  <div class=\"wp-block-image__inner-container\">\n    <a href=\"https:\/\/suomenkuvalehti.fi\/taivaan-tahden\/wp-content\/uploads\/sites\/36\/2016\/11\/megakuu_SK.jpeg\"><img loading=\"lazy\" decoding=\"async\" src=\"https:\/\/suomenkuvalehti.fi\/taivaan-tahden\/wp-content\/uploads\/sites\/36\/2016\/11\/megakuu_SK-1024x731.jpeg\" alt=\"megakuu_sk\" class=\"wp-image-720\" width=\"1024\" height=\"731\" style=\"--aspect-ratio: 1.4\" srcset=\"https:\/\/suomenkuvalehti.fi\/taivaan-tahden\/wp-content\/uploads\/sites\/36\/2016\/11\/megakuu_SK-1024x731.jpeg 1024w, https:\/\/suomenkuvalehti.fi\/taivaan-tahden\/wp-content\/uploads\/sites\/36\/2016\/11\/megakuu_SK-300x214.jpeg 300w, https:\/\/suomenkuvalehti.fi\/taivaan-tahden\/wp-content\/uploads\/sites\/36\/2016\/11\/megakuu_SK-768x549.jpeg 768w, https:\/\/suomenkuvalehti.fi\/taivaan-tahden\/wp-content\/uploads\/sites\/36\/2016\/11\/megakuu_SK.jpeg 1575w\" sizes=\"auto, (max-width: 1024px) 100vw, 1024px\" \/><\/a>    <figcaption class=\"wp-block-image__figcaption\">\n      Onko kuvassa superkuu? Kuva: Markus Hotakainen          <\/figcaption>\n      <\/div>\n<\/figure>\n\n\n<p>Huomenna luodaan taas odottavat katseet taivaalle, kun Kuu on poikkeuksellisen l\u00e4hell\u00e4 Maata ja n\u00e4kyy siksi poikkeuksellisen suurena ja poikkeuksellisen kirkkaana. Ainakin jos on uskominen median hehkutusta.<\/p>\n\n\n\n<p>\u201dIllalla taivaalle nousee vuosisadan superkuu.\u201d<\/p>\n\n\n\n<p>\u201dSuperkuu valloittaa pian taivaan.\u201d<\/p>\n\n\n\n<p>\u201dMarraskuun t\u00e4ysikuu on super-superkuu.\u201d<\/p>\n\n\n\n<p>Pakkohan siin\u00e4 on jotain per\u00e4\u00e4 olla. No joo, jotain.<\/p>\n\n\n\n<p>Huomenna hieman ennen kello nelj\u00e4\u00e4 iltap\u00e4iv\u00e4ll\u00e4 Suomen aikaa on t\u00e4ysikuu. Ja reilut puoli tuntia my\u00f6hemmin se nousee horisontin takaa taivaalle. Sattumoisin Kuu on samalla l\u00e4hell\u00e4 soikean ratansa pistett\u00e4, jossa se on l\u00e4himp\u00e4n\u00e4 Maata.<\/p>\n\n\n\n<p>T\u00e4ll\u00e4 kertaa v\u00e4limatka on todella poikkeuksellisen lyhyt, vain 356&nbsp;509 kilometri\u00e4, kun se keskim\u00e4\u00e4rin on 384 400 kilometri\u00e4.<\/p>\n\n\n\n<p>Viimeksi Kuu on ollut n\u00e4in l\u00e4hell\u00e4 Maata tammikuussa 1948 ja seuraavaa kertaa saadaan odotella marraskuuhun 2034.<\/p>\n\n\n\n<p>Mutta ett\u00e4 superkuu? Tai \u201dMega Moon\u201d, kuten joissakin ulkomaisissa aviiseissa on todettu.<\/p>\n\n\n\n<p>Mit\u00e4 Kuun erikoinen likeisyys k\u00e4yt\u00e4nn\u00f6ss\u00e4 tarkoittaa? Kuu n\u00e4ytt\u00e4\u00e4 huomisiltana noin 15 prosenttia kookkaammalta ja noin 30 prosenttia kirkkaammalta kuin t\u00e4ysikuu silloin kun se on kauimpana Maasta.<\/p>\n\n\n\n<p>Onhan ero huomattava, mutta mihin huomista \u201dsuperkuuta\u201d vertaisi? Ei mihink\u00e4\u00e4n. Paitsi hataraan muistikuvaan edellisest\u00e4 tai jostakin aikaisemmasta t\u00e4ysikuusta.<\/p>\n\n\n\n<p>L\u00e4hell\u00e4 taivaanrantaa Kuu n\u00e4ytt\u00e4\u00e4 muutenkin tavallista suuremmalta ja toisaalta Kuun kirkkauteen vaikuttaa s\u00e4\u00e4tila. V\u00e4h\u00e4inenkin utu himment\u00e4\u00e4 huomattavasti kaikkien t\u00e4htitaivaan kohteiden, my\u00f6s Kuun, kirkkautta.<\/p>\n\n\n\n<p>Periaatteessa on ihan hyv\u00e4, ett\u00e4 ihmisi\u00e4 innostetaan vilkaisemaan aika ajoin tummalle ilta- ja y\u00f6taivaalle. Silloin ehk\u00e4 k\u00e4y selv\u00e4ksi se, kuinka valosaaste v\u00e4hitellen hukuttaa alleen t\u00e4htitaivaan.<\/p>\n\n\n\n<p>Superkuun kaltaisista olemattomista spektaakkeleista meuhkaaminen ei kuitenkaan ole v\u00e4ltt\u00e4m\u00e4tt\u00e4 asialle eduksi, kun t\u00e4ysikuu ei \u201dsuperiudestaan\u201d huolimatta loppujen lopuksi sen ihmeellisemm\u00e4lt\u00e4 n\u00e4yt\u00e4k\u00e4\u00e4n. Jos nyt s\u00e4\u00e4 edes sallii sen n\u00e4kymisen.<\/p>\n\n\n\n<p>P\u00f6hk\u00f6int\u00e4 koko superkuukohussa on, ett\u00e4 k\u00e4sitteell\u00e4 ei ole alkujaan mit\u00e4\u00e4n tekemist\u00e4 t\u00e4htitieteen kanssa, vaan se on per\u00e4isin astrologian, h\u00f6rh\u00f6isen horoskooppiuskon puolelta.<\/p>\n\n\n","protected":false},"excerpt":{"rendered":"<p>Huomenna luodaan taas odottavat katseet taivaalle, kun Kuu on poikkeuksellisen l\u00e4hell\u00e4 Maata ja n\u00e4kyy siksi poikkeuksellisen suurena ja poikkeuksellisen kirkkaana. Ainakin jos on uskominen median hehkutusta. \u201dIllalla taivaalle nousee vuosisadan superkuu.\u201d \u201dSuperkuu valloittaa pian taivaan.\u201d<br \/>\n\u201dMarraskuu&hellip;<\/p>\n","protected":false},"author":557,"featured_media":0,"comment_status":"open","ping_status":"open","sticky":false,"template":"","format":"standard","meta":{"_acf_changed":false,"asauth_required_access_level":3,"asauth_cansharepaid":"true","om_header_attributes":[],"footnotes":"","om_featured_image_focal_point":[],"om_primary_tag":0,"om_contributors":[],"om_co_authors":[],"beyondwords_generate_audio":"","beyondwords_project_id":"","beyondwords_content_id":"","beyondwords_preview_token":"","beyondwords_player_content":"","beyondwords_player_style":"","beyondwords_language_code":"","beyondwords_language_id":"","beyondwords_title_voice_id":"","beyondwords_body_voice_id":"","beyondwords_summary_voice_id":"","beyondwords_error_message":"","beyondwords_disabled":"","beyondwords_delete_content":"","beyondwords_podcast_id":"","beyondwords_hash":"","publish_post_to_speechkit":"","speechkit_hash":"","speechkit_generate_audio":"","speechkit_project_id":"","speechkit_podcast_id":"","speechkit_error_message":"","speechkit_disabled":"","speechkit_access_key":"","speechkit_error":"","speechkit_info":"","speechkit_response":"","speechkit_retries":"","speechkit_status":"","speechkit_updated_at":"","_speechkit_link":"","_speechkit_text":""},"categories":[1],"tags":[5,213],"class_list":["post-719","post","type-post","status-publish","format-standard","hentry","category-taivaan-tahden","tag-kuu","tag-superkuu"],"om_views":null,"acf":{"tuuma_off":false,"tuuma_kysymys":"","tuuma_vastaus":""},"asauth":{"required_access_level":1,"share_token":"","is_paid":false},"yoast_head":"<!-- This site is optimized with the Yoast SEO plugin v26.4 - https:\/\/yoast.com\/wordpress\/plugins\/seo\/ -->\n<title>Superkuu, my ass! - Taivaan t\u00e4hden<\/title>\n<meta name=\"robots\" content=\"index, follow, max-snippet:-1, max-image-preview:large, max-video-preview:-1\" \/>\n<link rel=\"canonical\" href=\"https:\/\/suomenkuvalehti.fi\/taivaan-tahden\/2016\/11\/13\/superkuu-my-ass\/\" \/>\n<meta property=\"og:locale\" content=\"fi_FI\" \/>\n<meta property=\"og:type\" content=\"article\" \/>\n<meta property=\"og:title\" content=\"Superkuu, my ass! - Taivaan t\u00e4hden\" \/>\n<meta property=\"og:description\" content=\"Huomenna luodaan taas odottavat katseet taivaalle, kun Kuu on poikkeuksellisen l\u00e4hell\u00e4 Maata ja n\u00e4kyy siksi poikkeuksellisen suurena ja poikkeuksellisen kirkkaana. Ainakin jos on uskominen median hehkutusta. \u201dIllalla taivaalle nousee vuosisadan superkuu.\u201d \u201dSuperkuu valloittaa pian taivaan.\u201d \u201dMarraskuu&hellip;\" \/>\n<meta property=\"og:url\" content=\"https:\/\/suomenkuvalehti.fi\/taivaan-tahden\/2016\/11\/13\/superkuu-my-ass\/\" \/>\n<meta property=\"og:site_name\" content=\"Taivaan t\u00e4hden\" \/>\n<meta property=\"article:published_time\" content=\"2016-11-13T10:32:09+00:00\" \/>\n<meta property=\"og:image\" content=\"https:\/\/suomenkuvalehti.fi\/taivaan-tahden\/wp-content\/uploads\/sites\/36\/2016\/11\/megakuu_SK.jpeg\" \/>\n\t<meta property=\"og:image:width\" content=\"1575\" \/>\n\t<meta property=\"og:image:height\" content=\"1125\" \/>\n\t<meta property=\"og:image:type\" content=\"image\/jpeg\" \/>\n<meta name=\"author\" content=\"Markus Hotakainen\" \/>\n<meta name=\"twitter:card\" content=\"summary_large_image\" \/>\n<meta name=\"twitter:label1\" content=\"Written by\" \/>\n\t<meta name=\"twitter:data1\" content=\"Markus Hotakainen\" \/>\n\t<meta name=\"twitter:label2\" content=\"Est. reading time\" \/>\n\t<meta name=\"twitter:data2\" content=\"2 minuuttia\" \/>\n<script type=\"application\/ld+json\" class=\"yoast-schema-graph\">{\"@context\":\"https:\/\/schema.org\",\"@graph\":[{\"@type\":\"WebPage\",\"@id\":\"https:\/\/suomenkuvalehti.fi\/taivaan-tahden\/2016\/11\/13\/superkuu-my-ass\/\",\"url\":\"https:\/\/suomenkuvalehti.fi\/taivaan-tahden\/2016\/11\/13\/superkuu-my-ass\/\",\"name\":\"Superkuu, my ass! - Taivaan t\u00e4hden\",\"isPartOf\":{\"@id\":\"https:\/\/suomenkuvalehti.fi\/taivaan-tahden\/#website\"},\"primaryImageOfPage\":{\"@id\":\"https:\/\/suomenkuvalehti.fi\/taivaan-tahden\/2016\/11\/13\/superkuu-my-ass\/#primaryimage\"},\"image\":{\"@id\":\"https:\/\/suomenkuvalehti.fi\/taivaan-tahden\/2016\/11\/13\/superkuu-my-ass\/#primaryimage\"},\"thumbnailUrl\":\"https:\/\/suomenkuvalehti.fi\/taivaan-tahden\/wp-content\/uploads\/sites\/36\/2016\/11\/megakuu_SK-1024x731.jpeg\",\"datePublished\":\"2016-11-13T10:32:09+00:00\",\"author\":{\"@id\":\"https:\/\/suomenkuvalehti.fi\/taivaan-tahden\/#\/schema\/person\/c9c1373acb19750e11084ef640abeae0\"},\"breadcrumb\":{\"@id\":\"https:\/\/suomenkuvalehti.fi\/taivaan-tahden\/2016\/11\/13\/superkuu-my-ass\/#breadcrumb\"},\"inLanguage\":\"fi\",\"potentialAction\":[{\"@type\":\"ReadAction\",\"target\":[\"https:\/\/suomenkuvalehti.fi\/taivaan-tahden\/2016\/11\/13\/superkuu-my-ass\/\"]}]},{\"@type\":\"ImageObject\",\"inLanguage\":\"fi\",\"@id\":\"https:\/\/suomenkuvalehti.fi\/taivaan-tahden\/2016\/11\/13\/superkuu-my-ass\/#primaryimage\",\"url\":\"https:\/\/suomenkuvalehti.fi\/taivaan-tahden\/wp-content\/uploads\/sites\/36\/2016\/11\/megakuu_SK.jpeg\",\"contentUrl\":\"https:\/\/suomenkuvalehti.fi\/taivaan-tahden\/wp-content\/uploads\/sites\/36\/2016\/11\/megakuu_SK.jpeg\",\"width\":1575,\"height\":1125},{\"@type\":\"BreadcrumbList\",\"@id\":\"https:\/\/suomenkuvalehti.fi\/taivaan-tahden\/2016\/11\/13\/superkuu-my-ass\/#breadcrumb\",\"itemListElement\":[{\"@type\":\"ListItem\",\"position\":1,\"name\":\"Home\",\"item\":\"https:\/\/suomenkuvalehti.fi\/taivaan-tahden\/\"},{\"@type\":\"ListItem\",\"position\":2,\"name\":\"Superkuu, my ass!\"}]},{\"@type\":\"WebSite\",\"@id\":\"https:\/\/suomenkuvalehti.fi\/taivaan-tahden\/#website\",\"url\":\"https:\/\/suomenkuvalehti.fi\/taivaan-tahden\/\",\"name\":\"Taivaan t\u00e4hden\",\"description\":\"Tiedetoimittaja Markus Hotakainen h\u00e4mm\u00e4stelee maailmankaikkeutta.\",\"potentialAction\":[{\"@type\":\"SearchAction\",\"target\":{\"@type\":\"EntryPoint\",\"urlTemplate\":\"https:\/\/suomenkuvalehti.fi\/haku\/?q={search_term_string}\"},\"query-input\":{\"@type\":\"PropertyValueSpecification\",\"valueRequired\":true,\"valueName\":\"search_term_string\"}}],\"inLanguage\":\"fi\"},{\"@type\":\"Person\",\"@id\":\"https:\/\/suomenkuvalehti.fi\/taivaan-tahden\/#\/schema\/person\/c9c1373acb19750e11084ef640abeae0\",\"name\":\"Markus Hotakainen\",\"image\":{\"@type\":\"ImageObject\",\"inLanguage\":\"fi\",\"@id\":\"https:\/\/suomenkuvalehti.fi\/taivaan-tahden\/#\/schema\/person\/image\/\",\"url\":\"https:\/\/suomenkuvalehti.fi\/taivaan-tahden\/wp-content\/uploads\/sites\/36\/2018\/05\/markus_hotakainen_blogi_pieni-150x150.jpg\",\"contentUrl\":\"https:\/\/suomenkuvalehti.fi\/taivaan-tahden\/wp-content\/uploads\/sites\/36\/2018\/05\/markus_hotakainen_blogi_pieni-150x150.jpg\",\"caption\":\"Markus Hotakainen\"},\"description\":\"Kirjoittaja on tiedetoimittaja ja tietokirjailija.\"}]}<\/script>\n<!-- \/ Yoast SEO plugin. -->","yoast_head_json":{"title":"Superkuu, my ass! - Taivaan t\u00e4hden","robots":{"index":"index","follow":"follow","max-snippet":"max-snippet:-1","max-image-preview":"max-image-preview:large","max-video-preview":"max-video-preview:-1"},"canonical":"https:\/\/suomenkuvalehti.fi\/taivaan-tahden\/2016\/11\/13\/superkuu-my-ass\/","og_locale":"fi_FI","og_type":"article","og_title":"Superkuu, my ass! - Taivaan t\u00e4hden","og_description":"Huomenna luodaan taas odottavat katseet taivaalle, kun Kuu on poikkeuksellisen l\u00e4hell\u00e4 Maata ja n\u00e4kyy siksi poikkeuksellisen suurena ja poikkeuksellisen kirkkaana. Ainakin jos on uskominen median hehkutusta. \u201dIllalla taivaalle nousee vuosisadan superkuu.\u201d \u201dSuperkuu valloittaa pian taivaan.\u201d \u201dMarraskuu&hellip;","og_url":"https:\/\/suomenkuvalehti.fi\/taivaan-tahden\/2016\/11\/13\/superkuu-my-ass\/","og_site_name":"Taivaan t\u00e4hden","article_published_time":"2016-11-13T10:32:09+00:00","og_image":[{"width":1575,"height":1125,"url":"https:\/\/suomenkuvalehti.fi\/taivaan-tahden\/wp-content\/uploads\/sites\/36\/2016\/11\/megakuu_SK.jpeg","type":"image\/jpeg"}],"author":"Markus Hotakainen","twitter_card":"summary_large_image","twitter_misc":{"Written by":"Markus Hotakainen","Est. reading time":"2 minuuttia"},"schema":{"@context":"https:\/\/schema.org","@graph":[{"@type":"WebPage","@id":"https:\/\/suomenkuvalehti.fi\/taivaan-tahden\/2016\/11\/13\/superkuu-my-ass\/","url":"https:\/\/suomenkuvalehti.fi\/taivaan-tahden\/2016\/11\/13\/superkuu-my-ass\/","name":"Superkuu, my ass! - Taivaan t\u00e4hden","isPartOf":{"@id":"https:\/\/suomenkuvalehti.fi\/taivaan-tahden\/#website"},"primaryImageOfPage":{"@id":"https:\/\/suomenkuvalehti.fi\/taivaan-tahden\/2016\/11\/13\/superkuu-my-ass\/#primaryimage"},"image":{"@id":"https:\/\/suomenkuvalehti.fi\/taivaan-tahden\/2016\/11\/13\/superkuu-my-ass\/#primaryimage"},"thumbnailUrl":"https:\/\/suomenkuvalehti.fi\/taivaan-tahden\/wp-content\/uploads\/sites\/36\/2016\/11\/megakuu_SK-1024x731.jpeg","datePublished":"2016-11-13T10:32:09+00:00","author":{"@id":"https:\/\/suomenkuvalehti.fi\/taivaan-tahden\/#\/schema\/person\/c9c1373acb19750e11084ef640abeae0"},"breadcrumb":{"@id":"https:\/\/suomenkuvalehti.fi\/taivaan-tahden\/2016\/11\/13\/superkuu-my-ass\/#breadcrumb"},"inLanguage":"fi","potentialAction":[{"@type":"ReadAction","target":["https:\/\/suomenkuvalehti.fi\/taivaan-tahden\/2016\/11\/13\/superkuu-my-ass\/"]}]},{"@type":"ImageObject","inLanguage":"fi","@id":"https:\/\/suomenkuvalehti.fi\/taivaan-tahden\/2016\/11\/13\/superkuu-my-ass\/#primaryimage","url":"https:\/\/suomenkuvalehti.fi\/taivaan-tahden\/wp-content\/uploads\/sites\/36\/2016\/11\/megakuu_SK.jpeg","contentUrl":"https:\/\/suomenkuvalehti.fi\/taivaan-tahden\/wp-content\/uploads\/sites\/36\/2016\/11\/megakuu_SK.jpeg","width":1575,"height":1125},{"@type":"BreadcrumbList","@id":"https:\/\/suomenkuvalehti.fi\/taivaan-tahden\/2016\/11\/13\/superkuu-my-ass\/#breadcrumb","itemListElement":[{"@type":"ListItem","position":1,"name":"Home","item":"https:\/\/suomenkuvalehti.fi\/taivaan-tahden\/"},{"@type":"ListItem","position":2,"name":"Superkuu, my ass!"}]},{"@type":"WebSite","@id":"https:\/\/suomenkuvalehti.fi\/taivaan-tahden\/#website","url":"https:\/\/suomenkuvalehti.fi\/taivaan-tahden\/","name":"Taivaan t\u00e4hden","description":"Tiedetoimittaja Markus Hotakainen h\u00e4mm\u00e4stelee maailmankaikkeutta.","potentialAction":[{"@type":"SearchAction","target":{"@type":"EntryPoint","urlTemplate":"https:\/\/suomenkuvalehti.fi\/haku\/?q={search_term_string}"},"query-input":{"@type":"PropertyValueSpecification","valueRequired":true,"valueName":"search_term_string"}}],"inLanguage":"fi"},{"@type":"Person","@id":"https:\/\/suomenkuvalehti.fi\/taivaan-tahden\/#\/schema\/person\/c9c1373acb19750e11084ef640abeae0","name":"Markus Hotakainen","image":{"@type":"ImageObject","inLanguage":"fi","@id":"https:\/\/suomenkuvalehti.fi\/taivaan-tahden\/#\/schema\/person\/image\/","url":"https:\/\/suomenkuvalehti.fi\/taivaan-tahden\/wp-content\/uploads\/sites\/36\/2018\/05\/markus_hotakainen_blogi_pieni-150x150.jpg","contentUrl":"https:\/\/suomenkuvalehti.fi\/taivaan-tahden\/wp-content\/uploads\/sites\/36\/2018\/05\/markus_hotakainen_blogi_pieni-150x150.jpg","caption":"Markus Hotakainen"},"description":"Kirjoittaja on tiedetoimittaja ja tietokirjailija."}]}},"_links":{"self":[{"href":"https:\/\/suomenkuvalehti.fi\/taivaan-tahden\/wp-json\/wp\/v2\/posts\/719","targetHints":{"allow":["GET"]}}],"collection":[{"href":"https:\/\/suomenkuvalehti.fi\/taivaan-tahden\/wp-json\/wp\/v2\/posts"}],"about":[{"href":"https:\/\/suomenkuvalehti.fi\/taivaan-tahden\/wp-json\/wp\/v2\/types\/post"}],"author":[{"embeddable":true,"href":"https:\/\/suomenkuvalehti.fi\/taivaan-tahden\/wp-json\/wp\/v2\/users\/557"}],"replies":[{"embeddable":true,"href":"https:\/\/suomenkuvalehti.fi\/taivaan-tahden\/wp-json\/wp\/v2\/comments?post=719"}],"version-history":[{"count":2,"href":"https:\/\/suomenkuvalehti.fi\/taivaan-tahden\/wp-json\/wp\/v2\/posts\/719\/revisions"}],"predecessor-version":[{"id":722,"href":"https:\/\/suomenkuvalehti.fi\/taivaan-tahden\/wp-json\/wp\/v2\/posts\/719\/revisions\/722"}],"wp:attachment":[{"href":"https:\/\/suomenkuvalehti.fi\/taivaan-tahden\/wp-json\/wp\/v2\/media?parent=719"}],"wp:term":[{"taxonomy":"category","embeddable":true,"href":"https:\/\/suomenkuvalehti.fi\/taivaan-tahden\/wp-json\/wp\/v2\/categories?post=719"},{"taxonomy":"post_tag","embeddable":true,"href":"https:\/\/suomenkuvalehti.fi\/taivaan-tahden\/wp-json\/wp\/v2\/tags?post=719"}],"curies":[{"name":"wp","href":"https:\/\/api.w.org\/{rel}","templated":true}]}}