{"id":714,"date":"2016-11-12T09:36:07","date_gmt":"2016-11-12T07:36:07","guid":{"rendered":"https:\/\/suomenkuvalehti.fi\/taivaan-tahden\/?p=714"},"modified":"2016-11-12T09:36:07","modified_gmt":"2016-11-12T07:36:07","slug":"tiede-kiinnostaa-kansaa-media-viis-veisaa","status":"publish","type":"post","link":"https:\/\/suomenkuvalehti.fi\/taivaan-tahden\/2016\/11\/12\/tiede-kiinnostaa-kansaa-media-viis-veisaa\/","title":{"rendered":"Tiede kiinnostaa kansaa, media viis veisaa"},"content":{"rendered":"<figure class=\"aligncenter size-large is-resized wp-block-image\">\n  <div class=\"wp-block-image__inner-container\">\n    <a href=\"https:\/\/suomenkuvalehti.fi\/taivaan-tahden\/wp-content\/uploads\/sites\/36\/2016\/11\/N\u00e4ytt\u00f6kuva-2016-11-10-kello-22.58.54.jpg\"><img loading=\"lazy\" decoding=\"async\" src=\"https:\/\/suomenkuvalehti.fi\/taivaan-tahden\/wp-content\/uploads\/sites\/36\/2016\/11\/N\u00e4ytt\u00f6kuva-2016-11-10-kello-22.58.54-1024x693.jpg\" alt=\"nayttokuva-2016-11-10-kello-22-58-54\" class=\"wp-image-716\" width=\"1024\" height=\"693\" style=\"--aspect-ratio: 1.48\" srcset=\"https:\/\/suomenkuvalehti.fi\/taivaan-tahden\/wp-content\/uploads\/sites\/36\/2016\/11\/N\u00e4ytt\u00f6kuva-2016-11-10-kello-22.58.54-1024x693.jpg 1024w, https:\/\/suomenkuvalehti.fi\/taivaan-tahden\/wp-content\/uploads\/sites\/36\/2016\/11\/N\u00e4ytt\u00f6kuva-2016-11-10-kello-22.58.54-300x203.jpg 300w, https:\/\/suomenkuvalehti.fi\/taivaan-tahden\/wp-content\/uploads\/sites\/36\/2016\/11\/N\u00e4ytt\u00f6kuva-2016-11-10-kello-22.58.54-768x520.jpg 768w, https:\/\/suomenkuvalehti.fi\/taivaan-tahden\/wp-content\/uploads\/sites\/36\/2016\/11\/N\u00e4ytt\u00f6kuva-2016-11-10-kello-22.58.54.jpg 1575w\" sizes=\"auto, (max-width: 1024px) 100vw, 1024px\" \/><\/a>    <figcaption class=\"wp-block-image__figcaption\">\n      Kyll\u00e4 kansa tiet\u00e4\u00e4! Kuva: Tieteen tiedotus\/Yhdyskuntatutkimus          <\/figcaption>\n      <\/div>\n<\/figure>\n\n\n<p>T\u00e4ll\u00e4 viikolla julkaistiin kolmen vuoden v\u00e4lein ilmestyv\u00e4 tiedebarometri. Tieteen tiedotus ry:n teett\u00e4m\u00e4 asennekartoitus mittaa \u201dkansalaisten suhdetta tieteeseen\u201d.<\/p>\n\n\n\n<p>Tuoreen tutkimuksen mukaan kansa on kaikkein kiinnostuneinta ymp\u00e4rist\u00f6\u00e4 ja luontoa koskevista \u201duutisista, ohjelmista ja kirjoituksista\u201d. Kakkosena ovat yhteiskunnalliset asiat ja kolmantena \u201dtiede, tutkimus, teknologia\u201d.<\/p>\n\n\n\n<p>Tieteest\u00e4 hyvin kiinnostuneita&nbsp; ja melko kiinnostuneita on 15 prosenttiyksikk\u00f6\u00e4 enemm\u00e4n kuin nelj\u00e4nneksi suosituimmaksi ylt\u00e4neest\u00e4 urheilusta kiinnostuneita.<\/p>\n\n\n\n<p>Miten t\u00e4m\u00e4 n\u00e4kyy mediassa? No eip\u00e4 mitenk\u00e4\u00e4n.<\/p>\n\n\n\n<p>Urheilusivuilla kirjoitetaan laajasti wannabe-voittajista, jotka ovat aikeissa menesty\u00e4. Jos tieteen saralla tehd\u00e4\u00e4n jokin uusi, mullistava l\u00f6yt\u00f6, siit\u00e4 kerrotaan lyhyen palstan verran ja siin\u00e4kin menn\u00e4\u00e4n yleens\u00e4 mets\u00e4\u00e4n.<\/p>\n\n\n\n<p>Otsikon v\u00e4ite on toki per\u00e4t\u00f6n, kyll\u00e4 tiede kiinnostaa mediaakin. Tiedeuutisten m\u00e4\u00e4r\u00e4 on viime vuosina selv\u00e4sti kasvanut ja syyn\u00e4 on tietenkin se, ett\u00e4 tiede kiinnostaa kansaa.<\/p>\n\n\n\n<p>Median kiinnostus tiedett\u00e4 kohtaan ei kuitenkaan tunnu ulottuvan siihen, ett\u00e4 tiedeuutisointi otettaisiin vakavasti. Ja \u201dvakavuudella\u201d tarkoitan t\u00e4sm\u00e4llisyytt\u00e4, faktojen tarkistamista, terminologian tarkkuutta, ylip\u00e4\u00e4t\u00e4\u00e4n sit\u00e4, ett\u00e4 asiat esitet\u00e4\u00e4n oikein ja virheett\u00f6m\u00e4sti.<\/p>\n\n\n\n<p>Tiedeuutisia kirjoitellaan yh\u00e4 useammin v\u00e4h\u00e4n sinne p\u00e4in tai ei sinne p\u00e4ink\u00e4\u00e4n.<\/p>\n\n\n\n<p>Avaruudesta l\u00f6ytyy \u201dvaltava asia\u201d, taivaalla leimahtava t\u00e4hdenlento on milloin meteori, milloin meteoroidi, milloin meteoriitti, Aurinkokunta ja Linnunrata menev\u00e4t suloisesti sekaisin tai Yhdysvallat aloittaa uudelleen avaruuslennot, joita ei ole koskaan lopettanutkaan.<\/p>\n\n\n\n<p>Mit\u00e4 v\u00e4li\u00e4? Olen kuullut sellaisenkin tokaisun, ett\u00e4 eiv\u00e4t tiedeuutisissa olevat virheet haittaa, koska kukaan ei niit\u00e4 huomaa.<\/p>\n\n\n\n<p>No ei varmaan, koska tiede on l\u00e4ht\u00f6kohtaisesti vaikeaa. Jos siit\u00e4 naputtelee uutisia kuka milloinkin, j\u00e4lki on sen mukaista. Resurssit eiv\u00e4t riit\u00e4. Ja kiirekin painaa.<\/p>\n\n\n\n<p>Kuinka monella lehdell\u00e4 on urheilutoimitus? Ent\u00e4 kuinka monella tiedetoimitus?<\/p>\n\n\n\n<p>Onhan toki monin verroin t\u00e4rke\u00e4mp\u00e4\u00e4, ett\u00e4 Suomen jalkapallomaajoukkueen tuorein tappio analysoidaan kattavasti kuin ett\u00e4 gravitaatioaaltojen havaitsemisesta kerrottaisiin oikein ja ymm\u00e4rrett\u00e4v\u00e4ss\u00e4 muodossa.<\/p>\n\n\n\n<p>\u201dKaiken maailman dosentit\u201d ovat muutenkin ihan liikaa \u00e4\u00e4ness\u00e4.<\/p>\n\n\n","protected":false},"excerpt":{"rendered":"<p>T\u00e4ll\u00e4 viikolla julkaistiin kolmen vuoden v\u00e4lein ilmestyv\u00e4 tiedebarometri. Tieteen tiedotus ry:n teett\u00e4m\u00e4 asennekartoitus mittaa \u201dkansalaisten suhdetta tieteeseen\u201d. Tuoreen tutkimuksen mukaan kansa on kaikkein kiinnostuneinta ymp\u00e4rist\u00f6\u00e4 ja luontoa koskevista \u201duutisista,<br \/>\nohjelmista ja &hellip;<\/p>\n","protected":false},"author":557,"featured_media":0,"comment_status":"open","ping_status":"open","sticky":false,"template":"","format":"standard","meta":{"_acf_changed":false,"asauth_required_access_level":3,"asauth_cansharepaid":"true","om_header_attributes":[],"footnotes":"","om_featured_image_focal_point":[],"om_primary_tag":0,"om_contributors":[],"om_co_authors":[],"beyondwords_generate_audio":"","beyondwords_project_id":"","beyondwords_content_id":"","beyondwords_preview_token":"","beyondwords_player_content":"","beyondwords_player_style":"","beyondwords_language_code":"","beyondwords_language_id":"","beyondwords_title_voice_id":"","beyondwords_body_voice_id":"","beyondwords_summary_voice_id":"","beyondwords_error_message":"","beyondwords_disabled":"","beyondwords_delete_content":"","beyondwords_podcast_id":"","beyondwords_hash":"","publish_post_to_speechkit":"","speechkit_hash":"","speechkit_generate_audio":"","speechkit_project_id":"","speechkit_podcast_id":"","speechkit_error_message":"","speechkit_disabled":"","speechkit_access_key":"","speechkit_error":"","speechkit_info":"","speechkit_response":"","speechkit_retries":"","speechkit_status":"","speechkit_updated_at":"","_speechkit_link":"","_speechkit_text":""},"categories":[1],"tags":[201,41,315],"class_list":["post-714","post","type-post","status-publish","format-standard","hentry","category-taivaan-tahden","tag-media","tag-tiede","tag-tiedebarometri"],"om_views":null,"acf":{"tuuma_off":false,"tuuma_kysymys":"","tuuma_vastaus":""},"asauth":{"required_access_level":1,"share_token":"","is_paid":false},"yoast_head":"<!-- This site is optimized with the Yoast SEO plugin v26.4 - https:\/\/yoast.com\/wordpress\/plugins\/seo\/ -->\n<title>Tiede kiinnostaa kansaa, media viis veisaa - Taivaan t\u00e4hden<\/title>\n<meta name=\"robots\" content=\"index, follow, max-snippet:-1, max-image-preview:large, max-video-preview:-1\" \/>\n<link rel=\"canonical\" href=\"https:\/\/suomenkuvalehti.fi\/taivaan-tahden\/2016\/11\/12\/tiede-kiinnostaa-kansaa-media-viis-veisaa\/\" \/>\n<meta property=\"og:locale\" content=\"fi_FI\" \/>\n<meta property=\"og:type\" content=\"article\" \/>\n<meta property=\"og:title\" content=\"Tiede kiinnostaa kansaa, media viis veisaa - Taivaan t\u00e4hden\" \/>\n<meta property=\"og:description\" content=\"T\u00e4ll\u00e4 viikolla julkaistiin kolmen vuoden v\u00e4lein ilmestyv\u00e4 tiedebarometri. Tieteen tiedotus ry:n teett\u00e4m\u00e4 asennekartoitus mittaa \u201dkansalaisten suhdetta tieteeseen\u201d. Tuoreen tutkimuksen mukaan kansa on kaikkein kiinnostuneinta ymp\u00e4rist\u00f6\u00e4 ja luontoa koskevista \u201duutisista, ohjelmista ja &hellip;\" \/>\n<meta property=\"og:url\" content=\"https:\/\/suomenkuvalehti.fi\/taivaan-tahden\/2016\/11\/12\/tiede-kiinnostaa-kansaa-media-viis-veisaa\/\" \/>\n<meta property=\"og:site_name\" content=\"Taivaan t\u00e4hden\" \/>\n<meta property=\"article:published_time\" content=\"2016-11-12T07:36:07+00:00\" \/>\n<meta property=\"og:image\" content=\"https:\/\/suomenkuvalehti.fi\/taivaan-tahden\/wp-content\/uploads\/sites\/36\/2016\/11\/N\u00e4ytt\u00f6kuva-2016-11-10-kello-22.58.54.jpg\" \/>\n\t<meta property=\"og:image:width\" content=\"1575\" \/>\n\t<meta property=\"og:image:height\" content=\"1066\" \/>\n\t<meta property=\"og:image:type\" content=\"image\/jpeg\" \/>\n<meta name=\"author\" content=\"Markus Hotakainen\" \/>\n<meta name=\"twitter:card\" content=\"summary_large_image\" \/>\n<meta name=\"twitter:label1\" content=\"Written by\" \/>\n\t<meta name=\"twitter:data1\" content=\"Markus Hotakainen\" \/>\n\t<meta name=\"twitter:label2\" content=\"Est. reading time\" \/>\n\t<meta name=\"twitter:data2\" content=\"2 minuuttia\" \/>\n<script type=\"application\/ld+json\" class=\"yoast-schema-graph\">{\"@context\":\"https:\/\/schema.org\",\"@graph\":[{\"@type\":\"WebPage\",\"@id\":\"https:\/\/suomenkuvalehti.fi\/taivaan-tahden\/2016\/11\/12\/tiede-kiinnostaa-kansaa-media-viis-veisaa\/\",\"url\":\"https:\/\/suomenkuvalehti.fi\/taivaan-tahden\/2016\/11\/12\/tiede-kiinnostaa-kansaa-media-viis-veisaa\/\",\"name\":\"Tiede kiinnostaa kansaa, media viis veisaa - Taivaan t\u00e4hden\",\"isPartOf\":{\"@id\":\"https:\/\/suomenkuvalehti.fi\/taivaan-tahden\/#website\"},\"datePublished\":\"2016-11-12T07:36:07+00:00\",\"author\":{\"@id\":\"https:\/\/suomenkuvalehti.fi\/taivaan-tahden\/#\/schema\/person\/c9c1373acb19750e11084ef640abeae0\"},\"breadcrumb\":{\"@id\":\"https:\/\/suomenkuvalehti.fi\/taivaan-tahden\/2016\/11\/12\/tiede-kiinnostaa-kansaa-media-viis-veisaa\/#breadcrumb\"},\"inLanguage\":\"fi\",\"potentialAction\":[{\"@type\":\"ReadAction\",\"target\":[\"https:\/\/suomenkuvalehti.fi\/taivaan-tahden\/2016\/11\/12\/tiede-kiinnostaa-kansaa-media-viis-veisaa\/\"]}]},{\"@type\":\"BreadcrumbList\",\"@id\":\"https:\/\/suomenkuvalehti.fi\/taivaan-tahden\/2016\/11\/12\/tiede-kiinnostaa-kansaa-media-viis-veisaa\/#breadcrumb\",\"itemListElement\":[{\"@type\":\"ListItem\",\"position\":1,\"name\":\"Home\",\"item\":\"https:\/\/suomenkuvalehti.fi\/taivaan-tahden\/\"},{\"@type\":\"ListItem\",\"position\":2,\"name\":\"Tiede kiinnostaa kansaa, media viis veisaa\"}]},{\"@type\":\"WebSite\",\"@id\":\"https:\/\/suomenkuvalehti.fi\/taivaan-tahden\/#website\",\"url\":\"https:\/\/suomenkuvalehti.fi\/taivaan-tahden\/\",\"name\":\"Taivaan t\u00e4hden\",\"description\":\"Tiedetoimittaja Markus Hotakainen h\u00e4mm\u00e4stelee maailmankaikkeutta.\",\"potentialAction\":[{\"@type\":\"SearchAction\",\"target\":{\"@type\":\"EntryPoint\",\"urlTemplate\":\"https:\/\/suomenkuvalehti.fi\/haku\/?q={search_term_string}\"},\"query-input\":{\"@type\":\"PropertyValueSpecification\",\"valueRequired\":true,\"valueName\":\"search_term_string\"}}],\"inLanguage\":\"fi\"},{\"@type\":\"Person\",\"@id\":\"https:\/\/suomenkuvalehti.fi\/taivaan-tahden\/#\/schema\/person\/c9c1373acb19750e11084ef640abeae0\",\"name\":\"Markus Hotakainen\",\"image\":{\"@type\":\"ImageObject\",\"inLanguage\":\"fi\",\"@id\":\"https:\/\/suomenkuvalehti.fi\/taivaan-tahden\/#\/schema\/person\/image\/\",\"url\":\"https:\/\/suomenkuvalehti.fi\/taivaan-tahden\/wp-content\/uploads\/sites\/36\/2018\/05\/markus_hotakainen_blogi_pieni-150x150.jpg\",\"contentUrl\":\"https:\/\/suomenkuvalehti.fi\/taivaan-tahden\/wp-content\/uploads\/sites\/36\/2018\/05\/markus_hotakainen_blogi_pieni-150x150.jpg\",\"caption\":\"Markus Hotakainen\"},\"description\":\"Kirjoittaja on tiedetoimittaja ja tietokirjailija.\"}]}<\/script>\n<!-- \/ Yoast SEO plugin. -->","yoast_head_json":{"title":"Tiede kiinnostaa kansaa, media viis veisaa - Taivaan t\u00e4hden","robots":{"index":"index","follow":"follow","max-snippet":"max-snippet:-1","max-image-preview":"max-image-preview:large","max-video-preview":"max-video-preview:-1"},"canonical":"https:\/\/suomenkuvalehti.fi\/taivaan-tahden\/2016\/11\/12\/tiede-kiinnostaa-kansaa-media-viis-veisaa\/","og_locale":"fi_FI","og_type":"article","og_title":"Tiede kiinnostaa kansaa, media viis veisaa - Taivaan t\u00e4hden","og_description":"T\u00e4ll\u00e4 viikolla julkaistiin kolmen vuoden v\u00e4lein ilmestyv\u00e4 tiedebarometri. Tieteen tiedotus ry:n teett\u00e4m\u00e4 asennekartoitus mittaa \u201dkansalaisten suhdetta tieteeseen\u201d. Tuoreen tutkimuksen mukaan kansa on kaikkein kiinnostuneinta ymp\u00e4rist\u00f6\u00e4 ja luontoa koskevista \u201duutisista, ohjelmista ja &hellip;","og_url":"https:\/\/suomenkuvalehti.fi\/taivaan-tahden\/2016\/11\/12\/tiede-kiinnostaa-kansaa-media-viis-veisaa\/","og_site_name":"Taivaan t\u00e4hden","article_published_time":"2016-11-12T07:36:07+00:00","og_image":[{"width":1575,"height":1066,"url":"https:\/\/suomenkuvalehti.fi\/taivaan-tahden\/wp-content\/uploads\/sites\/36\/2016\/11\/N\u00e4ytt\u00f6kuva-2016-11-10-kello-22.58.54.jpg","type":"image\/jpeg"}],"author":"Markus Hotakainen","twitter_card":"summary_large_image","twitter_misc":{"Written by":"Markus Hotakainen","Est. reading time":"2 minuuttia"},"schema":{"@context":"https:\/\/schema.org","@graph":[{"@type":"WebPage","@id":"https:\/\/suomenkuvalehti.fi\/taivaan-tahden\/2016\/11\/12\/tiede-kiinnostaa-kansaa-media-viis-veisaa\/","url":"https:\/\/suomenkuvalehti.fi\/taivaan-tahden\/2016\/11\/12\/tiede-kiinnostaa-kansaa-media-viis-veisaa\/","name":"Tiede kiinnostaa kansaa, media viis veisaa - Taivaan t\u00e4hden","isPartOf":{"@id":"https:\/\/suomenkuvalehti.fi\/taivaan-tahden\/#website"},"datePublished":"2016-11-12T07:36:07+00:00","author":{"@id":"https:\/\/suomenkuvalehti.fi\/taivaan-tahden\/#\/schema\/person\/c9c1373acb19750e11084ef640abeae0"},"breadcrumb":{"@id":"https:\/\/suomenkuvalehti.fi\/taivaan-tahden\/2016\/11\/12\/tiede-kiinnostaa-kansaa-media-viis-veisaa\/#breadcrumb"},"inLanguage":"fi","potentialAction":[{"@type":"ReadAction","target":["https:\/\/suomenkuvalehti.fi\/taivaan-tahden\/2016\/11\/12\/tiede-kiinnostaa-kansaa-media-viis-veisaa\/"]}]},{"@type":"BreadcrumbList","@id":"https:\/\/suomenkuvalehti.fi\/taivaan-tahden\/2016\/11\/12\/tiede-kiinnostaa-kansaa-media-viis-veisaa\/#breadcrumb","itemListElement":[{"@type":"ListItem","position":1,"name":"Home","item":"https:\/\/suomenkuvalehti.fi\/taivaan-tahden\/"},{"@type":"ListItem","position":2,"name":"Tiede kiinnostaa kansaa, media viis veisaa"}]},{"@type":"WebSite","@id":"https:\/\/suomenkuvalehti.fi\/taivaan-tahden\/#website","url":"https:\/\/suomenkuvalehti.fi\/taivaan-tahden\/","name":"Taivaan t\u00e4hden","description":"Tiedetoimittaja Markus Hotakainen h\u00e4mm\u00e4stelee maailmankaikkeutta.","potentialAction":[{"@type":"SearchAction","target":{"@type":"EntryPoint","urlTemplate":"https:\/\/suomenkuvalehti.fi\/haku\/?q={search_term_string}"},"query-input":{"@type":"PropertyValueSpecification","valueRequired":true,"valueName":"search_term_string"}}],"inLanguage":"fi"},{"@type":"Person","@id":"https:\/\/suomenkuvalehti.fi\/taivaan-tahden\/#\/schema\/person\/c9c1373acb19750e11084ef640abeae0","name":"Markus Hotakainen","image":{"@type":"ImageObject","inLanguage":"fi","@id":"https:\/\/suomenkuvalehti.fi\/taivaan-tahden\/#\/schema\/person\/image\/","url":"https:\/\/suomenkuvalehti.fi\/taivaan-tahden\/wp-content\/uploads\/sites\/36\/2018\/05\/markus_hotakainen_blogi_pieni-150x150.jpg","contentUrl":"https:\/\/suomenkuvalehti.fi\/taivaan-tahden\/wp-content\/uploads\/sites\/36\/2018\/05\/markus_hotakainen_blogi_pieni-150x150.jpg","caption":"Markus Hotakainen"},"description":"Kirjoittaja on tiedetoimittaja ja tietokirjailija."}]}},"_links":{"self":[{"href":"https:\/\/suomenkuvalehti.fi\/taivaan-tahden\/wp-json\/wp\/v2\/posts\/714","targetHints":{"allow":["GET"]}}],"collection":[{"href":"https:\/\/suomenkuvalehti.fi\/taivaan-tahden\/wp-json\/wp\/v2\/posts"}],"about":[{"href":"https:\/\/suomenkuvalehti.fi\/taivaan-tahden\/wp-json\/wp\/v2\/types\/post"}],"author":[{"embeddable":true,"href":"https:\/\/suomenkuvalehti.fi\/taivaan-tahden\/wp-json\/wp\/v2\/users\/557"}],"replies":[{"embeddable":true,"href":"https:\/\/suomenkuvalehti.fi\/taivaan-tahden\/wp-json\/wp\/v2\/comments?post=714"}],"version-history":[{"count":3,"href":"https:\/\/suomenkuvalehti.fi\/taivaan-tahden\/wp-json\/wp\/v2\/posts\/714\/revisions"}],"predecessor-version":[{"id":718,"href":"https:\/\/suomenkuvalehti.fi\/taivaan-tahden\/wp-json\/wp\/v2\/posts\/714\/revisions\/718"}],"wp:attachment":[{"href":"https:\/\/suomenkuvalehti.fi\/taivaan-tahden\/wp-json\/wp\/v2\/media?parent=714"}],"wp:term":[{"taxonomy":"category","embeddable":true,"href":"https:\/\/suomenkuvalehti.fi\/taivaan-tahden\/wp-json\/wp\/v2\/categories?post=714"},{"taxonomy":"post_tag","embeddable":true,"href":"https:\/\/suomenkuvalehti.fi\/taivaan-tahden\/wp-json\/wp\/v2\/tags?post=714"}],"curies":[{"name":"wp","href":"https:\/\/api.w.org\/{rel}","templated":true}]}}