{"id":703,"date":"2016-10-29T14:23:14","date_gmt":"2016-10-29T11:23:14","guid":{"rendered":"https:\/\/suomenkuvalehti.fi\/taivaan-tahden\/?p=703"},"modified":"2016-10-29T14:24:35","modified_gmt":"2016-10-29T11:24:35","slug":"kahdella-eurolla-kuuhun-kiitos","status":"publish","type":"post","link":"https:\/\/suomenkuvalehti.fi\/taivaan-tahden\/2016\/10\/29\/kahdella-eurolla-kuuhun-kiitos\/","title":{"rendered":"Kahdella eurolla Kuuhun, kiitos!"},"content":{"rendered":"<figure class=\"aligncenter size-full wp-block-image\">\n  <div class=\"wp-block-image__inner-container\">\n    <a href=\"https:\/\/suomenkuvalehti.fi\/taivaan-tahden\/wp-content\/uploads\/sites\/36\/2016\/10\/1425349_10152024918644346_1943242659_o.jpg\"><img loading=\"lazy\" decoding=\"async\" src=\"https:\/\/suomenkuvalehti.fi\/taivaan-tahden\/wp-content\/uploads\/sites\/36\/2016\/10\/1425349_10152024918644346_1943242659_o.jpg\" alt=\"1425349_10152024918644346_1943242659_o\" class=\"wp-image-704\" width=\"1004\" height=\"622\" style=\"--aspect-ratio: 1.61\" srcset=\"https:\/\/suomenkuvalehti.fi\/taivaan-tahden\/wp-content\/uploads\/sites\/36\/2016\/10\/1425349_10152024918644346_1943242659_o.jpg 1004w, https:\/\/suomenkuvalehti.fi\/taivaan-tahden\/wp-content\/uploads\/sites\/36\/2016\/10\/1425349_10152024918644346_1943242659_o-300x186.jpg 300w, https:\/\/suomenkuvalehti.fi\/taivaan-tahden\/wp-content\/uploads\/sites\/36\/2016\/10\/1425349_10152024918644346_1943242659_o-768x476.jpg 768w\" sizes=\"auto, (max-width: 1004px) 100vw, 1004px\" \/><\/a>    <figcaption class=\"wp-block-image__figcaption\">\n      Kirjallisuus on halpaa hupia. Kuva: Markus Hotakainen          <\/figcaption>\n      <\/div>\n<\/figure>\n\n\n<p>K\u00e4vin kirjamessuilla. V\u00e4ke\u00e4 riitti kirja-alan ja erityisesti tietokirja-alan ahdingosta huolimatta. Ylenpalttiseen riemuun ei silti ole syyt\u00e4. Eniten kuhinaa ja p\u00f6hin\u00e4\u00e4 oli osastolla, joka oli helppo l\u00f6yt\u00e4\u00e4 katossa roikkuvien banderollien opastamana: \u201dKirjat 2 \u20ac\u201d.<\/p>\n\n\n\n<p>No mit\u00e4s vikaa siin\u00e4 on? Kansa saa melkein ilmaiseksi laadukasta kirjallisuutta, mik\u00e4 on aina hyv\u00e4 asia. Mutta kun kukaan muu ei sitten oikeastaan saakaan mit\u00e4\u00e4n.<\/p>\n\n\n\n<p>Ostin muutaman kappaleen <i>gAstronomista keittokirjaa<\/i>, jota olin mukana tekem\u00e4ss\u00e4 joitakin vuosia sitten. Maksoin siis itse itselleni palkkaa kirjoittamisesta. Paitsi etten maksanut.<\/p>\n\n\n\n<p>Kirjailijan ja kustantajan solmiman kustannussopimuksen mukaisesti kirjailijalle kuuluu kustantajan saamista kirjan myyntivoitoista noin viidennes.<\/p>\n\n\n\n<p>Jos kirjan myyntihinta on kaksi euroa, kustantajan myyntivoitto j\u00e4\u00e4 nollaan euroon. Tai todellisuudessa pysyt\u00e4\u00e4n pakkasen puolella, sill\u00e4 pelk\u00e4t kirjan painokulut ovat teoksen luonteesta ja laajuudesta riippuen euron ja viiden euron v\u00e4lill\u00e4.<\/p>\n\n\n\n<p>Kahdella eurolla kirjoja kaupitteleva j\u00e4lleenmyyj\u00e4 on maksanut kirjaa kohti korkeintaan euron, todenn\u00e4k\u00f6isesti ei sit\u00e4k\u00e4\u00e4n.<\/p>\n\n\n\n<p>Ilmaisia kirjoja ei olekaan, mutta aika iso osa kirjoista joudutaan tekem\u00e4\u00e4n puoli-ilmaiseksi. Bestsellereit\u00e4 ei kasva puissa.<\/p>\n\n\n\n<p>Kaikki tiet\u00e4v\u00e4t, ett\u00e4 avaruustutkimus on kallista. Vaikka sainkin taannoisesta aamu-tv-esiintymisest\u00e4 k\u00e4rkev\u00e4\u00e4 palautetta, kun olin \u201dhaukkunut Yhdysvaltoja\u201d, toistan saman, mink\u00e4 sanoin silloin: 1960-luvun kuulentojen motiivina oli, ett\u00e4 jenkit halusivat p\u00e4ihitt\u00e4\u00e4 neukut hinnalla mill\u00e4 hyv\u00e4ns\u00e4 ja suunnilleen sen verran hanke tuli maksamaan.<\/p>\n\n\n\n<p>Sittemmin avaruustutkimukselle on haettu ja l\u00f6ydetty mielekk\u00e4\u00e4mpi\u00e4 perusteita, mutta silti se on pysynyt tyyriin\u00e4 touhuna. Kukaan ei kuvittele, ett\u00e4 viel\u00e4 pitkiin aikoihin &#8211; aika huoletta voi v\u00e4itt\u00e4\u00e4, ett\u00e4 koskaan &#8211; kiertoradalle p\u00e4\u00e4sisi&nbsp;seutulipun hinnalla.<\/p>\n\n\n\n<p>Avaruuden onnibussi on mahdottomuus.<\/p>\n\n\n\n<p>Kirjat eiv\u00e4t kuitenkaan saisi maksaa juuri mit\u00e4\u00e4n. Tai ainakin ne tuntuvat k\u00e4yv\u00e4n kunnolla kaupaksi vain silloin, kun k\u00e4yt\u00e4nn\u00f6ss\u00e4 kukaan ei tienaa niiden tekemisell\u00e4, kustantamisella ja myymisell\u00e4.<\/p>\n\n\n","protected":false},"excerpt":{"rendered":"<p>K\u00e4vin kirjamessuilla. V\u00e4ke\u00e4 riitti kirja-alan ja erityisesti tietokirja-alan ahdingosta huolimatta. Ylenpalttiseen riemuun ei silti ole syyt\u00e4. Eniten kuhinaa ja p\u00f6hin\u00e4\u00e4 oli osastolla, joka oli helppo l\u00f6yt\u00e4\u00e4 katossa roikkuvien banderollien opastamana: \u201dKirjat 2 \u20ac\u201d. No mit\u00e4s vikaa<br \/>\nsiin\u00e4 on? Kansa &hellip;<\/p>\n","protected":false},"author":557,"featured_media":0,"comment_status":"open","ping_status":"open","sticky":false,"template":"","format":"standard","meta":{"_acf_changed":false,"asauth_required_access_level":3,"asauth_cansharepaid":"true","om_header_attributes":[],"footnotes":"","om_featured_image_focal_point":[],"om_primary_tag":0,"om_contributors":[],"om_co_authors":[],"beyondwords_generate_audio":"","beyondwords_project_id":"","beyondwords_content_id":"","beyondwords_preview_token":"","beyondwords_player_content":"","beyondwords_player_style":"","beyondwords_language_code":"","beyondwords_language_id":"","beyondwords_title_voice_id":"","beyondwords_body_voice_id":"","beyondwords_summary_voice_id":"","beyondwords_error_message":"","beyondwords_disabled":"","beyondwords_delete_content":"","beyondwords_podcast_id":"","beyondwords_hash":"","publish_post_to_speechkit":"","speechkit_hash":"","speechkit_generate_audio":"","speechkit_project_id":"","speechkit_podcast_id":"","speechkit_error_message":"","speechkit_disabled":"","speechkit_access_key":"","speechkit_error":"","speechkit_info":"","speechkit_response":"","speechkit_retries":"","speechkit_status":"","speechkit_updated_at":"","_speechkit_link":"","_speechkit_text":""},"categories":[1],"tags":[34,310,309,149],"class_list":["post-703","post","type-post","status-publish","format-standard","hentry","category-taivaan-tahden","tag-avaruuslennot","tag-avaruustutkimus","tag-kirjallisuus","tag-kuulennot"],"om_views":null,"acf":{"tuuma_off":false,"tuuma_kysymys":"","tuuma_vastaus":""},"asauth":{"required_access_level":1,"share_token":"","is_paid":false},"yoast_head":"<!-- This site is optimized with the Yoast SEO plugin v26.4 - https:\/\/yoast.com\/wordpress\/plugins\/seo\/ -->\n<title>Kahdella eurolla Kuuhun, kiitos! - Taivaan t\u00e4hden<\/title>\n<meta name=\"robots\" content=\"index, follow, max-snippet:-1, max-image-preview:large, max-video-preview:-1\" \/>\n<link rel=\"canonical\" href=\"https:\/\/suomenkuvalehti.fi\/taivaan-tahden\/2016\/10\/29\/kahdella-eurolla-kuuhun-kiitos\/\" \/>\n<meta property=\"og:locale\" content=\"fi_FI\" \/>\n<meta property=\"og:type\" content=\"article\" \/>\n<meta property=\"og:title\" content=\"Kahdella eurolla Kuuhun, kiitos! - Taivaan t\u00e4hden\" \/>\n<meta property=\"og:description\" content=\"K\u00e4vin kirjamessuilla. V\u00e4ke\u00e4 riitti kirja-alan ja erityisesti tietokirja-alan ahdingosta huolimatta. Ylenpalttiseen riemuun ei silti ole syyt\u00e4. Eniten kuhinaa ja p\u00f6hin\u00e4\u00e4 oli osastolla, joka oli helppo l\u00f6yt\u00e4\u00e4 katossa roikkuvien banderollien opastamana: \u201dKirjat 2 \u20ac\u201d. No mit\u00e4s vikaa siin\u00e4 on? Kansa &hellip;\" \/>\n<meta property=\"og:url\" content=\"https:\/\/suomenkuvalehti.fi\/taivaan-tahden\/2016\/10\/29\/kahdella-eurolla-kuuhun-kiitos\/\" \/>\n<meta property=\"og:site_name\" content=\"Taivaan t\u00e4hden\" \/>\n<meta property=\"article:published_time\" content=\"2016-10-29T11:23:14+00:00\" \/>\n<meta property=\"article:modified_time\" content=\"2016-10-29T11:24:35+00:00\" \/>\n<meta property=\"og:image\" content=\"https:\/\/suomenkuvalehti.fi\/taivaan-tahden\/wp-content\/uploads\/sites\/36\/2016\/10\/1425349_10152024918644346_1943242659_o.jpg\" \/>\n\t<meta property=\"og:image:width\" content=\"1004\" \/>\n\t<meta property=\"og:image:height\" content=\"622\" \/>\n\t<meta property=\"og:image:type\" content=\"image\/jpeg\" \/>\n<meta name=\"author\" content=\"Markus Hotakainen\" \/>\n<meta name=\"twitter:card\" content=\"summary_large_image\" \/>\n<meta name=\"twitter:label1\" content=\"Written by\" \/>\n\t<meta name=\"twitter:data1\" content=\"Markus Hotakainen\" \/>\n\t<meta name=\"twitter:label2\" content=\"Est. reading time\" \/>\n\t<meta name=\"twitter:data2\" content=\"1 minuutti\" \/>\n<script type=\"application\/ld+json\" class=\"yoast-schema-graph\">{\"@context\":\"https:\/\/schema.org\",\"@graph\":[{\"@type\":\"WebPage\",\"@id\":\"https:\/\/suomenkuvalehti.fi\/taivaan-tahden\/2016\/10\/29\/kahdella-eurolla-kuuhun-kiitos\/\",\"url\":\"https:\/\/suomenkuvalehti.fi\/taivaan-tahden\/2016\/10\/29\/kahdella-eurolla-kuuhun-kiitos\/\",\"name\":\"Kahdella eurolla Kuuhun, kiitos! - Taivaan t\u00e4hden\",\"isPartOf\":{\"@id\":\"https:\/\/suomenkuvalehti.fi\/taivaan-tahden\/#website\"},\"primaryImageOfPage\":{\"@id\":\"https:\/\/suomenkuvalehti.fi\/taivaan-tahden\/2016\/10\/29\/kahdella-eurolla-kuuhun-kiitos\/#primaryimage\"},\"image\":{\"@id\":\"https:\/\/suomenkuvalehti.fi\/taivaan-tahden\/2016\/10\/29\/kahdella-eurolla-kuuhun-kiitos\/#primaryimage\"},\"thumbnailUrl\":\"https:\/\/suomenkuvalehti.fi\/taivaan-tahden\/wp-content\/uploads\/sites\/36\/2016\/10\/1425349_10152024918644346_1943242659_o.jpg\",\"datePublished\":\"2016-10-29T11:23:14+00:00\",\"dateModified\":\"2016-10-29T11:24:35+00:00\",\"author\":{\"@id\":\"https:\/\/suomenkuvalehti.fi\/taivaan-tahden\/#\/schema\/person\/c9c1373acb19750e11084ef640abeae0\"},\"breadcrumb\":{\"@id\":\"https:\/\/suomenkuvalehti.fi\/taivaan-tahden\/2016\/10\/29\/kahdella-eurolla-kuuhun-kiitos\/#breadcrumb\"},\"inLanguage\":\"fi\",\"potentialAction\":[{\"@type\":\"ReadAction\",\"target\":[\"https:\/\/suomenkuvalehti.fi\/taivaan-tahden\/2016\/10\/29\/kahdella-eurolla-kuuhun-kiitos\/\"]}]},{\"@type\":\"ImageObject\",\"inLanguage\":\"fi\",\"@id\":\"https:\/\/suomenkuvalehti.fi\/taivaan-tahden\/2016\/10\/29\/kahdella-eurolla-kuuhun-kiitos\/#primaryimage\",\"url\":\"https:\/\/suomenkuvalehti.fi\/taivaan-tahden\/wp-content\/uploads\/sites\/36\/2016\/10\/1425349_10152024918644346_1943242659_o.jpg\",\"contentUrl\":\"https:\/\/suomenkuvalehti.fi\/taivaan-tahden\/wp-content\/uploads\/sites\/36\/2016\/10\/1425349_10152024918644346_1943242659_o.jpg\"},{\"@type\":\"BreadcrumbList\",\"@id\":\"https:\/\/suomenkuvalehti.fi\/taivaan-tahden\/2016\/10\/29\/kahdella-eurolla-kuuhun-kiitos\/#breadcrumb\",\"itemListElement\":[{\"@type\":\"ListItem\",\"position\":1,\"name\":\"Home\",\"item\":\"https:\/\/suomenkuvalehti.fi\/taivaan-tahden\/\"},{\"@type\":\"ListItem\",\"position\":2,\"name\":\"Kahdella eurolla Kuuhun, kiitos!\"}]},{\"@type\":\"WebSite\",\"@id\":\"https:\/\/suomenkuvalehti.fi\/taivaan-tahden\/#website\",\"url\":\"https:\/\/suomenkuvalehti.fi\/taivaan-tahden\/\",\"name\":\"Taivaan t\u00e4hden\",\"description\":\"Tiedetoimittaja Markus Hotakainen h\u00e4mm\u00e4stelee maailmankaikkeutta.\",\"potentialAction\":[{\"@type\":\"SearchAction\",\"target\":{\"@type\":\"EntryPoint\",\"urlTemplate\":\"https:\/\/suomenkuvalehti.fi\/haku\/?q={search_term_string}\"},\"query-input\":{\"@type\":\"PropertyValueSpecification\",\"valueRequired\":true,\"valueName\":\"search_term_string\"}}],\"inLanguage\":\"fi\"},{\"@type\":\"Person\",\"@id\":\"https:\/\/suomenkuvalehti.fi\/taivaan-tahden\/#\/schema\/person\/c9c1373acb19750e11084ef640abeae0\",\"name\":\"Markus Hotakainen\",\"image\":{\"@type\":\"ImageObject\",\"inLanguage\":\"fi\",\"@id\":\"https:\/\/suomenkuvalehti.fi\/taivaan-tahden\/#\/schema\/person\/image\/\",\"url\":\"https:\/\/suomenkuvalehti.fi\/taivaan-tahden\/wp-content\/uploads\/sites\/36\/2018\/05\/markus_hotakainen_blogi_pieni-150x150.jpg\",\"contentUrl\":\"https:\/\/suomenkuvalehti.fi\/taivaan-tahden\/wp-content\/uploads\/sites\/36\/2018\/05\/markus_hotakainen_blogi_pieni-150x150.jpg\",\"caption\":\"Markus Hotakainen\"},\"description\":\"Kirjoittaja on tiedetoimittaja ja tietokirjailija.\"}]}<\/script>\n<!-- \/ Yoast SEO plugin. -->","yoast_head_json":{"title":"Kahdella eurolla Kuuhun, kiitos! - Taivaan t\u00e4hden","robots":{"index":"index","follow":"follow","max-snippet":"max-snippet:-1","max-image-preview":"max-image-preview:large","max-video-preview":"max-video-preview:-1"},"canonical":"https:\/\/suomenkuvalehti.fi\/taivaan-tahden\/2016\/10\/29\/kahdella-eurolla-kuuhun-kiitos\/","og_locale":"fi_FI","og_type":"article","og_title":"Kahdella eurolla Kuuhun, kiitos! - Taivaan t\u00e4hden","og_description":"K\u00e4vin kirjamessuilla. V\u00e4ke\u00e4 riitti kirja-alan ja erityisesti tietokirja-alan ahdingosta huolimatta. Ylenpalttiseen riemuun ei silti ole syyt\u00e4. Eniten kuhinaa ja p\u00f6hin\u00e4\u00e4 oli osastolla, joka oli helppo l\u00f6yt\u00e4\u00e4 katossa roikkuvien banderollien opastamana: \u201dKirjat 2 \u20ac\u201d. No mit\u00e4s vikaa siin\u00e4 on? Kansa &hellip;","og_url":"https:\/\/suomenkuvalehti.fi\/taivaan-tahden\/2016\/10\/29\/kahdella-eurolla-kuuhun-kiitos\/","og_site_name":"Taivaan t\u00e4hden","article_published_time":"2016-10-29T11:23:14+00:00","article_modified_time":"2016-10-29T11:24:35+00:00","og_image":[{"width":1004,"height":622,"url":"https:\/\/suomenkuvalehti.fi\/taivaan-tahden\/wp-content\/uploads\/sites\/36\/2016\/10\/1425349_10152024918644346_1943242659_o.jpg","type":"image\/jpeg"}],"author":"Markus Hotakainen","twitter_card":"summary_large_image","twitter_misc":{"Written by":"Markus Hotakainen","Est. reading time":"1 minuutti"},"schema":{"@context":"https:\/\/schema.org","@graph":[{"@type":"WebPage","@id":"https:\/\/suomenkuvalehti.fi\/taivaan-tahden\/2016\/10\/29\/kahdella-eurolla-kuuhun-kiitos\/","url":"https:\/\/suomenkuvalehti.fi\/taivaan-tahden\/2016\/10\/29\/kahdella-eurolla-kuuhun-kiitos\/","name":"Kahdella eurolla Kuuhun, kiitos! - Taivaan t\u00e4hden","isPartOf":{"@id":"https:\/\/suomenkuvalehti.fi\/taivaan-tahden\/#website"},"primaryImageOfPage":{"@id":"https:\/\/suomenkuvalehti.fi\/taivaan-tahden\/2016\/10\/29\/kahdella-eurolla-kuuhun-kiitos\/#primaryimage"},"image":{"@id":"https:\/\/suomenkuvalehti.fi\/taivaan-tahden\/2016\/10\/29\/kahdella-eurolla-kuuhun-kiitos\/#primaryimage"},"thumbnailUrl":"https:\/\/suomenkuvalehti.fi\/taivaan-tahden\/wp-content\/uploads\/sites\/36\/2016\/10\/1425349_10152024918644346_1943242659_o.jpg","datePublished":"2016-10-29T11:23:14+00:00","dateModified":"2016-10-29T11:24:35+00:00","author":{"@id":"https:\/\/suomenkuvalehti.fi\/taivaan-tahden\/#\/schema\/person\/c9c1373acb19750e11084ef640abeae0"},"breadcrumb":{"@id":"https:\/\/suomenkuvalehti.fi\/taivaan-tahden\/2016\/10\/29\/kahdella-eurolla-kuuhun-kiitos\/#breadcrumb"},"inLanguage":"fi","potentialAction":[{"@type":"ReadAction","target":["https:\/\/suomenkuvalehti.fi\/taivaan-tahden\/2016\/10\/29\/kahdella-eurolla-kuuhun-kiitos\/"]}]},{"@type":"ImageObject","inLanguage":"fi","@id":"https:\/\/suomenkuvalehti.fi\/taivaan-tahden\/2016\/10\/29\/kahdella-eurolla-kuuhun-kiitos\/#primaryimage","url":"https:\/\/suomenkuvalehti.fi\/taivaan-tahden\/wp-content\/uploads\/sites\/36\/2016\/10\/1425349_10152024918644346_1943242659_o.jpg","contentUrl":"https:\/\/suomenkuvalehti.fi\/taivaan-tahden\/wp-content\/uploads\/sites\/36\/2016\/10\/1425349_10152024918644346_1943242659_o.jpg"},{"@type":"BreadcrumbList","@id":"https:\/\/suomenkuvalehti.fi\/taivaan-tahden\/2016\/10\/29\/kahdella-eurolla-kuuhun-kiitos\/#breadcrumb","itemListElement":[{"@type":"ListItem","position":1,"name":"Home","item":"https:\/\/suomenkuvalehti.fi\/taivaan-tahden\/"},{"@type":"ListItem","position":2,"name":"Kahdella eurolla Kuuhun, kiitos!"}]},{"@type":"WebSite","@id":"https:\/\/suomenkuvalehti.fi\/taivaan-tahden\/#website","url":"https:\/\/suomenkuvalehti.fi\/taivaan-tahden\/","name":"Taivaan t\u00e4hden","description":"Tiedetoimittaja Markus Hotakainen h\u00e4mm\u00e4stelee maailmankaikkeutta.","potentialAction":[{"@type":"SearchAction","target":{"@type":"EntryPoint","urlTemplate":"https:\/\/suomenkuvalehti.fi\/haku\/?q={search_term_string}"},"query-input":{"@type":"PropertyValueSpecification","valueRequired":true,"valueName":"search_term_string"}}],"inLanguage":"fi"},{"@type":"Person","@id":"https:\/\/suomenkuvalehti.fi\/taivaan-tahden\/#\/schema\/person\/c9c1373acb19750e11084ef640abeae0","name":"Markus Hotakainen","image":{"@type":"ImageObject","inLanguage":"fi","@id":"https:\/\/suomenkuvalehti.fi\/taivaan-tahden\/#\/schema\/person\/image\/","url":"https:\/\/suomenkuvalehti.fi\/taivaan-tahden\/wp-content\/uploads\/sites\/36\/2018\/05\/markus_hotakainen_blogi_pieni-150x150.jpg","contentUrl":"https:\/\/suomenkuvalehti.fi\/taivaan-tahden\/wp-content\/uploads\/sites\/36\/2018\/05\/markus_hotakainen_blogi_pieni-150x150.jpg","caption":"Markus Hotakainen"},"description":"Kirjoittaja on tiedetoimittaja ja tietokirjailija."}]}},"_links":{"self":[{"href":"https:\/\/suomenkuvalehti.fi\/taivaan-tahden\/wp-json\/wp\/v2\/posts\/703","targetHints":{"allow":["GET"]}}],"collection":[{"href":"https:\/\/suomenkuvalehti.fi\/taivaan-tahden\/wp-json\/wp\/v2\/posts"}],"about":[{"href":"https:\/\/suomenkuvalehti.fi\/taivaan-tahden\/wp-json\/wp\/v2\/types\/post"}],"author":[{"embeddable":true,"href":"https:\/\/suomenkuvalehti.fi\/taivaan-tahden\/wp-json\/wp\/v2\/users\/557"}],"replies":[{"embeddable":true,"href":"https:\/\/suomenkuvalehti.fi\/taivaan-tahden\/wp-json\/wp\/v2\/comments?post=703"}],"version-history":[{"count":3,"href":"https:\/\/suomenkuvalehti.fi\/taivaan-tahden\/wp-json\/wp\/v2\/posts\/703\/revisions"}],"predecessor-version":[{"id":707,"href":"https:\/\/suomenkuvalehti.fi\/taivaan-tahden\/wp-json\/wp\/v2\/posts\/703\/revisions\/707"}],"wp:attachment":[{"href":"https:\/\/suomenkuvalehti.fi\/taivaan-tahden\/wp-json\/wp\/v2\/media?parent=703"}],"wp:term":[{"taxonomy":"category","embeddable":true,"href":"https:\/\/suomenkuvalehti.fi\/taivaan-tahden\/wp-json\/wp\/v2\/categories?post=703"},{"taxonomy":"post_tag","embeddable":true,"href":"https:\/\/suomenkuvalehti.fi\/taivaan-tahden\/wp-json\/wp\/v2\/tags?post=703"}],"curies":[{"name":"wp","href":"https:\/\/api.w.org\/{rel}","templated":true}]}}