{"id":7,"date":"2015-04-17T13:30:10","date_gmt":"2015-04-17T10:30:10","guid":{"rendered":"https:\/\/suomenkuvalehti.fi\/taivaan-tahden\/?p=7"},"modified":"2015-04-17T12:11:40","modified_gmt":"2015-04-17T09:11:40","slug":"synttarit-kiertoradalla","status":"publish","type":"post","link":"https:\/\/suomenkuvalehti.fi\/taivaan-tahden\/2015\/04\/17\/synttarit-kiertoradalla\/","title":{"rendered":"Syntt\u00e4rit kiertoradalla"},"content":{"rendered":"<figure class=\"wp-block-image size-full alignnone\">\n  <div class=\"wp-block-image__inner-container\">\n    <a href=\"https:\/\/suomenkuvalehti.fi\/taivaan-tahden\/wp-content\/uploads\/sites\/36\/2015\/04\/hubble_release2_3a_1999.jpg\"><img loading=\"lazy\" decoding=\"async\" src=\"https:\/\/suomenkuvalehti.fi\/taivaan-tahden\/wp-content\/uploads\/sites\/36\/2015\/04\/hubble_release2_3a_1999.jpg\" alt=\"Hubble Left Alone in Space\" class=\"wp-image-8\" width=\"1181\" height=\"973\" style=\"--aspect-ratio: 1.21\" srcset=\"https:\/\/suomenkuvalehti.fi\/taivaan-tahden\/wp-content\/uploads\/sites\/36\/2015\/04\/hubble_release2_3a_1999.jpg 1181w, https:\/\/suomenkuvalehti.fi\/taivaan-tahden\/wp-content\/uploads\/sites\/36\/2015\/04\/hubble_release2_3a_1999-300x247.jpg 300w, https:\/\/suomenkuvalehti.fi\/taivaan-tahden\/wp-content\/uploads\/sites\/36\/2015\/04\/hubble_release2_3a_1999-1024x844.jpg 1024w\" sizes=\"auto, (max-width: 1181px) 100vw, 1181px\" \/><\/a>    <figcaption class=\"wp-block-image__figcaption\">\n      Hubblen kolmas huoltolento tehtiin joulukuussa 1999.          <\/figcaption>\n      <\/div>\n<\/figure>\n\n\n<p>Otsikko voisi viitata viisivuotiaan itseni haaveisiin p\u00e4\u00e4st\u00e4 avaruuteen. Kes\u00e4ll\u00e4 1969 katselin ihmeiss\u00e4ni ensimm\u00e4ist\u00e4 kuulentoa ja olin myyty: p\u00e4\u00e4tin ryhty\u00e4 isona astronautiksi. Sittemmin kasvoin liian isoksi pikkuruisiin kapseleihin ja mik\u00e4 viel\u00e4 vakavampaa, huomasin syntyneeni v\u00e4\u00e4r\u00e4\u00e4n maahan.<\/p>\n\n\n\n<p>Kyse on nyt kuitenkin ihan toisenlaisista syntt\u00e4reist\u00e4. Hubble-avaruusteleskooppi vietiin Maata kiert\u00e4v\u00e4lle radalle huhtikuussa 1990, tarkkaan ottaen 24. p\u00e4iv\u00e4n\u00e4.<\/p>\n\n\n\n<p>Idea avaruuteen sijoitettavasta kaukoputkesta oli esitetty jo 1920-luvulla ja sellaista alettiin suunnitella tosissaan 1960-luvulla. Vaikka Maan ilmakeh\u00e4 on el\u00e4m\u00e4n kannalta kiva asia, t\u00e4htien tutkimista se h\u00e4iritsee pahasti.<\/p>\n\n\n\n<p>Ensinn\u00e4kin ilmakeh\u00e4n v\u00e4reily suttaa kaukoputken muodostamaa kuvaa ja toisaalta infrapuna- ja ultraviolettis\u00e4teily imeytyv\u00e4t suurelta osin ilmakeh\u00e4\u00e4n. Kun teleskoopin nostaa ilmakeh\u00e4n yl\u00e4- ja ulkopuolelle, havaintotarkkuus ja -tehokkuus kasvavat roimasti.<\/p>\n\n\n\n<p>Edellytt\u00e4en, ett\u00e4 teleskooppi on teht\u00e4viens\u00e4 tasalla. Mit\u00e4 Hubble ei alkuun ollut.<\/p>\n\n\n\n<p>Avaruusteleskoopin peiliin saatiin aikaiseksi hiontavirhe, jonka t\u00e4htikaukoputkia rakentavat harrastajatkin osaavat yleens\u00e4 v\u00e4ltt\u00e4\u00e4. Ja elleiv\u00e4t osaa, vahinko ei ole niin suuri, kun optiikan l\u00e4pimitta lasketaan senttimetreiss\u00e4, budjetti korkeintaan sadoissa euroissa ja kaukoputki pystytet\u00e4\u00e4n omalle pihamaalle.<\/p>\n\n\n\n<p>Jos \u2013 ja kun \u2013 peilill\u00e4 on l\u00e4pimittaa 2,4 metri\u00e4, koko kaukoputken hinta puolitoista miljardia ja sijoituspaikka liki 600 kilometri\u00e4 maanpinnan yl\u00e4puolella, ongelman mittasuhteet ovat tyystin toiset.<\/p>\n\n\n\n<p>Avaruuteen onnistuttiin viem\u00e4\u00e4n likin\u00e4k\u00f6inen kaukoputki.<\/p>\n\n\n\n<p>Onneksi Hubble kiert\u00e4\u00e4 Maata sellaisella radalla, ett\u00e4 sen luokse oli mahdollista p\u00e4\u00e4st\u00e4 nyt jo museoiduilla avaruussukkuloilla. Tai onneksi ja onneksi: jo alun perin suunniteltiin, ett\u00e4 teleskoopin k\u00e4ytt\u00f6ik\u00e4\u00e4 saadaan pidennetty\u00e4 tekem\u00e4ll\u00e4 huoltolentoja.<\/p>\n\n\n\n<p>K\u00e4yt\u00e4nn\u00f6ss\u00e4 kaikissa avaruuteen l\u00e4hetett\u00e4viss\u00e4 laitteissa on valmiiksi vanhentunutta tekniikkaa, sill\u00e4 suunnittelu ja rakentaminen kest\u00e4\u00e4 niin kauan, ettei uusinta uutta saada mukaan.<\/p>\n\n\n\n<p>Sukkulalennoilla sit\u00e4 voitiin kuitenkin k\u00e4yd\u00e4 vaihtamassa j\u00e4lkik\u00e4teen. Ensimm\u00e4isell\u00e4 huoltolennolla Hubbleen asennettiin korjausoptiikka, jolla likin\u00e4k\u00f6isyys saatiin korjattua. Ja loppu onkin tieteenhistoriaa.<\/p>\n\n\n\n<p>Ep\u00e4ter\u00e4v\u00e4t otokset muuttuivat huipputarkoiksi n\u00e4kymiksi maailmankaikkeuden kaukaisimpiin kolkkiin. N\u00e4ytt\u00e4vien ja lehtien sivuilta tuttujen t\u00e4htikuvien lis\u00e4ksi avaruusteleskoopilla on ker\u00e4tty valtavasti uutta tietoa.<\/p>\n\n\n\n<p>Hubblen avulla on m\u00e4\u00e4ritetty maailmankaikkeuden ik\u00e4 tarkasti 13,7 miljardiksi vuodeksi. Sill\u00e4 on mitattu avaruuden laajenemista ja kartoitettu pime\u00e4n aineen jakaumaa. Sen avulla on seurattu komeetan t\u00f6rm\u00e4yst\u00e4 Jupiteriin ja l\u00f6ydetty niin eksoplaneettoja kuin uusia kuita Aurinkokunnan kappaleilta.<\/p>\n\n\n\n<p>25 vuotta. Nelj\u00e4nnesvuosisata. Kuinka monta sen ik\u00e4ist\u00e4 laitetta kotonanne on k\u00e4yt\u00f6ss\u00e4? Ja mink\u00e4 verran niist\u00e4 on en\u00e4\u00e4 todellista hy\u00f6ty\u00e4?<\/p>\n\n\n","protected":false},"excerpt":{"rendered":"<p>Otsikko voisi viitata viisivuotiaan itseni haaveisiin p\u00e4\u00e4st\u00e4 avaruuteen. Kes\u00e4ll\u00e4 1969 katselin ihmeiss\u00e4ni ensimm\u00e4ist\u00e4 kuulentoa ja olin myyty: p\u00e4\u00e4tin ryhty\u00e4 isona astronautiksi. Sittemmin kasvoin liian isoksi pikkuruisiin kapseleihin ja mik\u00e4 viel\u00e4 vakavampaa, huomasin syntyneeni v\u00e4\u00e4r\u00e4\u00e4n<br \/>\nmaahan. Kyse on &hellip;<\/p>\n","protected":false},"author":557,"featured_media":0,"comment_status":"open","ping_status":"open","sticky":false,"template":"","format":"standard","meta":{"_acf_changed":false,"asauth_required_access_level":3,"asauth_cansharepaid":"true","om_header_attributes":[],"footnotes":"","om_featured_image_focal_point":[],"om_primary_tag":0,"om_contributors":[],"om_co_authors":[],"beyondwords_generate_audio":"","beyondwords_project_id":"","beyondwords_content_id":"","beyondwords_preview_token":"","beyondwords_player_content":"","beyondwords_player_style":"","beyondwords_language_code":"","beyondwords_language_id":"","beyondwords_title_voice_id":"","beyondwords_body_voice_id":"","beyondwords_summary_voice_id":"","beyondwords_error_message":"","beyondwords_disabled":"","beyondwords_delete_content":"","beyondwords_podcast_id":"","beyondwords_hash":"","publish_post_to_speechkit":"","speechkit_hash":"","speechkit_generate_audio":"","speechkit_project_id":"","speechkit_podcast_id":"","speechkit_error_message":"","speechkit_disabled":"","speechkit_access_key":"","speechkit_error":"","speechkit_info":"","speechkit_response":"","speechkit_retries":"","speechkit_status":"","speechkit_updated_at":"","_speechkit_link":"","_speechkit_text":""},"categories":[1],"tags":[3,2],"class_list":["post-7","post","type-post","status-publish","format-standard","hentry","category-taivaan-tahden","tag-avaruus","tag-hubble"],"om_views":null,"acf":{"tuuma_off":false,"tuuma_kysymys":"","tuuma_vastaus":""},"asauth":{"required_access_level":1,"share_token":"","is_paid":false},"yoast_head":"<!-- This site is optimized with the Yoast SEO plugin v26.4 - https:\/\/yoast.com\/wordpress\/plugins\/seo\/ -->\n<title>Syntt\u00e4rit kiertoradalla - Taivaan t\u00e4hden<\/title>\n<meta name=\"robots\" content=\"index, follow, max-snippet:-1, max-image-preview:large, max-video-preview:-1\" \/>\n<link rel=\"canonical\" href=\"https:\/\/suomenkuvalehti.fi\/taivaan-tahden\/2015\/04\/17\/synttarit-kiertoradalla\/\" \/>\n<meta property=\"og:locale\" content=\"fi_FI\" \/>\n<meta property=\"og:type\" content=\"article\" \/>\n<meta property=\"og:title\" content=\"Syntt\u00e4rit kiertoradalla - Taivaan t\u00e4hden\" \/>\n<meta property=\"og:description\" content=\"Otsikko voisi viitata viisivuotiaan itseni haaveisiin p\u00e4\u00e4st\u00e4 avaruuteen. Kes\u00e4ll\u00e4 1969 katselin ihmeiss\u00e4ni ensimm\u00e4ist\u00e4 kuulentoa ja olin myyty: p\u00e4\u00e4tin ryhty\u00e4 isona astronautiksi. Sittemmin kasvoin liian isoksi pikkuruisiin kapseleihin ja mik\u00e4 viel\u00e4 vakavampaa, huomasin syntyneeni v\u00e4\u00e4r\u00e4\u00e4n maahan. Kyse on &hellip;\" \/>\n<meta property=\"og:url\" content=\"https:\/\/suomenkuvalehti.fi\/taivaan-tahden\/2015\/04\/17\/synttarit-kiertoradalla\/\" \/>\n<meta property=\"og:site_name\" content=\"Taivaan t\u00e4hden\" \/>\n<meta property=\"article:published_time\" content=\"2015-04-17T10:30:10+00:00\" \/>\n<meta property=\"og:image\" content=\"https:\/\/suomenkuvalehti.fi\/taivaan-tahden\/wp-content\/uploads\/sites\/36\/2015\/04\/hubble_release2_3a_1999.jpg\" \/>\n<meta name=\"author\" content=\"Markus Hotakainen\" \/>\n<meta name=\"twitter:card\" content=\"summary_large_image\" \/>\n<meta name=\"twitter:label1\" content=\"Written by\" \/>\n\t<meta name=\"twitter:data1\" content=\"Markus Hotakainen\" \/>\n\t<meta name=\"twitter:label2\" content=\"Est. reading time\" \/>\n\t<meta name=\"twitter:data2\" content=\"2 minuuttia\" \/>\n<script type=\"application\/ld+json\" class=\"yoast-schema-graph\">{\"@context\":\"https:\/\/schema.org\",\"@graph\":[{\"@type\":\"WebPage\",\"@id\":\"https:\/\/suomenkuvalehti.fi\/taivaan-tahden\/2015\/04\/17\/synttarit-kiertoradalla\/\",\"url\":\"https:\/\/suomenkuvalehti.fi\/taivaan-tahden\/2015\/04\/17\/synttarit-kiertoradalla\/\",\"name\":\"Syntt\u00e4rit kiertoradalla - Taivaan t\u00e4hden\",\"isPartOf\":{\"@id\":\"https:\/\/suomenkuvalehti.fi\/taivaan-tahden\/#website\"},\"primaryImageOfPage\":{\"@id\":\"https:\/\/suomenkuvalehti.fi\/taivaan-tahden\/2015\/04\/17\/synttarit-kiertoradalla\/#primaryimage\"},\"image\":{\"@id\":\"https:\/\/suomenkuvalehti.fi\/taivaan-tahden\/2015\/04\/17\/synttarit-kiertoradalla\/#primaryimage\"},\"thumbnailUrl\":\"https:\/\/suomenkuvalehti.fi\/taivaan-tahden\/wp-content\/uploads\/sites\/36\/2015\/04\/hubble_release2_3a_1999.jpg\",\"datePublished\":\"2015-04-17T10:30:10+00:00\",\"author\":{\"@id\":\"https:\/\/suomenkuvalehti.fi\/taivaan-tahden\/#\/schema\/person\/c9c1373acb19750e11084ef640abeae0\"},\"breadcrumb\":{\"@id\":\"https:\/\/suomenkuvalehti.fi\/taivaan-tahden\/2015\/04\/17\/synttarit-kiertoradalla\/#breadcrumb\"},\"inLanguage\":\"fi\",\"potentialAction\":[{\"@type\":\"ReadAction\",\"target\":[\"https:\/\/suomenkuvalehti.fi\/taivaan-tahden\/2015\/04\/17\/synttarit-kiertoradalla\/\"]}]},{\"@type\":\"ImageObject\",\"inLanguage\":\"fi\",\"@id\":\"https:\/\/suomenkuvalehti.fi\/taivaan-tahden\/2015\/04\/17\/synttarit-kiertoradalla\/#primaryimage\",\"url\":\"https:\/\/suomenkuvalehti.fi\/taivaan-tahden\/wp-content\/uploads\/sites\/36\/2015\/04\/hubble_release2_3a_1999.jpg\",\"contentUrl\":\"https:\/\/suomenkuvalehti.fi\/taivaan-tahden\/wp-content\/uploads\/sites\/36\/2015\/04\/hubble_release2_3a_1999.jpg\"},{\"@type\":\"BreadcrumbList\",\"@id\":\"https:\/\/suomenkuvalehti.fi\/taivaan-tahden\/2015\/04\/17\/synttarit-kiertoradalla\/#breadcrumb\",\"itemListElement\":[{\"@type\":\"ListItem\",\"position\":1,\"name\":\"Home\",\"item\":\"https:\/\/suomenkuvalehti.fi\/taivaan-tahden\/\"},{\"@type\":\"ListItem\",\"position\":2,\"name\":\"Syntt\u00e4rit kiertoradalla\"}]},{\"@type\":\"WebSite\",\"@id\":\"https:\/\/suomenkuvalehti.fi\/taivaan-tahden\/#website\",\"url\":\"https:\/\/suomenkuvalehti.fi\/taivaan-tahden\/\",\"name\":\"Taivaan t\u00e4hden\",\"description\":\"Tiedetoimittaja Markus Hotakainen h\u00e4mm\u00e4stelee maailmankaikkeutta.\",\"potentialAction\":[{\"@type\":\"SearchAction\",\"target\":{\"@type\":\"EntryPoint\",\"urlTemplate\":\"https:\/\/suomenkuvalehti.fi\/haku\/?q={search_term_string}\"},\"query-input\":{\"@type\":\"PropertyValueSpecification\",\"valueRequired\":true,\"valueName\":\"search_term_string\"}}],\"inLanguage\":\"fi\"},{\"@type\":\"Person\",\"@id\":\"https:\/\/suomenkuvalehti.fi\/taivaan-tahden\/#\/schema\/person\/c9c1373acb19750e11084ef640abeae0\",\"name\":\"Markus Hotakainen\",\"image\":{\"@type\":\"ImageObject\",\"inLanguage\":\"fi\",\"@id\":\"https:\/\/suomenkuvalehti.fi\/taivaan-tahden\/#\/schema\/person\/image\/\",\"url\":\"https:\/\/suomenkuvalehti.fi\/taivaan-tahden\/wp-content\/uploads\/sites\/36\/2018\/05\/markus_hotakainen_blogi_pieni-150x150.jpg\",\"contentUrl\":\"https:\/\/suomenkuvalehti.fi\/taivaan-tahden\/wp-content\/uploads\/sites\/36\/2018\/05\/markus_hotakainen_blogi_pieni-150x150.jpg\",\"caption\":\"Markus Hotakainen\"},\"description\":\"Kirjoittaja on tiedetoimittaja ja tietokirjailija.\"}]}<\/script>\n<!-- \/ Yoast SEO plugin. -->","yoast_head_json":{"title":"Syntt\u00e4rit kiertoradalla - Taivaan t\u00e4hden","robots":{"index":"index","follow":"follow","max-snippet":"max-snippet:-1","max-image-preview":"max-image-preview:large","max-video-preview":"max-video-preview:-1"},"canonical":"https:\/\/suomenkuvalehti.fi\/taivaan-tahden\/2015\/04\/17\/synttarit-kiertoradalla\/","og_locale":"fi_FI","og_type":"article","og_title":"Syntt\u00e4rit kiertoradalla - Taivaan t\u00e4hden","og_description":"Otsikko voisi viitata viisivuotiaan itseni haaveisiin p\u00e4\u00e4st\u00e4 avaruuteen. Kes\u00e4ll\u00e4 1969 katselin ihmeiss\u00e4ni ensimm\u00e4ist\u00e4 kuulentoa ja olin myyty: p\u00e4\u00e4tin ryhty\u00e4 isona astronautiksi. Sittemmin kasvoin liian isoksi pikkuruisiin kapseleihin ja mik\u00e4 viel\u00e4 vakavampaa, huomasin syntyneeni v\u00e4\u00e4r\u00e4\u00e4n maahan. Kyse on &hellip;","og_url":"https:\/\/suomenkuvalehti.fi\/taivaan-tahden\/2015\/04\/17\/synttarit-kiertoradalla\/","og_site_name":"Taivaan t\u00e4hden","article_published_time":"2015-04-17T10:30:10+00:00","og_image":[{"url":"https:\/\/suomenkuvalehti.fi\/taivaan-tahden\/wp-content\/uploads\/sites\/36\/2015\/04\/hubble_release2_3a_1999.jpg","type":"","width":"","height":""}],"author":"Markus Hotakainen","twitter_card":"summary_large_image","twitter_misc":{"Written by":"Markus Hotakainen","Est. reading time":"2 minuuttia"},"schema":{"@context":"https:\/\/schema.org","@graph":[{"@type":"WebPage","@id":"https:\/\/suomenkuvalehti.fi\/taivaan-tahden\/2015\/04\/17\/synttarit-kiertoradalla\/","url":"https:\/\/suomenkuvalehti.fi\/taivaan-tahden\/2015\/04\/17\/synttarit-kiertoradalla\/","name":"Syntt\u00e4rit kiertoradalla - Taivaan t\u00e4hden","isPartOf":{"@id":"https:\/\/suomenkuvalehti.fi\/taivaan-tahden\/#website"},"primaryImageOfPage":{"@id":"https:\/\/suomenkuvalehti.fi\/taivaan-tahden\/2015\/04\/17\/synttarit-kiertoradalla\/#primaryimage"},"image":{"@id":"https:\/\/suomenkuvalehti.fi\/taivaan-tahden\/2015\/04\/17\/synttarit-kiertoradalla\/#primaryimage"},"thumbnailUrl":"https:\/\/suomenkuvalehti.fi\/taivaan-tahden\/wp-content\/uploads\/sites\/36\/2015\/04\/hubble_release2_3a_1999.jpg","datePublished":"2015-04-17T10:30:10+00:00","author":{"@id":"https:\/\/suomenkuvalehti.fi\/taivaan-tahden\/#\/schema\/person\/c9c1373acb19750e11084ef640abeae0"},"breadcrumb":{"@id":"https:\/\/suomenkuvalehti.fi\/taivaan-tahden\/2015\/04\/17\/synttarit-kiertoradalla\/#breadcrumb"},"inLanguage":"fi","potentialAction":[{"@type":"ReadAction","target":["https:\/\/suomenkuvalehti.fi\/taivaan-tahden\/2015\/04\/17\/synttarit-kiertoradalla\/"]}]},{"@type":"ImageObject","inLanguage":"fi","@id":"https:\/\/suomenkuvalehti.fi\/taivaan-tahden\/2015\/04\/17\/synttarit-kiertoradalla\/#primaryimage","url":"https:\/\/suomenkuvalehti.fi\/taivaan-tahden\/wp-content\/uploads\/sites\/36\/2015\/04\/hubble_release2_3a_1999.jpg","contentUrl":"https:\/\/suomenkuvalehti.fi\/taivaan-tahden\/wp-content\/uploads\/sites\/36\/2015\/04\/hubble_release2_3a_1999.jpg"},{"@type":"BreadcrumbList","@id":"https:\/\/suomenkuvalehti.fi\/taivaan-tahden\/2015\/04\/17\/synttarit-kiertoradalla\/#breadcrumb","itemListElement":[{"@type":"ListItem","position":1,"name":"Home","item":"https:\/\/suomenkuvalehti.fi\/taivaan-tahden\/"},{"@type":"ListItem","position":2,"name":"Syntt\u00e4rit kiertoradalla"}]},{"@type":"WebSite","@id":"https:\/\/suomenkuvalehti.fi\/taivaan-tahden\/#website","url":"https:\/\/suomenkuvalehti.fi\/taivaan-tahden\/","name":"Taivaan t\u00e4hden","description":"Tiedetoimittaja Markus Hotakainen h\u00e4mm\u00e4stelee maailmankaikkeutta.","potentialAction":[{"@type":"SearchAction","target":{"@type":"EntryPoint","urlTemplate":"https:\/\/suomenkuvalehti.fi\/haku\/?q={search_term_string}"},"query-input":{"@type":"PropertyValueSpecification","valueRequired":true,"valueName":"search_term_string"}}],"inLanguage":"fi"},{"@type":"Person","@id":"https:\/\/suomenkuvalehti.fi\/taivaan-tahden\/#\/schema\/person\/c9c1373acb19750e11084ef640abeae0","name":"Markus Hotakainen","image":{"@type":"ImageObject","inLanguage":"fi","@id":"https:\/\/suomenkuvalehti.fi\/taivaan-tahden\/#\/schema\/person\/image\/","url":"https:\/\/suomenkuvalehti.fi\/taivaan-tahden\/wp-content\/uploads\/sites\/36\/2018\/05\/markus_hotakainen_blogi_pieni-150x150.jpg","contentUrl":"https:\/\/suomenkuvalehti.fi\/taivaan-tahden\/wp-content\/uploads\/sites\/36\/2018\/05\/markus_hotakainen_blogi_pieni-150x150.jpg","caption":"Markus Hotakainen"},"description":"Kirjoittaja on tiedetoimittaja ja tietokirjailija."}]}},"_links":{"self":[{"href":"https:\/\/suomenkuvalehti.fi\/taivaan-tahden\/wp-json\/wp\/v2\/posts\/7","targetHints":{"allow":["GET"]}}],"collection":[{"href":"https:\/\/suomenkuvalehti.fi\/taivaan-tahden\/wp-json\/wp\/v2\/posts"}],"about":[{"href":"https:\/\/suomenkuvalehti.fi\/taivaan-tahden\/wp-json\/wp\/v2\/types\/post"}],"author":[{"embeddable":true,"href":"https:\/\/suomenkuvalehti.fi\/taivaan-tahden\/wp-json\/wp\/v2\/users\/557"}],"replies":[{"embeddable":true,"href":"https:\/\/suomenkuvalehti.fi\/taivaan-tahden\/wp-json\/wp\/v2\/comments?post=7"}],"version-history":[{"count":7,"href":"https:\/\/suomenkuvalehti.fi\/taivaan-tahden\/wp-json\/wp\/v2\/posts\/7\/revisions"}],"predecessor-version":[{"id":22,"href":"https:\/\/suomenkuvalehti.fi\/taivaan-tahden\/wp-json\/wp\/v2\/posts\/7\/revisions\/22"}],"wp:attachment":[{"href":"https:\/\/suomenkuvalehti.fi\/taivaan-tahden\/wp-json\/wp\/v2\/media?parent=7"}],"wp:term":[{"taxonomy":"category","embeddable":true,"href":"https:\/\/suomenkuvalehti.fi\/taivaan-tahden\/wp-json\/wp\/v2\/categories?post=7"},{"taxonomy":"post_tag","embeddable":true,"href":"https:\/\/suomenkuvalehti.fi\/taivaan-tahden\/wp-json\/wp\/v2\/tags?post=7"}],"curies":[{"name":"wp","href":"https:\/\/api.w.org\/{rel}","templated":true}]}}