{"id":674,"date":"2016-10-03T09:30:07","date_gmt":"2016-10-03T06:30:07","guid":{"rendered":"https:\/\/suomenkuvalehti.fi\/taivaan-tahden\/?p=674"},"modified":"2016-10-03T09:30:07","modified_gmt":"2016-10-03T06:30:07","slug":"irak-avaruusmatkailua-jo-vuodesta-5000-eaa","status":"publish","type":"post","link":"https:\/\/suomenkuvalehti.fi\/taivaan-tahden\/2016\/10\/03\/irak-avaruusmatkailua-jo-vuodesta-5000-eaa\/","title":{"rendered":"Irak &#8211; avaruusmatkailua jo vuodesta 5000 eaa."},"content":{"rendered":"<figure class=\"aligncenter size-full wp-block-image\">\n  <div class=\"wp-block-image__inner-container\">\n    <a href=\"https:\/\/suomenkuvalehti.fi\/taivaan-tahden\/wp-content\/uploads\/sites\/36\/2016\/10\/Sumerian_account_of_silver_for_the_govenor_background_removed.jpg\"><img loading=\"lazy\" decoding=\"async\" src=\"https:\/\/suomenkuvalehti.fi\/taivaan-tahden\/wp-content\/uploads\/sites\/36\/2016\/10\/Sumerian_account_of_silver_for_the_govenor_background_removed.jpg\" alt=\"sumerian_account_of_silver_for_the_govenor_background_removed\" class=\"wp-image-672\" width=\"700\" height=\"694\" style=\"--aspect-ratio: 1.01\" srcset=\"https:\/\/suomenkuvalehti.fi\/taivaan-tahden\/wp-content\/uploads\/sites\/36\/2016\/10\/Sumerian_account_of_silver_for_the_govenor_background_removed.jpg 700w, https:\/\/suomenkuvalehti.fi\/taivaan-tahden\/wp-content\/uploads\/sites\/36\/2016\/10\/Sumerian_account_of_silver_for_the_govenor_background_removed-150x150.jpg 150w, https:\/\/suomenkuvalehti.fi\/taivaan-tahden\/wp-content\/uploads\/sites\/36\/2016\/10\/Sumerian_account_of_silver_for_the_govenor_background_removed-300x297.jpg 300w\" sizes=\"auto, (max-width: 700px) 100vw, 700px\" \/><\/a>    <figcaption class=\"wp-block-image__figcaption\">\n      Muinaisilla sumereilla oli avaruusalusten lis\u00e4ksi my\u00f6s tabletteja. Kuva: British Museum\/London          <\/figcaption>\n      <\/div>\n<\/figure>\n\n\n<p>Irakilla on hallituksessaan melkoinen velikulta. Liikenneministeri <b>Kazem Finjanin<\/b> mukaan Dhi Qarista on lennetty avaruuteen jo seitsem\u00e4n vuosituhatta sitten.<\/p>\n\n\n\n<p>Muinaisilla sumereilla oli h\u00e4nen mukaansa hallussaan tietoa ja taitoa, jonka turvin he pystyiv\u00e4t matkaamaan ymp\u00e4ri Aurinkokuntaa. Kadonneen kansan tekemien mullistavien l\u00f6yt\u00f6jen joukossa oli esimerkiksi Pluto, joka sitten l\u00f6ytyi \u201duudestaan\u201d vasta vuonna 1930.<\/p>\n\n\n\n<p>T\u00e4llaisia huimia v\u00e4itteit\u00e4 menneiden kulttuurien avaruusosaamisesta tulee aika ajoin esiin. Moni muistanee 1970-luvulta <b>Erich von D\u00e4nikenin <\/b>ja h\u00e4nen<b> <\/b>kohukirjansa. Niiss\u00e4 esitettiin vankkoja todisteita siit\u00e4, ett\u00e4 maapallolla on vieraillut alvariinsa avaruusolentoja.<\/p>\n\n\n\n<p>Merkkej\u00e4 n\u00e4ist\u00e4 visiiteist\u00e4 l\u00f6ytyi patsaista, hautakammioista, temppeleist\u00e4, erilaisista muinaisj\u00e4\u00e4nteist\u00e4, jopa kalliomuodostelmista.<\/p>\n\n\n\n<p>Etel\u00e4-Amerikasta tunnettiin kokoelma kiilt\u00e4v\u00e4nmustia kivi\u00e4, joihin oli kaiverrettu h\u00e4mm\u00e4stytt\u00e4v\u00e4n tarkkoja kuvauksia ihmisen sis\u00e4elimist\u00e4 ja niiden toiminnasta.<\/p>\n\n\n\n<p>T\u00e4llaista tietoa ei entisaikojen&nbsp;kansoilla voinut olla, joten sen t\u00e4ytyi olla per\u00e4isin avaruusolennoilta, jotka olivat perehtyneet ihmisen anatomiaan ja fysiologiaan.<\/p>\n\n\n\n<p>Kiusallista kyll\u00e4, tutkivat journalistit onnistuivat l\u00f6yt\u00e4m\u00e4\u00e4n miehen, joka masinoi liukuhihnalta n\u00e4it\u00e4 mystisi\u00e4 kivi\u00e4. Kuvitusoppaana h\u00e4nell\u00e4 oli vanha biologian oppikirja ja ajan patina syntyi k\u00e4rvent\u00e4m\u00e4ll\u00e4 kivi\u00e4 aasinlannassa.<\/p>\n\n\n\n<p>Kohukirjailijat voivat valehdella mielens\u00e4 mukaan, uskokoon ken haluaa. P\u00e4\u00e4asia, ett\u00e4 raha liikkuu.<\/p>\n\n\n\n<p>Ministereiden sen sijaan pit\u00e4isi pysy\u00e4 totuudessa, ainakin Suomessa siihen velvoittaa lakikin. Toisaalta jos on pakko puhua palturia, mieluummin sitten t\u00e4llaisista ikivanhoista asioista, jotka on helppo todeta h\u00f6p\u00f6h\u00f6p\u00f6ksi.<\/p>\n\n\n\n<p>On paljon vakavampaa ja vahingollisempaa, jos ministeritasolla lasketellaan luikuria p\u00e4iv\u00e4npolttavista jutuista ja viel\u00e4p\u00e4 niin, ett\u00e4 valheista ei j\u00e4\u00e4 kiinni.<\/p>\n\n\n\n<p>Mutta eih\u00e4n sellaista tapahdu. Ainakaan meill\u00e4 Suomessa.<\/p>\n\n\n\n<p>&nbsp;<\/p>\n\n\n","protected":false},"excerpt":{"rendered":"<p>Irakilla on hallituksessaan melkoinen velikulta. Liikenneministeri Kazem Finjanin mukaan Dhi Qarista on lennetty avaruuteen jo seitsem\u00e4n vuosituhatta sitten. Muinaisilla sumereilla oli h\u00e4nen mukaansa hallussaan tietoa ja taitoa, jonka turvin he pystyiv\u00e4t matkaamaan ymp\u00e4ri<br \/>\nAur&hellip;<\/p>\n","protected":false},"author":557,"featured_media":0,"comment_status":"open","ping_status":"open","sticky":false,"template":"","format":"standard","meta":{"_acf_changed":false,"asauth_required_access_level":3,"asauth_cansharepaid":"true","om_header_attributes":[],"footnotes":"","om_featured_image_focal_point":[],"om_primary_tag":0,"om_contributors":[],"om_co_authors":[],"beyondwords_generate_audio":"","beyondwords_project_id":"","beyondwords_content_id":"","beyondwords_preview_token":"","beyondwords_player_content":"","beyondwords_player_style":"","beyondwords_language_code":"","beyondwords_language_id":"","beyondwords_title_voice_id":"","beyondwords_body_voice_id":"","beyondwords_summary_voice_id":"","beyondwords_error_message":"","beyondwords_disabled":"","beyondwords_delete_content":"","beyondwords_podcast_id":"","beyondwords_hash":"","publish_post_to_speechkit":"","speechkit_hash":"","speechkit_generate_audio":"","speechkit_project_id":"","speechkit_podcast_id":"","speechkit_error_message":"","speechkit_disabled":"","speechkit_access_key":"","speechkit_error":"","speechkit_info":"","speechkit_response":"","speechkit_retries":"","speechkit_status":"","speechkit_updated_at":"","_speechkit_link":"","_speechkit_text":""},"categories":[1],"tags":[128,34,183,298,46,297],"class_list":["post-674","post","type-post","status-publish","format-standard","hentry","category-taivaan-tahden","tag-aurinkokunta","tag-avaruuslennot","tag-irak","tag-kazem-finjan","tag-pluto","tag-sumerit"],"om_views":null,"acf":{"tuuma_off":false,"tuuma_kysymys":"","tuuma_vastaus":""},"asauth":{"required_access_level":1,"share_token":"","is_paid":false},"yoast_head":"<!-- This site is optimized with the Yoast SEO plugin v26.4 - https:\/\/yoast.com\/wordpress\/plugins\/seo\/ -->\n<title>Irak - avaruusmatkailua jo vuodesta 5000 eaa. - Taivaan t\u00e4hden<\/title>\n<meta name=\"robots\" content=\"index, follow, max-snippet:-1, max-image-preview:large, max-video-preview:-1\" \/>\n<link rel=\"canonical\" href=\"https:\/\/suomenkuvalehti.fi\/taivaan-tahden\/2016\/10\/03\/irak-avaruusmatkailua-jo-vuodesta-5000-eaa\/\" \/>\n<meta property=\"og:locale\" content=\"fi_FI\" \/>\n<meta property=\"og:type\" content=\"article\" \/>\n<meta property=\"og:title\" content=\"Irak - avaruusmatkailua jo vuodesta 5000 eaa. - Taivaan t\u00e4hden\" \/>\n<meta property=\"og:description\" content=\"Irakilla on hallituksessaan melkoinen velikulta. Liikenneministeri Kazem Finjanin mukaan Dhi Qarista on lennetty avaruuteen jo seitsem\u00e4n vuosituhatta sitten. Muinaisilla sumereilla oli h\u00e4nen mukaansa hallussaan tietoa ja taitoa, jonka turvin he pystyiv\u00e4t matkaamaan ymp\u00e4ri Aur&hellip;\" \/>\n<meta property=\"og:url\" content=\"https:\/\/suomenkuvalehti.fi\/taivaan-tahden\/2016\/10\/03\/irak-avaruusmatkailua-jo-vuodesta-5000-eaa\/\" \/>\n<meta property=\"og:site_name\" content=\"Taivaan t\u00e4hden\" \/>\n<meta property=\"article:published_time\" content=\"2016-10-03T06:30:07+00:00\" \/>\n<meta property=\"og:image\" content=\"https:\/\/suomenkuvalehti.fi\/taivaan-tahden\/wp-content\/uploads\/sites\/36\/2016\/10\/Sumerian_account_of_silver_for_the_govenor_background_removed.jpg\" \/>\n\t<meta property=\"og:image:width\" content=\"700\" \/>\n\t<meta property=\"og:image:height\" content=\"694\" \/>\n\t<meta property=\"og:image:type\" content=\"image\/jpeg\" \/>\n<meta name=\"author\" content=\"Markus Hotakainen\" \/>\n<meta name=\"twitter:card\" content=\"summary_large_image\" \/>\n<meta name=\"twitter:label1\" content=\"Written by\" \/>\n\t<meta name=\"twitter:data1\" content=\"Markus Hotakainen\" \/>\n\t<meta name=\"twitter:label2\" content=\"Est. reading time\" \/>\n\t<meta name=\"twitter:data2\" content=\"1 minuutti\" \/>\n<script type=\"application\/ld+json\" class=\"yoast-schema-graph\">{\"@context\":\"https:\/\/schema.org\",\"@graph\":[{\"@type\":\"WebPage\",\"@id\":\"https:\/\/suomenkuvalehti.fi\/taivaan-tahden\/2016\/10\/03\/irak-avaruusmatkailua-jo-vuodesta-5000-eaa\/\",\"url\":\"https:\/\/suomenkuvalehti.fi\/taivaan-tahden\/2016\/10\/03\/irak-avaruusmatkailua-jo-vuodesta-5000-eaa\/\",\"name\":\"Irak - avaruusmatkailua jo vuodesta 5000 eaa. - Taivaan t\u00e4hden\",\"isPartOf\":{\"@id\":\"https:\/\/suomenkuvalehti.fi\/taivaan-tahden\/#website\"},\"primaryImageOfPage\":{\"@id\":\"https:\/\/suomenkuvalehti.fi\/taivaan-tahden\/2016\/10\/03\/irak-avaruusmatkailua-jo-vuodesta-5000-eaa\/#primaryimage\"},\"image\":{\"@id\":\"https:\/\/suomenkuvalehti.fi\/taivaan-tahden\/2016\/10\/03\/irak-avaruusmatkailua-jo-vuodesta-5000-eaa\/#primaryimage\"},\"thumbnailUrl\":\"https:\/\/suomenkuvalehti.fi\/taivaan-tahden\/wp-content\/uploads\/sites\/36\/2016\/10\/Sumerian_account_of_silver_for_the_govenor_background_removed.jpg\",\"datePublished\":\"2016-10-03T06:30:07+00:00\",\"author\":{\"@id\":\"https:\/\/suomenkuvalehti.fi\/taivaan-tahden\/#\/schema\/person\/c9c1373acb19750e11084ef640abeae0\"},\"breadcrumb\":{\"@id\":\"https:\/\/suomenkuvalehti.fi\/taivaan-tahden\/2016\/10\/03\/irak-avaruusmatkailua-jo-vuodesta-5000-eaa\/#breadcrumb\"},\"inLanguage\":\"fi\",\"potentialAction\":[{\"@type\":\"ReadAction\",\"target\":[\"https:\/\/suomenkuvalehti.fi\/taivaan-tahden\/2016\/10\/03\/irak-avaruusmatkailua-jo-vuodesta-5000-eaa\/\"]}]},{\"@type\":\"ImageObject\",\"inLanguage\":\"fi\",\"@id\":\"https:\/\/suomenkuvalehti.fi\/taivaan-tahden\/2016\/10\/03\/irak-avaruusmatkailua-jo-vuodesta-5000-eaa\/#primaryimage\",\"url\":\"https:\/\/suomenkuvalehti.fi\/taivaan-tahden\/wp-content\/uploads\/sites\/36\/2016\/10\/Sumerian_account_of_silver_for_the_govenor_background_removed.jpg\",\"contentUrl\":\"https:\/\/suomenkuvalehti.fi\/taivaan-tahden\/wp-content\/uploads\/sites\/36\/2016\/10\/Sumerian_account_of_silver_for_the_govenor_background_removed.jpg\"},{\"@type\":\"BreadcrumbList\",\"@id\":\"https:\/\/suomenkuvalehti.fi\/taivaan-tahden\/2016\/10\/03\/irak-avaruusmatkailua-jo-vuodesta-5000-eaa\/#breadcrumb\",\"itemListElement\":[{\"@type\":\"ListItem\",\"position\":1,\"name\":\"Home\",\"item\":\"https:\/\/suomenkuvalehti.fi\/taivaan-tahden\/\"},{\"@type\":\"ListItem\",\"position\":2,\"name\":\"Irak &#8211; avaruusmatkailua jo vuodesta 5000 eaa.\"}]},{\"@type\":\"WebSite\",\"@id\":\"https:\/\/suomenkuvalehti.fi\/taivaan-tahden\/#website\",\"url\":\"https:\/\/suomenkuvalehti.fi\/taivaan-tahden\/\",\"name\":\"Taivaan t\u00e4hden\",\"description\":\"Tiedetoimittaja Markus Hotakainen h\u00e4mm\u00e4stelee maailmankaikkeutta.\",\"potentialAction\":[{\"@type\":\"SearchAction\",\"target\":{\"@type\":\"EntryPoint\",\"urlTemplate\":\"https:\/\/suomenkuvalehti.fi\/haku\/?q={search_term_string}\"},\"query-input\":{\"@type\":\"PropertyValueSpecification\",\"valueRequired\":true,\"valueName\":\"search_term_string\"}}],\"inLanguage\":\"fi\"},{\"@type\":\"Person\",\"@id\":\"https:\/\/suomenkuvalehti.fi\/taivaan-tahden\/#\/schema\/person\/c9c1373acb19750e11084ef640abeae0\",\"name\":\"Markus Hotakainen\",\"image\":{\"@type\":\"ImageObject\",\"inLanguage\":\"fi\",\"@id\":\"https:\/\/suomenkuvalehti.fi\/taivaan-tahden\/#\/schema\/person\/image\/\",\"url\":\"https:\/\/suomenkuvalehti.fi\/taivaan-tahden\/wp-content\/uploads\/sites\/36\/2018\/05\/markus_hotakainen_blogi_pieni-150x150.jpg\",\"contentUrl\":\"https:\/\/suomenkuvalehti.fi\/taivaan-tahden\/wp-content\/uploads\/sites\/36\/2018\/05\/markus_hotakainen_blogi_pieni-150x150.jpg\",\"caption\":\"Markus Hotakainen\"},\"description\":\"Kirjoittaja on tiedetoimittaja ja tietokirjailija.\"}]}<\/script>\n<!-- \/ Yoast SEO plugin. -->","yoast_head_json":{"title":"Irak - avaruusmatkailua jo vuodesta 5000 eaa. - Taivaan t\u00e4hden","robots":{"index":"index","follow":"follow","max-snippet":"max-snippet:-1","max-image-preview":"max-image-preview:large","max-video-preview":"max-video-preview:-1"},"canonical":"https:\/\/suomenkuvalehti.fi\/taivaan-tahden\/2016\/10\/03\/irak-avaruusmatkailua-jo-vuodesta-5000-eaa\/","og_locale":"fi_FI","og_type":"article","og_title":"Irak - avaruusmatkailua jo vuodesta 5000 eaa. - Taivaan t\u00e4hden","og_description":"Irakilla on hallituksessaan melkoinen velikulta. Liikenneministeri Kazem Finjanin mukaan Dhi Qarista on lennetty avaruuteen jo seitsem\u00e4n vuosituhatta sitten. Muinaisilla sumereilla oli h\u00e4nen mukaansa hallussaan tietoa ja taitoa, jonka turvin he pystyiv\u00e4t matkaamaan ymp\u00e4ri Aur&hellip;","og_url":"https:\/\/suomenkuvalehti.fi\/taivaan-tahden\/2016\/10\/03\/irak-avaruusmatkailua-jo-vuodesta-5000-eaa\/","og_site_name":"Taivaan t\u00e4hden","article_published_time":"2016-10-03T06:30:07+00:00","og_image":[{"width":700,"height":694,"url":"https:\/\/suomenkuvalehti.fi\/taivaan-tahden\/wp-content\/uploads\/sites\/36\/2016\/10\/Sumerian_account_of_silver_for_the_govenor_background_removed.jpg","type":"image\/jpeg"}],"author":"Markus Hotakainen","twitter_card":"summary_large_image","twitter_misc":{"Written by":"Markus Hotakainen","Est. reading time":"1 minuutti"},"schema":{"@context":"https:\/\/schema.org","@graph":[{"@type":"WebPage","@id":"https:\/\/suomenkuvalehti.fi\/taivaan-tahden\/2016\/10\/03\/irak-avaruusmatkailua-jo-vuodesta-5000-eaa\/","url":"https:\/\/suomenkuvalehti.fi\/taivaan-tahden\/2016\/10\/03\/irak-avaruusmatkailua-jo-vuodesta-5000-eaa\/","name":"Irak - avaruusmatkailua jo vuodesta 5000 eaa. - Taivaan t\u00e4hden","isPartOf":{"@id":"https:\/\/suomenkuvalehti.fi\/taivaan-tahden\/#website"},"primaryImageOfPage":{"@id":"https:\/\/suomenkuvalehti.fi\/taivaan-tahden\/2016\/10\/03\/irak-avaruusmatkailua-jo-vuodesta-5000-eaa\/#primaryimage"},"image":{"@id":"https:\/\/suomenkuvalehti.fi\/taivaan-tahden\/2016\/10\/03\/irak-avaruusmatkailua-jo-vuodesta-5000-eaa\/#primaryimage"},"thumbnailUrl":"https:\/\/suomenkuvalehti.fi\/taivaan-tahden\/wp-content\/uploads\/sites\/36\/2016\/10\/Sumerian_account_of_silver_for_the_govenor_background_removed.jpg","datePublished":"2016-10-03T06:30:07+00:00","author":{"@id":"https:\/\/suomenkuvalehti.fi\/taivaan-tahden\/#\/schema\/person\/c9c1373acb19750e11084ef640abeae0"},"breadcrumb":{"@id":"https:\/\/suomenkuvalehti.fi\/taivaan-tahden\/2016\/10\/03\/irak-avaruusmatkailua-jo-vuodesta-5000-eaa\/#breadcrumb"},"inLanguage":"fi","potentialAction":[{"@type":"ReadAction","target":["https:\/\/suomenkuvalehti.fi\/taivaan-tahden\/2016\/10\/03\/irak-avaruusmatkailua-jo-vuodesta-5000-eaa\/"]}]},{"@type":"ImageObject","inLanguage":"fi","@id":"https:\/\/suomenkuvalehti.fi\/taivaan-tahden\/2016\/10\/03\/irak-avaruusmatkailua-jo-vuodesta-5000-eaa\/#primaryimage","url":"https:\/\/suomenkuvalehti.fi\/taivaan-tahden\/wp-content\/uploads\/sites\/36\/2016\/10\/Sumerian_account_of_silver_for_the_govenor_background_removed.jpg","contentUrl":"https:\/\/suomenkuvalehti.fi\/taivaan-tahden\/wp-content\/uploads\/sites\/36\/2016\/10\/Sumerian_account_of_silver_for_the_govenor_background_removed.jpg"},{"@type":"BreadcrumbList","@id":"https:\/\/suomenkuvalehti.fi\/taivaan-tahden\/2016\/10\/03\/irak-avaruusmatkailua-jo-vuodesta-5000-eaa\/#breadcrumb","itemListElement":[{"@type":"ListItem","position":1,"name":"Home","item":"https:\/\/suomenkuvalehti.fi\/taivaan-tahden\/"},{"@type":"ListItem","position":2,"name":"Irak &#8211; avaruusmatkailua jo vuodesta 5000 eaa."}]},{"@type":"WebSite","@id":"https:\/\/suomenkuvalehti.fi\/taivaan-tahden\/#website","url":"https:\/\/suomenkuvalehti.fi\/taivaan-tahden\/","name":"Taivaan t\u00e4hden","description":"Tiedetoimittaja Markus Hotakainen h\u00e4mm\u00e4stelee maailmankaikkeutta.","potentialAction":[{"@type":"SearchAction","target":{"@type":"EntryPoint","urlTemplate":"https:\/\/suomenkuvalehti.fi\/haku\/?q={search_term_string}"},"query-input":{"@type":"PropertyValueSpecification","valueRequired":true,"valueName":"search_term_string"}}],"inLanguage":"fi"},{"@type":"Person","@id":"https:\/\/suomenkuvalehti.fi\/taivaan-tahden\/#\/schema\/person\/c9c1373acb19750e11084ef640abeae0","name":"Markus Hotakainen","image":{"@type":"ImageObject","inLanguage":"fi","@id":"https:\/\/suomenkuvalehti.fi\/taivaan-tahden\/#\/schema\/person\/image\/","url":"https:\/\/suomenkuvalehti.fi\/taivaan-tahden\/wp-content\/uploads\/sites\/36\/2018\/05\/markus_hotakainen_blogi_pieni-150x150.jpg","contentUrl":"https:\/\/suomenkuvalehti.fi\/taivaan-tahden\/wp-content\/uploads\/sites\/36\/2018\/05\/markus_hotakainen_blogi_pieni-150x150.jpg","caption":"Markus Hotakainen"},"description":"Kirjoittaja on tiedetoimittaja ja tietokirjailija."}]}},"_links":{"self":[{"href":"https:\/\/suomenkuvalehti.fi\/taivaan-tahden\/wp-json\/wp\/v2\/posts\/674","targetHints":{"allow":["GET"]}}],"collection":[{"href":"https:\/\/suomenkuvalehti.fi\/taivaan-tahden\/wp-json\/wp\/v2\/posts"}],"about":[{"href":"https:\/\/suomenkuvalehti.fi\/taivaan-tahden\/wp-json\/wp\/v2\/types\/post"}],"author":[{"embeddable":true,"href":"https:\/\/suomenkuvalehti.fi\/taivaan-tahden\/wp-json\/wp\/v2\/users\/557"}],"replies":[{"embeddable":true,"href":"https:\/\/suomenkuvalehti.fi\/taivaan-tahden\/wp-json\/wp\/v2\/comments?post=674"}],"version-history":[{"count":3,"href":"https:\/\/suomenkuvalehti.fi\/taivaan-tahden\/wp-json\/wp\/v2\/posts\/674\/revisions"}],"predecessor-version":[{"id":677,"href":"https:\/\/suomenkuvalehti.fi\/taivaan-tahden\/wp-json\/wp\/v2\/posts\/674\/revisions\/677"}],"wp:attachment":[{"href":"https:\/\/suomenkuvalehti.fi\/taivaan-tahden\/wp-json\/wp\/v2\/media?parent=674"}],"wp:term":[{"taxonomy":"category","embeddable":true,"href":"https:\/\/suomenkuvalehti.fi\/taivaan-tahden\/wp-json\/wp\/v2\/categories?post=674"},{"taxonomy":"post_tag","embeddable":true,"href":"https:\/\/suomenkuvalehti.fi\/taivaan-tahden\/wp-json\/wp\/v2\/tags?post=674"}],"curies":[{"name":"wp","href":"https:\/\/api.w.org\/{rel}","templated":true}]}}