{"id":664,"date":"2016-09-30T10:43:43","date_gmt":"2016-09-30T07:43:43","guid":{"rendered":"https:\/\/suomenkuvalehti.fi\/taivaan-tahden\/?p=664"},"modified":"2016-09-30T10:43:43","modified_gmt":"2016-09-30T07:43:43","slug":"musta-kuu-pimentaa-taivaan","status":"publish","type":"post","link":"https:\/\/suomenkuvalehti.fi\/taivaan-tahden\/2016\/09\/30\/musta-kuu-pimentaa-taivaan\/","title":{"rendered":"Musta Kuu piment\u00e4\u00e4 taivaan"},"content":{"rendered":"<figure class=\"aligncenter size-large is-resized wp-block-image\">\n  <div class=\"wp-block-image__inner-container\">\n    <a href=\"https:\/\/suomenkuvalehti.fi\/taivaan-tahden\/wp-content\/uploads\/sites\/36\/2016\/09\/sirppis_SK.jpg\"><img loading=\"lazy\" decoding=\"async\" src=\"https:\/\/suomenkuvalehti.fi\/taivaan-tahden\/wp-content\/uploads\/sites\/36\/2016\/09\/sirppis_SK-1024x682.jpg\" alt=\"sirppis_sk\" class=\"wp-image-665\" width=\"1024\" height=\"682\" style=\"--aspect-ratio: 1.5\" srcset=\"https:\/\/suomenkuvalehti.fi\/taivaan-tahden\/wp-content\/uploads\/sites\/36\/2016\/09\/sirppis_SK-1024x682.jpg 1024w, https:\/\/suomenkuvalehti.fi\/taivaan-tahden\/wp-content\/uploads\/sites\/36\/2016\/09\/sirppis_SK-300x200.jpg 300w, https:\/\/suomenkuvalehti.fi\/taivaan-tahden\/wp-content\/uploads\/sites\/36\/2016\/09\/sirppis_SK-768x512.jpg 768w, https:\/\/suomenkuvalehti.fi\/taivaan-tahden\/wp-content\/uploads\/sites\/36\/2016\/09\/sirppis_SK.jpg 1181w\" sizes=\"auto, (max-width: 1024px) 100vw, 1024px\" \/><\/a>    <figcaption class=\"wp-block-image__figcaption\">\n      Musta Kuu ei pimenn\u00e4 taivasta. Kuvan sirppi ei liity tapaukseen. Kuva: Markus Hotakainen          <\/figcaption>\n      <\/div>\n<\/figure>\n\n\n<p>N\u00e4it\u00e4 tuntuu riitt\u00e4v\u00e4n: superkuu, sadonkorjuukuu, sininen Kuu\u2026 Suomessa ja suomen kieless\u00e4 t\u00e4llaisia \u201derikoiskuiden\u201d nimityksi\u00e4 ei juuri k\u00e4ytet\u00e4. Onneksi, sill\u00e4 useimmat niist\u00e4 ovat tyystin keinotekoisia.<\/p>\n\n\n\n<p>Superkuu sent\u00e4\u00e4n liittyy Kuuhun itseens\u00e4. Kun kiertolaisemme sattuu olemaan&nbsp;t\u00e4ydenkuun aikaan kiertoradallaan l\u00e4himp\u00e4n\u00e4 Maata, se on \u201dsuper\u201d. Silloin Kuu kumottaa taivaalla hieman tavallista isompana ja hieman tavallista kirkkaampana.<\/p>\n\n\n\n<p>Kun vertailukohtaa ei ole &#8211; superkuun rinnalla ei ole n\u00e4kyviss\u00e4 \u201dtavallista\u201d Kuuta &#8211; eip\u00e4 tuo sen kummemmalta paljain silmin n\u00e4yt\u00e4. Kuviin voi tietysti ikuistaa hieman kookkaamman kuunkehr\u00e4n ja vertailla sit\u00e4 aikaisempiin otoksiin.<\/p>\n\n\n\n<p>Sadonkorjuukuu eli \u201dHarvest Moon\u201d on puolestaan l\u00e4himp\u00e4n\u00e4 syysp\u00e4iv\u00e4ntasausta oleva t\u00e4ysikuu. Silloin p\u00e4iv\u00e4 ja y\u00f6 ovat yht\u00e4 pitk\u00e4t, mutta ei se Kuun ulkon\u00e4k\u00f6\u00f6n vaikuta: t\u00e4ysikuu mik\u00e4 t\u00e4ysikuu.<\/p>\n\n\n\n<p>Eriv\u00e4riset Kuut sen sijaan ovat ajanlaskuumme liittyvi\u00e4 mielivaltaisuuksia. Sininen Kuu eli \u201dBlue Moon\u201d on toinen samaan kalenterikuukauteen osuva t\u00e4ysikuu.<\/p>\n\n\n\n<p>T\u00e4ysikuu sent\u00e4\u00e4n n\u00e4kyy taivaalla, olipa se sitten super tai sininen, mutta ent\u00e4 musta kuu? Se on toinen saman kuukauden &#8211; t\u00e4ss\u00e4 tapauksessa syyskuun &#8211; aikana sattuva uusikuu. Kuu on silloin Auringon suunnassa ja k\u00e4\u00e4nt\u00e4\u00e4 meille pimennossa olevan puoliskonsa.<\/p>\n\n\n\n<p>Nimens\u00e4 mukaisesti mustaa Kuuta ei voi lainkaan n\u00e4hd\u00e4.<\/p>\n\n\n\n<p>Siksi se onkin n\u00e4ist\u00e4 p\u00f6ljist\u00e4 kalenterierikoisuuksista kaikkein p\u00f6ljin. Silti joissakin &#8211; olkoonkin, ett\u00e4 ulkomaisissa &#8211; medioissa on hehkutettu, kuinka \u201dy\u00f6ll\u00e4 nousee harvinainen musta kuu, joka piment\u00e4\u00e4 taivaan\u201d.<\/p>\n\n\n\n<p>H\u00f6psis. Kun uusikuu kipuaa aamutaivaalle, Aurinko nousee vain muutamaa minuuttia my\u00f6hemmin. Eip\u00e4 siin\u00e4 taivas ihmeemmin pimenny.<\/p>\n\n\n\n<p>Kaiken lis\u00e4ksi koko spektaakkelilta vie meid\u00e4n kantiltamme pohjan se, ett\u00e4 n\u00e4ill\u00e4 pituuspiireill\u00e4 uusikuu ven\u00e4ht\u00e4\u00e4 lokakuun puolelle: Kuu on Auringon suunnassa ensi y\u00f6n\u00e4 eli 1.10. hieman kolmen j\u00e4lkeen Suomen aikaa.<\/p>\n\n\n\n<p>Lauantaiaamuna ei siis kannata ainakaan mustan Kuun takia vaivautua unten mailta yht\u00e4\u00e4n tavallista aikaisemmin.<\/p>\n\n\n","protected":false},"excerpt":{"rendered":"<p>N\u00e4it\u00e4 tuntuu riitt\u00e4v\u00e4n: superkuu, sadonkorjuukuu, sininen Kuu\u2026 Suomessa ja suomen kieless\u00e4 t\u00e4llaisia \u201derikoiskuiden\u201d nimityksi\u00e4 ei juuri k\u00e4ytet\u00e4. Onneksi, sill\u00e4 useimmat niist\u00e4 ovat tyystin keinotekoisia. Superkuu sent\u00e4\u00e4n liittyy Kuuhun itseens\u00e4. Kun kiertolaisemme sattuu<br \/>\nolemaan&nbsp;t\u00e4yden&hellip;<\/p>\n","protected":false},"author":557,"featured_media":0,"comment_status":"open","ping_status":"open","sticky":false,"template":"","format":"standard","meta":{"_acf_changed":false,"asauth_required_access_level":3,"asauth_cansharepaid":"true","om_header_attributes":[],"footnotes":"","om_featured_image_focal_point":[],"om_primary_tag":0,"om_contributors":[],"om_co_authors":[],"beyondwords_generate_audio":"","beyondwords_project_id":"","beyondwords_content_id":"","beyondwords_preview_token":"","beyondwords_player_content":"","beyondwords_player_style":"","beyondwords_language_code":"","beyondwords_language_id":"","beyondwords_title_voice_id":"","beyondwords_body_voice_id":"","beyondwords_summary_voice_id":"","beyondwords_error_message":"","beyondwords_disabled":"","beyondwords_delete_content":"","beyondwords_podcast_id":"","beyondwords_hash":"","publish_post_to_speechkit":"","speechkit_hash":"","speechkit_generate_audio":"","speechkit_project_id":"","speechkit_podcast_id":"","speechkit_error_message":"","speechkit_disabled":"","speechkit_access_key":"","speechkit_error":"","speechkit_info":"","speechkit_response":"","speechkit_retries":"","speechkit_status":"","speechkit_updated_at":"","_speechkit_link":"","_speechkit_text":""},"categories":[1],"tags":[5,295,296,213,134,294],"class_list":["post-664","post","type-post","status-publish","format-standard","hentry","category-taivaan-tahden","tag-kuu","tag-sadonkorjuukuu","tag-sininen-kuu","tag-superkuu","tag-taysikuu","tag-uusikuu"],"om_views":null,"acf":{"tuuma_off":false,"tuuma_kysymys":"","tuuma_vastaus":""},"asauth":{"required_access_level":1,"share_token":"","is_paid":false},"yoast_head":"<!-- This site is optimized with the Yoast SEO plugin v26.4 - https:\/\/yoast.com\/wordpress\/plugins\/seo\/ -->\n<title>Musta Kuu piment\u00e4\u00e4 taivaan - Taivaan t\u00e4hden<\/title>\n<meta name=\"robots\" content=\"index, follow, max-snippet:-1, max-image-preview:large, max-video-preview:-1\" \/>\n<link rel=\"canonical\" href=\"https:\/\/suomenkuvalehti.fi\/taivaan-tahden\/2016\/09\/30\/musta-kuu-pimentaa-taivaan\/\" \/>\n<meta property=\"og:locale\" content=\"fi_FI\" \/>\n<meta property=\"og:type\" content=\"article\" \/>\n<meta property=\"og:title\" content=\"Musta Kuu piment\u00e4\u00e4 taivaan - Taivaan t\u00e4hden\" \/>\n<meta property=\"og:description\" content=\"N\u00e4it\u00e4 tuntuu riitt\u00e4v\u00e4n: superkuu, sadonkorjuukuu, sininen Kuu\u2026 Suomessa ja suomen kieless\u00e4 t\u00e4llaisia \u201derikoiskuiden\u201d nimityksi\u00e4 ei juuri k\u00e4ytet\u00e4. Onneksi, sill\u00e4 useimmat niist\u00e4 ovat tyystin keinotekoisia. Superkuu sent\u00e4\u00e4n liittyy Kuuhun itseens\u00e4. Kun kiertolaisemme sattuu olemaan&nbsp;t\u00e4yden&hellip;\" \/>\n<meta property=\"og:url\" content=\"https:\/\/suomenkuvalehti.fi\/taivaan-tahden\/2016\/09\/30\/musta-kuu-pimentaa-taivaan\/\" \/>\n<meta property=\"og:site_name\" content=\"Taivaan t\u00e4hden\" \/>\n<meta property=\"article:published_time\" content=\"2016-09-30T07:43:43+00:00\" \/>\n<meta property=\"og:image\" content=\"https:\/\/suomenkuvalehti.fi\/taivaan-tahden\/wp-content\/uploads\/sites\/36\/2016\/09\/sirppis_SK.jpg\" \/>\n\t<meta property=\"og:image:width\" content=\"1181\" \/>\n\t<meta property=\"og:image:height\" content=\"787\" \/>\n\t<meta property=\"og:image:type\" content=\"image\/jpeg\" \/>\n<meta name=\"author\" content=\"Markus Hotakainen\" \/>\n<meta name=\"twitter:card\" content=\"summary_large_image\" \/>\n<meta name=\"twitter:label1\" content=\"Written by\" \/>\n\t<meta name=\"twitter:data1\" content=\"Markus Hotakainen\" \/>\n\t<meta name=\"twitter:label2\" content=\"Est. reading time\" \/>\n\t<meta name=\"twitter:data2\" content=\"2 minuuttia\" \/>\n<script type=\"application\/ld+json\" class=\"yoast-schema-graph\">{\"@context\":\"https:\/\/schema.org\",\"@graph\":[{\"@type\":\"WebPage\",\"@id\":\"https:\/\/suomenkuvalehti.fi\/taivaan-tahden\/2016\/09\/30\/musta-kuu-pimentaa-taivaan\/\",\"url\":\"https:\/\/suomenkuvalehti.fi\/taivaan-tahden\/2016\/09\/30\/musta-kuu-pimentaa-taivaan\/\",\"name\":\"Musta Kuu piment\u00e4\u00e4 taivaan - Taivaan t\u00e4hden\",\"isPartOf\":{\"@id\":\"https:\/\/suomenkuvalehti.fi\/taivaan-tahden\/#website\"},\"primaryImageOfPage\":{\"@id\":\"https:\/\/suomenkuvalehti.fi\/taivaan-tahden\/2016\/09\/30\/musta-kuu-pimentaa-taivaan\/#primaryimage\"},\"image\":{\"@id\":\"https:\/\/suomenkuvalehti.fi\/taivaan-tahden\/2016\/09\/30\/musta-kuu-pimentaa-taivaan\/#primaryimage\"},\"thumbnailUrl\":\"https:\/\/suomenkuvalehti.fi\/taivaan-tahden\/wp-content\/uploads\/sites\/36\/2016\/09\/sirppis_SK-1024x682.jpg\",\"datePublished\":\"2016-09-30T07:43:43+00:00\",\"author\":{\"@id\":\"https:\/\/suomenkuvalehti.fi\/taivaan-tahden\/#\/schema\/person\/c9c1373acb19750e11084ef640abeae0\"},\"breadcrumb\":{\"@id\":\"https:\/\/suomenkuvalehti.fi\/taivaan-tahden\/2016\/09\/30\/musta-kuu-pimentaa-taivaan\/#breadcrumb\"},\"inLanguage\":\"fi\",\"potentialAction\":[{\"@type\":\"ReadAction\",\"target\":[\"https:\/\/suomenkuvalehti.fi\/taivaan-tahden\/2016\/09\/30\/musta-kuu-pimentaa-taivaan\/\"]}]},{\"@type\":\"ImageObject\",\"inLanguage\":\"fi\",\"@id\":\"https:\/\/suomenkuvalehti.fi\/taivaan-tahden\/2016\/09\/30\/musta-kuu-pimentaa-taivaan\/#primaryimage\",\"url\":\"https:\/\/suomenkuvalehti.fi\/taivaan-tahden\/wp-content\/uploads\/sites\/36\/2016\/09\/sirppis_SK.jpg\",\"contentUrl\":\"https:\/\/suomenkuvalehti.fi\/taivaan-tahden\/wp-content\/uploads\/sites\/36\/2016\/09\/sirppis_SK.jpg\",\"width\":1181,\"height\":787},{\"@type\":\"BreadcrumbList\",\"@id\":\"https:\/\/suomenkuvalehti.fi\/taivaan-tahden\/2016\/09\/30\/musta-kuu-pimentaa-taivaan\/#breadcrumb\",\"itemListElement\":[{\"@type\":\"ListItem\",\"position\":1,\"name\":\"Home\",\"item\":\"https:\/\/suomenkuvalehti.fi\/taivaan-tahden\/\"},{\"@type\":\"ListItem\",\"position\":2,\"name\":\"Musta Kuu piment\u00e4\u00e4 taivaan\"}]},{\"@type\":\"WebSite\",\"@id\":\"https:\/\/suomenkuvalehti.fi\/taivaan-tahden\/#website\",\"url\":\"https:\/\/suomenkuvalehti.fi\/taivaan-tahden\/\",\"name\":\"Taivaan t\u00e4hden\",\"description\":\"Tiedetoimittaja Markus Hotakainen h\u00e4mm\u00e4stelee maailmankaikkeutta.\",\"potentialAction\":[{\"@type\":\"SearchAction\",\"target\":{\"@type\":\"EntryPoint\",\"urlTemplate\":\"https:\/\/suomenkuvalehti.fi\/haku\/?q={search_term_string}\"},\"query-input\":{\"@type\":\"PropertyValueSpecification\",\"valueRequired\":true,\"valueName\":\"search_term_string\"}}],\"inLanguage\":\"fi\"},{\"@type\":\"Person\",\"@id\":\"https:\/\/suomenkuvalehti.fi\/taivaan-tahden\/#\/schema\/person\/c9c1373acb19750e11084ef640abeae0\",\"name\":\"Markus Hotakainen\",\"image\":{\"@type\":\"ImageObject\",\"inLanguage\":\"fi\",\"@id\":\"https:\/\/suomenkuvalehti.fi\/taivaan-tahden\/#\/schema\/person\/image\/\",\"url\":\"https:\/\/suomenkuvalehti.fi\/taivaan-tahden\/wp-content\/uploads\/sites\/36\/2018\/05\/markus_hotakainen_blogi_pieni-150x150.jpg\",\"contentUrl\":\"https:\/\/suomenkuvalehti.fi\/taivaan-tahden\/wp-content\/uploads\/sites\/36\/2018\/05\/markus_hotakainen_blogi_pieni-150x150.jpg\",\"caption\":\"Markus Hotakainen\"},\"description\":\"Kirjoittaja on tiedetoimittaja ja tietokirjailija.\"}]}<\/script>\n<!-- \/ Yoast SEO plugin. -->","yoast_head_json":{"title":"Musta Kuu piment\u00e4\u00e4 taivaan - Taivaan t\u00e4hden","robots":{"index":"index","follow":"follow","max-snippet":"max-snippet:-1","max-image-preview":"max-image-preview:large","max-video-preview":"max-video-preview:-1"},"canonical":"https:\/\/suomenkuvalehti.fi\/taivaan-tahden\/2016\/09\/30\/musta-kuu-pimentaa-taivaan\/","og_locale":"fi_FI","og_type":"article","og_title":"Musta Kuu piment\u00e4\u00e4 taivaan - Taivaan t\u00e4hden","og_description":"N\u00e4it\u00e4 tuntuu riitt\u00e4v\u00e4n: superkuu, sadonkorjuukuu, sininen Kuu\u2026 Suomessa ja suomen kieless\u00e4 t\u00e4llaisia \u201derikoiskuiden\u201d nimityksi\u00e4 ei juuri k\u00e4ytet\u00e4. Onneksi, sill\u00e4 useimmat niist\u00e4 ovat tyystin keinotekoisia. Superkuu sent\u00e4\u00e4n liittyy Kuuhun itseens\u00e4. Kun kiertolaisemme sattuu olemaan&nbsp;t\u00e4yden&hellip;","og_url":"https:\/\/suomenkuvalehti.fi\/taivaan-tahden\/2016\/09\/30\/musta-kuu-pimentaa-taivaan\/","og_site_name":"Taivaan t\u00e4hden","article_published_time":"2016-09-30T07:43:43+00:00","og_image":[{"width":1181,"height":787,"url":"https:\/\/suomenkuvalehti.fi\/taivaan-tahden\/wp-content\/uploads\/sites\/36\/2016\/09\/sirppis_SK.jpg","type":"image\/jpeg"}],"author":"Markus Hotakainen","twitter_card":"summary_large_image","twitter_misc":{"Written by":"Markus Hotakainen","Est. reading time":"2 minuuttia"},"schema":{"@context":"https:\/\/schema.org","@graph":[{"@type":"WebPage","@id":"https:\/\/suomenkuvalehti.fi\/taivaan-tahden\/2016\/09\/30\/musta-kuu-pimentaa-taivaan\/","url":"https:\/\/suomenkuvalehti.fi\/taivaan-tahden\/2016\/09\/30\/musta-kuu-pimentaa-taivaan\/","name":"Musta Kuu piment\u00e4\u00e4 taivaan - Taivaan t\u00e4hden","isPartOf":{"@id":"https:\/\/suomenkuvalehti.fi\/taivaan-tahden\/#website"},"primaryImageOfPage":{"@id":"https:\/\/suomenkuvalehti.fi\/taivaan-tahden\/2016\/09\/30\/musta-kuu-pimentaa-taivaan\/#primaryimage"},"image":{"@id":"https:\/\/suomenkuvalehti.fi\/taivaan-tahden\/2016\/09\/30\/musta-kuu-pimentaa-taivaan\/#primaryimage"},"thumbnailUrl":"https:\/\/suomenkuvalehti.fi\/taivaan-tahden\/wp-content\/uploads\/sites\/36\/2016\/09\/sirppis_SK-1024x682.jpg","datePublished":"2016-09-30T07:43:43+00:00","author":{"@id":"https:\/\/suomenkuvalehti.fi\/taivaan-tahden\/#\/schema\/person\/c9c1373acb19750e11084ef640abeae0"},"breadcrumb":{"@id":"https:\/\/suomenkuvalehti.fi\/taivaan-tahden\/2016\/09\/30\/musta-kuu-pimentaa-taivaan\/#breadcrumb"},"inLanguage":"fi","potentialAction":[{"@type":"ReadAction","target":["https:\/\/suomenkuvalehti.fi\/taivaan-tahden\/2016\/09\/30\/musta-kuu-pimentaa-taivaan\/"]}]},{"@type":"ImageObject","inLanguage":"fi","@id":"https:\/\/suomenkuvalehti.fi\/taivaan-tahden\/2016\/09\/30\/musta-kuu-pimentaa-taivaan\/#primaryimage","url":"https:\/\/suomenkuvalehti.fi\/taivaan-tahden\/wp-content\/uploads\/sites\/36\/2016\/09\/sirppis_SK.jpg","contentUrl":"https:\/\/suomenkuvalehti.fi\/taivaan-tahden\/wp-content\/uploads\/sites\/36\/2016\/09\/sirppis_SK.jpg","width":1181,"height":787},{"@type":"BreadcrumbList","@id":"https:\/\/suomenkuvalehti.fi\/taivaan-tahden\/2016\/09\/30\/musta-kuu-pimentaa-taivaan\/#breadcrumb","itemListElement":[{"@type":"ListItem","position":1,"name":"Home","item":"https:\/\/suomenkuvalehti.fi\/taivaan-tahden\/"},{"@type":"ListItem","position":2,"name":"Musta Kuu piment\u00e4\u00e4 taivaan"}]},{"@type":"WebSite","@id":"https:\/\/suomenkuvalehti.fi\/taivaan-tahden\/#website","url":"https:\/\/suomenkuvalehti.fi\/taivaan-tahden\/","name":"Taivaan t\u00e4hden","description":"Tiedetoimittaja Markus Hotakainen h\u00e4mm\u00e4stelee maailmankaikkeutta.","potentialAction":[{"@type":"SearchAction","target":{"@type":"EntryPoint","urlTemplate":"https:\/\/suomenkuvalehti.fi\/haku\/?q={search_term_string}"},"query-input":{"@type":"PropertyValueSpecification","valueRequired":true,"valueName":"search_term_string"}}],"inLanguage":"fi"},{"@type":"Person","@id":"https:\/\/suomenkuvalehti.fi\/taivaan-tahden\/#\/schema\/person\/c9c1373acb19750e11084ef640abeae0","name":"Markus Hotakainen","image":{"@type":"ImageObject","inLanguage":"fi","@id":"https:\/\/suomenkuvalehti.fi\/taivaan-tahden\/#\/schema\/person\/image\/","url":"https:\/\/suomenkuvalehti.fi\/taivaan-tahden\/wp-content\/uploads\/sites\/36\/2018\/05\/markus_hotakainen_blogi_pieni-150x150.jpg","contentUrl":"https:\/\/suomenkuvalehti.fi\/taivaan-tahden\/wp-content\/uploads\/sites\/36\/2018\/05\/markus_hotakainen_blogi_pieni-150x150.jpg","caption":"Markus Hotakainen"},"description":"Kirjoittaja on tiedetoimittaja ja tietokirjailija."}]}},"_links":{"self":[{"href":"https:\/\/suomenkuvalehti.fi\/taivaan-tahden\/wp-json\/wp\/v2\/posts\/664","targetHints":{"allow":["GET"]}}],"collection":[{"href":"https:\/\/suomenkuvalehti.fi\/taivaan-tahden\/wp-json\/wp\/v2\/posts"}],"about":[{"href":"https:\/\/suomenkuvalehti.fi\/taivaan-tahden\/wp-json\/wp\/v2\/types\/post"}],"author":[{"embeddable":true,"href":"https:\/\/suomenkuvalehti.fi\/taivaan-tahden\/wp-json\/wp\/v2\/users\/557"}],"replies":[{"embeddable":true,"href":"https:\/\/suomenkuvalehti.fi\/taivaan-tahden\/wp-json\/wp\/v2\/comments?post=664"}],"version-history":[{"count":2,"href":"https:\/\/suomenkuvalehti.fi\/taivaan-tahden\/wp-json\/wp\/v2\/posts\/664\/revisions"}],"predecessor-version":[{"id":667,"href":"https:\/\/suomenkuvalehti.fi\/taivaan-tahden\/wp-json\/wp\/v2\/posts\/664\/revisions\/667"}],"wp:attachment":[{"href":"https:\/\/suomenkuvalehti.fi\/taivaan-tahden\/wp-json\/wp\/v2\/media?parent=664"}],"wp:term":[{"taxonomy":"category","embeddable":true,"href":"https:\/\/suomenkuvalehti.fi\/taivaan-tahden\/wp-json\/wp\/v2\/categories?post=664"},{"taxonomy":"post_tag","embeddable":true,"href":"https:\/\/suomenkuvalehti.fi\/taivaan-tahden\/wp-json\/wp\/v2\/tags?post=664"}],"curies":[{"name":"wp","href":"https:\/\/api.w.org\/{rel}","templated":true}]}}