{"id":624,"date":"2016-08-25T09:15:17","date_gmt":"2016-08-25T06:15:17","guid":{"rendered":"https:\/\/suomenkuvalehti.fi\/taivaan-tahden\/?p=624"},"modified":"2016-08-25T09:55:32","modified_gmt":"2016-08-25T06:55:32","slug":"eiko-sipila-tieda-miten-tiedetta-tehdaan","status":"publish","type":"post","link":"https:\/\/suomenkuvalehti.fi\/taivaan-tahden\/2016\/08\/25\/eiko-sipila-tieda-miten-tiedetta-tehdaan\/","title":{"rendered":"Eik\u00f6 Sipil\u00e4 tied\u00e4, miten tiedett\u00e4 tehd\u00e4\u00e4n"},"content":{"rendered":"<figure class=\"aligncenter size-large is-resized wp-block-image\">\n  <div class=\"wp-block-image__inner-container\">\n    <a href=\"https:\/\/suomenkuvalehti.fi\/taivaan-tahden\/wp-content\/uploads\/sites\/36\/2016\/08\/black-holes-orbiting.jpg\"><img loading=\"lazy\" decoding=\"async\" src=\"https:\/\/suomenkuvalehti.fi\/taivaan-tahden\/wp-content\/uploads\/sites\/36\/2016\/08\/black-holes-orbiting-1024x576.jpg\" alt=\"black-holes-orbiting\" class=\"wp-image-625\" width=\"1024\" height=\"576\" style=\"--aspect-ratio: 1.78\" srcset=\"https:\/\/suomenkuvalehti.fi\/taivaan-tahden\/wp-content\/uploads\/sites\/36\/2016\/08\/black-holes-orbiting-1024x576.jpg 1024w, https:\/\/suomenkuvalehti.fi\/taivaan-tahden\/wp-content\/uploads\/sites\/36\/2016\/08\/black-holes-orbiting-300x169.jpg 300w, https:\/\/suomenkuvalehti.fi\/taivaan-tahden\/wp-content\/uploads\/sites\/36\/2016\/08\/black-holes-orbiting-768x432.jpg 768w, https:\/\/suomenkuvalehti.fi\/taivaan-tahden\/wp-content\/uploads\/sites\/36\/2016\/08\/black-holes-orbiting.jpg 1181w\" sizes=\"auto, (max-width: 1024px) 100vw, 1024px\" \/><\/a>    <figcaption class=\"wp-block-image__figcaption\">\n      Gravitaatioaallot ovat hyv\u00e4 esimerkki siit\u00e4, miten tiedett\u00e4 ei en\u00e4\u00e4 tehd\u00e4. Kuva: Swinburne Astronomy Productions          <\/figcaption>\n      <\/div>\n<\/figure>\n\n\n<p>Kai muistatte presidentti <b>Mauno Koiviston<\/b> ajatelman, ett\u00e4 t\u00e4rkeint\u00e4 ei ole p\u00e4\u00e4m\u00e4\u00e4r\u00e4 vaan liike? Alkujaan filosofia on per\u00e4isin <b>Eduard Bernsteinilta<\/b>, 1800-luvun lopulla ja 1900-luvun alussa vaikuttaneelta poliitikolta.<\/p>\n\n\n\n<p>Lausahduksen alkuper\u00e4ll\u00e4 ei ole varsinaisesti v\u00e4li\u00e4, sill\u00e4 aika pian t\u00e4rkeimm\u00e4ksi tuli liikkeen sijasta liikkeen vaikutelma. Asioiden tekeminen korvautui puuhastelulla, toteuttaminen muuttui sijaistoiminnoiksi.<\/p>\n\n\n\n<p>Ne olivat viel\u00e4 kulta-aikoja. Nyt meininki on rappeutunut siihen pisteeseen, ett\u00e4 riitt\u00e4\u00e4, kun on vaikutelma liikkeen vaikutelmasta.<\/p>\n\n\n\n<p>Miten se liittyy tieteen tekemiseen?<\/p>\n\n\n\n<p>Muutama vuosi sitten l\u00f6ytyneen Higgsin hiukkasen olemassalon jo 1960-luvulla ennustanut <b>Peter Higgs<\/b> on todennut, ett\u00e4 h\u00e4nell\u00e4 ei olisi nykyisess\u00e4 tieteen maailmassa mit\u00e4\u00e4n mahdollisuuksia pit\u00e4\u00e4 edes ty\u00f6paikkaansa. Ajattelemiseen ei anneta aikaa.<\/p>\n\n\n\n<p>Otetaan toiseksi esimerkiksi gravitaatioaallot, joista saatiin ensimm\u00e4inen varma havainto viime syksyn\u00e4.<\/p>\n\n\n\n<p>Voisi sanoa, ett\u00e4 vuosikymmeni\u00e4 kest\u00e4nyt jahti tuotti tulosta viime tingassa. Tai oikeastaan pit\u00e4isi sanoa, ett\u00e4 onneksi jahti aloitettiin jo vuosikymmeni\u00e4 sitten.<\/p>\n\n\n\n<p>Hankkeessa on ollut pitkin matkaa ongelmia ja rahoituksen saaminen on ollut ankaraa taistelua, mutta jos t\u00e4llaista a) k\u00e4yt\u00e4nn\u00f6n ja arkiel\u00e4m\u00e4n kannalta hy\u00f6dyt\u00f6nt\u00e4, b) tosi pitk\u00e4aikaista ja c) tuloksiltaan ep\u00e4varmaa projektia oltaisiin k\u00e4ynnist\u00e4m\u00e4ss\u00e4 nyt, se j\u00e4isi todenn\u00e4k\u00f6isesti k\u00e4ynnist\u00e4m\u00e4tt\u00e4.<\/p>\n\n\n\n<p>Tai ainakin loppuisi lyhyeen, kun konkreettista tulosta ei syntyisik\u00e4\u00e4n vuodessa tai korkeintaan kahdessa.<\/p>\n\n\n\n<p>Liioittelua ja k\u00e4rjist\u00e4mist\u00e4, sanovat varmasti monet. Eiv\u00e4tk\u00e4 olisi ihan v\u00e4\u00e4r\u00e4ss\u00e4, mutta\u2026<\/p>\n\n\n\n<p>Pitk\u00e4j\u00e4nteinen tutkimusty\u00f6 ja sen tulevaisuus on t\u00e4ll\u00e4 hetkell\u00e4 ihan aidosti ja oikeasti vaakalaudalla. Tieteen tekemist\u00e4 arvioidaan mittareilla, jotka eiv\u00e4t tieteen tekemisen arviointiin sovellu.<\/p>\n\n\n\n<p>Tutkijoiden pit\u00e4isi saada aikaan pikavauhtia tuloksia, joiden saavuttamiseen ei kuitenkaan anneta aikaa.<\/p>\n\n\n\n<p>Ty\u00f6p\u00e4iv\u00e4t, -illat ja -y\u00f6tkin kuluvat byrokratian py\u00f6ritt\u00e4miseen, hallinnollisista asioista huolehtimiseen, s\u00e4hk\u00f6postitulvan perkaamiseen, kulukuittien skannaamiseen ja ilmeisesti avaruuden muukalaisilta saatujen raportointi- ja muiden ohjelmistojen kanssa kamppailemiseen. Kokouksissa ja toimikunnissa istumisesta puhumattakaan.<\/p>\n\n\n\n<p>Koska tuloksia mitataan v\u00e4\u00e4rill\u00e4 mittareilla, on ollut pakko luoda vaikutelma liikkeen vaikutelmasta, joka n\u00e4ytt\u00e4\u00e4 mittareiden mukaan tuottavalta toiminnalta. Kaikilla on koko ajan kauhea kiire, joten touhuhan vaikuttaa oikein tehokkaalta.<\/p>\n\n\n\n<p>Eik\u00e4 t\u00e4ss\u00e4 muutenkaan ole mit\u00e4\u00e4n h\u00e4t\u00e4\u00e4. Akateemista maailmaa urakalla kurjistaneen hallituksen ja erityisesti p\u00e4\u00e4ministeri <strong>Juha Sipil\u00e4n<\/strong> (kesk) n\u00e4kemysh\u00e4n on, ett\u00e4 tutkimus ja erityisesti perustutkimus voidaan sivuuttaa, kun menn\u00e4\u00e4n suoraan niihin sovelluksiin.<\/p>\n\n\n","protected":false},"excerpt":{"rendered":"<p>Kai muistatte presidentti Mauno Koiviston ajatelman, ett\u00e4 t\u00e4rkeint\u00e4 ei ole p\u00e4\u00e4m\u00e4\u00e4r\u00e4 vaan liike? Alkujaan filosofia on per\u00e4isin Eduard Bernsteinilta, 1800-luvun lopulla ja 1900-luvun alussa vaikuttaneelta poliitikolta. Lausahduksen alkuper\u00e4ll\u00e4 ei ole varsinaisesti v\u00e4li\u00e4,<br \/>\nsill\u00e4 aika p&hellip;<\/p>\n","protected":false},"author":557,"featured_media":0,"comment_status":"open","ping_status":"open","sticky":false,"template":"","format":"standard","meta":{"_acf_changed":false,"asauth_required_access_level":3,"asauth_cansharepaid":"true","om_header_attributes":[],"footnotes":"","om_featured_image_focal_point":[],"om_primary_tag":0,"om_contributors":[],"om_co_authors":[],"beyondwords_generate_audio":"","beyondwords_project_id":"","beyondwords_content_id":"","beyondwords_preview_token":"","beyondwords_player_content":"","beyondwords_player_style":"","beyondwords_language_code":"","beyondwords_language_id":"","beyondwords_title_voice_id":"","beyondwords_body_voice_id":"","beyondwords_summary_voice_id":"","beyondwords_error_message":"","beyondwords_disabled":"","beyondwords_delete_content":"","beyondwords_podcast_id":"","beyondwords_hash":"","publish_post_to_speechkit":"","speechkit_hash":"","speechkit_generate_audio":"","speechkit_project_id":"","speechkit_podcast_id":"","speechkit_error_message":"","speechkit_disabled":"","speechkit_access_key":"","speechkit_error":"","speechkit_info":"","speechkit_response":"","speechkit_retries":"","speechkit_status":"","speechkit_updated_at":"","_speechkit_link":"","_speechkit_text":""},"categories":[1],"tags":[271,168,273,272,270,274,41,171],"class_list":["post-624","post","type-post","status-publish","format-standard","hentry","category-taivaan-tahden","tag-eduard-bernstein","tag-gravitaatioaallot","tag-hallitus","tag-juha-sipila","tag-mauno-koivisto","tag-peter-higgs","tag-tiede","tag-tutkimus"],"om_views":null,"acf":{"tuuma_off":false,"tuuma_kysymys":"","tuuma_vastaus":""},"asauth":{"required_access_level":1,"share_token":"","is_paid":false},"yoast_head":"<!-- This site is optimized with the Yoast SEO plugin v26.4 - https:\/\/yoast.com\/wordpress\/plugins\/seo\/ -->\n<title>Eik\u00f6 Sipil\u00e4 tied\u00e4, miten tiedett\u00e4 tehd\u00e4\u00e4n - Taivaan t\u00e4hden<\/title>\n<meta name=\"robots\" content=\"index, follow, max-snippet:-1, max-image-preview:large, max-video-preview:-1\" \/>\n<link rel=\"canonical\" href=\"https:\/\/suomenkuvalehti.fi\/taivaan-tahden\/2016\/08\/25\/eiko-sipila-tieda-miten-tiedetta-tehdaan\/\" \/>\n<meta property=\"og:locale\" content=\"fi_FI\" \/>\n<meta property=\"og:type\" content=\"article\" \/>\n<meta property=\"og:title\" content=\"Eik\u00f6 Sipil\u00e4 tied\u00e4, miten tiedett\u00e4 tehd\u00e4\u00e4n - Taivaan t\u00e4hden\" \/>\n<meta property=\"og:description\" content=\"Kai muistatte presidentti Mauno Koiviston ajatelman, ett\u00e4 t\u00e4rkeint\u00e4 ei ole p\u00e4\u00e4m\u00e4\u00e4r\u00e4 vaan liike? Alkujaan filosofia on per\u00e4isin Eduard Bernsteinilta, 1800-luvun lopulla ja 1900-luvun alussa vaikuttaneelta poliitikolta. Lausahduksen alkuper\u00e4ll\u00e4 ei ole varsinaisesti v\u00e4li\u00e4, sill\u00e4 aika p&hellip;\" \/>\n<meta property=\"og:url\" content=\"https:\/\/suomenkuvalehti.fi\/taivaan-tahden\/2016\/08\/25\/eiko-sipila-tieda-miten-tiedetta-tehdaan\/\" \/>\n<meta property=\"og:site_name\" content=\"Taivaan t\u00e4hden\" \/>\n<meta property=\"article:published_time\" content=\"2016-08-25T06:15:17+00:00\" \/>\n<meta property=\"article:modified_time\" content=\"2016-08-25T06:55:32+00:00\" \/>\n<meta property=\"og:image\" content=\"https:\/\/suomenkuvalehti.fi\/taivaan-tahden\/wp-content\/uploads\/sites\/36\/2016\/08\/black-holes-orbiting.jpg\" \/>\n\t<meta property=\"og:image:width\" content=\"1181\" \/>\n\t<meta property=\"og:image:height\" content=\"664\" \/>\n\t<meta property=\"og:image:type\" content=\"image\/jpeg\" \/>\n<meta name=\"author\" content=\"Markus Hotakainen\" \/>\n<meta name=\"twitter:card\" content=\"summary_large_image\" \/>\n<meta name=\"twitter:label1\" content=\"Written by\" \/>\n\t<meta name=\"twitter:data1\" content=\"Markus Hotakainen\" \/>\n\t<meta name=\"twitter:label2\" content=\"Est. reading time\" \/>\n\t<meta name=\"twitter:data2\" content=\"2 minuuttia\" \/>\n<script type=\"application\/ld+json\" class=\"yoast-schema-graph\">{\"@context\":\"https:\/\/schema.org\",\"@graph\":[{\"@type\":\"WebPage\",\"@id\":\"https:\/\/suomenkuvalehti.fi\/taivaan-tahden\/2016\/08\/25\/eiko-sipila-tieda-miten-tiedetta-tehdaan\/\",\"url\":\"https:\/\/suomenkuvalehti.fi\/taivaan-tahden\/2016\/08\/25\/eiko-sipila-tieda-miten-tiedetta-tehdaan\/\",\"name\":\"Eik\u00f6 Sipil\u00e4 tied\u00e4, miten tiedett\u00e4 tehd\u00e4\u00e4n - Taivaan t\u00e4hden\",\"isPartOf\":{\"@id\":\"https:\/\/suomenkuvalehti.fi\/taivaan-tahden\/#website\"},\"primaryImageOfPage\":{\"@id\":\"https:\/\/suomenkuvalehti.fi\/taivaan-tahden\/2016\/08\/25\/eiko-sipila-tieda-miten-tiedetta-tehdaan\/#primaryimage\"},\"image\":{\"@id\":\"https:\/\/suomenkuvalehti.fi\/taivaan-tahden\/2016\/08\/25\/eiko-sipila-tieda-miten-tiedetta-tehdaan\/#primaryimage\"},\"thumbnailUrl\":\"https:\/\/suomenkuvalehti.fi\/taivaan-tahden\/wp-content\/uploads\/sites\/36\/2016\/08\/black-holes-orbiting-1024x576.jpg\",\"datePublished\":\"2016-08-25T06:15:17+00:00\",\"dateModified\":\"2016-08-25T06:55:32+00:00\",\"author\":{\"@id\":\"https:\/\/suomenkuvalehti.fi\/taivaan-tahden\/#\/schema\/person\/c9c1373acb19750e11084ef640abeae0\"},\"breadcrumb\":{\"@id\":\"https:\/\/suomenkuvalehti.fi\/taivaan-tahden\/2016\/08\/25\/eiko-sipila-tieda-miten-tiedetta-tehdaan\/#breadcrumb\"},\"inLanguage\":\"fi\",\"potentialAction\":[{\"@type\":\"ReadAction\",\"target\":[\"https:\/\/suomenkuvalehti.fi\/taivaan-tahden\/2016\/08\/25\/eiko-sipila-tieda-miten-tiedetta-tehdaan\/\"]}]},{\"@type\":\"ImageObject\",\"inLanguage\":\"fi\",\"@id\":\"https:\/\/suomenkuvalehti.fi\/taivaan-tahden\/2016\/08\/25\/eiko-sipila-tieda-miten-tiedetta-tehdaan\/#primaryimage\",\"url\":\"https:\/\/suomenkuvalehti.fi\/taivaan-tahden\/wp-content\/uploads\/sites\/36\/2016\/08\/black-holes-orbiting.jpg\",\"contentUrl\":\"https:\/\/suomenkuvalehti.fi\/taivaan-tahden\/wp-content\/uploads\/sites\/36\/2016\/08\/black-holes-orbiting.jpg\",\"width\":1181,\"height\":664},{\"@type\":\"BreadcrumbList\",\"@id\":\"https:\/\/suomenkuvalehti.fi\/taivaan-tahden\/2016\/08\/25\/eiko-sipila-tieda-miten-tiedetta-tehdaan\/#breadcrumb\",\"itemListElement\":[{\"@type\":\"ListItem\",\"position\":1,\"name\":\"Home\",\"item\":\"https:\/\/suomenkuvalehti.fi\/taivaan-tahden\/\"},{\"@type\":\"ListItem\",\"position\":2,\"name\":\"Eik\u00f6 Sipil\u00e4 tied\u00e4, miten tiedett\u00e4 tehd\u00e4\u00e4n\"}]},{\"@type\":\"WebSite\",\"@id\":\"https:\/\/suomenkuvalehti.fi\/taivaan-tahden\/#website\",\"url\":\"https:\/\/suomenkuvalehti.fi\/taivaan-tahden\/\",\"name\":\"Taivaan t\u00e4hden\",\"description\":\"Tiedetoimittaja Markus Hotakainen h\u00e4mm\u00e4stelee maailmankaikkeutta.\",\"potentialAction\":[{\"@type\":\"SearchAction\",\"target\":{\"@type\":\"EntryPoint\",\"urlTemplate\":\"https:\/\/suomenkuvalehti.fi\/haku\/?q={search_term_string}\"},\"query-input\":{\"@type\":\"PropertyValueSpecification\",\"valueRequired\":true,\"valueName\":\"search_term_string\"}}],\"inLanguage\":\"fi\"},{\"@type\":\"Person\",\"@id\":\"https:\/\/suomenkuvalehti.fi\/taivaan-tahden\/#\/schema\/person\/c9c1373acb19750e11084ef640abeae0\",\"name\":\"Markus Hotakainen\",\"image\":{\"@type\":\"ImageObject\",\"inLanguage\":\"fi\",\"@id\":\"https:\/\/suomenkuvalehti.fi\/taivaan-tahden\/#\/schema\/person\/image\/\",\"url\":\"https:\/\/suomenkuvalehti.fi\/taivaan-tahden\/wp-content\/uploads\/sites\/36\/2018\/05\/markus_hotakainen_blogi_pieni-150x150.jpg\",\"contentUrl\":\"https:\/\/suomenkuvalehti.fi\/taivaan-tahden\/wp-content\/uploads\/sites\/36\/2018\/05\/markus_hotakainen_blogi_pieni-150x150.jpg\",\"caption\":\"Markus Hotakainen\"},\"description\":\"Kirjoittaja on tiedetoimittaja ja tietokirjailija.\"}]}<\/script>\n<!-- \/ Yoast SEO plugin. -->","yoast_head_json":{"title":"Eik\u00f6 Sipil\u00e4 tied\u00e4, miten tiedett\u00e4 tehd\u00e4\u00e4n - Taivaan t\u00e4hden","robots":{"index":"index","follow":"follow","max-snippet":"max-snippet:-1","max-image-preview":"max-image-preview:large","max-video-preview":"max-video-preview:-1"},"canonical":"https:\/\/suomenkuvalehti.fi\/taivaan-tahden\/2016\/08\/25\/eiko-sipila-tieda-miten-tiedetta-tehdaan\/","og_locale":"fi_FI","og_type":"article","og_title":"Eik\u00f6 Sipil\u00e4 tied\u00e4, miten tiedett\u00e4 tehd\u00e4\u00e4n - Taivaan t\u00e4hden","og_description":"Kai muistatte presidentti Mauno Koiviston ajatelman, ett\u00e4 t\u00e4rkeint\u00e4 ei ole p\u00e4\u00e4m\u00e4\u00e4r\u00e4 vaan liike? Alkujaan filosofia on per\u00e4isin Eduard Bernsteinilta, 1800-luvun lopulla ja 1900-luvun alussa vaikuttaneelta poliitikolta. Lausahduksen alkuper\u00e4ll\u00e4 ei ole varsinaisesti v\u00e4li\u00e4, sill\u00e4 aika p&hellip;","og_url":"https:\/\/suomenkuvalehti.fi\/taivaan-tahden\/2016\/08\/25\/eiko-sipila-tieda-miten-tiedetta-tehdaan\/","og_site_name":"Taivaan t\u00e4hden","article_published_time":"2016-08-25T06:15:17+00:00","article_modified_time":"2016-08-25T06:55:32+00:00","og_image":[{"width":1181,"height":664,"url":"https:\/\/suomenkuvalehti.fi\/taivaan-tahden\/wp-content\/uploads\/sites\/36\/2016\/08\/black-holes-orbiting.jpg","type":"image\/jpeg"}],"author":"Markus Hotakainen","twitter_card":"summary_large_image","twitter_misc":{"Written by":"Markus Hotakainen","Est. reading time":"2 minuuttia"},"schema":{"@context":"https:\/\/schema.org","@graph":[{"@type":"WebPage","@id":"https:\/\/suomenkuvalehti.fi\/taivaan-tahden\/2016\/08\/25\/eiko-sipila-tieda-miten-tiedetta-tehdaan\/","url":"https:\/\/suomenkuvalehti.fi\/taivaan-tahden\/2016\/08\/25\/eiko-sipila-tieda-miten-tiedetta-tehdaan\/","name":"Eik\u00f6 Sipil\u00e4 tied\u00e4, miten tiedett\u00e4 tehd\u00e4\u00e4n - Taivaan t\u00e4hden","isPartOf":{"@id":"https:\/\/suomenkuvalehti.fi\/taivaan-tahden\/#website"},"primaryImageOfPage":{"@id":"https:\/\/suomenkuvalehti.fi\/taivaan-tahden\/2016\/08\/25\/eiko-sipila-tieda-miten-tiedetta-tehdaan\/#primaryimage"},"image":{"@id":"https:\/\/suomenkuvalehti.fi\/taivaan-tahden\/2016\/08\/25\/eiko-sipila-tieda-miten-tiedetta-tehdaan\/#primaryimage"},"thumbnailUrl":"https:\/\/suomenkuvalehti.fi\/taivaan-tahden\/wp-content\/uploads\/sites\/36\/2016\/08\/black-holes-orbiting-1024x576.jpg","datePublished":"2016-08-25T06:15:17+00:00","dateModified":"2016-08-25T06:55:32+00:00","author":{"@id":"https:\/\/suomenkuvalehti.fi\/taivaan-tahden\/#\/schema\/person\/c9c1373acb19750e11084ef640abeae0"},"breadcrumb":{"@id":"https:\/\/suomenkuvalehti.fi\/taivaan-tahden\/2016\/08\/25\/eiko-sipila-tieda-miten-tiedetta-tehdaan\/#breadcrumb"},"inLanguage":"fi","potentialAction":[{"@type":"ReadAction","target":["https:\/\/suomenkuvalehti.fi\/taivaan-tahden\/2016\/08\/25\/eiko-sipila-tieda-miten-tiedetta-tehdaan\/"]}]},{"@type":"ImageObject","inLanguage":"fi","@id":"https:\/\/suomenkuvalehti.fi\/taivaan-tahden\/2016\/08\/25\/eiko-sipila-tieda-miten-tiedetta-tehdaan\/#primaryimage","url":"https:\/\/suomenkuvalehti.fi\/taivaan-tahden\/wp-content\/uploads\/sites\/36\/2016\/08\/black-holes-orbiting.jpg","contentUrl":"https:\/\/suomenkuvalehti.fi\/taivaan-tahden\/wp-content\/uploads\/sites\/36\/2016\/08\/black-holes-orbiting.jpg","width":1181,"height":664},{"@type":"BreadcrumbList","@id":"https:\/\/suomenkuvalehti.fi\/taivaan-tahden\/2016\/08\/25\/eiko-sipila-tieda-miten-tiedetta-tehdaan\/#breadcrumb","itemListElement":[{"@type":"ListItem","position":1,"name":"Home","item":"https:\/\/suomenkuvalehti.fi\/taivaan-tahden\/"},{"@type":"ListItem","position":2,"name":"Eik\u00f6 Sipil\u00e4 tied\u00e4, miten tiedett\u00e4 tehd\u00e4\u00e4n"}]},{"@type":"WebSite","@id":"https:\/\/suomenkuvalehti.fi\/taivaan-tahden\/#website","url":"https:\/\/suomenkuvalehti.fi\/taivaan-tahden\/","name":"Taivaan t\u00e4hden","description":"Tiedetoimittaja Markus Hotakainen h\u00e4mm\u00e4stelee maailmankaikkeutta.","potentialAction":[{"@type":"SearchAction","target":{"@type":"EntryPoint","urlTemplate":"https:\/\/suomenkuvalehti.fi\/haku\/?q={search_term_string}"},"query-input":{"@type":"PropertyValueSpecification","valueRequired":true,"valueName":"search_term_string"}}],"inLanguage":"fi"},{"@type":"Person","@id":"https:\/\/suomenkuvalehti.fi\/taivaan-tahden\/#\/schema\/person\/c9c1373acb19750e11084ef640abeae0","name":"Markus Hotakainen","image":{"@type":"ImageObject","inLanguage":"fi","@id":"https:\/\/suomenkuvalehti.fi\/taivaan-tahden\/#\/schema\/person\/image\/","url":"https:\/\/suomenkuvalehti.fi\/taivaan-tahden\/wp-content\/uploads\/sites\/36\/2018\/05\/markus_hotakainen_blogi_pieni-150x150.jpg","contentUrl":"https:\/\/suomenkuvalehti.fi\/taivaan-tahden\/wp-content\/uploads\/sites\/36\/2018\/05\/markus_hotakainen_blogi_pieni-150x150.jpg","caption":"Markus Hotakainen"},"description":"Kirjoittaja on tiedetoimittaja ja tietokirjailija."}]}},"_links":{"self":[{"href":"https:\/\/suomenkuvalehti.fi\/taivaan-tahden\/wp-json\/wp\/v2\/posts\/624","targetHints":{"allow":["GET"]}}],"collection":[{"href":"https:\/\/suomenkuvalehti.fi\/taivaan-tahden\/wp-json\/wp\/v2\/posts"}],"about":[{"href":"https:\/\/suomenkuvalehti.fi\/taivaan-tahden\/wp-json\/wp\/v2\/types\/post"}],"author":[{"embeddable":true,"href":"https:\/\/suomenkuvalehti.fi\/taivaan-tahden\/wp-json\/wp\/v2\/users\/557"}],"replies":[{"embeddable":true,"href":"https:\/\/suomenkuvalehti.fi\/taivaan-tahden\/wp-json\/wp\/v2\/comments?post=624"}],"version-history":[{"count":4,"href":"https:\/\/suomenkuvalehti.fi\/taivaan-tahden\/wp-json\/wp\/v2\/posts\/624\/revisions"}],"predecessor-version":[{"id":1253,"href":"https:\/\/suomenkuvalehti.fi\/taivaan-tahden\/wp-json\/wp\/v2\/posts\/624\/revisions\/1253"}],"wp:attachment":[{"href":"https:\/\/suomenkuvalehti.fi\/taivaan-tahden\/wp-json\/wp\/v2\/media?parent=624"}],"wp:term":[{"taxonomy":"category","embeddable":true,"href":"https:\/\/suomenkuvalehti.fi\/taivaan-tahden\/wp-json\/wp\/v2\/categories?post=624"},{"taxonomy":"post_tag","embeddable":true,"href":"https:\/\/suomenkuvalehti.fi\/taivaan-tahden\/wp-json\/wp\/v2\/tags?post=624"}],"curies":[{"name":"wp","href":"https:\/\/api.w.org\/{rel}","templated":true}]}}