{"id":611,"date":"2016-08-12T10:53:20","date_gmt":"2016-08-12T07:53:20","guid":{"rendered":"https:\/\/suomenkuvalehti.fi\/taivaan-tahden\/?p=611"},"modified":"2016-08-12T10:53:20","modified_gmt":"2016-08-12T07:53:20","slug":"taivaallisen-toivomuskaivon-aarella","status":"publish","type":"post","link":"https:\/\/suomenkuvalehti.fi\/taivaan-tahden\/2016\/08\/12\/taivaallisen-toivomuskaivon-aarella\/","title":{"rendered":"Taivaallisen toivomuskaivon \u00e4\u00e4rell\u00e4"},"content":{"rendered":"<figure class=\"aligncenter size-full wp-block-image\">\n  <div class=\"wp-block-image__inner-container\">\n    <a href=\"https:\/\/suomenkuvalehti.fi\/taivaan-tahden\/wp-content\/uploads\/sites\/36\/2016\/08\/The_2010_Perseids_over_the_VLT.jpg\"><img loading=\"lazy\" decoding=\"async\" src=\"https:\/\/suomenkuvalehti.fi\/taivaan-tahden\/wp-content\/uploads\/sites\/36\/2016\/08\/The_2010_Perseids_over_the_VLT.jpg\" alt=\"The_2010_Perseids_over_the_VLT\" class=\"wp-image-612\" width=\"886\" height=\"591\" style=\"--aspect-ratio: 1.5\" srcset=\"https:\/\/suomenkuvalehti.fi\/taivaan-tahden\/wp-content\/uploads\/sites\/36\/2016\/08\/The_2010_Perseids_over_the_VLT.jpg 886w, https:\/\/suomenkuvalehti.fi\/taivaan-tahden\/wp-content\/uploads\/sites\/36\/2016\/08\/The_2010_Perseids_over_the_VLT-300x200.jpg 300w, https:\/\/suomenkuvalehti.fi\/taivaan-tahden\/wp-content\/uploads\/sites\/36\/2016\/08\/The_2010_Perseids_over_the_VLT-768x512.jpg 768w\" sizes=\"auto, (max-width: 886px) 100vw, 886px\" \/><\/a>    <figcaption class=\"wp-block-image__figcaption\">\n      Vaikka perseidit n\u00e4ytt\u00e4v\u00e4t tulevan pohjoiselta taivaanpallolta Perseuksen t\u00e4hdist\u00f6n suunnasta, niit\u00e4 n\u00e4kyy eri puolilla taivasta, my\u00f6s etel\u00e4isell\u00e4 pallonpuoliskolla. Kuva: ESO\/S. Guisard          <\/figcaption>\n      <\/div>\n<\/figure>\n\n\n<p>Ensi y\u00f6n\u00e4 taas paukkuu. Tai ei varsinaisesti pauku, sill\u00e4 t\u00e4hdenlennot viuhuvat taivaankannen halki \u00e4\u00e4nett\u00f6m\u00e4sti. Noin sadan kilometrin korkeudelta, miss\u00e4 avaruudesta tulevat kivensirut k\u00e4r\u00e4ht\u00e4v\u00e4t, ei \u00e4\u00e4ni kanna maanpinnalle saakka.<\/p>\n\n\n\n<p>Perseidien vuotuinen t\u00e4hdenlento- eli meteoriparvi on taas maksimissaan. Aurinkoa kiert\u00e4v\u00e4 Maa kulkee omalla radallaan halki p\u00f6lypilven, jonka komeetta nimelt\u00e4 Swift-Tuttle on syyt\u00e4nyt avaruuteen.<\/p>\n\n\n\n<p>P\u00f6lyhiukkaset ja v\u00e4h\u00e4n isommatkin kivensirut seurailevat komeetan kulkemaa rataa, joka sattumoisin leikkaa Maan radan. Kotiplaneettamme on tuossa ratojen leikkauskohdassa juuri nyt.<\/p>\n\n\n\n<p>Komeetasta irronnut p\u00f6ly kuitenkin levi\u00e4\u00e4 huomattavasti viivamaista rataa laajemmalle, joten t\u00e4hdenlentojen m\u00e4\u00e4r\u00e4 eli meteoriparven aktiivisuus riippuu siit\u00e4, mist\u00e4 kohtaa p\u00f6lyvanaa Maa sattuu kulkemaan.<\/p>\n\n\n\n<p>T\u00e4n\u00e4 vuonna se kulkee vanan keskivaiheilta, joten odotettavissa on tavallista enemm\u00e4n lentot\u00e4hti\u00e4. Huippuhetki sattuu Suomesta katsottuna p\u00e4iv\u00e4saikaan, mutta ensi y\u00f6n\u00e4 on silti mahdollista n\u00e4hd\u00e4 kymmeni\u00e4 t\u00e4hdenlentoja tunnissa.<\/p>\n\n\n\n<p>Niit\u00e4 n\u00e4kyi jo viime y\u00f6n\u00e4 ja joidenkin raporttien mukaan puolessa tunnissa saattoi vilahtaa yli 20 meteoria.<\/p>\n\n\n\n<p>T\u00e4hdenlentoja n\u00e4kyy joka y\u00f6 muutenkin, mutta vain harvakseltaan, kerran pari tunnissa. Jos niit\u00e4 viuhuu suunnilleen minuutin v\u00e4lein, n\u00e4ytt\u00e4\u00e4 silt\u00e4 kuin taivaalta sataisi tulta.<\/p>\n\n\n\n<p>T\u00e4hdenlentoparvi saa nimens\u00e4 t\u00e4hdist\u00f6lt\u00e4, jonka suunnasta ne n\u00e4ytt\u00e4v\u00e4t tulevan. Nimenomaan n\u00e4ytt\u00e4v\u00e4t, sill\u00e4 kyse on perspektiivist\u00e4. Maan ilmakeh\u00e4\u00e4n sy\u00f6ksyv\u00e4t p\u00f6lyhiukkaset kulkevat avaruudessa yhdensuuntaisilla radoilla, mutta ne n\u00e4ytt\u00e4v\u00e4t levi\u00e4v\u00e4n ymp\u00e4ri taivasta.<\/p>\n\n\n\n<p>Ent\u00e4 ne toiveet?<\/p>\n\n\n\n<p>Kansanperinteen mukaan t\u00e4hdenlennon n\u00e4hdess\u00e4\u00e4n voi esitt\u00e4\u00e4 hiljaisen toivomuksen. Toteutumisesta ei kuitenkaan ole takeita.<\/p>\n\n\n\n<p>Siin\u00e4 miss\u00e4 astrologian perusteet &#8211; planeettojen sijainnit ja liikkeet vaikuttaisivat mukamas ihmiskohtaloihin &#8211; ovat silkkaa puppua, Maan ilmakeh\u00e4\u00e4n sy\u00f6ksyv\u00e4n hiekansirun silm\u00e4nr\u00e4p\u00e4yksellinen h\u00f6yrystyminen vaikuttaa tulevaisuuteen viel\u00e4 v\u00e4hemm\u00e4n.<\/p>\n\n\n\n<p>Toivoa toki saa, mutta jos perseidit ensi y\u00f6n\u00e4 \u00e4ityv\u00e4t kunnon myrskyksi, kannattaa laatia toivomuslista jo etuk\u00e4teen.<\/p>\n\n\n","protected":false},"excerpt":{"rendered":"<p>Ensi y\u00f6n\u00e4 taas paukkuu. Tai ei varsinaisesti pauku, sill\u00e4 t\u00e4hdenlennot viuhuvat taivaankannen halki \u00e4\u00e4nett\u00f6m\u00e4sti. Noin sadan kilometrin korkeudelta, miss\u00e4 avaruudesta tulevat kivensirut k\u00e4r\u00e4ht\u00e4v\u00e4t, ei \u00e4\u00e4ni kanna maanpinnalle saakka. Perseidien vuotuinen t\u00e4hdenlento- eli<br \/>\nmeteoriparvi on&hellip;<\/p>\n","protected":false},"author":557,"featured_media":0,"comment_status":"open","ping_status":"open","sticky":false,"template":"","format":"standard","meta":{"_acf_changed":false,"asauth_required_access_level":3,"asauth_cansharepaid":"true","om_header_attributes":[],"footnotes":"","om_featured_image_focal_point":[],"om_primary_tag":0,"om_contributors":[],"om_co_authors":[],"beyondwords_generate_audio":"","beyondwords_project_id":"","beyondwords_content_id":"","beyondwords_preview_token":"","beyondwords_player_content":"","beyondwords_player_style":"","beyondwords_language_code":"","beyondwords_language_id":"","beyondwords_title_voice_id":"","beyondwords_body_voice_id":"","beyondwords_summary_voice_id":"","beyondwords_error_message":"","beyondwords_disabled":"","beyondwords_delete_content":"","beyondwords_podcast_id":"","beyondwords_hash":"","publish_post_to_speechkit":"","speechkit_hash":"","speechkit_generate_audio":"","speechkit_project_id":"","speechkit_podcast_id":"","speechkit_error_message":"","speechkit_disabled":"","speechkit_access_key":"","speechkit_error":"","speechkit_info":"","speechkit_response":"","speechkit_retries":"","speechkit_status":"","speechkit_updated_at":"","_speechkit_link":"","_speechkit_text":""},"categories":[1],"tags":[104,28,69,71,68],"class_list":["post-611","post","type-post","status-publish","format-standard","hentry","category-taivaan-tahden","tag-komeetta","tag-meteori","tag-perseidit","tag-swift-tuttle","tag-tahdenlento"],"om_views":null,"acf":{"tuuma_off":false,"tuuma_kysymys":"","tuuma_vastaus":""},"asauth":{"required_access_level":1,"share_token":"","is_paid":false},"yoast_head":"<!-- This site is optimized with the Yoast SEO plugin v26.4 - https:\/\/yoast.com\/wordpress\/plugins\/seo\/ -->\n<title>Taivaallisen toivomuskaivon \u00e4\u00e4rell\u00e4 - Taivaan t\u00e4hden<\/title>\n<meta name=\"robots\" content=\"index, follow, max-snippet:-1, max-image-preview:large, max-video-preview:-1\" \/>\n<link rel=\"canonical\" href=\"https:\/\/suomenkuvalehti.fi\/taivaan-tahden\/2016\/08\/12\/taivaallisen-toivomuskaivon-aarella\/\" \/>\n<meta property=\"og:locale\" content=\"fi_FI\" \/>\n<meta property=\"og:type\" content=\"article\" \/>\n<meta property=\"og:title\" content=\"Taivaallisen toivomuskaivon \u00e4\u00e4rell\u00e4 - Taivaan t\u00e4hden\" \/>\n<meta property=\"og:description\" content=\"Ensi y\u00f6n\u00e4 taas paukkuu. Tai ei varsinaisesti pauku, sill\u00e4 t\u00e4hdenlennot viuhuvat taivaankannen halki \u00e4\u00e4nett\u00f6m\u00e4sti. Noin sadan kilometrin korkeudelta, miss\u00e4 avaruudesta tulevat kivensirut k\u00e4r\u00e4ht\u00e4v\u00e4t, ei \u00e4\u00e4ni kanna maanpinnalle saakka. Perseidien vuotuinen t\u00e4hdenlento- eli meteoriparvi on&hellip;\" \/>\n<meta property=\"og:url\" content=\"https:\/\/suomenkuvalehti.fi\/taivaan-tahden\/2016\/08\/12\/taivaallisen-toivomuskaivon-aarella\/\" \/>\n<meta property=\"og:site_name\" content=\"Taivaan t\u00e4hden\" \/>\n<meta property=\"article:published_time\" content=\"2016-08-12T07:53:20+00:00\" \/>\n<meta property=\"og:image\" content=\"https:\/\/suomenkuvalehti.fi\/taivaan-tahden\/wp-content\/uploads\/sites\/36\/2016\/08\/The_2010_Perseids_over_the_VLT.jpg\" \/>\n\t<meta property=\"og:image:width\" content=\"886\" \/>\n\t<meta property=\"og:image:height\" content=\"591\" \/>\n\t<meta property=\"og:image:type\" content=\"image\/jpeg\" \/>\n<meta name=\"author\" content=\"Markus Hotakainen\" \/>\n<meta name=\"twitter:card\" content=\"summary_large_image\" \/>\n<meta name=\"twitter:label1\" content=\"Written by\" \/>\n\t<meta name=\"twitter:data1\" content=\"Markus Hotakainen\" \/>\n\t<meta name=\"twitter:label2\" content=\"Est. reading time\" \/>\n\t<meta name=\"twitter:data2\" content=\"2 minuuttia\" \/>\n<script type=\"application\/ld+json\" class=\"yoast-schema-graph\">{\"@context\":\"https:\/\/schema.org\",\"@graph\":[{\"@type\":\"WebPage\",\"@id\":\"https:\/\/suomenkuvalehti.fi\/taivaan-tahden\/2016\/08\/12\/taivaallisen-toivomuskaivon-aarella\/\",\"url\":\"https:\/\/suomenkuvalehti.fi\/taivaan-tahden\/2016\/08\/12\/taivaallisen-toivomuskaivon-aarella\/\",\"name\":\"Taivaallisen toivomuskaivon \u00e4\u00e4rell\u00e4 - Taivaan t\u00e4hden\",\"isPartOf\":{\"@id\":\"https:\/\/suomenkuvalehti.fi\/taivaan-tahden\/#website\"},\"primaryImageOfPage\":{\"@id\":\"https:\/\/suomenkuvalehti.fi\/taivaan-tahden\/2016\/08\/12\/taivaallisen-toivomuskaivon-aarella\/#primaryimage\"},\"image\":{\"@id\":\"https:\/\/suomenkuvalehti.fi\/taivaan-tahden\/2016\/08\/12\/taivaallisen-toivomuskaivon-aarella\/#primaryimage\"},\"thumbnailUrl\":\"https:\/\/suomenkuvalehti.fi\/taivaan-tahden\/wp-content\/uploads\/sites\/36\/2016\/08\/The_2010_Perseids_over_the_VLT.jpg\",\"datePublished\":\"2016-08-12T07:53:20+00:00\",\"author\":{\"@id\":\"https:\/\/suomenkuvalehti.fi\/taivaan-tahden\/#\/schema\/person\/c9c1373acb19750e11084ef640abeae0\"},\"breadcrumb\":{\"@id\":\"https:\/\/suomenkuvalehti.fi\/taivaan-tahden\/2016\/08\/12\/taivaallisen-toivomuskaivon-aarella\/#breadcrumb\"},\"inLanguage\":\"fi\",\"potentialAction\":[{\"@type\":\"ReadAction\",\"target\":[\"https:\/\/suomenkuvalehti.fi\/taivaan-tahden\/2016\/08\/12\/taivaallisen-toivomuskaivon-aarella\/\"]}]},{\"@type\":\"ImageObject\",\"inLanguage\":\"fi\",\"@id\":\"https:\/\/suomenkuvalehti.fi\/taivaan-tahden\/2016\/08\/12\/taivaallisen-toivomuskaivon-aarella\/#primaryimage\",\"url\":\"https:\/\/suomenkuvalehti.fi\/taivaan-tahden\/wp-content\/uploads\/sites\/36\/2016\/08\/The_2010_Perseids_over_the_VLT.jpg\",\"contentUrl\":\"https:\/\/suomenkuvalehti.fi\/taivaan-tahden\/wp-content\/uploads\/sites\/36\/2016\/08\/The_2010_Perseids_over_the_VLT.jpg\"},{\"@type\":\"BreadcrumbList\",\"@id\":\"https:\/\/suomenkuvalehti.fi\/taivaan-tahden\/2016\/08\/12\/taivaallisen-toivomuskaivon-aarella\/#breadcrumb\",\"itemListElement\":[{\"@type\":\"ListItem\",\"position\":1,\"name\":\"Home\",\"item\":\"https:\/\/suomenkuvalehti.fi\/taivaan-tahden\/\"},{\"@type\":\"ListItem\",\"position\":2,\"name\":\"Taivaallisen toivomuskaivon \u00e4\u00e4rell\u00e4\"}]},{\"@type\":\"WebSite\",\"@id\":\"https:\/\/suomenkuvalehti.fi\/taivaan-tahden\/#website\",\"url\":\"https:\/\/suomenkuvalehti.fi\/taivaan-tahden\/\",\"name\":\"Taivaan t\u00e4hden\",\"description\":\"Tiedetoimittaja Markus Hotakainen h\u00e4mm\u00e4stelee maailmankaikkeutta.\",\"potentialAction\":[{\"@type\":\"SearchAction\",\"target\":{\"@type\":\"EntryPoint\",\"urlTemplate\":\"https:\/\/suomenkuvalehti.fi\/haku\/?q={search_term_string}\"},\"query-input\":{\"@type\":\"PropertyValueSpecification\",\"valueRequired\":true,\"valueName\":\"search_term_string\"}}],\"inLanguage\":\"fi\"},{\"@type\":\"Person\",\"@id\":\"https:\/\/suomenkuvalehti.fi\/taivaan-tahden\/#\/schema\/person\/c9c1373acb19750e11084ef640abeae0\",\"name\":\"Markus Hotakainen\",\"image\":{\"@type\":\"ImageObject\",\"inLanguage\":\"fi\",\"@id\":\"https:\/\/suomenkuvalehti.fi\/taivaan-tahden\/#\/schema\/person\/image\/\",\"url\":\"https:\/\/suomenkuvalehti.fi\/taivaan-tahden\/wp-content\/uploads\/sites\/36\/2018\/05\/markus_hotakainen_blogi_pieni-150x150.jpg\",\"contentUrl\":\"https:\/\/suomenkuvalehti.fi\/taivaan-tahden\/wp-content\/uploads\/sites\/36\/2018\/05\/markus_hotakainen_blogi_pieni-150x150.jpg\",\"caption\":\"Markus Hotakainen\"},\"description\":\"Kirjoittaja on tiedetoimittaja ja tietokirjailija.\"}]}<\/script>\n<!-- \/ Yoast SEO plugin. -->","yoast_head_json":{"title":"Taivaallisen toivomuskaivon \u00e4\u00e4rell\u00e4 - Taivaan t\u00e4hden","robots":{"index":"index","follow":"follow","max-snippet":"max-snippet:-1","max-image-preview":"max-image-preview:large","max-video-preview":"max-video-preview:-1"},"canonical":"https:\/\/suomenkuvalehti.fi\/taivaan-tahden\/2016\/08\/12\/taivaallisen-toivomuskaivon-aarella\/","og_locale":"fi_FI","og_type":"article","og_title":"Taivaallisen toivomuskaivon \u00e4\u00e4rell\u00e4 - Taivaan t\u00e4hden","og_description":"Ensi y\u00f6n\u00e4 taas paukkuu. Tai ei varsinaisesti pauku, sill\u00e4 t\u00e4hdenlennot viuhuvat taivaankannen halki \u00e4\u00e4nett\u00f6m\u00e4sti. Noin sadan kilometrin korkeudelta, miss\u00e4 avaruudesta tulevat kivensirut k\u00e4r\u00e4ht\u00e4v\u00e4t, ei \u00e4\u00e4ni kanna maanpinnalle saakka. Perseidien vuotuinen t\u00e4hdenlento- eli meteoriparvi on&hellip;","og_url":"https:\/\/suomenkuvalehti.fi\/taivaan-tahden\/2016\/08\/12\/taivaallisen-toivomuskaivon-aarella\/","og_site_name":"Taivaan t\u00e4hden","article_published_time":"2016-08-12T07:53:20+00:00","og_image":[{"width":886,"height":591,"url":"https:\/\/suomenkuvalehti.fi\/taivaan-tahden\/wp-content\/uploads\/sites\/36\/2016\/08\/The_2010_Perseids_over_the_VLT.jpg","type":"image\/jpeg"}],"author":"Markus Hotakainen","twitter_card":"summary_large_image","twitter_misc":{"Written by":"Markus Hotakainen","Est. reading time":"2 minuuttia"},"schema":{"@context":"https:\/\/schema.org","@graph":[{"@type":"WebPage","@id":"https:\/\/suomenkuvalehti.fi\/taivaan-tahden\/2016\/08\/12\/taivaallisen-toivomuskaivon-aarella\/","url":"https:\/\/suomenkuvalehti.fi\/taivaan-tahden\/2016\/08\/12\/taivaallisen-toivomuskaivon-aarella\/","name":"Taivaallisen toivomuskaivon \u00e4\u00e4rell\u00e4 - Taivaan t\u00e4hden","isPartOf":{"@id":"https:\/\/suomenkuvalehti.fi\/taivaan-tahden\/#website"},"primaryImageOfPage":{"@id":"https:\/\/suomenkuvalehti.fi\/taivaan-tahden\/2016\/08\/12\/taivaallisen-toivomuskaivon-aarella\/#primaryimage"},"image":{"@id":"https:\/\/suomenkuvalehti.fi\/taivaan-tahden\/2016\/08\/12\/taivaallisen-toivomuskaivon-aarella\/#primaryimage"},"thumbnailUrl":"https:\/\/suomenkuvalehti.fi\/taivaan-tahden\/wp-content\/uploads\/sites\/36\/2016\/08\/The_2010_Perseids_over_the_VLT.jpg","datePublished":"2016-08-12T07:53:20+00:00","author":{"@id":"https:\/\/suomenkuvalehti.fi\/taivaan-tahden\/#\/schema\/person\/c9c1373acb19750e11084ef640abeae0"},"breadcrumb":{"@id":"https:\/\/suomenkuvalehti.fi\/taivaan-tahden\/2016\/08\/12\/taivaallisen-toivomuskaivon-aarella\/#breadcrumb"},"inLanguage":"fi","potentialAction":[{"@type":"ReadAction","target":["https:\/\/suomenkuvalehti.fi\/taivaan-tahden\/2016\/08\/12\/taivaallisen-toivomuskaivon-aarella\/"]}]},{"@type":"ImageObject","inLanguage":"fi","@id":"https:\/\/suomenkuvalehti.fi\/taivaan-tahden\/2016\/08\/12\/taivaallisen-toivomuskaivon-aarella\/#primaryimage","url":"https:\/\/suomenkuvalehti.fi\/taivaan-tahden\/wp-content\/uploads\/sites\/36\/2016\/08\/The_2010_Perseids_over_the_VLT.jpg","contentUrl":"https:\/\/suomenkuvalehti.fi\/taivaan-tahden\/wp-content\/uploads\/sites\/36\/2016\/08\/The_2010_Perseids_over_the_VLT.jpg"},{"@type":"BreadcrumbList","@id":"https:\/\/suomenkuvalehti.fi\/taivaan-tahden\/2016\/08\/12\/taivaallisen-toivomuskaivon-aarella\/#breadcrumb","itemListElement":[{"@type":"ListItem","position":1,"name":"Home","item":"https:\/\/suomenkuvalehti.fi\/taivaan-tahden\/"},{"@type":"ListItem","position":2,"name":"Taivaallisen toivomuskaivon \u00e4\u00e4rell\u00e4"}]},{"@type":"WebSite","@id":"https:\/\/suomenkuvalehti.fi\/taivaan-tahden\/#website","url":"https:\/\/suomenkuvalehti.fi\/taivaan-tahden\/","name":"Taivaan t\u00e4hden","description":"Tiedetoimittaja Markus Hotakainen h\u00e4mm\u00e4stelee maailmankaikkeutta.","potentialAction":[{"@type":"SearchAction","target":{"@type":"EntryPoint","urlTemplate":"https:\/\/suomenkuvalehti.fi\/haku\/?q={search_term_string}"},"query-input":{"@type":"PropertyValueSpecification","valueRequired":true,"valueName":"search_term_string"}}],"inLanguage":"fi"},{"@type":"Person","@id":"https:\/\/suomenkuvalehti.fi\/taivaan-tahden\/#\/schema\/person\/c9c1373acb19750e11084ef640abeae0","name":"Markus Hotakainen","image":{"@type":"ImageObject","inLanguage":"fi","@id":"https:\/\/suomenkuvalehti.fi\/taivaan-tahden\/#\/schema\/person\/image\/","url":"https:\/\/suomenkuvalehti.fi\/taivaan-tahden\/wp-content\/uploads\/sites\/36\/2018\/05\/markus_hotakainen_blogi_pieni-150x150.jpg","contentUrl":"https:\/\/suomenkuvalehti.fi\/taivaan-tahden\/wp-content\/uploads\/sites\/36\/2018\/05\/markus_hotakainen_blogi_pieni-150x150.jpg","caption":"Markus Hotakainen"},"description":"Kirjoittaja on tiedetoimittaja ja tietokirjailija."}]}},"_links":{"self":[{"href":"https:\/\/suomenkuvalehti.fi\/taivaan-tahden\/wp-json\/wp\/v2\/posts\/611","targetHints":{"allow":["GET"]}}],"collection":[{"href":"https:\/\/suomenkuvalehti.fi\/taivaan-tahden\/wp-json\/wp\/v2\/posts"}],"about":[{"href":"https:\/\/suomenkuvalehti.fi\/taivaan-tahden\/wp-json\/wp\/v2\/types\/post"}],"author":[{"embeddable":true,"href":"https:\/\/suomenkuvalehti.fi\/taivaan-tahden\/wp-json\/wp\/v2\/users\/557"}],"replies":[{"embeddable":true,"href":"https:\/\/suomenkuvalehti.fi\/taivaan-tahden\/wp-json\/wp\/v2\/comments?post=611"}],"version-history":[{"count":1,"href":"https:\/\/suomenkuvalehti.fi\/taivaan-tahden\/wp-json\/wp\/v2\/posts\/611\/revisions"}],"predecessor-version":[{"id":613,"href":"https:\/\/suomenkuvalehti.fi\/taivaan-tahden\/wp-json\/wp\/v2\/posts\/611\/revisions\/613"}],"wp:attachment":[{"href":"https:\/\/suomenkuvalehti.fi\/taivaan-tahden\/wp-json\/wp\/v2\/media?parent=611"}],"wp:term":[{"taxonomy":"category","embeddable":true,"href":"https:\/\/suomenkuvalehti.fi\/taivaan-tahden\/wp-json\/wp\/v2\/categories?post=611"},{"taxonomy":"post_tag","embeddable":true,"href":"https:\/\/suomenkuvalehti.fi\/taivaan-tahden\/wp-json\/wp\/v2\/tags?post=611"}],"curies":[{"name":"wp","href":"https:\/\/api.w.org\/{rel}","templated":true}]}}