{"id":586,"date":"2016-07-10T11:39:52","date_gmt":"2016-07-10T08:39:52","guid":{"rendered":"https:\/\/suomenkuvalehti.fi\/taivaan-tahden\/?p=586"},"modified":"2016-07-10T11:39:52","modified_gmt":"2016-07-10T08:39:52","slug":"uusin-asein-alieneiden-metsastykseen-taas","status":"publish","type":"post","link":"https:\/\/suomenkuvalehti.fi\/taivaan-tahden\/2016\/07\/10\/uusin-asein-alieneiden-metsastykseen-taas\/","title":{"rendered":"Uusin asein alieneiden mets\u00e4stykseen &#8211; taas"},"content":{"rendered":"<figure class=\"aligncenter size-large is-resized wp-block-image\">\n  <div class=\"wp-block-image__inner-container\">\n    <a href=\"https:\/\/suomenkuvalehti.fi\/taivaan-tahden\/wp-content\/uploads\/sites\/36\/2016\/07\/1280px-ESO-VLT-Laser-phot-33a-07.jpg\"><img loading=\"lazy\" decoding=\"async\" src=\"https:\/\/suomenkuvalehti.fi\/taivaan-tahden\/wp-content\/uploads\/sites\/36\/2016\/07\/1280px-ESO-VLT-Laser-phot-33a-07-1024x680.jpg\" alt=\"1280px-ESO-VLT-Laser-phot-33a-07\" class=\"wp-image-587\" width=\"1024\" height=\"680\" style=\"--aspect-ratio: 1.51\" srcset=\"https:\/\/suomenkuvalehti.fi\/taivaan-tahden\/wp-content\/uploads\/sites\/36\/2016\/07\/1280px-ESO-VLT-Laser-phot-33a-07-1024x680.jpg 1024w, https:\/\/suomenkuvalehti.fi\/taivaan-tahden\/wp-content\/uploads\/sites\/36\/2016\/07\/1280px-ESO-VLT-Laser-phot-33a-07-300x199.jpg 300w, https:\/\/suomenkuvalehti.fi\/taivaan-tahden\/wp-content\/uploads\/sites\/36\/2016\/07\/1280px-ESO-VLT-Laser-phot-33a-07-768x510.jpg 768w, https:\/\/suomenkuvalehti.fi\/taivaan-tahden\/wp-content\/uploads\/sites\/36\/2016\/07\/1280px-ESO-VLT-Laser-phot-33a-07.jpg 1181w\" sizes=\"auto, (max-width: 1024px) 100vw, 1024px\" \/><\/a>    <figcaption class=\"wp-block-image__figcaption\">\n      Kuka siell\u00e4? Ei ehk\u00e4 kukaan. Kuva: ESO\/ Y. Beletsky          <\/figcaption>\n      <\/div>\n<\/figure>\n\n\n<p>Avaruuden muukalaisten etsint\u00e4 aloitettiin vuonna 1960 kuulostelemalla heid\u00e4n mahdollisia radioviestej\u00e4\u00e4n. Sittemmin hakua on laajennettu optiselle alueelle: voihan olla, ett\u00e4 vieraat sivilisaatiot k\u00e4ytt\u00e4v\u00e4t viestint\u00e4\u00e4n tehokkaita lasereita.<\/p>\n\n\n\n<p>Maailmankaikkeuden el\u00e4m\u00e4n etsint\u00e4 on vaikeaa, koska mikroskooppisia eli\u00f6it\u00e4 ei pysty erottamaan kuin\u2026 mikroskoopilla. Ja sellaista maapallon el\u00e4m\u00e4kin on ollut suurimman osan sen historiasta.<\/p>\n\n\n\n<p>Siksi haeskelun kohteena onkin \u00e4lyllinen el\u00e4m\u00e4 &#8211; jonka l\u00f6yt\u00e4minen on v\u00e4hint\u00e4\u00e4n yht\u00e4 hankalaa, koska mit\u00e4\u00e4n ei ole vuosikymmenien haravoinnista huolimatta l\u00f6ydetty.<\/p>\n\n\n\n<p>SETI-instituutin tutkimusjohtaja <b>Nathalie Cabrol<\/b> on vastik\u00e4\u00e4n tehnyt ehdotuksen entist\u00e4 laaja-alaisemmasta etsinn\u00e4st\u00e4. Ja se pohjautuisi uudenlaiseen n\u00e4kemykseen koko hommasta.<\/p>\n\n\n\n<p>T\u00e4h\u00e4n saakka on ihmiskunnalle tyypillisesti ajateltu asiaa omasta vinkkelist\u00e4mme, ik\u00e4\u00e4n kuin avaruuden muukalaiset eiv\u00e4t olisi todella muukalaisia, vaan jonkinlaisia versioita itsest\u00e4mme. Samaan tapaan kuin Star Trekin suippokorvat tai T\u00e4htien sodan mulkosilm\u00e4t.<\/p>\n\n\n\n<p>Ja kuvitelma on, ett\u00e4 heill\u00e4 olisi k\u00e4yt\u00f6ss\u00e4\u00e4n suunnilleen samanlaista tekniikkaa kuin meill\u00e4 ja siksi avaruuden viestiliikennett\u00e4kin olisi mahdollista \u201dsalakuunnella\u201d suht helposti.<\/p>\n\n\n\n<p>Ei tunnu olevan.<\/p>\n\n\n\n<p>Uusi n\u00e4k\u00f6kulma soveltaa niin fysiikan, biologian, tietotekniikan kuin yhteiskuntatieteidenkin ty\u00f6kaluja, ja pyrkii silt\u00e4 pohjalta selvitt\u00e4m\u00e4\u00e4n, miten, mist\u00e4 ja millaista avaruuden \u00e4ly\u00e4 kannattaisi etsiskell\u00e4.<\/p>\n\n\n\n<p>Cabrol ehdottaa perustettavaksi \u201dVirtuaali-instituuttia\u201d, joka muodostuisi eri alojen asiantuntijoista ja tutkimuslaitoksista ymp\u00e4ri maailman. Jos kosmisten kohtalotovereidemme tavoitteena on pysytell\u00e4 meilt\u00e4 piilossa, se on jatkossa entist\u00e4 hankalampaa.<\/p>\n\n\n\n<p>Jos siell\u00e4 ket\u00e4\u00e4n ylip\u00e4\u00e4t\u00e4\u00e4n on.<\/p>\n\n\n\n<p>&nbsp;<\/p>\n\n\n","protected":false},"excerpt":{"rendered":"<p>Avaruuden muukalaisten etsint\u00e4 aloitettiin vuonna 1960 kuulostelemalla heid\u00e4n mahdollisia radioviestej\u00e4\u00e4n. Sittemmin hakua on laajennettu optiselle alueelle: voihan olla, ett\u00e4 vieraat sivilisaatiot k\u00e4ytt\u00e4v\u00e4t viestint\u00e4\u00e4n tehokkaita lasereita. Maailmankaikkeuden el\u00e4m\u00e4n<br \/>\netsint\u00e4 on &hellip;<\/p>\n","protected":false},"author":557,"featured_media":0,"comment_status":"open","ping_status":"open","sticky":false,"template":"","format":"standard","meta":{"_acf_changed":false,"asauth_required_access_level":3,"asauth_cansharepaid":"true","om_header_attributes":[],"footnotes":"","om_featured_image_focal_point":[],"om_primary_tag":0,"om_contributors":[],"om_co_authors":[],"beyondwords_generate_audio":"","beyondwords_project_id":"","beyondwords_content_id":"","beyondwords_preview_token":"","beyondwords_player_content":"","beyondwords_player_style":"","beyondwords_language_code":"","beyondwords_language_id":"","beyondwords_title_voice_id":"","beyondwords_body_voice_id":"","beyondwords_summary_voice_id":"","beyondwords_error_message":"","beyondwords_disabled":"","beyondwords_delete_content":"","beyondwords_podcast_id":"","beyondwords_hash":"","publish_post_to_speechkit":"","speechkit_hash":"","speechkit_generate_audio":"","speechkit_project_id":"","speechkit_podcast_id":"","speechkit_error_message":"","speechkit_disabled":"","speechkit_access_key":"","speechkit_error":"","speechkit_info":"","speechkit_response":"","speechkit_retries":"","speechkit_status":"","speechkit_updated_at":"","_speechkit_link":"","_speechkit_text":""},"categories":[1],"tags":[89,226,90],"class_list":["post-586","post","type-post","status-publish","format-standard","hentry","category-taivaan-tahden","tag-avaruuden-aly","tag-avaruuden-elama","tag-seti"],"om_views":null,"acf":{"tuuma_off":false,"tuuma_kysymys":"","tuuma_vastaus":""},"asauth":{"required_access_level":1,"share_token":"","is_paid":false},"yoast_head":"<!-- This site is optimized with the Yoast SEO plugin v26.4 - https:\/\/yoast.com\/wordpress\/plugins\/seo\/ -->\n<title>Uusin asein alieneiden mets\u00e4stykseen - taas - Taivaan t\u00e4hden<\/title>\n<meta name=\"robots\" content=\"index, follow, max-snippet:-1, max-image-preview:large, max-video-preview:-1\" \/>\n<link rel=\"canonical\" href=\"https:\/\/suomenkuvalehti.fi\/taivaan-tahden\/2016\/07\/10\/uusin-asein-alieneiden-metsastykseen-taas\/\" \/>\n<meta property=\"og:locale\" content=\"fi_FI\" \/>\n<meta property=\"og:type\" content=\"article\" \/>\n<meta property=\"og:title\" content=\"Uusin asein alieneiden mets\u00e4stykseen - taas - Taivaan t\u00e4hden\" \/>\n<meta property=\"og:description\" content=\"Avaruuden muukalaisten etsint\u00e4 aloitettiin vuonna 1960 kuulostelemalla heid\u00e4n mahdollisia radioviestej\u00e4\u00e4n. Sittemmin hakua on laajennettu optiselle alueelle: voihan olla, ett\u00e4 vieraat sivilisaatiot k\u00e4ytt\u00e4v\u00e4t viestint\u00e4\u00e4n tehokkaita lasereita. Maailmankaikkeuden el\u00e4m\u00e4n etsint\u00e4 on &hellip;\" \/>\n<meta property=\"og:url\" content=\"https:\/\/suomenkuvalehti.fi\/taivaan-tahden\/2016\/07\/10\/uusin-asein-alieneiden-metsastykseen-taas\/\" \/>\n<meta property=\"og:site_name\" content=\"Taivaan t\u00e4hden\" \/>\n<meta property=\"article:published_time\" content=\"2016-07-10T08:39:52+00:00\" \/>\n<meta property=\"og:image\" content=\"https:\/\/suomenkuvalehti.fi\/taivaan-tahden\/wp-content\/uploads\/sites\/36\/2016\/07\/1280px-ESO-VLT-Laser-phot-33a-07.jpg\" \/>\n\t<meta property=\"og:image:width\" content=\"1181\" \/>\n\t<meta property=\"og:image:height\" content=\"784\" \/>\n\t<meta property=\"og:image:type\" content=\"image\/jpeg\" \/>\n<meta name=\"author\" content=\"Markus Hotakainen\" \/>\n<meta name=\"twitter:card\" content=\"summary_large_image\" \/>\n<meta name=\"twitter:label1\" content=\"Written by\" \/>\n\t<meta name=\"twitter:data1\" content=\"Markus Hotakainen\" \/>\n\t<meta name=\"twitter:label2\" content=\"Est. reading time\" \/>\n\t<meta name=\"twitter:data2\" content=\"1 minuutti\" \/>\n<script type=\"application\/ld+json\" class=\"yoast-schema-graph\">{\"@context\":\"https:\/\/schema.org\",\"@graph\":[{\"@type\":\"WebPage\",\"@id\":\"https:\/\/suomenkuvalehti.fi\/taivaan-tahden\/2016\/07\/10\/uusin-asein-alieneiden-metsastykseen-taas\/\",\"url\":\"https:\/\/suomenkuvalehti.fi\/taivaan-tahden\/2016\/07\/10\/uusin-asein-alieneiden-metsastykseen-taas\/\",\"name\":\"Uusin asein alieneiden mets\u00e4stykseen - taas - Taivaan t\u00e4hden\",\"isPartOf\":{\"@id\":\"https:\/\/suomenkuvalehti.fi\/taivaan-tahden\/#website\"},\"primaryImageOfPage\":{\"@id\":\"https:\/\/suomenkuvalehti.fi\/taivaan-tahden\/2016\/07\/10\/uusin-asein-alieneiden-metsastykseen-taas\/#primaryimage\"},\"image\":{\"@id\":\"https:\/\/suomenkuvalehti.fi\/taivaan-tahden\/2016\/07\/10\/uusin-asein-alieneiden-metsastykseen-taas\/#primaryimage\"},\"thumbnailUrl\":\"https:\/\/suomenkuvalehti.fi\/taivaan-tahden\/wp-content\/uploads\/sites\/36\/2016\/07\/1280px-ESO-VLT-Laser-phot-33a-07-1024x680.jpg\",\"datePublished\":\"2016-07-10T08:39:52+00:00\",\"author\":{\"@id\":\"https:\/\/suomenkuvalehti.fi\/taivaan-tahden\/#\/schema\/person\/c9c1373acb19750e11084ef640abeae0\"},\"breadcrumb\":{\"@id\":\"https:\/\/suomenkuvalehti.fi\/taivaan-tahden\/2016\/07\/10\/uusin-asein-alieneiden-metsastykseen-taas\/#breadcrumb\"},\"inLanguage\":\"fi\",\"potentialAction\":[{\"@type\":\"ReadAction\",\"target\":[\"https:\/\/suomenkuvalehti.fi\/taivaan-tahden\/2016\/07\/10\/uusin-asein-alieneiden-metsastykseen-taas\/\"]}]},{\"@type\":\"ImageObject\",\"inLanguage\":\"fi\",\"@id\":\"https:\/\/suomenkuvalehti.fi\/taivaan-tahden\/2016\/07\/10\/uusin-asein-alieneiden-metsastykseen-taas\/#primaryimage\",\"url\":\"https:\/\/suomenkuvalehti.fi\/taivaan-tahden\/wp-content\/uploads\/sites\/36\/2016\/07\/1280px-ESO-VLT-Laser-phot-33a-07.jpg\",\"contentUrl\":\"https:\/\/suomenkuvalehti.fi\/taivaan-tahden\/wp-content\/uploads\/sites\/36\/2016\/07\/1280px-ESO-VLT-Laser-phot-33a-07.jpg\",\"width\":1181,\"height\":784},{\"@type\":\"BreadcrumbList\",\"@id\":\"https:\/\/suomenkuvalehti.fi\/taivaan-tahden\/2016\/07\/10\/uusin-asein-alieneiden-metsastykseen-taas\/#breadcrumb\",\"itemListElement\":[{\"@type\":\"ListItem\",\"position\":1,\"name\":\"Home\",\"item\":\"https:\/\/suomenkuvalehti.fi\/taivaan-tahden\/\"},{\"@type\":\"ListItem\",\"position\":2,\"name\":\"Uusin asein alieneiden mets\u00e4stykseen &#8211; taas\"}]},{\"@type\":\"WebSite\",\"@id\":\"https:\/\/suomenkuvalehti.fi\/taivaan-tahden\/#website\",\"url\":\"https:\/\/suomenkuvalehti.fi\/taivaan-tahden\/\",\"name\":\"Taivaan t\u00e4hden\",\"description\":\"Tiedetoimittaja Markus Hotakainen h\u00e4mm\u00e4stelee maailmankaikkeutta.\",\"potentialAction\":[{\"@type\":\"SearchAction\",\"target\":{\"@type\":\"EntryPoint\",\"urlTemplate\":\"https:\/\/suomenkuvalehti.fi\/haku\/?q={search_term_string}\"},\"query-input\":{\"@type\":\"PropertyValueSpecification\",\"valueRequired\":true,\"valueName\":\"search_term_string\"}}],\"inLanguage\":\"fi\"},{\"@type\":\"Person\",\"@id\":\"https:\/\/suomenkuvalehti.fi\/taivaan-tahden\/#\/schema\/person\/c9c1373acb19750e11084ef640abeae0\",\"name\":\"Markus Hotakainen\",\"image\":{\"@type\":\"ImageObject\",\"inLanguage\":\"fi\",\"@id\":\"https:\/\/suomenkuvalehti.fi\/taivaan-tahden\/#\/schema\/person\/image\/\",\"url\":\"https:\/\/suomenkuvalehti.fi\/taivaan-tahden\/wp-content\/uploads\/sites\/36\/2018\/05\/markus_hotakainen_blogi_pieni-150x150.jpg\",\"contentUrl\":\"https:\/\/suomenkuvalehti.fi\/taivaan-tahden\/wp-content\/uploads\/sites\/36\/2018\/05\/markus_hotakainen_blogi_pieni-150x150.jpg\",\"caption\":\"Markus Hotakainen\"},\"description\":\"Kirjoittaja on tiedetoimittaja ja tietokirjailija.\"}]}<\/script>\n<!-- \/ Yoast SEO plugin. -->","yoast_head_json":{"title":"Uusin asein alieneiden mets\u00e4stykseen - taas - Taivaan t\u00e4hden","robots":{"index":"index","follow":"follow","max-snippet":"max-snippet:-1","max-image-preview":"max-image-preview:large","max-video-preview":"max-video-preview:-1"},"canonical":"https:\/\/suomenkuvalehti.fi\/taivaan-tahden\/2016\/07\/10\/uusin-asein-alieneiden-metsastykseen-taas\/","og_locale":"fi_FI","og_type":"article","og_title":"Uusin asein alieneiden mets\u00e4stykseen - taas - Taivaan t\u00e4hden","og_description":"Avaruuden muukalaisten etsint\u00e4 aloitettiin vuonna 1960 kuulostelemalla heid\u00e4n mahdollisia radioviestej\u00e4\u00e4n. Sittemmin hakua on laajennettu optiselle alueelle: voihan olla, ett\u00e4 vieraat sivilisaatiot k\u00e4ytt\u00e4v\u00e4t viestint\u00e4\u00e4n tehokkaita lasereita. Maailmankaikkeuden el\u00e4m\u00e4n etsint\u00e4 on &hellip;","og_url":"https:\/\/suomenkuvalehti.fi\/taivaan-tahden\/2016\/07\/10\/uusin-asein-alieneiden-metsastykseen-taas\/","og_site_name":"Taivaan t\u00e4hden","article_published_time":"2016-07-10T08:39:52+00:00","og_image":[{"width":1181,"height":784,"url":"https:\/\/suomenkuvalehti.fi\/taivaan-tahden\/wp-content\/uploads\/sites\/36\/2016\/07\/1280px-ESO-VLT-Laser-phot-33a-07.jpg","type":"image\/jpeg"}],"author":"Markus Hotakainen","twitter_card":"summary_large_image","twitter_misc":{"Written by":"Markus Hotakainen","Est. reading time":"1 minuutti"},"schema":{"@context":"https:\/\/schema.org","@graph":[{"@type":"WebPage","@id":"https:\/\/suomenkuvalehti.fi\/taivaan-tahden\/2016\/07\/10\/uusin-asein-alieneiden-metsastykseen-taas\/","url":"https:\/\/suomenkuvalehti.fi\/taivaan-tahden\/2016\/07\/10\/uusin-asein-alieneiden-metsastykseen-taas\/","name":"Uusin asein alieneiden mets\u00e4stykseen - taas - Taivaan t\u00e4hden","isPartOf":{"@id":"https:\/\/suomenkuvalehti.fi\/taivaan-tahden\/#website"},"primaryImageOfPage":{"@id":"https:\/\/suomenkuvalehti.fi\/taivaan-tahden\/2016\/07\/10\/uusin-asein-alieneiden-metsastykseen-taas\/#primaryimage"},"image":{"@id":"https:\/\/suomenkuvalehti.fi\/taivaan-tahden\/2016\/07\/10\/uusin-asein-alieneiden-metsastykseen-taas\/#primaryimage"},"thumbnailUrl":"https:\/\/suomenkuvalehti.fi\/taivaan-tahden\/wp-content\/uploads\/sites\/36\/2016\/07\/1280px-ESO-VLT-Laser-phot-33a-07-1024x680.jpg","datePublished":"2016-07-10T08:39:52+00:00","author":{"@id":"https:\/\/suomenkuvalehti.fi\/taivaan-tahden\/#\/schema\/person\/c9c1373acb19750e11084ef640abeae0"},"breadcrumb":{"@id":"https:\/\/suomenkuvalehti.fi\/taivaan-tahden\/2016\/07\/10\/uusin-asein-alieneiden-metsastykseen-taas\/#breadcrumb"},"inLanguage":"fi","potentialAction":[{"@type":"ReadAction","target":["https:\/\/suomenkuvalehti.fi\/taivaan-tahden\/2016\/07\/10\/uusin-asein-alieneiden-metsastykseen-taas\/"]}]},{"@type":"ImageObject","inLanguage":"fi","@id":"https:\/\/suomenkuvalehti.fi\/taivaan-tahden\/2016\/07\/10\/uusin-asein-alieneiden-metsastykseen-taas\/#primaryimage","url":"https:\/\/suomenkuvalehti.fi\/taivaan-tahden\/wp-content\/uploads\/sites\/36\/2016\/07\/1280px-ESO-VLT-Laser-phot-33a-07.jpg","contentUrl":"https:\/\/suomenkuvalehti.fi\/taivaan-tahden\/wp-content\/uploads\/sites\/36\/2016\/07\/1280px-ESO-VLT-Laser-phot-33a-07.jpg","width":1181,"height":784},{"@type":"BreadcrumbList","@id":"https:\/\/suomenkuvalehti.fi\/taivaan-tahden\/2016\/07\/10\/uusin-asein-alieneiden-metsastykseen-taas\/#breadcrumb","itemListElement":[{"@type":"ListItem","position":1,"name":"Home","item":"https:\/\/suomenkuvalehti.fi\/taivaan-tahden\/"},{"@type":"ListItem","position":2,"name":"Uusin asein alieneiden mets\u00e4stykseen &#8211; taas"}]},{"@type":"WebSite","@id":"https:\/\/suomenkuvalehti.fi\/taivaan-tahden\/#website","url":"https:\/\/suomenkuvalehti.fi\/taivaan-tahden\/","name":"Taivaan t\u00e4hden","description":"Tiedetoimittaja Markus Hotakainen h\u00e4mm\u00e4stelee maailmankaikkeutta.","potentialAction":[{"@type":"SearchAction","target":{"@type":"EntryPoint","urlTemplate":"https:\/\/suomenkuvalehti.fi\/haku\/?q={search_term_string}"},"query-input":{"@type":"PropertyValueSpecification","valueRequired":true,"valueName":"search_term_string"}}],"inLanguage":"fi"},{"@type":"Person","@id":"https:\/\/suomenkuvalehti.fi\/taivaan-tahden\/#\/schema\/person\/c9c1373acb19750e11084ef640abeae0","name":"Markus Hotakainen","image":{"@type":"ImageObject","inLanguage":"fi","@id":"https:\/\/suomenkuvalehti.fi\/taivaan-tahden\/#\/schema\/person\/image\/","url":"https:\/\/suomenkuvalehti.fi\/taivaan-tahden\/wp-content\/uploads\/sites\/36\/2018\/05\/markus_hotakainen_blogi_pieni-150x150.jpg","contentUrl":"https:\/\/suomenkuvalehti.fi\/taivaan-tahden\/wp-content\/uploads\/sites\/36\/2018\/05\/markus_hotakainen_blogi_pieni-150x150.jpg","caption":"Markus Hotakainen"},"description":"Kirjoittaja on tiedetoimittaja ja tietokirjailija."}]}},"_links":{"self":[{"href":"https:\/\/suomenkuvalehti.fi\/taivaan-tahden\/wp-json\/wp\/v2\/posts\/586","targetHints":{"allow":["GET"]}}],"collection":[{"href":"https:\/\/suomenkuvalehti.fi\/taivaan-tahden\/wp-json\/wp\/v2\/posts"}],"about":[{"href":"https:\/\/suomenkuvalehti.fi\/taivaan-tahden\/wp-json\/wp\/v2\/types\/post"}],"author":[{"embeddable":true,"href":"https:\/\/suomenkuvalehti.fi\/taivaan-tahden\/wp-json\/wp\/v2\/users\/557"}],"replies":[{"embeddable":true,"href":"https:\/\/suomenkuvalehti.fi\/taivaan-tahden\/wp-json\/wp\/v2\/comments?post=586"}],"version-history":[{"count":1,"href":"https:\/\/suomenkuvalehti.fi\/taivaan-tahden\/wp-json\/wp\/v2\/posts\/586\/revisions"}],"predecessor-version":[{"id":588,"href":"https:\/\/suomenkuvalehti.fi\/taivaan-tahden\/wp-json\/wp\/v2\/posts\/586\/revisions\/588"}],"wp:attachment":[{"href":"https:\/\/suomenkuvalehti.fi\/taivaan-tahden\/wp-json\/wp\/v2\/media?parent=586"}],"wp:term":[{"taxonomy":"category","embeddable":true,"href":"https:\/\/suomenkuvalehti.fi\/taivaan-tahden\/wp-json\/wp\/v2\/categories?post=586"},{"taxonomy":"post_tag","embeddable":true,"href":"https:\/\/suomenkuvalehti.fi\/taivaan-tahden\/wp-json\/wp\/v2\/tags?post=586"}],"curies":[{"name":"wp","href":"https:\/\/api.w.org\/{rel}","templated":true}]}}