{"id":577,"date":"2016-06-29T18:41:23","date_gmt":"2016-06-29T15:41:23","guid":{"rendered":"https:\/\/suomenkuvalehti.fi\/taivaan-tahden\/?p=577"},"modified":"2016-06-29T18:41:23","modified_gmt":"2016-06-29T15:41:23","slug":"kuun-asukkailla-on-siivet","status":"publish","type":"post","link":"https:\/\/suomenkuvalehti.fi\/taivaan-tahden\/2016\/06\/29\/kuun-asukkailla-on-siivet\/","title":{"rendered":"Kuun asukkailla on siivet"},"content":{"rendered":"<figure class=\"aligncenter size-full wp-block-image\">\n  <div class=\"wp-block-image__inner-container\">\n    <a href=\"https:\/\/suomenkuvalehti.fi\/taivaan-tahden\/wp-content\/uploads\/sites\/36\/2016\/06\/02667v.jpg\"><img loading=\"lazy\" decoding=\"async\" src=\"https:\/\/suomenkuvalehti.fi\/taivaan-tahden\/wp-content\/uploads\/sites\/36\/2016\/06\/02667v.jpg\" alt=\"02667v\" class=\"wp-image-578\" width=\"768\" height=\"548\" style=\"--aspect-ratio: 1.4\" srcset=\"https:\/\/suomenkuvalehti.fi\/taivaan-tahden\/wp-content\/uploads\/sites\/36\/2016\/06\/02667v.jpg 768w, https:\/\/suomenkuvalehti.fi\/taivaan-tahden\/wp-content\/uploads\/sites\/36\/2016\/06\/02667v-300x214.jpg 300w\" sizes=\"auto, (max-width: 768px) 100vw, 768px\" \/><\/a>    <figcaption class=\"wp-block-image__figcaption\">\n      Kuussa on asukkaita &#8211; tai sitten ei. V\u00e4li\u00e4k\u00f6s sill\u00e4. Kuva: Edinburgh Journal of Science          <\/figcaption>\n      <\/div>\n<\/figure>\n\n\n<p>Viime p\u00e4ivin\u00e4 on ollut paljon puhetta totuudesta ja valheesta, niiden suhteesta ja niihin liittyvist\u00e4 vastuukysymyksist\u00e4: kuka saa puhua palturia ja kenen teht\u00e4v\u00e4 on oikoa r\u00e4ikeimm\u00e4t h\u00f6perehdinn\u00e4t.<\/p>\n\n\n\n<p>Median teht\u00e4v\u00e4ksi on hahmoteltu totuuden kaivaminen valepukkien lausuntojen taustalta &#8211; tai niin ainakin valepukit itse haluaisivat sekavien kantojensa mukaan median toimivan.<\/p>\n\n\n\n<p>Lehdist\u00f6 onkin tehnyt jo v\u00e4hint\u00e4\u00e4nkin oman osuutensa per\u00e4tt\u00f6mien huhujen, puolitotuuksien ja silkkojen valheiden levitt\u00e4misess\u00e4.<\/p>\n\n\n\n<p>Vuonna 1835 newyorkilaisessa <i>The Sun<\/i> -sanomalehdess\u00e4 julkaistiin sarja juttuja, joita nykyisin kutsuttaisiin kohuartikkeleiksi. Niiss\u00e4 kuvailtiin Sir <b>John Herschelin<\/b>, aikansa tunnetuimpiin kuuluneen t\u00e4htitieteilij\u00e4n tekemi\u00e4 havaintoja Kuussa asustavista olennoista.<\/p>\n\n\n\n<p>Raporttien mukaan Kuun pinnalla on vaikka mit\u00e4: biisoneita, vuohia, kahdella jalalla k\u00e4velevi\u00e4 majavia, yksisarvisia ja lepakoita muistuttavia, siivekk\u00e4it\u00e4 \u201dihmisi\u00e4\u201d. Kiertolaisemme asukit elelev\u00e4t sulassa sovussa metsiss\u00e4 ja merten rantamilla.<\/p>\n\n\n\n<p>Siivekk\u00e4ill\u00e4 olennoilla ei ole siipi\u00e4 vain n\u00e4\u00f6n vuoksi, vaan Kuun pienemm\u00e4ss\u00e4 painovoimassa n\u00e4m\u00e4 ihmisen kaukaiset sukulaiset lent\u00e4v\u00e4t ilmojen halki paikasta toiseen.<\/p>\n\n\n\n<p>Jutuissa ei tietenk\u00e4\u00e4n ollut totuuden hivent\u00e4.<\/p>\n\n\n\n<p>Tai oli sen verran, ett\u00e4 Sir John Herschel todellakin teki t\u00e4htitieteellisi\u00e4 havaintoja Etel\u00e4-Afrikassa, miss\u00e4 h\u00e4nen v\u00e4itettiin niit\u00e4 tehneen. Loppu oli totaalisesti mielikuvituksen tuotetta.<\/p>\n\n\n\n<p>Artikkeleiden kirjoittajasta ei ole varmuutta, mutta todenn\u00e4k\u00f6isimmin ne ovat l\u00e4ht\u00f6isin <b>Richard Adams Locken<\/b> kyn\u00e4st\u00e4. H\u00e4n oli tuohon aikaan <i>The Sun<\/i> -lehden palkkalistoilla.<\/p>\n\n\n\n<p>Sensaatiojuttujen tarkoituksena oli ensinn\u00e4kin kasvattaa lehden levikki\u00e4, mutta samalla saattaa naurunalaiseksi noihin aikoihin levinneet huhut ja \u201dteoriat\u201d Kuun asujaimistosta ja heid\u00e4n pystytt\u00e4mist\u00e4\u00e4n rakennelmista.<\/p>\n\n\n\n<p>Pastori <b>Thomas Dick<\/b> oli jopa saanut laskettua Kuun v\u00e4kiluvun: 4 200 000 000. Eik\u00e4 siin\u00e4 viel\u00e4 kaikki. Koko Aurinkokunnassa oli h\u00e4nen mukaansa kaikkiaan 21 891 974 404 480 asukasta.<\/p>\n\n\n\n<p>Locken tarinat eiv\u00e4t v\u00e4ltt\u00e4m\u00e4tt\u00e4 onnistuneet kummassakaan tavoitteessaan, mutta ne osoittavat, ett\u00e4 valheita ja v\u00e4\u00e4ri\u00e4 tietoja on levitetty jo pitk\u00e4\u00e4n jos ei nyt aina k\u00e4nniss\u00e4 niin l\u00e4p\u00e4ll\u00e4.<\/p>\n\n\n\n<p>&nbsp;<\/p>\n\n\n","protected":false},"excerpt":{"rendered":"<p>Viime p\u00e4ivin\u00e4 on ollut paljon puhetta totuudesta ja valheesta, niiden suhteesta ja niihin liittyvist\u00e4 vastuukysymyksist\u00e4: kuka saa puhua palturia ja kenen teht\u00e4v\u00e4 on oikoa r\u00e4ikeimm\u00e4t h\u00f6perehdinn\u00e4t. Median teht\u00e4v\u00e4ksi on hahmoteltu totuuden kaivaminen valepukkien lausuntojen taustalta &#8211;<br \/>\ntai niin ai&hellip;<\/p>\n","protected":false},"author":557,"featured_media":0,"comment_status":"open","ping_status":"open","sticky":false,"template":"","format":"standard","meta":{"_acf_changed":false,"asauth_required_access_level":3,"asauth_cansharepaid":"true","om_header_attributes":[],"footnotes":"","om_featured_image_focal_point":[],"om_primary_tag":0,"om_contributors":[],"om_co_authors":[],"beyondwords_generate_audio":"","beyondwords_project_id":"","beyondwords_content_id":"","beyondwords_preview_token":"","beyondwords_player_content":"","beyondwords_player_style":"","beyondwords_language_code":"","beyondwords_language_id":"","beyondwords_title_voice_id":"","beyondwords_body_voice_id":"","beyondwords_summary_voice_id":"","beyondwords_error_message":"","beyondwords_disabled":"","beyondwords_delete_content":"","beyondwords_podcast_id":"","beyondwords_hash":"","publish_post_to_speechkit":"","speechkit_hash":"","speechkit_generate_audio":"","speechkit_project_id":"","speechkit_podcast_id":"","speechkit_error_message":"","speechkit_disabled":"","speechkit_access_key":"","speechkit_error":"","speechkit_info":"","speechkit_response":"","speechkit_retries":"","speechkit_status":"","speechkit_updated_at":"","_speechkit_link":"","_speechkit_text":""},"categories":[1],"tags":[5,243,242,241,244],"class_list":["post-577","post","type-post","status-publish","format-standard","hentry","category-taivaan-tahden","tag-kuu","tag-richard-adams-locke","tag-sir-john-herschel","tag-the-sun","tag-thomas-dick"],"om_views":null,"acf":{"tuuma_off":false,"tuuma_kysymys":"","tuuma_vastaus":""},"asauth":{"required_access_level":1,"share_token":"","is_paid":false},"yoast_head":"<!-- This site is optimized with the Yoast SEO plugin v26.4 - https:\/\/yoast.com\/wordpress\/plugins\/seo\/ -->\n<title>Kuun asukkailla on siivet - Taivaan t\u00e4hden<\/title>\n<meta name=\"robots\" content=\"index, follow, max-snippet:-1, max-image-preview:large, max-video-preview:-1\" \/>\n<link rel=\"canonical\" href=\"https:\/\/suomenkuvalehti.fi\/taivaan-tahden\/2016\/06\/29\/kuun-asukkailla-on-siivet\/\" \/>\n<meta property=\"og:locale\" content=\"fi_FI\" \/>\n<meta property=\"og:type\" content=\"article\" \/>\n<meta property=\"og:title\" content=\"Kuun asukkailla on siivet - Taivaan t\u00e4hden\" \/>\n<meta property=\"og:description\" content=\"Viime p\u00e4ivin\u00e4 on ollut paljon puhetta totuudesta ja valheesta, niiden suhteesta ja niihin liittyvist\u00e4 vastuukysymyksist\u00e4: kuka saa puhua palturia ja kenen teht\u00e4v\u00e4 on oikoa r\u00e4ikeimm\u00e4t h\u00f6perehdinn\u00e4t. Median teht\u00e4v\u00e4ksi on hahmoteltu totuuden kaivaminen valepukkien lausuntojen taustalta &#8211; tai niin ai&hellip;\" \/>\n<meta property=\"og:url\" content=\"https:\/\/suomenkuvalehti.fi\/taivaan-tahden\/2016\/06\/29\/kuun-asukkailla-on-siivet\/\" \/>\n<meta property=\"og:site_name\" content=\"Taivaan t\u00e4hden\" \/>\n<meta property=\"article:published_time\" content=\"2016-06-29T15:41:23+00:00\" \/>\n<meta property=\"og:image\" content=\"https:\/\/suomenkuvalehti.fi\/taivaan-tahden\/wp-content\/uploads\/sites\/36\/2016\/06\/02667v.jpg\" \/>\n\t<meta property=\"og:image:width\" content=\"768\" \/>\n\t<meta property=\"og:image:height\" content=\"548\" \/>\n\t<meta property=\"og:image:type\" content=\"image\/jpeg\" \/>\n<meta name=\"author\" content=\"Markus Hotakainen\" \/>\n<meta name=\"twitter:card\" content=\"summary_large_image\" \/>\n<meta name=\"twitter:label1\" content=\"Written by\" \/>\n\t<meta name=\"twitter:data1\" content=\"Markus Hotakainen\" \/>\n\t<meta name=\"twitter:label2\" content=\"Est. reading time\" \/>\n\t<meta name=\"twitter:data2\" content=\"2 minuuttia\" \/>\n<script type=\"application\/ld+json\" class=\"yoast-schema-graph\">{\"@context\":\"https:\/\/schema.org\",\"@graph\":[{\"@type\":\"WebPage\",\"@id\":\"https:\/\/suomenkuvalehti.fi\/taivaan-tahden\/2016\/06\/29\/kuun-asukkailla-on-siivet\/\",\"url\":\"https:\/\/suomenkuvalehti.fi\/taivaan-tahden\/2016\/06\/29\/kuun-asukkailla-on-siivet\/\",\"name\":\"Kuun asukkailla on siivet - Taivaan t\u00e4hden\",\"isPartOf\":{\"@id\":\"https:\/\/suomenkuvalehti.fi\/taivaan-tahden\/#website\"},\"primaryImageOfPage\":{\"@id\":\"https:\/\/suomenkuvalehti.fi\/taivaan-tahden\/2016\/06\/29\/kuun-asukkailla-on-siivet\/#primaryimage\"},\"image\":{\"@id\":\"https:\/\/suomenkuvalehti.fi\/taivaan-tahden\/2016\/06\/29\/kuun-asukkailla-on-siivet\/#primaryimage\"},\"thumbnailUrl\":\"https:\/\/suomenkuvalehti.fi\/taivaan-tahden\/wp-content\/uploads\/sites\/36\/2016\/06\/02667v.jpg\",\"datePublished\":\"2016-06-29T15:41:23+00:00\",\"author\":{\"@id\":\"https:\/\/suomenkuvalehti.fi\/taivaan-tahden\/#\/schema\/person\/c9c1373acb19750e11084ef640abeae0\"},\"breadcrumb\":{\"@id\":\"https:\/\/suomenkuvalehti.fi\/taivaan-tahden\/2016\/06\/29\/kuun-asukkailla-on-siivet\/#breadcrumb\"},\"inLanguage\":\"fi\",\"potentialAction\":[{\"@type\":\"ReadAction\",\"target\":[\"https:\/\/suomenkuvalehti.fi\/taivaan-tahden\/2016\/06\/29\/kuun-asukkailla-on-siivet\/\"]}]},{\"@type\":\"ImageObject\",\"inLanguage\":\"fi\",\"@id\":\"https:\/\/suomenkuvalehti.fi\/taivaan-tahden\/2016\/06\/29\/kuun-asukkailla-on-siivet\/#primaryimage\",\"url\":\"https:\/\/suomenkuvalehti.fi\/taivaan-tahden\/wp-content\/uploads\/sites\/36\/2016\/06\/02667v.jpg\",\"contentUrl\":\"https:\/\/suomenkuvalehti.fi\/taivaan-tahden\/wp-content\/uploads\/sites\/36\/2016\/06\/02667v.jpg\"},{\"@type\":\"BreadcrumbList\",\"@id\":\"https:\/\/suomenkuvalehti.fi\/taivaan-tahden\/2016\/06\/29\/kuun-asukkailla-on-siivet\/#breadcrumb\",\"itemListElement\":[{\"@type\":\"ListItem\",\"position\":1,\"name\":\"Home\",\"item\":\"https:\/\/suomenkuvalehti.fi\/taivaan-tahden\/\"},{\"@type\":\"ListItem\",\"position\":2,\"name\":\"Kuun asukkailla on siivet\"}]},{\"@type\":\"WebSite\",\"@id\":\"https:\/\/suomenkuvalehti.fi\/taivaan-tahden\/#website\",\"url\":\"https:\/\/suomenkuvalehti.fi\/taivaan-tahden\/\",\"name\":\"Taivaan t\u00e4hden\",\"description\":\"Tiedetoimittaja Markus Hotakainen h\u00e4mm\u00e4stelee maailmankaikkeutta.\",\"potentialAction\":[{\"@type\":\"SearchAction\",\"target\":{\"@type\":\"EntryPoint\",\"urlTemplate\":\"https:\/\/suomenkuvalehti.fi\/haku\/?q={search_term_string}\"},\"query-input\":{\"@type\":\"PropertyValueSpecification\",\"valueRequired\":true,\"valueName\":\"search_term_string\"}}],\"inLanguage\":\"fi\"},{\"@type\":\"Person\",\"@id\":\"https:\/\/suomenkuvalehti.fi\/taivaan-tahden\/#\/schema\/person\/c9c1373acb19750e11084ef640abeae0\",\"name\":\"Markus Hotakainen\",\"image\":{\"@type\":\"ImageObject\",\"inLanguage\":\"fi\",\"@id\":\"https:\/\/suomenkuvalehti.fi\/taivaan-tahden\/#\/schema\/person\/image\/\",\"url\":\"https:\/\/suomenkuvalehti.fi\/taivaan-tahden\/wp-content\/uploads\/sites\/36\/2018\/05\/markus_hotakainen_blogi_pieni-150x150.jpg\",\"contentUrl\":\"https:\/\/suomenkuvalehti.fi\/taivaan-tahden\/wp-content\/uploads\/sites\/36\/2018\/05\/markus_hotakainen_blogi_pieni-150x150.jpg\",\"caption\":\"Markus Hotakainen\"},\"description\":\"Kirjoittaja on tiedetoimittaja ja tietokirjailija.\"}]}<\/script>\n<!-- \/ Yoast SEO plugin. -->","yoast_head_json":{"title":"Kuun asukkailla on siivet - Taivaan t\u00e4hden","robots":{"index":"index","follow":"follow","max-snippet":"max-snippet:-1","max-image-preview":"max-image-preview:large","max-video-preview":"max-video-preview:-1"},"canonical":"https:\/\/suomenkuvalehti.fi\/taivaan-tahden\/2016\/06\/29\/kuun-asukkailla-on-siivet\/","og_locale":"fi_FI","og_type":"article","og_title":"Kuun asukkailla on siivet - Taivaan t\u00e4hden","og_description":"Viime p\u00e4ivin\u00e4 on ollut paljon puhetta totuudesta ja valheesta, niiden suhteesta ja niihin liittyvist\u00e4 vastuukysymyksist\u00e4: kuka saa puhua palturia ja kenen teht\u00e4v\u00e4 on oikoa r\u00e4ikeimm\u00e4t h\u00f6perehdinn\u00e4t. Median teht\u00e4v\u00e4ksi on hahmoteltu totuuden kaivaminen valepukkien lausuntojen taustalta &#8211; tai niin ai&hellip;","og_url":"https:\/\/suomenkuvalehti.fi\/taivaan-tahden\/2016\/06\/29\/kuun-asukkailla-on-siivet\/","og_site_name":"Taivaan t\u00e4hden","article_published_time":"2016-06-29T15:41:23+00:00","og_image":[{"width":768,"height":548,"url":"https:\/\/suomenkuvalehti.fi\/taivaan-tahden\/wp-content\/uploads\/sites\/36\/2016\/06\/02667v.jpg","type":"image\/jpeg"}],"author":"Markus Hotakainen","twitter_card":"summary_large_image","twitter_misc":{"Written by":"Markus Hotakainen","Est. reading time":"2 minuuttia"},"schema":{"@context":"https:\/\/schema.org","@graph":[{"@type":"WebPage","@id":"https:\/\/suomenkuvalehti.fi\/taivaan-tahden\/2016\/06\/29\/kuun-asukkailla-on-siivet\/","url":"https:\/\/suomenkuvalehti.fi\/taivaan-tahden\/2016\/06\/29\/kuun-asukkailla-on-siivet\/","name":"Kuun asukkailla on siivet - Taivaan t\u00e4hden","isPartOf":{"@id":"https:\/\/suomenkuvalehti.fi\/taivaan-tahden\/#website"},"primaryImageOfPage":{"@id":"https:\/\/suomenkuvalehti.fi\/taivaan-tahden\/2016\/06\/29\/kuun-asukkailla-on-siivet\/#primaryimage"},"image":{"@id":"https:\/\/suomenkuvalehti.fi\/taivaan-tahden\/2016\/06\/29\/kuun-asukkailla-on-siivet\/#primaryimage"},"thumbnailUrl":"https:\/\/suomenkuvalehti.fi\/taivaan-tahden\/wp-content\/uploads\/sites\/36\/2016\/06\/02667v.jpg","datePublished":"2016-06-29T15:41:23+00:00","author":{"@id":"https:\/\/suomenkuvalehti.fi\/taivaan-tahden\/#\/schema\/person\/c9c1373acb19750e11084ef640abeae0"},"breadcrumb":{"@id":"https:\/\/suomenkuvalehti.fi\/taivaan-tahden\/2016\/06\/29\/kuun-asukkailla-on-siivet\/#breadcrumb"},"inLanguage":"fi","potentialAction":[{"@type":"ReadAction","target":["https:\/\/suomenkuvalehti.fi\/taivaan-tahden\/2016\/06\/29\/kuun-asukkailla-on-siivet\/"]}]},{"@type":"ImageObject","inLanguage":"fi","@id":"https:\/\/suomenkuvalehti.fi\/taivaan-tahden\/2016\/06\/29\/kuun-asukkailla-on-siivet\/#primaryimage","url":"https:\/\/suomenkuvalehti.fi\/taivaan-tahden\/wp-content\/uploads\/sites\/36\/2016\/06\/02667v.jpg","contentUrl":"https:\/\/suomenkuvalehti.fi\/taivaan-tahden\/wp-content\/uploads\/sites\/36\/2016\/06\/02667v.jpg"},{"@type":"BreadcrumbList","@id":"https:\/\/suomenkuvalehti.fi\/taivaan-tahden\/2016\/06\/29\/kuun-asukkailla-on-siivet\/#breadcrumb","itemListElement":[{"@type":"ListItem","position":1,"name":"Home","item":"https:\/\/suomenkuvalehti.fi\/taivaan-tahden\/"},{"@type":"ListItem","position":2,"name":"Kuun asukkailla on siivet"}]},{"@type":"WebSite","@id":"https:\/\/suomenkuvalehti.fi\/taivaan-tahden\/#website","url":"https:\/\/suomenkuvalehti.fi\/taivaan-tahden\/","name":"Taivaan t\u00e4hden","description":"Tiedetoimittaja Markus Hotakainen h\u00e4mm\u00e4stelee maailmankaikkeutta.","potentialAction":[{"@type":"SearchAction","target":{"@type":"EntryPoint","urlTemplate":"https:\/\/suomenkuvalehti.fi\/haku\/?q={search_term_string}"},"query-input":{"@type":"PropertyValueSpecification","valueRequired":true,"valueName":"search_term_string"}}],"inLanguage":"fi"},{"@type":"Person","@id":"https:\/\/suomenkuvalehti.fi\/taivaan-tahden\/#\/schema\/person\/c9c1373acb19750e11084ef640abeae0","name":"Markus Hotakainen","image":{"@type":"ImageObject","inLanguage":"fi","@id":"https:\/\/suomenkuvalehti.fi\/taivaan-tahden\/#\/schema\/person\/image\/","url":"https:\/\/suomenkuvalehti.fi\/taivaan-tahden\/wp-content\/uploads\/sites\/36\/2018\/05\/markus_hotakainen_blogi_pieni-150x150.jpg","contentUrl":"https:\/\/suomenkuvalehti.fi\/taivaan-tahden\/wp-content\/uploads\/sites\/36\/2018\/05\/markus_hotakainen_blogi_pieni-150x150.jpg","caption":"Markus Hotakainen"},"description":"Kirjoittaja on tiedetoimittaja ja tietokirjailija."}]}},"_links":{"self":[{"href":"https:\/\/suomenkuvalehti.fi\/taivaan-tahden\/wp-json\/wp\/v2\/posts\/577","targetHints":{"allow":["GET"]}}],"collection":[{"href":"https:\/\/suomenkuvalehti.fi\/taivaan-tahden\/wp-json\/wp\/v2\/posts"}],"about":[{"href":"https:\/\/suomenkuvalehti.fi\/taivaan-tahden\/wp-json\/wp\/v2\/types\/post"}],"author":[{"embeddable":true,"href":"https:\/\/suomenkuvalehti.fi\/taivaan-tahden\/wp-json\/wp\/v2\/users\/557"}],"replies":[{"embeddable":true,"href":"https:\/\/suomenkuvalehti.fi\/taivaan-tahden\/wp-json\/wp\/v2\/comments?post=577"}],"version-history":[{"count":2,"href":"https:\/\/suomenkuvalehti.fi\/taivaan-tahden\/wp-json\/wp\/v2\/posts\/577\/revisions"}],"predecessor-version":[{"id":580,"href":"https:\/\/suomenkuvalehti.fi\/taivaan-tahden\/wp-json\/wp\/v2\/posts\/577\/revisions\/580"}],"wp:attachment":[{"href":"https:\/\/suomenkuvalehti.fi\/taivaan-tahden\/wp-json\/wp\/v2\/media?parent=577"}],"wp:term":[{"taxonomy":"category","embeddable":true,"href":"https:\/\/suomenkuvalehti.fi\/taivaan-tahden\/wp-json\/wp\/v2\/categories?post=577"},{"taxonomy":"post_tag","embeddable":true,"href":"https:\/\/suomenkuvalehti.fi\/taivaan-tahden\/wp-json\/wp\/v2\/tags?post=577"}],"curies":[{"name":"wp","href":"https:\/\/api.w.org\/{rel}","templated":true}]}}