{"id":571,"date":"2016-06-24T09:09:46","date_gmt":"2016-06-24T06:09:46","guid":{"rendered":"https:\/\/suomenkuvalehti.fi\/taivaan-tahden\/?p=571"},"modified":"2016-06-24T09:09:46","modified_gmt":"2016-06-24T06:09:46","slug":"mustia-aukkoja-ei-ole-olemassa","status":"publish","type":"post","link":"https:\/\/suomenkuvalehti.fi\/taivaan-tahden\/2016\/06\/24\/mustia-aukkoja-ei-ole-olemassa\/","title":{"rendered":"\u201dMustia aukkoja ei ole olemassa\u201d"},"content":{"rendered":"<figure class=\"aligncenter size-full wp-block-image\">\n  <div class=\"wp-block-image__inner-container\">\n    <a href=\"https:\/\/suomenkuvalehti.fi\/taivaan-tahden\/wp-content\/uploads\/sites\/36\/2016\/06\/gravitational-waves-black-holes-ligo-nsf.jpg\"><img loading=\"lazy\" decoding=\"async\" src=\"https:\/\/suomenkuvalehti.fi\/taivaan-tahden\/wp-content\/uploads\/sites\/36\/2016\/06\/gravitational-waves-black-holes-ligo-nsf.jpg\" alt=\"gravitational-waves-black-holes-ligo-nsf\" class=\"wp-image-572\" width=\"984\" height=\"628\" style=\"--aspect-ratio: 1.57\" srcset=\"https:\/\/suomenkuvalehti.fi\/taivaan-tahden\/wp-content\/uploads\/sites\/36\/2016\/06\/gravitational-waves-black-holes-ligo-nsf.jpg 984w, https:\/\/suomenkuvalehti.fi\/taivaan-tahden\/wp-content\/uploads\/sites\/36\/2016\/06\/gravitational-waves-black-holes-ligo-nsf-300x191.jpg 300w, https:\/\/suomenkuvalehti.fi\/taivaan-tahden\/wp-content\/uploads\/sites\/36\/2016\/06\/gravitational-waves-black-holes-ligo-nsf-768x490.jpg 768w\" sizes=\"auto, (max-width: 984px) 100vw, 984px\" \/><\/a>    <figcaption class=\"wp-block-image__figcaption\">\n      Kun kaksi mustaa aukkoa t\u00f6rm\u00e4\u00e4, aika-avaruus j\u00e4rkkyy. Kuva: LIGO          <\/figcaption>\n      <\/div>\n<\/figure>\n\n\n<p>N\u00e4in sanottiin <b>Rai Weissille<\/b>, kun h\u00e4n muutama vuosikymmen sitten yritti saada kollegoitaan innostumaan gravitaatioaaltojen havaintoprojektista.<\/p>\n\n\n\n<p>Jo aiemmin oli laskettu, ett\u00e4 gravitaatioaallot &#8211; jos niit\u00e4 on ja jotta niit\u00e4 kyett\u00e4isiin havaitsemaan &#8211; vaatisivat synty\u00e4kseen hyvin energisi\u00e4 ilmi\u00f6it\u00e4. Sellaisia voisi esiinty\u00e4 vain mustien aukkojen yhteydess\u00e4, esimerkiksi kahden mustan aukon t\u00f6rm\u00e4tess\u00e4.<\/p>\n\n\n\n<p>Ongelma oli, ett\u00e4 mustien aukkojen olemassaolo ei ollut noihin aikoihin lainkaan varma fakta vaan pikemminkin uskon asia. Eik\u00e4 likik\u00e4\u00e4n kaikkien usko ollut riitt\u00e4v\u00e4n vahva.<\/p>\n\n\n\n<p>Mustia aukkoja tai \u201dpimeit\u00e4 t\u00e4hti\u00e4\u201d oli pohdittu jo 1700-luvun lopulla. <b>John Michell<\/b> mietti tuolloin<b>&nbsp;<\/b>Newtonin gravitaatioteorian pohjalta, mit\u00e4 tapahtuisi, jos taivaankappale olisi riitt\u00e4v\u00e4n iso.<\/p>\n\n\n\n<p>Silloin gravitaatio olisi niin suunnaton, ett\u00e4 edes valo ei p\u00e4\u00e4sisi pakoon.<\/p>\n\n\n\n<p>Teoreettisen pohjan mustille aukoille muotoili <b>Albert Einstein<\/b>. Suhteellisuusteorian mukaan aika-avaruus kaareutuu riitt\u00e4v\u00e4n massiivisen ja riitt\u00e4v\u00e4n tihe\u00e4n kappaleen ymp\u00e4rill\u00e4 niin tiukasti, ett\u00e4 jopa valo, jonka nopeus on maailmankaikkeuden suurin mahdollinen, j\u00e4\u00e4 nalkkiin.<\/p>\n\n\n\n<p>Mustia aukkoja on kuitenkin ollut hyvin vaikea havaita, koska ne ovat nimens\u00e4 mukaisesti mustia. Weissin ehdotuksen aikaan tunnettiin jo ilmi\u00f6it\u00e4, jotka voisivat selitty\u00e4 mustilla aukoilla, mutta ne eiv\u00e4t olleet ainoa selitysvaihtoehto.<\/p>\n\n\n\n<p>Niinp\u00e4 mustiin aukkoihin suhtauduttiin ep\u00e4illen. Jopa <b>Stephen Hawking<\/b> l\u00f6i vetoa, ett\u00e4 vankin musta aukko -ehdokas, r\u00f6ntgenalueella voimakkaasti s\u00e4teilev\u00e4 Cygnus X-1, ei ole musta aukko.<\/p>\n\n\n\n<p>Viime vuoden syyskuussa Hanfordissa ja Livingstonissa kilahti. Pitk\u00e4\u00e4n suunnitellut ja rakennetut peilien, laserien ja tyhji\u00f6putkien muodostamat LIGO-laitteistot (Laser Interferometer Gravitational Wave Observatory) havaitsivat ensimm\u00e4isen kerran Maan ohi kiit\u00e4neen gravitaatioaallon. Ja joulukuussa sama toistui.<\/p>\n\n\n\n<p>Jossain oli tapahtunut jotain mullistavaa. Viel\u00e4p\u00e4 kahdesti.<\/p>\n\n\n\n<p>Ensimm\u00e4inen aalto syntyi, kun kaksi mustaa aukkoa kolaroi 1,4 miljardin valovuoden p\u00e4\u00e4ss\u00e4, ja j\u00e4lkimm\u00e4inen, kun sattumoisin yht\u00e4 et\u00e4\u00e4ll\u00e4 oleva kaksikko koki saman kohtalon.<\/p>\n\n\n\n<p>Kahden observatorion avulla pystyt\u00e4\u00e4n aaltojen tulosuunta m\u00e4\u00e4ritt\u00e4m\u00e4\u00e4n kehnosti, mutta sen verran osataan sanoa, ett\u00e4 vaikka aallot tulivat yht\u00e4 kaukaa, ne eiv\u00e4t tulleet samasta suunnasta.<\/p>\n\n\n\n<p>T\u00f6rm\u00e4ykset saattoivat matkaan aika-avaruuden v\u00e4reit\u00e4, jotka yli miljardi vuotta matkattuaan ohittivat maapallon ja saivat huippuherk\u00e4t laitteistot \u201dsoimaan\u201d. T\u00e4sm\u00e4lleen ennustetulla tavalla.<\/p>\n\n\n\n<p>Varmaan vankimmatkin spektikot alkavat uskoa, ett\u00e4 mustia aukkoja on sittenkin olemassa.<\/p>\n\n\n","protected":false},"excerpt":{"rendered":"<p>N\u00e4in sanottiin Rai Weissille, kun h\u00e4n muutama vuosikymmen sitten yritti saada kollegoitaan innostumaan gravitaatioaaltojen havaintoprojektista. Jo aiemmin oli laskettu, ett\u00e4 gravitaatioaallot &#8211; jos niit\u00e4 on ja jotta niit\u00e4 kyett\u00e4isiin havaitsemaan &#8211; vaatisivat synty\u00e4kseen hyvin<br \/>\nenergi&hellip;<\/p>\n","protected":false},"author":557,"featured_media":0,"comment_status":"open","ping_status":"open","sticky":false,"template":"","format":"standard","meta":{"_acf_changed":false,"asauth_required_access_level":3,"asauth_cansharepaid":"true","om_header_attributes":[],"footnotes":"","om_featured_image_focal_point":[],"om_primary_tag":0,"om_contributors":[],"om_co_authors":[],"beyondwords_generate_audio":"","beyondwords_project_id":"","beyondwords_content_id":"","beyondwords_preview_token":"","beyondwords_player_content":"","beyondwords_player_style":"","beyondwords_language_code":"","beyondwords_language_id":"","beyondwords_title_voice_id":"","beyondwords_body_voice_id":"","beyondwords_summary_voice_id":"","beyondwords_error_message":"","beyondwords_disabled":"","beyondwords_delete_content":"","beyondwords_podcast_id":"","beyondwords_hash":"","publish_post_to_speechkit":"","speechkit_hash":"","speechkit_generate_audio":"","speechkit_project_id":"","speechkit_podcast_id":"","speechkit_error_message":"","speechkit_disabled":"","speechkit_access_key":"","speechkit_error":"","speechkit_info":"","speechkit_response":"","speechkit_retries":"","speechkit_status":"","speechkit_updated_at":"","_speechkit_link":"","_speechkit_text":""},"categories":[1],"tags":[168,174,240],"class_list":["post-571","post","type-post","status-publish","format-standard","hentry","category-taivaan-tahden","tag-gravitaatioaallot","tag-ligo","tag-mustat-aukot"],"om_views":null,"acf":{"tuuma_off":false,"tuuma_kysymys":"","tuuma_vastaus":""},"asauth":{"required_access_level":1,"share_token":"","is_paid":false},"yoast_head":"<!-- This site is optimized with the Yoast SEO plugin v26.4 - https:\/\/yoast.com\/wordpress\/plugins\/seo\/ -->\n<title>\u201dMustia aukkoja ei ole olemassa\u201d - Taivaan t\u00e4hden<\/title>\n<meta name=\"robots\" content=\"index, follow, max-snippet:-1, max-image-preview:large, max-video-preview:-1\" \/>\n<link rel=\"canonical\" href=\"https:\/\/suomenkuvalehti.fi\/taivaan-tahden\/2016\/06\/24\/mustia-aukkoja-ei-ole-olemassa\/\" \/>\n<meta property=\"og:locale\" content=\"fi_FI\" \/>\n<meta property=\"og:type\" content=\"article\" \/>\n<meta property=\"og:title\" content=\"\u201dMustia aukkoja ei ole olemassa\u201d - Taivaan t\u00e4hden\" \/>\n<meta property=\"og:description\" content=\"N\u00e4in sanottiin Rai Weissille, kun h\u00e4n muutama vuosikymmen sitten yritti saada kollegoitaan innostumaan gravitaatioaaltojen havaintoprojektista. Jo aiemmin oli laskettu, ett\u00e4 gravitaatioaallot &#8211; jos niit\u00e4 on ja jotta niit\u00e4 kyett\u00e4isiin havaitsemaan &#8211; vaatisivat synty\u00e4kseen hyvin energi&hellip;\" \/>\n<meta property=\"og:url\" content=\"https:\/\/suomenkuvalehti.fi\/taivaan-tahden\/2016\/06\/24\/mustia-aukkoja-ei-ole-olemassa\/\" \/>\n<meta property=\"og:site_name\" content=\"Taivaan t\u00e4hden\" \/>\n<meta property=\"article:published_time\" content=\"2016-06-24T06:09:46+00:00\" \/>\n<meta property=\"og:image\" content=\"https:\/\/suomenkuvalehti.fi\/taivaan-tahden\/wp-content\/uploads\/sites\/36\/2016\/06\/gravitational-waves-black-holes-ligo-nsf.jpg\" \/>\n\t<meta property=\"og:image:width\" content=\"984\" \/>\n\t<meta property=\"og:image:height\" content=\"628\" \/>\n\t<meta property=\"og:image:type\" content=\"image\/jpeg\" \/>\n<meta name=\"author\" content=\"Markus Hotakainen\" \/>\n<meta name=\"twitter:card\" content=\"summary_large_image\" \/>\n<meta name=\"twitter:label1\" content=\"Written by\" \/>\n\t<meta name=\"twitter:data1\" content=\"Markus Hotakainen\" \/>\n\t<meta name=\"twitter:label2\" content=\"Est. reading time\" \/>\n\t<meta name=\"twitter:data2\" content=\"2 minuuttia\" \/>\n<script type=\"application\/ld+json\" class=\"yoast-schema-graph\">{\"@context\":\"https:\/\/schema.org\",\"@graph\":[{\"@type\":\"WebPage\",\"@id\":\"https:\/\/suomenkuvalehti.fi\/taivaan-tahden\/2016\/06\/24\/mustia-aukkoja-ei-ole-olemassa\/\",\"url\":\"https:\/\/suomenkuvalehti.fi\/taivaan-tahden\/2016\/06\/24\/mustia-aukkoja-ei-ole-olemassa\/\",\"name\":\"\u201dMustia aukkoja ei ole olemassa\u201d - Taivaan t\u00e4hden\",\"isPartOf\":{\"@id\":\"https:\/\/suomenkuvalehti.fi\/taivaan-tahden\/#website\"},\"primaryImageOfPage\":{\"@id\":\"https:\/\/suomenkuvalehti.fi\/taivaan-tahden\/2016\/06\/24\/mustia-aukkoja-ei-ole-olemassa\/#primaryimage\"},\"image\":{\"@id\":\"https:\/\/suomenkuvalehti.fi\/taivaan-tahden\/2016\/06\/24\/mustia-aukkoja-ei-ole-olemassa\/#primaryimage\"},\"thumbnailUrl\":\"https:\/\/suomenkuvalehti.fi\/taivaan-tahden\/wp-content\/uploads\/sites\/36\/2016\/06\/gravitational-waves-black-holes-ligo-nsf.jpg\",\"datePublished\":\"2016-06-24T06:09:46+00:00\",\"author\":{\"@id\":\"https:\/\/suomenkuvalehti.fi\/taivaan-tahden\/#\/schema\/person\/c9c1373acb19750e11084ef640abeae0\"},\"breadcrumb\":{\"@id\":\"https:\/\/suomenkuvalehti.fi\/taivaan-tahden\/2016\/06\/24\/mustia-aukkoja-ei-ole-olemassa\/#breadcrumb\"},\"inLanguage\":\"fi\",\"potentialAction\":[{\"@type\":\"ReadAction\",\"target\":[\"https:\/\/suomenkuvalehti.fi\/taivaan-tahden\/2016\/06\/24\/mustia-aukkoja-ei-ole-olemassa\/\"]}]},{\"@type\":\"ImageObject\",\"inLanguage\":\"fi\",\"@id\":\"https:\/\/suomenkuvalehti.fi\/taivaan-tahden\/2016\/06\/24\/mustia-aukkoja-ei-ole-olemassa\/#primaryimage\",\"url\":\"https:\/\/suomenkuvalehti.fi\/taivaan-tahden\/wp-content\/uploads\/sites\/36\/2016\/06\/gravitational-waves-black-holes-ligo-nsf.jpg\",\"contentUrl\":\"https:\/\/suomenkuvalehti.fi\/taivaan-tahden\/wp-content\/uploads\/sites\/36\/2016\/06\/gravitational-waves-black-holes-ligo-nsf.jpg\"},{\"@type\":\"BreadcrumbList\",\"@id\":\"https:\/\/suomenkuvalehti.fi\/taivaan-tahden\/2016\/06\/24\/mustia-aukkoja-ei-ole-olemassa\/#breadcrumb\",\"itemListElement\":[{\"@type\":\"ListItem\",\"position\":1,\"name\":\"Home\",\"item\":\"https:\/\/suomenkuvalehti.fi\/taivaan-tahden\/\"},{\"@type\":\"ListItem\",\"position\":2,\"name\":\"\u201dMustia aukkoja ei ole olemassa\u201d\"}]},{\"@type\":\"WebSite\",\"@id\":\"https:\/\/suomenkuvalehti.fi\/taivaan-tahden\/#website\",\"url\":\"https:\/\/suomenkuvalehti.fi\/taivaan-tahden\/\",\"name\":\"Taivaan t\u00e4hden\",\"description\":\"Tiedetoimittaja Markus Hotakainen h\u00e4mm\u00e4stelee maailmankaikkeutta.\",\"potentialAction\":[{\"@type\":\"SearchAction\",\"target\":{\"@type\":\"EntryPoint\",\"urlTemplate\":\"https:\/\/suomenkuvalehti.fi\/haku\/?q={search_term_string}\"},\"query-input\":{\"@type\":\"PropertyValueSpecification\",\"valueRequired\":true,\"valueName\":\"search_term_string\"}}],\"inLanguage\":\"fi\"},{\"@type\":\"Person\",\"@id\":\"https:\/\/suomenkuvalehti.fi\/taivaan-tahden\/#\/schema\/person\/c9c1373acb19750e11084ef640abeae0\",\"name\":\"Markus Hotakainen\",\"image\":{\"@type\":\"ImageObject\",\"inLanguage\":\"fi\",\"@id\":\"https:\/\/suomenkuvalehti.fi\/taivaan-tahden\/#\/schema\/person\/image\/\",\"url\":\"https:\/\/suomenkuvalehti.fi\/taivaan-tahden\/wp-content\/uploads\/sites\/36\/2018\/05\/markus_hotakainen_blogi_pieni-150x150.jpg\",\"contentUrl\":\"https:\/\/suomenkuvalehti.fi\/taivaan-tahden\/wp-content\/uploads\/sites\/36\/2018\/05\/markus_hotakainen_blogi_pieni-150x150.jpg\",\"caption\":\"Markus Hotakainen\"},\"description\":\"Kirjoittaja on tiedetoimittaja ja tietokirjailija.\"}]}<\/script>\n<!-- \/ Yoast SEO plugin. -->","yoast_head_json":{"title":"\u201dMustia aukkoja ei ole olemassa\u201d - Taivaan t\u00e4hden","robots":{"index":"index","follow":"follow","max-snippet":"max-snippet:-1","max-image-preview":"max-image-preview:large","max-video-preview":"max-video-preview:-1"},"canonical":"https:\/\/suomenkuvalehti.fi\/taivaan-tahden\/2016\/06\/24\/mustia-aukkoja-ei-ole-olemassa\/","og_locale":"fi_FI","og_type":"article","og_title":"\u201dMustia aukkoja ei ole olemassa\u201d - Taivaan t\u00e4hden","og_description":"N\u00e4in sanottiin Rai Weissille, kun h\u00e4n muutama vuosikymmen sitten yritti saada kollegoitaan innostumaan gravitaatioaaltojen havaintoprojektista. Jo aiemmin oli laskettu, ett\u00e4 gravitaatioaallot &#8211; jos niit\u00e4 on ja jotta niit\u00e4 kyett\u00e4isiin havaitsemaan &#8211; vaatisivat synty\u00e4kseen hyvin energi&hellip;","og_url":"https:\/\/suomenkuvalehti.fi\/taivaan-tahden\/2016\/06\/24\/mustia-aukkoja-ei-ole-olemassa\/","og_site_name":"Taivaan t\u00e4hden","article_published_time":"2016-06-24T06:09:46+00:00","og_image":[{"width":984,"height":628,"url":"https:\/\/suomenkuvalehti.fi\/taivaan-tahden\/wp-content\/uploads\/sites\/36\/2016\/06\/gravitational-waves-black-holes-ligo-nsf.jpg","type":"image\/jpeg"}],"author":"Markus Hotakainen","twitter_card":"summary_large_image","twitter_misc":{"Written by":"Markus Hotakainen","Est. reading time":"2 minuuttia"},"schema":{"@context":"https:\/\/schema.org","@graph":[{"@type":"WebPage","@id":"https:\/\/suomenkuvalehti.fi\/taivaan-tahden\/2016\/06\/24\/mustia-aukkoja-ei-ole-olemassa\/","url":"https:\/\/suomenkuvalehti.fi\/taivaan-tahden\/2016\/06\/24\/mustia-aukkoja-ei-ole-olemassa\/","name":"\u201dMustia aukkoja ei ole olemassa\u201d - Taivaan t\u00e4hden","isPartOf":{"@id":"https:\/\/suomenkuvalehti.fi\/taivaan-tahden\/#website"},"primaryImageOfPage":{"@id":"https:\/\/suomenkuvalehti.fi\/taivaan-tahden\/2016\/06\/24\/mustia-aukkoja-ei-ole-olemassa\/#primaryimage"},"image":{"@id":"https:\/\/suomenkuvalehti.fi\/taivaan-tahden\/2016\/06\/24\/mustia-aukkoja-ei-ole-olemassa\/#primaryimage"},"thumbnailUrl":"https:\/\/suomenkuvalehti.fi\/taivaan-tahden\/wp-content\/uploads\/sites\/36\/2016\/06\/gravitational-waves-black-holes-ligo-nsf.jpg","datePublished":"2016-06-24T06:09:46+00:00","author":{"@id":"https:\/\/suomenkuvalehti.fi\/taivaan-tahden\/#\/schema\/person\/c9c1373acb19750e11084ef640abeae0"},"breadcrumb":{"@id":"https:\/\/suomenkuvalehti.fi\/taivaan-tahden\/2016\/06\/24\/mustia-aukkoja-ei-ole-olemassa\/#breadcrumb"},"inLanguage":"fi","potentialAction":[{"@type":"ReadAction","target":["https:\/\/suomenkuvalehti.fi\/taivaan-tahden\/2016\/06\/24\/mustia-aukkoja-ei-ole-olemassa\/"]}]},{"@type":"ImageObject","inLanguage":"fi","@id":"https:\/\/suomenkuvalehti.fi\/taivaan-tahden\/2016\/06\/24\/mustia-aukkoja-ei-ole-olemassa\/#primaryimage","url":"https:\/\/suomenkuvalehti.fi\/taivaan-tahden\/wp-content\/uploads\/sites\/36\/2016\/06\/gravitational-waves-black-holes-ligo-nsf.jpg","contentUrl":"https:\/\/suomenkuvalehti.fi\/taivaan-tahden\/wp-content\/uploads\/sites\/36\/2016\/06\/gravitational-waves-black-holes-ligo-nsf.jpg"},{"@type":"BreadcrumbList","@id":"https:\/\/suomenkuvalehti.fi\/taivaan-tahden\/2016\/06\/24\/mustia-aukkoja-ei-ole-olemassa\/#breadcrumb","itemListElement":[{"@type":"ListItem","position":1,"name":"Home","item":"https:\/\/suomenkuvalehti.fi\/taivaan-tahden\/"},{"@type":"ListItem","position":2,"name":"\u201dMustia aukkoja ei ole olemassa\u201d"}]},{"@type":"WebSite","@id":"https:\/\/suomenkuvalehti.fi\/taivaan-tahden\/#website","url":"https:\/\/suomenkuvalehti.fi\/taivaan-tahden\/","name":"Taivaan t\u00e4hden","description":"Tiedetoimittaja Markus Hotakainen h\u00e4mm\u00e4stelee maailmankaikkeutta.","potentialAction":[{"@type":"SearchAction","target":{"@type":"EntryPoint","urlTemplate":"https:\/\/suomenkuvalehti.fi\/haku\/?q={search_term_string}"},"query-input":{"@type":"PropertyValueSpecification","valueRequired":true,"valueName":"search_term_string"}}],"inLanguage":"fi"},{"@type":"Person","@id":"https:\/\/suomenkuvalehti.fi\/taivaan-tahden\/#\/schema\/person\/c9c1373acb19750e11084ef640abeae0","name":"Markus Hotakainen","image":{"@type":"ImageObject","inLanguage":"fi","@id":"https:\/\/suomenkuvalehti.fi\/taivaan-tahden\/#\/schema\/person\/image\/","url":"https:\/\/suomenkuvalehti.fi\/taivaan-tahden\/wp-content\/uploads\/sites\/36\/2018\/05\/markus_hotakainen_blogi_pieni-150x150.jpg","contentUrl":"https:\/\/suomenkuvalehti.fi\/taivaan-tahden\/wp-content\/uploads\/sites\/36\/2018\/05\/markus_hotakainen_blogi_pieni-150x150.jpg","caption":"Markus Hotakainen"},"description":"Kirjoittaja on tiedetoimittaja ja tietokirjailija."}]}},"_links":{"self":[{"href":"https:\/\/suomenkuvalehti.fi\/taivaan-tahden\/wp-json\/wp\/v2\/posts\/571","targetHints":{"allow":["GET"]}}],"collection":[{"href":"https:\/\/suomenkuvalehti.fi\/taivaan-tahden\/wp-json\/wp\/v2\/posts"}],"about":[{"href":"https:\/\/suomenkuvalehti.fi\/taivaan-tahden\/wp-json\/wp\/v2\/types\/post"}],"author":[{"embeddable":true,"href":"https:\/\/suomenkuvalehti.fi\/taivaan-tahden\/wp-json\/wp\/v2\/users\/557"}],"replies":[{"embeddable":true,"href":"https:\/\/suomenkuvalehti.fi\/taivaan-tahden\/wp-json\/wp\/v2\/comments?post=571"}],"version-history":[{"count":3,"href":"https:\/\/suomenkuvalehti.fi\/taivaan-tahden\/wp-json\/wp\/v2\/posts\/571\/revisions"}],"predecessor-version":[{"id":575,"href":"https:\/\/suomenkuvalehti.fi\/taivaan-tahden\/wp-json\/wp\/v2\/posts\/571\/revisions\/575"}],"wp:attachment":[{"href":"https:\/\/suomenkuvalehti.fi\/taivaan-tahden\/wp-json\/wp\/v2\/media?parent=571"}],"wp:term":[{"taxonomy":"category","embeddable":true,"href":"https:\/\/suomenkuvalehti.fi\/taivaan-tahden\/wp-json\/wp\/v2\/categories?post=571"},{"taxonomy":"post_tag","embeddable":true,"href":"https:\/\/suomenkuvalehti.fi\/taivaan-tahden\/wp-json\/wp\/v2\/tags?post=571"}],"curies":[{"name":"wp","href":"https:\/\/api.w.org\/{rel}","templated":true}]}}