{"id":568,"date":"2016-06-21T11:46:57","date_gmt":"2016-06-21T08:46:57","guid":{"rendered":"https:\/\/suomenkuvalehti.fi\/taivaan-tahden\/?p=568"},"modified":"2016-06-21T11:46:57","modified_gmt":"2016-06-21T08:46:57","slug":"mita-yhteista-on-kesapaivanseisauksella-ja-kuun-koolla","status":"publish","type":"post","link":"https:\/\/suomenkuvalehti.fi\/taivaan-tahden\/2016\/06\/21\/mita-yhteista-on-kesapaivanseisauksella-ja-kuun-koolla\/","title":{"rendered":"Mit\u00e4 yhteist\u00e4 on kes\u00e4p\u00e4iv\u00e4nseisauksella ja Kuun koolla?"},"content":{"rendered":"<figure class=\"aligncenter size-large is-resized wp-block-image\">\n  <div class=\"wp-block-image__inner-container\">\n    <a href=\"https:\/\/suomenkuvalehti.fi\/taivaan-tahden\/wp-content\/uploads\/sites\/36\/2016\/06\/kuukuusi.jpeg\"><img loading=\"lazy\" decoding=\"async\" src=\"https:\/\/suomenkuvalehti.fi\/taivaan-tahden\/wp-content\/uploads\/sites\/36\/2016\/06\/kuukuusi-1024x683.jpeg\" alt=\"kuukuusi\" class=\"wp-image-569\" width=\"1024\" height=\"683\" style=\"--aspect-ratio: 1.5\" srcset=\"https:\/\/suomenkuvalehti.fi\/taivaan-tahden\/wp-content\/uploads\/sites\/36\/2016\/06\/kuukuusi-1024x683.jpeg 1024w, https:\/\/suomenkuvalehti.fi\/taivaan-tahden\/wp-content\/uploads\/sites\/36\/2016\/06\/kuukuusi-300x200.jpeg 300w, https:\/\/suomenkuvalehti.fi\/taivaan-tahden\/wp-content\/uploads\/sites\/36\/2016\/06\/kuukuusi-768x512.jpeg 768w, https:\/\/suomenkuvalehti.fi\/taivaan-tahden\/wp-content\/uploads\/sites\/36\/2016\/06\/kuukuusi.jpeg 1575w\" sizes=\"auto, (max-width: 1024px) 100vw, 1024px\" \/><\/a>    <figcaption class=\"wp-block-image__figcaption\">\n      Kes\u00e4p\u00e4iv\u00e4nseisauksen aikaan nouseva t\u00e4ysikuu n\u00e4ytti isolta &#8211; kuten nouseva t\u00e4ysikuu aina n\u00e4ytt\u00e4\u00e4. Kuva: Markus Hotakainen          <\/figcaption>\n      <\/div>\n<\/figure>\n\n\n<p>J\u00e4nnityksen lievent\u00e4miseksi on todettava heti k\u00e4ttelyss\u00e4: ei mit\u00e4\u00e4n.<\/p>\n\n\n\n<p>\u201dKes\u00e4p\u00e4iv\u00e4nseisaus ja t\u00e4ysikuu osuvat yhteen ensimm\u00e4ist\u00e4 kertaa puoleen vuosisataan \u2013 Kuu n\u00e4ytt\u00e4\u00e4 tavallista suuremmalta.\u201d<\/p>\n\n\n\n<p>N\u00e4in otsikoi valtakunnan ykk\u00f6slehti uutisensa harvinaisesta tapahtumasta. Jutussa ei muuten ollut varsinaista vikaa, mutta otsikko kytkee yhteen kaksi ilmi\u00f6t\u00e4, joiden syy-seuraussuhde on yht\u00e4 vahva kuin vanhassa vitsiss\u00e4 j\u00e4\u00e4tel\u00f6nsy\u00f6nnin hukkumisonnettomuuksia lis\u00e4\u00e4v\u00e4st\u00e4 vaikutuksesta.<\/p>\n\n\n\n<p>Tai oikeastaan suhde on viel\u00e4 olemattomampi.<\/p>\n\n\n\n<p>J\u00e4\u00e4tel\u00f6\u00e4 sy\u00f6d\u00e4\u00e4n enemm\u00e4n, kun kelit ovat l\u00e4mpim\u00e4mpi\u00e4, ja silloin my\u00f6s liikutaan vesill\u00e4 ja uidaan enemm\u00e4n. T\u00e4ysikuun osumisella kes\u00e4p\u00e4iv\u00e4nseisaukseen ja horisontin takaa nousevan Kuun n\u00e4enn\u00e4isell\u00e4 koolla sen sijaan ei ole taustalla mit\u00e4\u00e4n yhteist\u00e4 tekij\u00e4\u00e4.<\/p>\n\n\n\n<p>T\u00e4ysikuu n\u00e4ytt\u00e4\u00e4 aina taivaalle noustessaan suuremmalta kuin kumottaessaan korkeammalta.<\/p>\n\n\n\n<p>Itse jutussa kummastakin ilmi\u00f6st\u00e4 kerrotaan ihan asiallisesti ja \u201dsuuren Kuun\u201d selitykseksi annetaan useampikin validiksi todettu teoria.<\/p>\n\n\n\n<p>No mit\u00e4 v\u00e4li\u00e4 sitten?<\/p>\n\n\n\n<p>Kun kaikilla on jatkuvasti (mukamas) aivan kamala kiire, aika moni todenn\u00e4k\u00f6isesti lukee lehdist\u00e4 ainakin ensiselailulla vain otsikot. Jos t\u00e4ss\u00e4 tapauksessa itse juttu j\u00e4\u00e4 lukematta, pelk\u00e4n otsikon perusteella saa asioiden suhteista t\u00e4ysin virheellisen kuvan.<\/p>\n\n\n\n<p>Kun kes\u00e4p\u00e4iv\u00e4nseisaus ja t\u00e4ysikuu osuvat yhteen n\u00e4in harvoin, n\u00e4ytt\u00e4\u00e4k\u00f6 Kuu seuraavan kerran \u201dtavallista suuremmalta\u201d vasta ties milloin kaukaisessa tulevaisuudessa?<\/p>\n\n\n\n<p>Ei tietenk\u00e4\u00e4n. Nouseva t\u00e4ysikuu n\u00e4ytt\u00e4\u00e4 tavallista suuremmalta jo hein\u00e4kuussa, kun seuraava t\u00e4ysikuu nousee kes\u00e4iselle y\u00f6taivaalle.<\/p>\n\n\n\n<p>Tiedeuutiset eiv\u00e4t varmaankaan ole maailman t\u00e4rkeimpi\u00e4, mutta usein ne kertovat asioista ja ilmi\u00f6ist\u00e4, jotka ovat lukijoiden enemmist\u00f6lle ennest\u00e4\u00e4n outoja tai tyystin tuntemattomia.<\/p>\n\n\n\n<p>Silti niiden suhteen tuntuu tarkkuus ja t\u00e4sm\u00e4llisyys olevan valtamediassa kaikkein pahiten hakusessa.<\/p>\n\n\n","protected":false},"excerpt":{"rendered":"<p>J\u00e4nnityksen lievent\u00e4miseksi on todettava heti k\u00e4ttelyss\u00e4: ei mit\u00e4\u00e4n. \u201dKes\u00e4p\u00e4iv\u00e4nseisaus ja t\u00e4ysikuu osuvat yhteen ensimm\u00e4ist\u00e4 kertaa puoleen vuosisataan \u2013 Kuu n\u00e4ytt\u00e4\u00e4 tavallista suuremmalta.\u201d N\u00e4in otsikoi valtakunnan ykk\u00f6slehti uutisensa harvinaisesta<br \/>\ntapahtumasta. Jutussa &hellip;<\/p>\n","protected":false},"author":557,"featured_media":0,"comment_status":"open","ping_status":"open","sticky":false,"template":"","format":"standard","meta":{"_acf_changed":false,"asauth_required_access_level":3,"asauth_cansharepaid":"true","om_header_attributes":[],"footnotes":"","om_featured_image_focal_point":[],"om_primary_tag":0,"om_contributors":[],"om_co_authors":[],"beyondwords_generate_audio":"","beyondwords_project_id":"","beyondwords_content_id":"","beyondwords_preview_token":"","beyondwords_player_content":"","beyondwords_player_style":"","beyondwords_language_code":"","beyondwords_language_id":"","beyondwords_title_voice_id":"","beyondwords_body_voice_id":"","beyondwords_summary_voice_id":"","beyondwords_error_message":"","beyondwords_disabled":"","beyondwords_delete_content":"","beyondwords_podcast_id":"","beyondwords_hash":"","publish_post_to_speechkit":"","speechkit_hash":"","speechkit_generate_audio":"","speechkit_project_id":"","speechkit_podcast_id":"","speechkit_error_message":"","speechkit_disabled":"","speechkit_access_key":"","speechkit_error":"","speechkit_info":"","speechkit_response":"","speechkit_retries":"","speechkit_status":"","speechkit_updated_at":"","_speechkit_link":"","_speechkit_text":""},"categories":[1],"tags":[239,5,134],"class_list":["post-568","post","type-post","status-publish","format-standard","hentry","category-taivaan-tahden","tag-kesapaivanseisaus","tag-kuu","tag-taysikuu"],"om_views":null,"acf":{"tuuma_off":false,"tuuma_kysymys":"","tuuma_vastaus":""},"asauth":{"required_access_level":1,"share_token":"","is_paid":false},"yoast_head":"<!-- This site is optimized with the Yoast SEO plugin v26.4 - https:\/\/yoast.com\/wordpress\/plugins\/seo\/ -->\n<title>Mit\u00e4 yhteist\u00e4 on kes\u00e4p\u00e4iv\u00e4nseisauksella ja Kuun koolla? - Taivaan t\u00e4hden<\/title>\n<meta name=\"robots\" content=\"index, follow, max-snippet:-1, max-image-preview:large, max-video-preview:-1\" \/>\n<link rel=\"canonical\" href=\"https:\/\/suomenkuvalehti.fi\/taivaan-tahden\/2016\/06\/21\/mita-yhteista-on-kesapaivanseisauksella-ja-kuun-koolla\/\" \/>\n<meta property=\"og:locale\" content=\"fi_FI\" \/>\n<meta property=\"og:type\" content=\"article\" \/>\n<meta property=\"og:title\" content=\"Mit\u00e4 yhteist\u00e4 on kes\u00e4p\u00e4iv\u00e4nseisauksella ja Kuun koolla? - Taivaan t\u00e4hden\" \/>\n<meta property=\"og:description\" content=\"J\u00e4nnityksen lievent\u00e4miseksi on todettava heti k\u00e4ttelyss\u00e4: ei mit\u00e4\u00e4n. \u201dKes\u00e4p\u00e4iv\u00e4nseisaus ja t\u00e4ysikuu osuvat yhteen ensimm\u00e4ist\u00e4 kertaa puoleen vuosisataan \u2013 Kuu n\u00e4ytt\u00e4\u00e4 tavallista suuremmalta.\u201d N\u00e4in otsikoi valtakunnan ykk\u00f6slehti uutisensa harvinaisesta tapahtumasta. Jutussa &hellip;\" \/>\n<meta property=\"og:url\" content=\"https:\/\/suomenkuvalehti.fi\/taivaan-tahden\/2016\/06\/21\/mita-yhteista-on-kesapaivanseisauksella-ja-kuun-koolla\/\" \/>\n<meta property=\"og:site_name\" content=\"Taivaan t\u00e4hden\" \/>\n<meta property=\"article:published_time\" content=\"2016-06-21T08:46:57+00:00\" \/>\n<meta property=\"og:image\" content=\"https:\/\/suomenkuvalehti.fi\/taivaan-tahden\/wp-content\/uploads\/sites\/36\/2016\/06\/kuukuusi.jpeg\" \/>\n\t<meta property=\"og:image:width\" content=\"1575\" \/>\n\t<meta property=\"og:image:height\" content=\"1050\" \/>\n\t<meta property=\"og:image:type\" content=\"image\/jpeg\" \/>\n<meta name=\"author\" content=\"Markus Hotakainen\" \/>\n<meta name=\"twitter:card\" content=\"summary_large_image\" \/>\n<meta name=\"twitter:label1\" content=\"Written by\" \/>\n\t<meta name=\"twitter:data1\" content=\"Markus Hotakainen\" \/>\n\t<meta name=\"twitter:label2\" content=\"Est. reading time\" \/>\n\t<meta name=\"twitter:data2\" content=\"2 minuuttia\" \/>\n<script type=\"application\/ld+json\" class=\"yoast-schema-graph\">{\"@context\":\"https:\/\/schema.org\",\"@graph\":[{\"@type\":\"WebPage\",\"@id\":\"https:\/\/suomenkuvalehti.fi\/taivaan-tahden\/2016\/06\/21\/mita-yhteista-on-kesapaivanseisauksella-ja-kuun-koolla\/\",\"url\":\"https:\/\/suomenkuvalehti.fi\/taivaan-tahden\/2016\/06\/21\/mita-yhteista-on-kesapaivanseisauksella-ja-kuun-koolla\/\",\"name\":\"Mit\u00e4 yhteist\u00e4 on kes\u00e4p\u00e4iv\u00e4nseisauksella ja Kuun koolla? - Taivaan t\u00e4hden\",\"isPartOf\":{\"@id\":\"https:\/\/suomenkuvalehti.fi\/taivaan-tahden\/#website\"},\"primaryImageOfPage\":{\"@id\":\"https:\/\/suomenkuvalehti.fi\/taivaan-tahden\/2016\/06\/21\/mita-yhteista-on-kesapaivanseisauksella-ja-kuun-koolla\/#primaryimage\"},\"image\":{\"@id\":\"https:\/\/suomenkuvalehti.fi\/taivaan-tahden\/2016\/06\/21\/mita-yhteista-on-kesapaivanseisauksella-ja-kuun-koolla\/#primaryimage\"},\"thumbnailUrl\":\"https:\/\/suomenkuvalehti.fi\/taivaan-tahden\/wp-content\/uploads\/sites\/36\/2016\/06\/kuukuusi-1024x683.jpeg\",\"datePublished\":\"2016-06-21T08:46:57+00:00\",\"author\":{\"@id\":\"https:\/\/suomenkuvalehti.fi\/taivaan-tahden\/#\/schema\/person\/c9c1373acb19750e11084ef640abeae0\"},\"breadcrumb\":{\"@id\":\"https:\/\/suomenkuvalehti.fi\/taivaan-tahden\/2016\/06\/21\/mita-yhteista-on-kesapaivanseisauksella-ja-kuun-koolla\/#breadcrumb\"},\"inLanguage\":\"fi\",\"potentialAction\":[{\"@type\":\"ReadAction\",\"target\":[\"https:\/\/suomenkuvalehti.fi\/taivaan-tahden\/2016\/06\/21\/mita-yhteista-on-kesapaivanseisauksella-ja-kuun-koolla\/\"]}]},{\"@type\":\"ImageObject\",\"inLanguage\":\"fi\",\"@id\":\"https:\/\/suomenkuvalehti.fi\/taivaan-tahden\/2016\/06\/21\/mita-yhteista-on-kesapaivanseisauksella-ja-kuun-koolla\/#primaryimage\",\"url\":\"https:\/\/suomenkuvalehti.fi\/taivaan-tahden\/wp-content\/uploads\/sites\/36\/2016\/06\/kuukuusi.jpeg\",\"contentUrl\":\"https:\/\/suomenkuvalehti.fi\/taivaan-tahden\/wp-content\/uploads\/sites\/36\/2016\/06\/kuukuusi.jpeg\",\"width\":1575,\"height\":1050},{\"@type\":\"BreadcrumbList\",\"@id\":\"https:\/\/suomenkuvalehti.fi\/taivaan-tahden\/2016\/06\/21\/mita-yhteista-on-kesapaivanseisauksella-ja-kuun-koolla\/#breadcrumb\",\"itemListElement\":[{\"@type\":\"ListItem\",\"position\":1,\"name\":\"Home\",\"item\":\"https:\/\/suomenkuvalehti.fi\/taivaan-tahden\/\"},{\"@type\":\"ListItem\",\"position\":2,\"name\":\"Mit\u00e4 yhteist\u00e4 on kes\u00e4p\u00e4iv\u00e4nseisauksella ja Kuun koolla?\"}]},{\"@type\":\"WebSite\",\"@id\":\"https:\/\/suomenkuvalehti.fi\/taivaan-tahden\/#website\",\"url\":\"https:\/\/suomenkuvalehti.fi\/taivaan-tahden\/\",\"name\":\"Taivaan t\u00e4hden\",\"description\":\"Tiedetoimittaja Markus Hotakainen h\u00e4mm\u00e4stelee maailmankaikkeutta.\",\"potentialAction\":[{\"@type\":\"SearchAction\",\"target\":{\"@type\":\"EntryPoint\",\"urlTemplate\":\"https:\/\/suomenkuvalehti.fi\/haku\/?q={search_term_string}\"},\"query-input\":{\"@type\":\"PropertyValueSpecification\",\"valueRequired\":true,\"valueName\":\"search_term_string\"}}],\"inLanguage\":\"fi\"},{\"@type\":\"Person\",\"@id\":\"https:\/\/suomenkuvalehti.fi\/taivaan-tahden\/#\/schema\/person\/c9c1373acb19750e11084ef640abeae0\",\"name\":\"Markus Hotakainen\",\"image\":{\"@type\":\"ImageObject\",\"inLanguage\":\"fi\",\"@id\":\"https:\/\/suomenkuvalehti.fi\/taivaan-tahden\/#\/schema\/person\/image\/\",\"url\":\"https:\/\/suomenkuvalehti.fi\/taivaan-tahden\/wp-content\/uploads\/sites\/36\/2018\/05\/markus_hotakainen_blogi_pieni-150x150.jpg\",\"contentUrl\":\"https:\/\/suomenkuvalehti.fi\/taivaan-tahden\/wp-content\/uploads\/sites\/36\/2018\/05\/markus_hotakainen_blogi_pieni-150x150.jpg\",\"caption\":\"Markus Hotakainen\"},\"description\":\"Kirjoittaja on tiedetoimittaja ja tietokirjailija.\"}]}<\/script>\n<!-- \/ Yoast SEO plugin. -->","yoast_head_json":{"title":"Mit\u00e4 yhteist\u00e4 on kes\u00e4p\u00e4iv\u00e4nseisauksella ja Kuun koolla? - Taivaan t\u00e4hden","robots":{"index":"index","follow":"follow","max-snippet":"max-snippet:-1","max-image-preview":"max-image-preview:large","max-video-preview":"max-video-preview:-1"},"canonical":"https:\/\/suomenkuvalehti.fi\/taivaan-tahden\/2016\/06\/21\/mita-yhteista-on-kesapaivanseisauksella-ja-kuun-koolla\/","og_locale":"fi_FI","og_type":"article","og_title":"Mit\u00e4 yhteist\u00e4 on kes\u00e4p\u00e4iv\u00e4nseisauksella ja Kuun koolla? - Taivaan t\u00e4hden","og_description":"J\u00e4nnityksen lievent\u00e4miseksi on todettava heti k\u00e4ttelyss\u00e4: ei mit\u00e4\u00e4n. \u201dKes\u00e4p\u00e4iv\u00e4nseisaus ja t\u00e4ysikuu osuvat yhteen ensimm\u00e4ist\u00e4 kertaa puoleen vuosisataan \u2013 Kuu n\u00e4ytt\u00e4\u00e4 tavallista suuremmalta.\u201d N\u00e4in otsikoi valtakunnan ykk\u00f6slehti uutisensa harvinaisesta tapahtumasta. Jutussa &hellip;","og_url":"https:\/\/suomenkuvalehti.fi\/taivaan-tahden\/2016\/06\/21\/mita-yhteista-on-kesapaivanseisauksella-ja-kuun-koolla\/","og_site_name":"Taivaan t\u00e4hden","article_published_time":"2016-06-21T08:46:57+00:00","og_image":[{"width":1575,"height":1050,"url":"https:\/\/suomenkuvalehti.fi\/taivaan-tahden\/wp-content\/uploads\/sites\/36\/2016\/06\/kuukuusi.jpeg","type":"image\/jpeg"}],"author":"Markus Hotakainen","twitter_card":"summary_large_image","twitter_misc":{"Written by":"Markus Hotakainen","Est. reading time":"2 minuuttia"},"schema":{"@context":"https:\/\/schema.org","@graph":[{"@type":"WebPage","@id":"https:\/\/suomenkuvalehti.fi\/taivaan-tahden\/2016\/06\/21\/mita-yhteista-on-kesapaivanseisauksella-ja-kuun-koolla\/","url":"https:\/\/suomenkuvalehti.fi\/taivaan-tahden\/2016\/06\/21\/mita-yhteista-on-kesapaivanseisauksella-ja-kuun-koolla\/","name":"Mit\u00e4 yhteist\u00e4 on kes\u00e4p\u00e4iv\u00e4nseisauksella ja Kuun koolla? - Taivaan t\u00e4hden","isPartOf":{"@id":"https:\/\/suomenkuvalehti.fi\/taivaan-tahden\/#website"},"primaryImageOfPage":{"@id":"https:\/\/suomenkuvalehti.fi\/taivaan-tahden\/2016\/06\/21\/mita-yhteista-on-kesapaivanseisauksella-ja-kuun-koolla\/#primaryimage"},"image":{"@id":"https:\/\/suomenkuvalehti.fi\/taivaan-tahden\/2016\/06\/21\/mita-yhteista-on-kesapaivanseisauksella-ja-kuun-koolla\/#primaryimage"},"thumbnailUrl":"https:\/\/suomenkuvalehti.fi\/taivaan-tahden\/wp-content\/uploads\/sites\/36\/2016\/06\/kuukuusi-1024x683.jpeg","datePublished":"2016-06-21T08:46:57+00:00","author":{"@id":"https:\/\/suomenkuvalehti.fi\/taivaan-tahden\/#\/schema\/person\/c9c1373acb19750e11084ef640abeae0"},"breadcrumb":{"@id":"https:\/\/suomenkuvalehti.fi\/taivaan-tahden\/2016\/06\/21\/mita-yhteista-on-kesapaivanseisauksella-ja-kuun-koolla\/#breadcrumb"},"inLanguage":"fi","potentialAction":[{"@type":"ReadAction","target":["https:\/\/suomenkuvalehti.fi\/taivaan-tahden\/2016\/06\/21\/mita-yhteista-on-kesapaivanseisauksella-ja-kuun-koolla\/"]}]},{"@type":"ImageObject","inLanguage":"fi","@id":"https:\/\/suomenkuvalehti.fi\/taivaan-tahden\/2016\/06\/21\/mita-yhteista-on-kesapaivanseisauksella-ja-kuun-koolla\/#primaryimage","url":"https:\/\/suomenkuvalehti.fi\/taivaan-tahden\/wp-content\/uploads\/sites\/36\/2016\/06\/kuukuusi.jpeg","contentUrl":"https:\/\/suomenkuvalehti.fi\/taivaan-tahden\/wp-content\/uploads\/sites\/36\/2016\/06\/kuukuusi.jpeg","width":1575,"height":1050},{"@type":"BreadcrumbList","@id":"https:\/\/suomenkuvalehti.fi\/taivaan-tahden\/2016\/06\/21\/mita-yhteista-on-kesapaivanseisauksella-ja-kuun-koolla\/#breadcrumb","itemListElement":[{"@type":"ListItem","position":1,"name":"Home","item":"https:\/\/suomenkuvalehti.fi\/taivaan-tahden\/"},{"@type":"ListItem","position":2,"name":"Mit\u00e4 yhteist\u00e4 on kes\u00e4p\u00e4iv\u00e4nseisauksella ja Kuun koolla?"}]},{"@type":"WebSite","@id":"https:\/\/suomenkuvalehti.fi\/taivaan-tahden\/#website","url":"https:\/\/suomenkuvalehti.fi\/taivaan-tahden\/","name":"Taivaan t\u00e4hden","description":"Tiedetoimittaja Markus Hotakainen h\u00e4mm\u00e4stelee maailmankaikkeutta.","potentialAction":[{"@type":"SearchAction","target":{"@type":"EntryPoint","urlTemplate":"https:\/\/suomenkuvalehti.fi\/haku\/?q={search_term_string}"},"query-input":{"@type":"PropertyValueSpecification","valueRequired":true,"valueName":"search_term_string"}}],"inLanguage":"fi"},{"@type":"Person","@id":"https:\/\/suomenkuvalehti.fi\/taivaan-tahden\/#\/schema\/person\/c9c1373acb19750e11084ef640abeae0","name":"Markus Hotakainen","image":{"@type":"ImageObject","inLanguage":"fi","@id":"https:\/\/suomenkuvalehti.fi\/taivaan-tahden\/#\/schema\/person\/image\/","url":"https:\/\/suomenkuvalehti.fi\/taivaan-tahden\/wp-content\/uploads\/sites\/36\/2018\/05\/markus_hotakainen_blogi_pieni-150x150.jpg","contentUrl":"https:\/\/suomenkuvalehti.fi\/taivaan-tahden\/wp-content\/uploads\/sites\/36\/2018\/05\/markus_hotakainen_blogi_pieni-150x150.jpg","caption":"Markus Hotakainen"},"description":"Kirjoittaja on tiedetoimittaja ja tietokirjailija."}]}},"_links":{"self":[{"href":"https:\/\/suomenkuvalehti.fi\/taivaan-tahden\/wp-json\/wp\/v2\/posts\/568","targetHints":{"allow":["GET"]}}],"collection":[{"href":"https:\/\/suomenkuvalehti.fi\/taivaan-tahden\/wp-json\/wp\/v2\/posts"}],"about":[{"href":"https:\/\/suomenkuvalehti.fi\/taivaan-tahden\/wp-json\/wp\/v2\/types\/post"}],"author":[{"embeddable":true,"href":"https:\/\/suomenkuvalehti.fi\/taivaan-tahden\/wp-json\/wp\/v2\/users\/557"}],"replies":[{"embeddable":true,"href":"https:\/\/suomenkuvalehti.fi\/taivaan-tahden\/wp-json\/wp\/v2\/comments?post=568"}],"version-history":[{"count":1,"href":"https:\/\/suomenkuvalehti.fi\/taivaan-tahden\/wp-json\/wp\/v2\/posts\/568\/revisions"}],"predecessor-version":[{"id":570,"href":"https:\/\/suomenkuvalehti.fi\/taivaan-tahden\/wp-json\/wp\/v2\/posts\/568\/revisions\/570"}],"wp:attachment":[{"href":"https:\/\/suomenkuvalehti.fi\/taivaan-tahden\/wp-json\/wp\/v2\/media?parent=568"}],"wp:term":[{"taxonomy":"category","embeddable":true,"href":"https:\/\/suomenkuvalehti.fi\/taivaan-tahden\/wp-json\/wp\/v2\/categories?post=568"},{"taxonomy":"post_tag","embeddable":true,"href":"https:\/\/suomenkuvalehti.fi\/taivaan-tahden\/wp-json\/wp\/v2\/tags?post=568"}],"curies":[{"name":"wp","href":"https:\/\/api.w.org\/{rel}","templated":true}]}}