{"id":564,"date":"2016-06-19T12:22:53","date_gmt":"2016-06-19T09:22:53","guid":{"rendered":"https:\/\/suomenkuvalehti.fi\/taivaan-tahden\/?p=564"},"modified":"2016-06-19T12:22:53","modified_gmt":"2016-06-19T09:22:53","slug":"olemmeko-sittenkaan-kaksin-maailmankaikkeudessa","status":"publish","type":"post","link":"https:\/\/suomenkuvalehti.fi\/taivaan-tahden\/2016\/06\/19\/olemmeko-sittenkaan-kaksin-maailmankaikkeudessa\/","title":{"rendered":"Olemmeko sittenk\u00e4\u00e4n kaksin maailmankaikkeudessa?"},"content":{"rendered":"<figure class=\"aligncenter size-large is-resized wp-block-image\">\n  <div class=\"wp-block-image__inner-container\">\n    <a href=\"https:\/\/suomenkuvalehti.fi\/taivaan-tahden\/wp-content\/uploads\/sites\/36\/2016\/06\/asteroid20160615.jpg\"><img loading=\"lazy\" decoding=\"async\" src=\"https:\/\/suomenkuvalehti.fi\/taivaan-tahden\/wp-content\/uploads\/sites\/36\/2016\/06\/asteroid20160615-1024x601.jpg\" alt=\"asteroid20160615\" class=\"wp-image-565\" width=\"1024\" height=\"601\" style=\"--aspect-ratio: 1.7\" srcset=\"https:\/\/suomenkuvalehti.fi\/taivaan-tahden\/wp-content\/uploads\/sites\/36\/2016\/06\/asteroid20160615-1024x601.jpg 1024w, https:\/\/suomenkuvalehti.fi\/taivaan-tahden\/wp-content\/uploads\/sites\/36\/2016\/06\/asteroid20160615-300x176.jpg 300w, https:\/\/suomenkuvalehti.fi\/taivaan-tahden\/wp-content\/uploads\/sites\/36\/2016\/06\/asteroid20160615-768x450.jpg 768w, https:\/\/suomenkuvalehti.fi\/taivaan-tahden\/wp-content\/uploads\/sites\/36\/2016\/06\/asteroid20160615.jpg 1422w\" sizes=\"auto, (max-width: 1024px) 100vw, 1024px\" \/><\/a>    <figcaption class=\"wp-block-image__figcaption\">\n      Asteroidia 2016 HO3 voi hyv\u00e4ll\u00e4 tahdolla pit\u00e4\u00e4 Maan kuuna. Kuva: NASA\/JPL-Caltech          <\/figcaption>\n      <\/div>\n<\/figure>\n\n\n<p>Maa-planeetalla on tunnetusti yksi kuu, jonka nimi on mielikuvituksellisesti Kuu. Yhdess\u00e4 kaksikko matkaa Auringon ymp\u00e4ri ja koko Aurinkokunnan mukana Linnunradassa.<\/p>\n\n\n\n<p>Maan l\u00e4hiavaruudessa risteilee pienempi\u00e4 kappaleita, joista osa tulee joskus hyvinkin l\u00e4helle, jopa l\u00e4hemm\u00e4s kuin Kuu. Ne ovat asteroideja, jotka kiert\u00e4v\u00e4t Aurinkoa omilla radoillaan ja vain ajoittain sattuvat l\u00e4hist\u00f6llemme.<\/p>\n\n\n\n<p>Huhtikuun lopulla l\u00f6ydettiin pieni asteroidi, joka sai tunnuksekseen 2016 HO3. My\u00f6s se kiert\u00e4\u00e4 Aurinkoa, mutta samalla se n\u00e4ytt\u00e4\u00e4 kiert\u00e4v\u00e4n my\u00f6s Maata. T\u00e4llaista \u201dkiertolaista\u201d sanotaan kvasikuuksi.<\/p>\n\n\n\n<p>Auringon ja Maan vetovoimat pitelev\u00e4t pient\u00e4 kappaletta otteessaan, jolloin se kieppuu kummankin ymp\u00e4ri. T\u00e4llaisia kvasikuita on l\u00f6ytynyt aiemminkin.<\/p>\n\n\n\n<p>Esimerkiksi asteroidi \u201dnimelt\u00e4\u201d 2003 YN107 oli suunnilleen samanlaisella radalla reilu vuosikymmen sitten, mutta sittemmin se karkasi.<\/p>\n\n\n\n<p>2016 HO3 sen sijaan on laskelmien mukaan ollut nykyisell\u00e4 radallaan jo l\u00e4hes sadan vuoden ajan ja pysyttelee sill\u00e4 mahdollisesti viel\u00e4 useita vuosisatoja.<\/p>\n\n\n\n<p>Asteroidin soikea rata kuljettaa sen ajoittain l\u00e4hemm\u00e4s Aurinkoa kuin Maa, toisinaan taas hieman kauemmas. L\u00e4hemp\u00e4n\u00e4 Aurinkoa ollessaan asteroidi eh\u00e4tt\u00e4\u00e4 et\u00e4\u00e4mp\u00e4n\u00e4 kiert\u00e4v\u00e4n Maan edelle, mutta siirtyess\u00e4\u00e4n kauemmas Auringosta, se alkaa j\u00e4\u00e4d\u00e4 Maasta j\u00e4lkeen.<\/p>\n\n\n\n<p>Siksi asteroidi n\u00e4ytt\u00e4\u00e4 kiert\u00e4v\u00e4n my\u00f6s Maata, vaikka se todellisuudessa kiert\u00e4\u00e4kin vain Aurinkoa omalla radallaan.<\/p>\n\n\n\n<p>Asteroidin et\u00e4isyys Maasta vaihtelee suuresti, sill\u00e4 et\u00e4isimmill\u00e4\u00e4n se on sata kertaa kauempana kuin Kuu, ja l\u00e4himmill\u00e4\u00e4n noin 38 kertaa kauempana.<\/p>\n\n\n\n<p>Kilometreiss\u00e4 \u00e4\u00e4riet\u00e4isyydet ovat yli 38 000 000 ja noin 14 500 000. Kun asteroidilla on l\u00e4pimittaa vain joitakin kymmeni\u00e4 metrej\u00e4 &#8211; sen tarkkaa kokoa ei viel\u00e4 tunneta &#8211; siit\u00e4 ei ole Kuun kilpailijaksi.<\/p>\n\n\n\n<p>Vanha kiertolaisemme hallitsee edelleen y\u00f6taivasta silloin kun sattuu n\u00e4kym\u00e4\u00e4n.<\/p>\n\n\n","protected":false},"excerpt":{"rendered":"<p>Maa-planeetalla on tunnetusti yksi kuu, jonka nimi on mielikuvituksellisesti Kuu. Yhdess\u00e4 kaksikko matkaa Auringon ymp\u00e4ri ja koko Aurinkokunnan mukana Linnunradassa. Maan l\u00e4hiavaruudessa risteilee pienempi\u00e4 kappaleita, joista osa tulee joskus hyvinkin l\u00e4helle, jopa l\u00e4hemm\u00e4s<br \/>\nkuin K&hellip;<\/p>\n","protected":false},"author":557,"featured_media":0,"comment_status":"open","ping_status":"open","sticky":false,"template":"","format":"standard","meta":{"_acf_changed":false,"asauth_required_access_level":3,"asauth_cansharepaid":"true","om_header_attributes":[],"footnotes":"","om_featured_image_focal_point":[],"om_primary_tag":0,"om_contributors":[],"om_co_authors":[],"beyondwords_generate_audio":"","beyondwords_project_id":"","beyondwords_content_id":"","beyondwords_preview_token":"","beyondwords_player_content":"","beyondwords_player_style":"","beyondwords_language_code":"","beyondwords_language_id":"","beyondwords_title_voice_id":"","beyondwords_body_voice_id":"","beyondwords_summary_voice_id":"","beyondwords_error_message":"","beyondwords_disabled":"","beyondwords_delete_content":"","beyondwords_podcast_id":"","beyondwords_hash":"","publish_post_to_speechkit":"","speechkit_hash":"","speechkit_generate_audio":"","speechkit_project_id":"","speechkit_podcast_id":"","speechkit_error_message":"","speechkit_disabled":"","speechkit_access_key":"","speechkit_error":"","speechkit_info":"","speechkit_response":"","speechkit_retries":"","speechkit_status":"","speechkit_updated_at":"","_speechkit_link":"","_speechkit_text":""},"categories":[1],"tags":[238,144,4,5,237,31],"class_list":["post-564","post","type-post","status-publish","format-standard","hentry","category-taivaan-tahden","tag-2016-ho3","tag-asteroidi","tag-aurinko","tag-kuu","tag-kvasikuu","tag-maa"],"om_views":null,"acf":{"tuuma_off":false,"tuuma_kysymys":"","tuuma_vastaus":""},"asauth":{"required_access_level":1,"share_token":"","is_paid":false},"yoast_head":"<!-- This site is optimized with the Yoast SEO plugin v26.4 - https:\/\/yoast.com\/wordpress\/plugins\/seo\/ -->\n<title>Olemmeko sittenk\u00e4\u00e4n kaksin maailmankaikkeudessa? - Taivaan t\u00e4hden<\/title>\n<meta name=\"robots\" content=\"index, follow, max-snippet:-1, max-image-preview:large, max-video-preview:-1\" \/>\n<link rel=\"canonical\" href=\"https:\/\/suomenkuvalehti.fi\/taivaan-tahden\/2016\/06\/19\/olemmeko-sittenkaan-kaksin-maailmankaikkeudessa\/\" \/>\n<meta property=\"og:locale\" content=\"fi_FI\" \/>\n<meta property=\"og:type\" content=\"article\" \/>\n<meta property=\"og:title\" content=\"Olemmeko sittenk\u00e4\u00e4n kaksin maailmankaikkeudessa? - Taivaan t\u00e4hden\" \/>\n<meta property=\"og:description\" content=\"Maa-planeetalla on tunnetusti yksi kuu, jonka nimi on mielikuvituksellisesti Kuu. Yhdess\u00e4 kaksikko matkaa Auringon ymp\u00e4ri ja koko Aurinkokunnan mukana Linnunradassa. Maan l\u00e4hiavaruudessa risteilee pienempi\u00e4 kappaleita, joista osa tulee joskus hyvinkin l\u00e4helle, jopa l\u00e4hemm\u00e4s kuin K&hellip;\" \/>\n<meta property=\"og:url\" content=\"https:\/\/suomenkuvalehti.fi\/taivaan-tahden\/2016\/06\/19\/olemmeko-sittenkaan-kaksin-maailmankaikkeudessa\/\" \/>\n<meta property=\"og:site_name\" content=\"Taivaan t\u00e4hden\" \/>\n<meta property=\"article:published_time\" content=\"2016-06-19T09:22:53+00:00\" \/>\n<meta property=\"og:image\" content=\"https:\/\/suomenkuvalehti.fi\/taivaan-tahden\/wp-content\/uploads\/sites\/36\/2016\/06\/asteroid20160615.jpg\" \/>\n\t<meta property=\"og:image:width\" content=\"1422\" \/>\n\t<meta property=\"og:image:height\" content=\"834\" \/>\n\t<meta property=\"og:image:type\" content=\"image\/jpeg\" \/>\n<meta name=\"author\" content=\"Markus Hotakainen\" \/>\n<meta name=\"twitter:card\" content=\"summary_large_image\" \/>\n<meta name=\"twitter:label1\" content=\"Written by\" \/>\n\t<meta name=\"twitter:data1\" content=\"Markus Hotakainen\" \/>\n\t<meta name=\"twitter:label2\" content=\"Est. reading time\" \/>\n\t<meta name=\"twitter:data2\" content=\"1 minuutti\" \/>\n<script type=\"application\/ld+json\" class=\"yoast-schema-graph\">{\"@context\":\"https:\/\/schema.org\",\"@graph\":[{\"@type\":\"WebPage\",\"@id\":\"https:\/\/suomenkuvalehti.fi\/taivaan-tahden\/2016\/06\/19\/olemmeko-sittenkaan-kaksin-maailmankaikkeudessa\/\",\"url\":\"https:\/\/suomenkuvalehti.fi\/taivaan-tahden\/2016\/06\/19\/olemmeko-sittenkaan-kaksin-maailmankaikkeudessa\/\",\"name\":\"Olemmeko sittenk\u00e4\u00e4n kaksin maailmankaikkeudessa? - Taivaan t\u00e4hden\",\"isPartOf\":{\"@id\":\"https:\/\/suomenkuvalehti.fi\/taivaan-tahden\/#website\"},\"primaryImageOfPage\":{\"@id\":\"https:\/\/suomenkuvalehti.fi\/taivaan-tahden\/2016\/06\/19\/olemmeko-sittenkaan-kaksin-maailmankaikkeudessa\/#primaryimage\"},\"image\":{\"@id\":\"https:\/\/suomenkuvalehti.fi\/taivaan-tahden\/2016\/06\/19\/olemmeko-sittenkaan-kaksin-maailmankaikkeudessa\/#primaryimage\"},\"thumbnailUrl\":\"https:\/\/suomenkuvalehti.fi\/taivaan-tahden\/wp-content\/uploads\/sites\/36\/2016\/06\/asteroid20160615-1024x601.jpg\",\"datePublished\":\"2016-06-19T09:22:53+00:00\",\"author\":{\"@id\":\"https:\/\/suomenkuvalehti.fi\/taivaan-tahden\/#\/schema\/person\/c9c1373acb19750e11084ef640abeae0\"},\"breadcrumb\":{\"@id\":\"https:\/\/suomenkuvalehti.fi\/taivaan-tahden\/2016\/06\/19\/olemmeko-sittenkaan-kaksin-maailmankaikkeudessa\/#breadcrumb\"},\"inLanguage\":\"fi\",\"potentialAction\":[{\"@type\":\"ReadAction\",\"target\":[\"https:\/\/suomenkuvalehti.fi\/taivaan-tahden\/2016\/06\/19\/olemmeko-sittenkaan-kaksin-maailmankaikkeudessa\/\"]}]},{\"@type\":\"ImageObject\",\"inLanguage\":\"fi\",\"@id\":\"https:\/\/suomenkuvalehti.fi\/taivaan-tahden\/2016\/06\/19\/olemmeko-sittenkaan-kaksin-maailmankaikkeudessa\/#primaryimage\",\"url\":\"https:\/\/suomenkuvalehti.fi\/taivaan-tahden\/wp-content\/uploads\/sites\/36\/2016\/06\/asteroid20160615.jpg\",\"contentUrl\":\"https:\/\/suomenkuvalehti.fi\/taivaan-tahden\/wp-content\/uploads\/sites\/36\/2016\/06\/asteroid20160615.jpg\",\"width\":1422,\"height\":834},{\"@type\":\"BreadcrumbList\",\"@id\":\"https:\/\/suomenkuvalehti.fi\/taivaan-tahden\/2016\/06\/19\/olemmeko-sittenkaan-kaksin-maailmankaikkeudessa\/#breadcrumb\",\"itemListElement\":[{\"@type\":\"ListItem\",\"position\":1,\"name\":\"Home\",\"item\":\"https:\/\/suomenkuvalehti.fi\/taivaan-tahden\/\"},{\"@type\":\"ListItem\",\"position\":2,\"name\":\"Olemmeko sittenk\u00e4\u00e4n kaksin maailmankaikkeudessa?\"}]},{\"@type\":\"WebSite\",\"@id\":\"https:\/\/suomenkuvalehti.fi\/taivaan-tahden\/#website\",\"url\":\"https:\/\/suomenkuvalehti.fi\/taivaan-tahden\/\",\"name\":\"Taivaan t\u00e4hden\",\"description\":\"Tiedetoimittaja Markus Hotakainen h\u00e4mm\u00e4stelee maailmankaikkeutta.\",\"potentialAction\":[{\"@type\":\"SearchAction\",\"target\":{\"@type\":\"EntryPoint\",\"urlTemplate\":\"https:\/\/suomenkuvalehti.fi\/haku\/?q={search_term_string}\"},\"query-input\":{\"@type\":\"PropertyValueSpecification\",\"valueRequired\":true,\"valueName\":\"search_term_string\"}}],\"inLanguage\":\"fi\"},{\"@type\":\"Person\",\"@id\":\"https:\/\/suomenkuvalehti.fi\/taivaan-tahden\/#\/schema\/person\/c9c1373acb19750e11084ef640abeae0\",\"name\":\"Markus Hotakainen\",\"image\":{\"@type\":\"ImageObject\",\"inLanguage\":\"fi\",\"@id\":\"https:\/\/suomenkuvalehti.fi\/taivaan-tahden\/#\/schema\/person\/image\/\",\"url\":\"https:\/\/suomenkuvalehti.fi\/taivaan-tahden\/wp-content\/uploads\/sites\/36\/2018\/05\/markus_hotakainen_blogi_pieni-150x150.jpg\",\"contentUrl\":\"https:\/\/suomenkuvalehti.fi\/taivaan-tahden\/wp-content\/uploads\/sites\/36\/2018\/05\/markus_hotakainen_blogi_pieni-150x150.jpg\",\"caption\":\"Markus Hotakainen\"},\"description\":\"Kirjoittaja on tiedetoimittaja ja tietokirjailija.\"}]}<\/script>\n<!-- \/ Yoast SEO plugin. -->","yoast_head_json":{"title":"Olemmeko sittenk\u00e4\u00e4n kaksin maailmankaikkeudessa? - Taivaan t\u00e4hden","robots":{"index":"index","follow":"follow","max-snippet":"max-snippet:-1","max-image-preview":"max-image-preview:large","max-video-preview":"max-video-preview:-1"},"canonical":"https:\/\/suomenkuvalehti.fi\/taivaan-tahden\/2016\/06\/19\/olemmeko-sittenkaan-kaksin-maailmankaikkeudessa\/","og_locale":"fi_FI","og_type":"article","og_title":"Olemmeko sittenk\u00e4\u00e4n kaksin maailmankaikkeudessa? - Taivaan t\u00e4hden","og_description":"Maa-planeetalla on tunnetusti yksi kuu, jonka nimi on mielikuvituksellisesti Kuu. Yhdess\u00e4 kaksikko matkaa Auringon ymp\u00e4ri ja koko Aurinkokunnan mukana Linnunradassa. Maan l\u00e4hiavaruudessa risteilee pienempi\u00e4 kappaleita, joista osa tulee joskus hyvinkin l\u00e4helle, jopa l\u00e4hemm\u00e4s kuin K&hellip;","og_url":"https:\/\/suomenkuvalehti.fi\/taivaan-tahden\/2016\/06\/19\/olemmeko-sittenkaan-kaksin-maailmankaikkeudessa\/","og_site_name":"Taivaan t\u00e4hden","article_published_time":"2016-06-19T09:22:53+00:00","og_image":[{"width":1422,"height":834,"url":"https:\/\/suomenkuvalehti.fi\/taivaan-tahden\/wp-content\/uploads\/sites\/36\/2016\/06\/asteroid20160615.jpg","type":"image\/jpeg"}],"author":"Markus Hotakainen","twitter_card":"summary_large_image","twitter_misc":{"Written by":"Markus Hotakainen","Est. reading time":"1 minuutti"},"schema":{"@context":"https:\/\/schema.org","@graph":[{"@type":"WebPage","@id":"https:\/\/suomenkuvalehti.fi\/taivaan-tahden\/2016\/06\/19\/olemmeko-sittenkaan-kaksin-maailmankaikkeudessa\/","url":"https:\/\/suomenkuvalehti.fi\/taivaan-tahden\/2016\/06\/19\/olemmeko-sittenkaan-kaksin-maailmankaikkeudessa\/","name":"Olemmeko sittenk\u00e4\u00e4n kaksin maailmankaikkeudessa? - Taivaan t\u00e4hden","isPartOf":{"@id":"https:\/\/suomenkuvalehti.fi\/taivaan-tahden\/#website"},"primaryImageOfPage":{"@id":"https:\/\/suomenkuvalehti.fi\/taivaan-tahden\/2016\/06\/19\/olemmeko-sittenkaan-kaksin-maailmankaikkeudessa\/#primaryimage"},"image":{"@id":"https:\/\/suomenkuvalehti.fi\/taivaan-tahden\/2016\/06\/19\/olemmeko-sittenkaan-kaksin-maailmankaikkeudessa\/#primaryimage"},"thumbnailUrl":"https:\/\/suomenkuvalehti.fi\/taivaan-tahden\/wp-content\/uploads\/sites\/36\/2016\/06\/asteroid20160615-1024x601.jpg","datePublished":"2016-06-19T09:22:53+00:00","author":{"@id":"https:\/\/suomenkuvalehti.fi\/taivaan-tahden\/#\/schema\/person\/c9c1373acb19750e11084ef640abeae0"},"breadcrumb":{"@id":"https:\/\/suomenkuvalehti.fi\/taivaan-tahden\/2016\/06\/19\/olemmeko-sittenkaan-kaksin-maailmankaikkeudessa\/#breadcrumb"},"inLanguage":"fi","potentialAction":[{"@type":"ReadAction","target":["https:\/\/suomenkuvalehti.fi\/taivaan-tahden\/2016\/06\/19\/olemmeko-sittenkaan-kaksin-maailmankaikkeudessa\/"]}]},{"@type":"ImageObject","inLanguage":"fi","@id":"https:\/\/suomenkuvalehti.fi\/taivaan-tahden\/2016\/06\/19\/olemmeko-sittenkaan-kaksin-maailmankaikkeudessa\/#primaryimage","url":"https:\/\/suomenkuvalehti.fi\/taivaan-tahden\/wp-content\/uploads\/sites\/36\/2016\/06\/asteroid20160615.jpg","contentUrl":"https:\/\/suomenkuvalehti.fi\/taivaan-tahden\/wp-content\/uploads\/sites\/36\/2016\/06\/asteroid20160615.jpg","width":1422,"height":834},{"@type":"BreadcrumbList","@id":"https:\/\/suomenkuvalehti.fi\/taivaan-tahden\/2016\/06\/19\/olemmeko-sittenkaan-kaksin-maailmankaikkeudessa\/#breadcrumb","itemListElement":[{"@type":"ListItem","position":1,"name":"Home","item":"https:\/\/suomenkuvalehti.fi\/taivaan-tahden\/"},{"@type":"ListItem","position":2,"name":"Olemmeko sittenk\u00e4\u00e4n kaksin maailmankaikkeudessa?"}]},{"@type":"WebSite","@id":"https:\/\/suomenkuvalehti.fi\/taivaan-tahden\/#website","url":"https:\/\/suomenkuvalehti.fi\/taivaan-tahden\/","name":"Taivaan t\u00e4hden","description":"Tiedetoimittaja Markus Hotakainen h\u00e4mm\u00e4stelee maailmankaikkeutta.","potentialAction":[{"@type":"SearchAction","target":{"@type":"EntryPoint","urlTemplate":"https:\/\/suomenkuvalehti.fi\/haku\/?q={search_term_string}"},"query-input":{"@type":"PropertyValueSpecification","valueRequired":true,"valueName":"search_term_string"}}],"inLanguage":"fi"},{"@type":"Person","@id":"https:\/\/suomenkuvalehti.fi\/taivaan-tahden\/#\/schema\/person\/c9c1373acb19750e11084ef640abeae0","name":"Markus Hotakainen","image":{"@type":"ImageObject","inLanguage":"fi","@id":"https:\/\/suomenkuvalehti.fi\/taivaan-tahden\/#\/schema\/person\/image\/","url":"https:\/\/suomenkuvalehti.fi\/taivaan-tahden\/wp-content\/uploads\/sites\/36\/2018\/05\/markus_hotakainen_blogi_pieni-150x150.jpg","contentUrl":"https:\/\/suomenkuvalehti.fi\/taivaan-tahden\/wp-content\/uploads\/sites\/36\/2018\/05\/markus_hotakainen_blogi_pieni-150x150.jpg","caption":"Markus Hotakainen"},"description":"Kirjoittaja on tiedetoimittaja ja tietokirjailija."}]}},"_links":{"self":[{"href":"https:\/\/suomenkuvalehti.fi\/taivaan-tahden\/wp-json\/wp\/v2\/posts\/564","targetHints":{"allow":["GET"]}}],"collection":[{"href":"https:\/\/suomenkuvalehti.fi\/taivaan-tahden\/wp-json\/wp\/v2\/posts"}],"about":[{"href":"https:\/\/suomenkuvalehti.fi\/taivaan-tahden\/wp-json\/wp\/v2\/types\/post"}],"author":[{"embeddable":true,"href":"https:\/\/suomenkuvalehti.fi\/taivaan-tahden\/wp-json\/wp\/v2\/users\/557"}],"replies":[{"embeddable":true,"href":"https:\/\/suomenkuvalehti.fi\/taivaan-tahden\/wp-json\/wp\/v2\/comments?post=564"}],"version-history":[{"count":2,"href":"https:\/\/suomenkuvalehti.fi\/taivaan-tahden\/wp-json\/wp\/v2\/posts\/564\/revisions"}],"predecessor-version":[{"id":567,"href":"https:\/\/suomenkuvalehti.fi\/taivaan-tahden\/wp-json\/wp\/v2\/posts\/564\/revisions\/567"}],"wp:attachment":[{"href":"https:\/\/suomenkuvalehti.fi\/taivaan-tahden\/wp-json\/wp\/v2\/media?parent=564"}],"wp:term":[{"taxonomy":"category","embeddable":true,"href":"https:\/\/suomenkuvalehti.fi\/taivaan-tahden\/wp-json\/wp\/v2\/categories?post=564"},{"taxonomy":"post_tag","embeddable":true,"href":"https:\/\/suomenkuvalehti.fi\/taivaan-tahden\/wp-json\/wp\/v2\/tags?post=564"}],"curies":[{"name":"wp","href":"https:\/\/api.w.org\/{rel}","templated":true}]}}