{"id":539,"date":"2016-05-23T09:42:31","date_gmt":"2016-05-23T06:42:31","guid":{"rendered":"https:\/\/suomenkuvalehti.fi\/taivaan-tahden\/?p=539"},"modified":"2016-05-23T09:42:31","modified_gmt":"2016-05-23T06:42:31","slug":"einstein-oli-vaarassa","status":"publish","type":"post","link":"https:\/\/suomenkuvalehti.fi\/taivaan-tahden\/2016\/05\/23\/einstein-oli-vaarassa\/","title":{"rendered":"Einstein oli v\u00e4\u00e4r\u00e4ss\u00e4"},"content":{"rendered":"<figure class=\"aligncenter size-full wp-block-image\">\n  <div class=\"wp-block-image__inner-container\">\n    <a href=\"https:\/\/suomenkuvalehti.fi\/taivaan-tahden\/wp-content\/uploads\/sites\/36\/2016\/05\/1919_eclipse_negative.jpg\"><img loading=\"lazy\" decoding=\"async\" src=\"https:\/\/suomenkuvalehti.fi\/taivaan-tahden\/wp-content\/uploads\/sites\/36\/2016\/05\/1919_eclipse_negative.jpg\" alt=\"1919_eclipse_negative\" class=\"wp-image-540\" width=\"709\" height=\"910\" style=\"--aspect-ratio: 0.78\" srcset=\"https:\/\/suomenkuvalehti.fi\/taivaan-tahden\/wp-content\/uploads\/sites\/36\/2016\/05\/1919_eclipse_negative.jpg 709w, https:\/\/suomenkuvalehti.fi\/taivaan-tahden\/wp-content\/uploads\/sites\/36\/2016\/05\/1919_eclipse_negative-234x300.jpg 234w, https:\/\/suomenkuvalehti.fi\/taivaan-tahden\/wp-content\/uploads\/sites\/36\/2016\/05\/1919_eclipse_negative-300x385.jpg 300w\" sizes=\"auto, (max-width: 709px) 100vw, 709px\" \/><\/a>    <figcaption class=\"wp-block-image__figcaption\">\n      Arthur Eddingtonin toukokuussa 1919 j\u00e4rjest\u00e4m\u00e4n auringonpimennysretkikunnan kuvat osoittivat suhteellisuusteorian ennusteen valon taipumisesta gravitaatiokent\u00e4ss\u00e4 oikeaksi. Kaikki eiv\u00e4t silti vakuuttuneet. Kuva: Royal Astronomical Society          <\/figcaption>\n      <\/div>\n<\/figure>\n\n\n<p>Ainakin jos on uskominen sataa tutkijaa, jotka vuonna 1931 julkaisivat kirjan <i>Hundert Autoren gegen Einstein<\/i>.<\/p>\n\n\n\n<p>Heppoisen teoksen varaan ei kuitenkaan kannata k\u00e4sityksi\u00e4\u00e4n perustaa.<\/p>\n\n\n\n<p>Esimerkiksi <b>Hans Reischenbach<\/b>, joka kokosi&nbsp;1920-luvun lopulla tieteenfilosofiaan keskittyneist\u00e4 tutkijoista \u201dBerliinin piirin\u201d, kuvaili kirjaa \u201dtahattoman hauskaksi lapsellisten virheiden kokoelmaksi\u201d.<\/p>\n\n\n\n<p>Teoksen uskottavuudelta vie pohjaa heti k\u00e4ttelyss\u00e4 se, ett\u00e4 sen tekij\u00f6in\u00e4 ei kirjan nimest\u00e4 huolimatta ollut sataa tutkijaa. Ainoastaan kolmisenkymment\u00e4 tiedemiest\u00e4 oli laatinut lyhyet kirjoitukset <strong>Albert Einsteinin<\/strong> suhteellisuusteorian \u201dpuutteista\u201d.<\/p>\n\n\n\n<p>Pariltakymmenelt\u00e4 muulta oli otteita heid\u00e4n aiemmista Einsteinia v\u00e4h\u00e4ttelevist\u00e4 kirjoituksistaan ja loput oli listattu teoriaa vastustaviksi henkil\u00f6iksi. Ja osa heist\u00e4kin oli jo ehtinyt k\u00e4\u00e4nt\u00e4\u00e4 kelkkansa.<\/p>\n\n\n\n<p>Jotain kertoo my\u00f6s se, ett\u00e4 sadan \u201dkirjoittajan\u201d joukossa oli yksi ainoa fyysikko ja kolme matemaatikkoa. Muut olivat liikkeell\u00e4 puhtaasti mutu-pohjalta. Kirjaa voikin pit\u00e4\u00e4 varhaisena esimerkkin\u00e4 nykyisin yh\u00e4 vahvemmasta suuntauksesta, ett\u00e4 mielipiteet riitt\u00e4v\u00e4t faktojen vastapainoksi.<\/p>\n\n\n\n<p>T\u00e4htitieteilij\u00e4 <b>Albert von Brunn<\/b>, joka johti Potsdamin Einstein-instituuttia vuosina 1929-1940, laati kirjasta murskakritiikin. <i>Die Naturwissenschaften<\/i> -lehdess\u00e4 alun perin ilmestynyt lytt\u00e4ys l\u00f6ytyy my\u00f6s vuonna 1973 julkaistusta kirjoituskokoelmasta<i> A Random Walk in Science<\/i>.<\/p>\n\n\n\n<p>von Brunn toteaa muun muassa, ett\u00e4 \u201dnolla kerrottuna mill\u00e4 tahansa luvulla antaa aina tulokseksi nollan, joten kirjaan olisi yht\u00e4 hyvin voinut koota sadan sijasta tuhat kirjoittajaa eik\u00e4 heid\u00e4n lausuntojensa arvo olisi silti ollut mit\u00e4\u00e4n muuta kuin nolla\u201d.<\/p>\n\n\n\n<p>Kirjoituksensa lopuksi von Brunn esitt\u00e4\u00e4 toivomuksen, ett\u00e4 \u201dsaksalainen tiede ei en\u00e4\u00e4 koskaan esitt\u00e4ytyisi t\u00e4llaisena masentavana roskana\u201d.<\/p>\n\n\n\n<p>Kirjan keskeinen argumentti tuntui olevan, ett\u00e4 suhteellisuusteorian t\u00e4ytyy olla virheellinen, koska niin moni on sit\u00e4 mielt\u00e4. Joukko\u00e4ly\u00e4 siis parhaimmillaan.<\/p>\n\n\n\n<p>Varmaan osuvin kommentti \u201dsadan tutkijan\u201d esitt\u00e4m\u00e4\u00e4n kritiikkiin tuli Einsteinilt\u00e4 itselt\u00e4\u00e4n: \u201dJos olen v\u00e4\u00e4r\u00e4ss\u00e4, yksikin olisi riitt\u00e4nyt.\u201d<\/p>\n\n\n\n<p>&nbsp;<\/p>\n\n\n","protected":false},"excerpt":{"rendered":"<p>Ainakin jos on uskominen sataa tutkijaa, jotka vuonna 1931 julkaisivat kirjan Hundert Autoren gegen Einstein. Heppoisen teoksen varaan ei kuitenkaan kannata k\u00e4sityksi\u00e4\u00e4n perustaa. Esimerkiksi Hans Reischenbach, joka kokosi&nbsp;1920-luvun lopulla tieteenfilosofiaan keskittyneist\u00e4 tutkijoista \u201dBerliinin<br \/>\npiiri&hellip;<\/p>\n","protected":false},"author":557,"featured_media":0,"comment_status":"open","ping_status":"open","sticky":false,"template":"","format":"standard","meta":{"_acf_changed":false,"asauth_required_access_level":3,"asauth_cansharepaid":"true","om_header_attributes":[],"footnotes":"","om_featured_image_focal_point":[],"om_primary_tag":0,"om_contributors":[],"om_co_authors":[],"beyondwords_generate_audio":"","beyondwords_project_id":"","beyondwords_content_id":"","beyondwords_preview_token":"","beyondwords_player_content":"","beyondwords_player_style":"","beyondwords_language_code":"","beyondwords_language_id":"","beyondwords_title_voice_id":"","beyondwords_body_voice_id":"","beyondwords_summary_voice_id":"","beyondwords_error_message":"","beyondwords_disabled":"","beyondwords_delete_content":"","beyondwords_podcast_id":"","beyondwords_hash":"","publish_post_to_speechkit":"","speechkit_hash":"","speechkit_generate_audio":"","speechkit_project_id":"","speechkit_podcast_id":"","speechkit_error_message":"","speechkit_disabled":"","speechkit_access_key":"","speechkit_error":"","speechkit_info":"","speechkit_response":"","speechkit_retries":"","speechkit_status":"","speechkit_updated_at":"","_speechkit_link":"","_speechkit_text":""},"categories":[1],"tags":[229,230,41],"class_list":["post-539","post","type-post","status-publish","format-standard","hentry","category-taivaan-tahden","tag-albert-einstein","tag-suhteellisuusteoria","tag-tiede"],"om_views":null,"acf":{"tuuma_off":false,"tuuma_kysymys":"","tuuma_vastaus":""},"asauth":{"required_access_level":1,"share_token":"","is_paid":false},"yoast_head":"<!-- This site is optimized with the Yoast SEO plugin v26.4 - https:\/\/yoast.com\/wordpress\/plugins\/seo\/ -->\n<title>Einstein oli v\u00e4\u00e4r\u00e4ss\u00e4 - Taivaan t\u00e4hden<\/title>\n<meta name=\"robots\" content=\"index, follow, max-snippet:-1, max-image-preview:large, max-video-preview:-1\" \/>\n<link rel=\"canonical\" href=\"https:\/\/suomenkuvalehti.fi\/taivaan-tahden\/2016\/05\/23\/einstein-oli-vaarassa\/\" \/>\n<meta property=\"og:locale\" content=\"fi_FI\" \/>\n<meta property=\"og:type\" content=\"article\" \/>\n<meta property=\"og:title\" content=\"Einstein oli v\u00e4\u00e4r\u00e4ss\u00e4 - Taivaan t\u00e4hden\" \/>\n<meta property=\"og:description\" content=\"Ainakin jos on uskominen sataa tutkijaa, jotka vuonna 1931 julkaisivat kirjan Hundert Autoren gegen Einstein. Heppoisen teoksen varaan ei kuitenkaan kannata k\u00e4sityksi\u00e4\u00e4n perustaa. Esimerkiksi Hans Reischenbach, joka kokosi&nbsp;1920-luvun lopulla tieteenfilosofiaan keskittyneist\u00e4 tutkijoista \u201dBerliinin piiri&hellip;\" \/>\n<meta property=\"og:url\" content=\"https:\/\/suomenkuvalehti.fi\/taivaan-tahden\/2016\/05\/23\/einstein-oli-vaarassa\/\" \/>\n<meta property=\"og:site_name\" content=\"Taivaan t\u00e4hden\" \/>\n<meta property=\"article:published_time\" content=\"2016-05-23T06:42:31+00:00\" \/>\n<meta property=\"og:image\" content=\"https:\/\/suomenkuvalehti.fi\/taivaan-tahden\/wp-content\/uploads\/sites\/36\/2016\/05\/1919_eclipse_negative.jpg\" \/>\n\t<meta property=\"og:image:width\" content=\"709\" \/>\n\t<meta property=\"og:image:height\" content=\"910\" \/>\n\t<meta property=\"og:image:type\" content=\"image\/jpeg\" \/>\n<meta name=\"author\" content=\"Markus Hotakainen\" \/>\n<meta name=\"twitter:card\" content=\"summary_large_image\" \/>\n<meta name=\"twitter:label1\" content=\"Written by\" \/>\n\t<meta name=\"twitter:data1\" content=\"Markus Hotakainen\" \/>\n\t<meta name=\"twitter:label2\" content=\"Est. reading time\" \/>\n\t<meta name=\"twitter:data2\" content=\"2 minuuttia\" \/>\n<script type=\"application\/ld+json\" class=\"yoast-schema-graph\">{\"@context\":\"https:\/\/schema.org\",\"@graph\":[{\"@type\":\"WebPage\",\"@id\":\"https:\/\/suomenkuvalehti.fi\/taivaan-tahden\/2016\/05\/23\/einstein-oli-vaarassa\/\",\"url\":\"https:\/\/suomenkuvalehti.fi\/taivaan-tahden\/2016\/05\/23\/einstein-oli-vaarassa\/\",\"name\":\"Einstein oli v\u00e4\u00e4r\u00e4ss\u00e4 - Taivaan t\u00e4hden\",\"isPartOf\":{\"@id\":\"https:\/\/suomenkuvalehti.fi\/taivaan-tahden\/#website\"},\"primaryImageOfPage\":{\"@id\":\"https:\/\/suomenkuvalehti.fi\/taivaan-tahden\/2016\/05\/23\/einstein-oli-vaarassa\/#primaryimage\"},\"image\":{\"@id\":\"https:\/\/suomenkuvalehti.fi\/taivaan-tahden\/2016\/05\/23\/einstein-oli-vaarassa\/#primaryimage\"},\"thumbnailUrl\":\"https:\/\/suomenkuvalehti.fi\/taivaan-tahden\/wp-content\/uploads\/sites\/36\/2016\/05\/1919_eclipse_negative.jpg\",\"datePublished\":\"2016-05-23T06:42:31+00:00\",\"author\":{\"@id\":\"https:\/\/suomenkuvalehti.fi\/taivaan-tahden\/#\/schema\/person\/c9c1373acb19750e11084ef640abeae0\"},\"breadcrumb\":{\"@id\":\"https:\/\/suomenkuvalehti.fi\/taivaan-tahden\/2016\/05\/23\/einstein-oli-vaarassa\/#breadcrumb\"},\"inLanguage\":\"fi\",\"potentialAction\":[{\"@type\":\"ReadAction\",\"target\":[\"https:\/\/suomenkuvalehti.fi\/taivaan-tahden\/2016\/05\/23\/einstein-oli-vaarassa\/\"]}]},{\"@type\":\"ImageObject\",\"inLanguage\":\"fi\",\"@id\":\"https:\/\/suomenkuvalehti.fi\/taivaan-tahden\/2016\/05\/23\/einstein-oli-vaarassa\/#primaryimage\",\"url\":\"https:\/\/suomenkuvalehti.fi\/taivaan-tahden\/wp-content\/uploads\/sites\/36\/2016\/05\/1919_eclipse_negative.jpg\",\"contentUrl\":\"https:\/\/suomenkuvalehti.fi\/taivaan-tahden\/wp-content\/uploads\/sites\/36\/2016\/05\/1919_eclipse_negative.jpg\"},{\"@type\":\"BreadcrumbList\",\"@id\":\"https:\/\/suomenkuvalehti.fi\/taivaan-tahden\/2016\/05\/23\/einstein-oli-vaarassa\/#breadcrumb\",\"itemListElement\":[{\"@type\":\"ListItem\",\"position\":1,\"name\":\"Home\",\"item\":\"https:\/\/suomenkuvalehti.fi\/taivaan-tahden\/\"},{\"@type\":\"ListItem\",\"position\":2,\"name\":\"Einstein oli v\u00e4\u00e4r\u00e4ss\u00e4\"}]},{\"@type\":\"WebSite\",\"@id\":\"https:\/\/suomenkuvalehti.fi\/taivaan-tahden\/#website\",\"url\":\"https:\/\/suomenkuvalehti.fi\/taivaan-tahden\/\",\"name\":\"Taivaan t\u00e4hden\",\"description\":\"Tiedetoimittaja Markus Hotakainen h\u00e4mm\u00e4stelee maailmankaikkeutta.\",\"potentialAction\":[{\"@type\":\"SearchAction\",\"target\":{\"@type\":\"EntryPoint\",\"urlTemplate\":\"https:\/\/suomenkuvalehti.fi\/haku\/?q={search_term_string}\"},\"query-input\":{\"@type\":\"PropertyValueSpecification\",\"valueRequired\":true,\"valueName\":\"search_term_string\"}}],\"inLanguage\":\"fi\"},{\"@type\":\"Person\",\"@id\":\"https:\/\/suomenkuvalehti.fi\/taivaan-tahden\/#\/schema\/person\/c9c1373acb19750e11084ef640abeae0\",\"name\":\"Markus Hotakainen\",\"image\":{\"@type\":\"ImageObject\",\"inLanguage\":\"fi\",\"@id\":\"https:\/\/suomenkuvalehti.fi\/taivaan-tahden\/#\/schema\/person\/image\/\",\"url\":\"https:\/\/suomenkuvalehti.fi\/taivaan-tahden\/wp-content\/uploads\/sites\/36\/2018\/05\/markus_hotakainen_blogi_pieni-150x150.jpg\",\"contentUrl\":\"https:\/\/suomenkuvalehti.fi\/taivaan-tahden\/wp-content\/uploads\/sites\/36\/2018\/05\/markus_hotakainen_blogi_pieni-150x150.jpg\",\"caption\":\"Markus Hotakainen\"},\"description\":\"Kirjoittaja on tiedetoimittaja ja tietokirjailija.\"}]}<\/script>\n<!-- \/ Yoast SEO plugin. -->","yoast_head_json":{"title":"Einstein oli v\u00e4\u00e4r\u00e4ss\u00e4 - Taivaan t\u00e4hden","robots":{"index":"index","follow":"follow","max-snippet":"max-snippet:-1","max-image-preview":"max-image-preview:large","max-video-preview":"max-video-preview:-1"},"canonical":"https:\/\/suomenkuvalehti.fi\/taivaan-tahden\/2016\/05\/23\/einstein-oli-vaarassa\/","og_locale":"fi_FI","og_type":"article","og_title":"Einstein oli v\u00e4\u00e4r\u00e4ss\u00e4 - Taivaan t\u00e4hden","og_description":"Ainakin jos on uskominen sataa tutkijaa, jotka vuonna 1931 julkaisivat kirjan Hundert Autoren gegen Einstein. Heppoisen teoksen varaan ei kuitenkaan kannata k\u00e4sityksi\u00e4\u00e4n perustaa. Esimerkiksi Hans Reischenbach, joka kokosi&nbsp;1920-luvun lopulla tieteenfilosofiaan keskittyneist\u00e4 tutkijoista \u201dBerliinin piiri&hellip;","og_url":"https:\/\/suomenkuvalehti.fi\/taivaan-tahden\/2016\/05\/23\/einstein-oli-vaarassa\/","og_site_name":"Taivaan t\u00e4hden","article_published_time":"2016-05-23T06:42:31+00:00","og_image":[{"width":709,"height":910,"url":"https:\/\/suomenkuvalehti.fi\/taivaan-tahden\/wp-content\/uploads\/sites\/36\/2016\/05\/1919_eclipse_negative.jpg","type":"image\/jpeg"}],"author":"Markus Hotakainen","twitter_card":"summary_large_image","twitter_misc":{"Written by":"Markus Hotakainen","Est. reading time":"2 minuuttia"},"schema":{"@context":"https:\/\/schema.org","@graph":[{"@type":"WebPage","@id":"https:\/\/suomenkuvalehti.fi\/taivaan-tahden\/2016\/05\/23\/einstein-oli-vaarassa\/","url":"https:\/\/suomenkuvalehti.fi\/taivaan-tahden\/2016\/05\/23\/einstein-oli-vaarassa\/","name":"Einstein oli v\u00e4\u00e4r\u00e4ss\u00e4 - Taivaan t\u00e4hden","isPartOf":{"@id":"https:\/\/suomenkuvalehti.fi\/taivaan-tahden\/#website"},"primaryImageOfPage":{"@id":"https:\/\/suomenkuvalehti.fi\/taivaan-tahden\/2016\/05\/23\/einstein-oli-vaarassa\/#primaryimage"},"image":{"@id":"https:\/\/suomenkuvalehti.fi\/taivaan-tahden\/2016\/05\/23\/einstein-oli-vaarassa\/#primaryimage"},"thumbnailUrl":"https:\/\/suomenkuvalehti.fi\/taivaan-tahden\/wp-content\/uploads\/sites\/36\/2016\/05\/1919_eclipse_negative.jpg","datePublished":"2016-05-23T06:42:31+00:00","author":{"@id":"https:\/\/suomenkuvalehti.fi\/taivaan-tahden\/#\/schema\/person\/c9c1373acb19750e11084ef640abeae0"},"breadcrumb":{"@id":"https:\/\/suomenkuvalehti.fi\/taivaan-tahden\/2016\/05\/23\/einstein-oli-vaarassa\/#breadcrumb"},"inLanguage":"fi","potentialAction":[{"@type":"ReadAction","target":["https:\/\/suomenkuvalehti.fi\/taivaan-tahden\/2016\/05\/23\/einstein-oli-vaarassa\/"]}]},{"@type":"ImageObject","inLanguage":"fi","@id":"https:\/\/suomenkuvalehti.fi\/taivaan-tahden\/2016\/05\/23\/einstein-oli-vaarassa\/#primaryimage","url":"https:\/\/suomenkuvalehti.fi\/taivaan-tahden\/wp-content\/uploads\/sites\/36\/2016\/05\/1919_eclipse_negative.jpg","contentUrl":"https:\/\/suomenkuvalehti.fi\/taivaan-tahden\/wp-content\/uploads\/sites\/36\/2016\/05\/1919_eclipse_negative.jpg"},{"@type":"BreadcrumbList","@id":"https:\/\/suomenkuvalehti.fi\/taivaan-tahden\/2016\/05\/23\/einstein-oli-vaarassa\/#breadcrumb","itemListElement":[{"@type":"ListItem","position":1,"name":"Home","item":"https:\/\/suomenkuvalehti.fi\/taivaan-tahden\/"},{"@type":"ListItem","position":2,"name":"Einstein oli v\u00e4\u00e4r\u00e4ss\u00e4"}]},{"@type":"WebSite","@id":"https:\/\/suomenkuvalehti.fi\/taivaan-tahden\/#website","url":"https:\/\/suomenkuvalehti.fi\/taivaan-tahden\/","name":"Taivaan t\u00e4hden","description":"Tiedetoimittaja Markus Hotakainen h\u00e4mm\u00e4stelee maailmankaikkeutta.","potentialAction":[{"@type":"SearchAction","target":{"@type":"EntryPoint","urlTemplate":"https:\/\/suomenkuvalehti.fi\/haku\/?q={search_term_string}"},"query-input":{"@type":"PropertyValueSpecification","valueRequired":true,"valueName":"search_term_string"}}],"inLanguage":"fi"},{"@type":"Person","@id":"https:\/\/suomenkuvalehti.fi\/taivaan-tahden\/#\/schema\/person\/c9c1373acb19750e11084ef640abeae0","name":"Markus Hotakainen","image":{"@type":"ImageObject","inLanguage":"fi","@id":"https:\/\/suomenkuvalehti.fi\/taivaan-tahden\/#\/schema\/person\/image\/","url":"https:\/\/suomenkuvalehti.fi\/taivaan-tahden\/wp-content\/uploads\/sites\/36\/2018\/05\/markus_hotakainen_blogi_pieni-150x150.jpg","contentUrl":"https:\/\/suomenkuvalehti.fi\/taivaan-tahden\/wp-content\/uploads\/sites\/36\/2018\/05\/markus_hotakainen_blogi_pieni-150x150.jpg","caption":"Markus Hotakainen"},"description":"Kirjoittaja on tiedetoimittaja ja tietokirjailija."}]}},"_links":{"self":[{"href":"https:\/\/suomenkuvalehti.fi\/taivaan-tahden\/wp-json\/wp\/v2\/posts\/539","targetHints":{"allow":["GET"]}}],"collection":[{"href":"https:\/\/suomenkuvalehti.fi\/taivaan-tahden\/wp-json\/wp\/v2\/posts"}],"about":[{"href":"https:\/\/suomenkuvalehti.fi\/taivaan-tahden\/wp-json\/wp\/v2\/types\/post"}],"author":[{"embeddable":true,"href":"https:\/\/suomenkuvalehti.fi\/taivaan-tahden\/wp-json\/wp\/v2\/users\/557"}],"replies":[{"embeddable":true,"href":"https:\/\/suomenkuvalehti.fi\/taivaan-tahden\/wp-json\/wp\/v2\/comments?post=539"}],"version-history":[{"count":2,"href":"https:\/\/suomenkuvalehti.fi\/taivaan-tahden\/wp-json\/wp\/v2\/posts\/539\/revisions"}],"predecessor-version":[{"id":542,"href":"https:\/\/suomenkuvalehti.fi\/taivaan-tahden\/wp-json\/wp\/v2\/posts\/539\/revisions\/542"}],"wp:attachment":[{"href":"https:\/\/suomenkuvalehti.fi\/taivaan-tahden\/wp-json\/wp\/v2\/media?parent=539"}],"wp:term":[{"taxonomy":"category","embeddable":true,"href":"https:\/\/suomenkuvalehti.fi\/taivaan-tahden\/wp-json\/wp\/v2\/categories?post=539"},{"taxonomy":"post_tag","embeddable":true,"href":"https:\/\/suomenkuvalehti.fi\/taivaan-tahden\/wp-json\/wp\/v2\/tags?post=539"}],"curies":[{"name":"wp","href":"https:\/\/api.w.org\/{rel}","templated":true}]}}