{"id":534,"date":"2016-05-20T08:59:39","date_gmt":"2016-05-20T05:59:39","guid":{"rendered":"https:\/\/suomenkuvalehti.fi\/taivaan-tahden\/?p=534"},"modified":"2016-05-20T08:59:39","modified_gmt":"2016-05-20T05:59:39","slug":"mars-on-kuollut-elakoon-mars","status":"publish","type":"post","link":"https:\/\/suomenkuvalehti.fi\/taivaan-tahden\/2016\/05\/20\/mars-on-kuollut-elakoon-mars\/","title":{"rendered":"Mars on kuollut, el\u00e4k\u00f6\u00f6n Mars!"},"content":{"rendered":"<figure class=\"aligncenter size-large is-resized wp-block-image\">\n  <div class=\"wp-block-image__inner-container\">\n    <a href=\"https:\/\/suomenkuvalehti.fi\/taivaan-tahden\/wp-content\/uploads\/sites\/36\/2016\/05\/hs-2016-15-a-full_tif-1.jpg\"><img loading=\"lazy\" decoding=\"async\" src=\"https:\/\/suomenkuvalehti.fi\/taivaan-tahden\/wp-content\/uploads\/sites\/36\/2016\/05\/hs-2016-15-a-full_tif-1-1024x1024.jpg\" alt=\"hs-2016-15-a-full_tif\" class=\"wp-image-536\" width=\"1024\" height=\"1024\" style=\"--aspect-ratio: 1\" srcset=\"https:\/\/suomenkuvalehti.fi\/taivaan-tahden\/wp-content\/uploads\/sites\/36\/2016\/05\/hs-2016-15-a-full_tif-1-1024x1024.jpg 1024w, https:\/\/suomenkuvalehti.fi\/taivaan-tahden\/wp-content\/uploads\/sites\/36\/2016\/05\/hs-2016-15-a-full_tif-1-150x150.jpg 150w, https:\/\/suomenkuvalehti.fi\/taivaan-tahden\/wp-content\/uploads\/sites\/36\/2016\/05\/hs-2016-15-a-full_tif-1-300x300.jpg 300w, https:\/\/suomenkuvalehti.fi\/taivaan-tahden\/wp-content\/uploads\/sites\/36\/2016\/05\/hs-2016-15-a-full_tif-1-768x768.jpg 768w, https:\/\/suomenkuvalehti.fi\/taivaan-tahden\/wp-content\/uploads\/sites\/36\/2016\/05\/hs-2016-15-a-full_tif-1.jpg 1181w\" sizes=\"auto, (max-width: 1024px) 100vw, 1024px\" \/><\/a>    <figcaption class=\"wp-block-image__figcaption\">\n      Marsia kuvattiin Hubble-avaruusteleskoopilla 12. toukokuuta, jolloin se oli 80 miljoonan kilometrin et\u00e4isyydell\u00e4 Maasta. Kuva: NASA\/ESA\/Hubble Heritage Team\/J. Bell\/M. Wolff          <\/figcaption>\n      <\/div>\n<\/figure>\n\n\n<p>Naapuriplaneettamme on 22. toukokuuta j\u00e4lleen oppositiossa. Kyse ei kuitenkaan ole mist\u00e4\u00e4n intergalaktisesta politikoinnista, vaan Aurinkokunnan kappaleiden asemista toistensa suhteen.<\/p>\n\n\n\n<p>Oppositiossa Mars on taivaalla vastap\u00e4\u00e4t\u00e4 Aurinkoa. Se ei ole uutisarvoltaan kovin kummoinen tapahtuma, sill\u00e4 sama toistuu noin 26 kuukauden v\u00e4lein. Ja tulevat oppositiot pystyt\u00e4\u00e4n laskemaan hyvin tarkkaan pitk\u00e4lle tulevaisuuteen.<\/p>\n\n\n\n<p>T\u00e4ll\u00e4 kertaa oppositio on hieman tavallisuudesta poikkeava, sill\u00e4 Maan ja Marsin v\u00e4linen et\u00e4isyys on \u201dvain\u201d 76 miljoonaa kilometri\u00e4. Sill\u00e4 ei viel\u00e4 h\u00e4tyytell\u00e4 enn\u00e4tyksi\u00e4, sill\u00e4 vuoden 2003 opposition aikaan et\u00e4isyys oli alle 56 miljoonaa kilometri\u00e4 &#8211; pienin kymmeniintuhansiin vuosiin.<\/p>\n\n\n\n<p>Toisaalta suurimmillaan et\u00e4isyys on yli 100 miljoonaa kilometri\u00e4, joten t\u00e4m\u00e4nvuotinen oppositio on silti aika hyv\u00e4, jos Marsia haluaa katsella kaukoputkella. Tosin planeetta j\u00e4\u00e4 Suomesta katsottuna kovin matalalle, eik\u00e4 n\u00e4y pohjoisimmasta Lapista lainkaan.<\/p>\n\n\n\n<p>Marsin tai mink\u00e4\u00e4n muunkaan planeetan oppositiolla ei ole en\u00e4\u00e4 kovin suurta merkityst\u00e4 tutkimuksen kannalta. Tarkimmat tiedot saadaan avaruusluotainten avulla ja ne tarkkailevat planeettoja l\u00e4hiet\u00e4isyydelt\u00e4, joko lent\u00e4en kohteensa ohi, kiertoradalta k\u00e4sin tai pinnalta maisemia kuvaten.<\/p>\n\n\n\n<p>Marsia on tutkittu luotainten avulla yli 50 vuoden ajan, mutta viel\u00e4k\u00e4\u00e4n ei tiedet\u00e4, onko planeetalla el\u00e4m\u00e4\u00e4 vai ei.<\/p>\n\n\n\n<p>1800-luvun lopulla siit\u00e4 oltiin ihan varmoja. Monien t\u00e4htitieteilij\u00f6iden n\u00e4kem\u00e4t kanavat kertoivat &#8211; n\u00e4in kuviteltiin &#8211; teknisesti kehittyneest\u00e4 sivilisaatiosta. Haaveet alkoivat hiipua, kun v\u00e4hitellen saatiin tehty\u00e4 yh\u00e4 tarkempia havaintoja, jotka kertoivat kylm\u00e4st\u00e4 ja kuivasta maailmasta.<\/p>\n\n\n\n<p>Sittemmin Mars on kuollut moneen kertaan. Lupaavat havainnot el\u00e4m\u00e4n merkeist\u00e4 ovat kerta toisensa j\u00e4lkeen osoittautuneet toiveajatteluksi. Vett\u00e4 Marsissa on ollut, samoin tihe\u00e4mpi kaasukeh\u00e4 ja leudompi ilmasto, mutta el\u00e4m\u00e4st\u00e4, sen enemp\u00e4\u00e4 menneest\u00e4 kuin nykyisest\u00e4k\u00e4\u00e4n, ei tunnu l\u00f6ytyv\u00e4n j\u00e4lke\u00e4k\u00e4\u00e4n.<\/p>\n\n\n\n<p>On mahdollista, ett\u00e4 punaisella planeetalla on joskus muinoin ollut alkeellista el\u00e4m\u00e4\u00e4, ja voi sit\u00e4 olla siell\u00e4 edelleen, mutta t\u00e4ll\u00e4 hetkell\u00e4 Mars vaikuttaa kovin kuolleelta. Tai jos siell\u00e4 ei koskaan ole el\u00e4m\u00e4\u00e4 ollutkaan, \u201dkuollut\u201d on ehk\u00e4 v\u00e4\u00e4r\u00e4 sana. Mars on eloton.<\/p>\n\n\n\n<p>&nbsp;<\/p>\n\n\n","protected":false},"excerpt":{"rendered":"<p>Naapuriplaneettamme on 22. toukokuuta j\u00e4lleen oppositiossa. Kyse ei kuitenkaan ole mist\u00e4\u00e4n intergalaktisesta politikoinnista, vaan Aurinkokunnan kappaleiden asemista toistensa suhteen. Oppositiossa Mars on taivaalla vastap\u00e4\u00e4t\u00e4 Aurinkoa. Se ei ole uutisarvoltaan kovin kummoinen tapahtuma,<br \/>\nsill\u00e4&hellip;<\/p>\n","protected":false},"author":557,"featured_media":0,"comment_status":"open","ping_status":"open","sticky":false,"template":"","format":"standard","meta":{"_acf_changed":false,"asauth_required_access_level":3,"asauth_cansharepaid":"true","om_header_attributes":[],"footnotes":"","om_featured_image_focal_point":[],"om_primary_tag":0,"om_contributors":[],"om_co_authors":[],"beyondwords_generate_audio":"","beyondwords_project_id":"","beyondwords_content_id":"","beyondwords_preview_token":"","beyondwords_player_content":"","beyondwords_player_style":"","beyondwords_language_code":"","beyondwords_language_id":"","beyondwords_title_voice_id":"","beyondwords_body_voice_id":"","beyondwords_summary_voice_id":"","beyondwords_error_message":"","beyondwords_disabled":"","beyondwords_delete_content":"","beyondwords_podcast_id":"","beyondwords_hash":"","publish_post_to_speechkit":"","speechkit_hash":"","speechkit_generate_audio":"","speechkit_project_id":"","speechkit_podcast_id":"","speechkit_error_message":"","speechkit_disabled":"","speechkit_access_key":"","speechkit_error":"","speechkit_info":"","speechkit_response":"","speechkit_retries":"","speechkit_status":"","speechkit_updated_at":"","_speechkit_link":"","_speechkit_text":""},"categories":[1],"tags":[94,32,227,228],"class_list":["post-534","post","type-post","status-publish","format-standard","hentry","category-taivaan-tahden","tag-elama","tag-mars","tag-oppositio","tag-punainen-planeetta"],"om_views":null,"acf":{"tuuma_off":false,"tuuma_kysymys":"","tuuma_vastaus":""},"asauth":{"required_access_level":1,"share_token":"","is_paid":false},"yoast_head":"<!-- This site is optimized with the Yoast SEO plugin v26.4 - https:\/\/yoast.com\/wordpress\/plugins\/seo\/ -->\n<title>Mars on kuollut, el\u00e4k\u00f6\u00f6n Mars! - Taivaan t\u00e4hden<\/title>\n<meta name=\"robots\" content=\"index, follow, max-snippet:-1, max-image-preview:large, max-video-preview:-1\" \/>\n<link rel=\"canonical\" href=\"https:\/\/suomenkuvalehti.fi\/taivaan-tahden\/2016\/05\/20\/mars-on-kuollut-elakoon-mars\/\" \/>\n<meta property=\"og:locale\" content=\"fi_FI\" \/>\n<meta property=\"og:type\" content=\"article\" \/>\n<meta property=\"og:title\" content=\"Mars on kuollut, el\u00e4k\u00f6\u00f6n Mars! - Taivaan t\u00e4hden\" \/>\n<meta property=\"og:description\" content=\"Naapuriplaneettamme on 22. toukokuuta j\u00e4lleen oppositiossa. Kyse ei kuitenkaan ole mist\u00e4\u00e4n intergalaktisesta politikoinnista, vaan Aurinkokunnan kappaleiden asemista toistensa suhteen. Oppositiossa Mars on taivaalla vastap\u00e4\u00e4t\u00e4 Aurinkoa. Se ei ole uutisarvoltaan kovin kummoinen tapahtuma, sill\u00e4&hellip;\" \/>\n<meta property=\"og:url\" content=\"https:\/\/suomenkuvalehti.fi\/taivaan-tahden\/2016\/05\/20\/mars-on-kuollut-elakoon-mars\/\" \/>\n<meta property=\"og:site_name\" content=\"Taivaan t\u00e4hden\" \/>\n<meta property=\"article:published_time\" content=\"2016-05-20T05:59:39+00:00\" \/>\n<meta property=\"og:image\" content=\"https:\/\/suomenkuvalehti.fi\/taivaan-tahden\/wp-content\/uploads\/sites\/36\/2016\/05\/hs-2016-15-a-full_tif-1.jpg\" \/>\n\t<meta property=\"og:image:width\" content=\"1181\" \/>\n\t<meta property=\"og:image:height\" content=\"1181\" \/>\n\t<meta property=\"og:image:type\" content=\"image\/jpeg\" \/>\n<meta name=\"author\" content=\"Markus Hotakainen\" \/>\n<meta name=\"twitter:card\" content=\"summary_large_image\" \/>\n<meta name=\"twitter:label1\" content=\"Written by\" \/>\n\t<meta name=\"twitter:data1\" content=\"Markus Hotakainen\" \/>\n\t<meta name=\"twitter:label2\" content=\"Est. reading time\" \/>\n\t<meta name=\"twitter:data2\" content=\"2 minuuttia\" \/>\n<script type=\"application\/ld+json\" class=\"yoast-schema-graph\">{\"@context\":\"https:\/\/schema.org\",\"@graph\":[{\"@type\":\"WebPage\",\"@id\":\"https:\/\/suomenkuvalehti.fi\/taivaan-tahden\/2016\/05\/20\/mars-on-kuollut-elakoon-mars\/\",\"url\":\"https:\/\/suomenkuvalehti.fi\/taivaan-tahden\/2016\/05\/20\/mars-on-kuollut-elakoon-mars\/\",\"name\":\"Mars on kuollut, el\u00e4k\u00f6\u00f6n Mars! - Taivaan t\u00e4hden\",\"isPartOf\":{\"@id\":\"https:\/\/suomenkuvalehti.fi\/taivaan-tahden\/#website\"},\"primaryImageOfPage\":{\"@id\":\"https:\/\/suomenkuvalehti.fi\/taivaan-tahden\/2016\/05\/20\/mars-on-kuollut-elakoon-mars\/#primaryimage\"},\"image\":{\"@id\":\"https:\/\/suomenkuvalehti.fi\/taivaan-tahden\/2016\/05\/20\/mars-on-kuollut-elakoon-mars\/#primaryimage\"},\"thumbnailUrl\":\"https:\/\/suomenkuvalehti.fi\/taivaan-tahden\/wp-content\/uploads\/sites\/36\/2016\/05\/hs-2016-15-a-full_tif-1-1024x1024.jpg\",\"datePublished\":\"2016-05-20T05:59:39+00:00\",\"author\":{\"@id\":\"https:\/\/suomenkuvalehti.fi\/taivaan-tahden\/#\/schema\/person\/c9c1373acb19750e11084ef640abeae0\"},\"breadcrumb\":{\"@id\":\"https:\/\/suomenkuvalehti.fi\/taivaan-tahden\/2016\/05\/20\/mars-on-kuollut-elakoon-mars\/#breadcrumb\"},\"inLanguage\":\"fi\",\"potentialAction\":[{\"@type\":\"ReadAction\",\"target\":[\"https:\/\/suomenkuvalehti.fi\/taivaan-tahden\/2016\/05\/20\/mars-on-kuollut-elakoon-mars\/\"]}]},{\"@type\":\"ImageObject\",\"inLanguage\":\"fi\",\"@id\":\"https:\/\/suomenkuvalehti.fi\/taivaan-tahden\/2016\/05\/20\/mars-on-kuollut-elakoon-mars\/#primaryimage\",\"url\":\"https:\/\/suomenkuvalehti.fi\/taivaan-tahden\/wp-content\/uploads\/sites\/36\/2016\/05\/hs-2016-15-a-full_tif-1.jpg\",\"contentUrl\":\"https:\/\/suomenkuvalehti.fi\/taivaan-tahden\/wp-content\/uploads\/sites\/36\/2016\/05\/hs-2016-15-a-full_tif-1.jpg\",\"width\":1181,\"height\":1181},{\"@type\":\"BreadcrumbList\",\"@id\":\"https:\/\/suomenkuvalehti.fi\/taivaan-tahden\/2016\/05\/20\/mars-on-kuollut-elakoon-mars\/#breadcrumb\",\"itemListElement\":[{\"@type\":\"ListItem\",\"position\":1,\"name\":\"Home\",\"item\":\"https:\/\/suomenkuvalehti.fi\/taivaan-tahden\/\"},{\"@type\":\"ListItem\",\"position\":2,\"name\":\"Mars on kuollut, el\u00e4k\u00f6\u00f6n Mars!\"}]},{\"@type\":\"WebSite\",\"@id\":\"https:\/\/suomenkuvalehti.fi\/taivaan-tahden\/#website\",\"url\":\"https:\/\/suomenkuvalehti.fi\/taivaan-tahden\/\",\"name\":\"Taivaan t\u00e4hden\",\"description\":\"Tiedetoimittaja Markus Hotakainen h\u00e4mm\u00e4stelee maailmankaikkeutta.\",\"potentialAction\":[{\"@type\":\"SearchAction\",\"target\":{\"@type\":\"EntryPoint\",\"urlTemplate\":\"https:\/\/suomenkuvalehti.fi\/haku\/?q={search_term_string}\"},\"query-input\":{\"@type\":\"PropertyValueSpecification\",\"valueRequired\":true,\"valueName\":\"search_term_string\"}}],\"inLanguage\":\"fi\"},{\"@type\":\"Person\",\"@id\":\"https:\/\/suomenkuvalehti.fi\/taivaan-tahden\/#\/schema\/person\/c9c1373acb19750e11084ef640abeae0\",\"name\":\"Markus Hotakainen\",\"image\":{\"@type\":\"ImageObject\",\"inLanguage\":\"fi\",\"@id\":\"https:\/\/suomenkuvalehti.fi\/taivaan-tahden\/#\/schema\/person\/image\/\",\"url\":\"https:\/\/suomenkuvalehti.fi\/taivaan-tahden\/wp-content\/uploads\/sites\/36\/2018\/05\/markus_hotakainen_blogi_pieni-150x150.jpg\",\"contentUrl\":\"https:\/\/suomenkuvalehti.fi\/taivaan-tahden\/wp-content\/uploads\/sites\/36\/2018\/05\/markus_hotakainen_blogi_pieni-150x150.jpg\",\"caption\":\"Markus Hotakainen\"},\"description\":\"Kirjoittaja on tiedetoimittaja ja tietokirjailija.\"}]}<\/script>\n<!-- \/ Yoast SEO plugin. -->","yoast_head_json":{"title":"Mars on kuollut, el\u00e4k\u00f6\u00f6n Mars! - Taivaan t\u00e4hden","robots":{"index":"index","follow":"follow","max-snippet":"max-snippet:-1","max-image-preview":"max-image-preview:large","max-video-preview":"max-video-preview:-1"},"canonical":"https:\/\/suomenkuvalehti.fi\/taivaan-tahden\/2016\/05\/20\/mars-on-kuollut-elakoon-mars\/","og_locale":"fi_FI","og_type":"article","og_title":"Mars on kuollut, el\u00e4k\u00f6\u00f6n Mars! - Taivaan t\u00e4hden","og_description":"Naapuriplaneettamme on 22. toukokuuta j\u00e4lleen oppositiossa. Kyse ei kuitenkaan ole mist\u00e4\u00e4n intergalaktisesta politikoinnista, vaan Aurinkokunnan kappaleiden asemista toistensa suhteen. Oppositiossa Mars on taivaalla vastap\u00e4\u00e4t\u00e4 Aurinkoa. Se ei ole uutisarvoltaan kovin kummoinen tapahtuma, sill\u00e4&hellip;","og_url":"https:\/\/suomenkuvalehti.fi\/taivaan-tahden\/2016\/05\/20\/mars-on-kuollut-elakoon-mars\/","og_site_name":"Taivaan t\u00e4hden","article_published_time":"2016-05-20T05:59:39+00:00","og_image":[{"width":1181,"height":1181,"url":"https:\/\/suomenkuvalehti.fi\/taivaan-tahden\/wp-content\/uploads\/sites\/36\/2016\/05\/hs-2016-15-a-full_tif-1.jpg","type":"image\/jpeg"}],"author":"Markus Hotakainen","twitter_card":"summary_large_image","twitter_misc":{"Written by":"Markus Hotakainen","Est. reading time":"2 minuuttia"},"schema":{"@context":"https:\/\/schema.org","@graph":[{"@type":"WebPage","@id":"https:\/\/suomenkuvalehti.fi\/taivaan-tahden\/2016\/05\/20\/mars-on-kuollut-elakoon-mars\/","url":"https:\/\/suomenkuvalehti.fi\/taivaan-tahden\/2016\/05\/20\/mars-on-kuollut-elakoon-mars\/","name":"Mars on kuollut, el\u00e4k\u00f6\u00f6n Mars! - Taivaan t\u00e4hden","isPartOf":{"@id":"https:\/\/suomenkuvalehti.fi\/taivaan-tahden\/#website"},"primaryImageOfPage":{"@id":"https:\/\/suomenkuvalehti.fi\/taivaan-tahden\/2016\/05\/20\/mars-on-kuollut-elakoon-mars\/#primaryimage"},"image":{"@id":"https:\/\/suomenkuvalehti.fi\/taivaan-tahden\/2016\/05\/20\/mars-on-kuollut-elakoon-mars\/#primaryimage"},"thumbnailUrl":"https:\/\/suomenkuvalehti.fi\/taivaan-tahden\/wp-content\/uploads\/sites\/36\/2016\/05\/hs-2016-15-a-full_tif-1-1024x1024.jpg","datePublished":"2016-05-20T05:59:39+00:00","author":{"@id":"https:\/\/suomenkuvalehti.fi\/taivaan-tahden\/#\/schema\/person\/c9c1373acb19750e11084ef640abeae0"},"breadcrumb":{"@id":"https:\/\/suomenkuvalehti.fi\/taivaan-tahden\/2016\/05\/20\/mars-on-kuollut-elakoon-mars\/#breadcrumb"},"inLanguage":"fi","potentialAction":[{"@type":"ReadAction","target":["https:\/\/suomenkuvalehti.fi\/taivaan-tahden\/2016\/05\/20\/mars-on-kuollut-elakoon-mars\/"]}]},{"@type":"ImageObject","inLanguage":"fi","@id":"https:\/\/suomenkuvalehti.fi\/taivaan-tahden\/2016\/05\/20\/mars-on-kuollut-elakoon-mars\/#primaryimage","url":"https:\/\/suomenkuvalehti.fi\/taivaan-tahden\/wp-content\/uploads\/sites\/36\/2016\/05\/hs-2016-15-a-full_tif-1.jpg","contentUrl":"https:\/\/suomenkuvalehti.fi\/taivaan-tahden\/wp-content\/uploads\/sites\/36\/2016\/05\/hs-2016-15-a-full_tif-1.jpg","width":1181,"height":1181},{"@type":"BreadcrumbList","@id":"https:\/\/suomenkuvalehti.fi\/taivaan-tahden\/2016\/05\/20\/mars-on-kuollut-elakoon-mars\/#breadcrumb","itemListElement":[{"@type":"ListItem","position":1,"name":"Home","item":"https:\/\/suomenkuvalehti.fi\/taivaan-tahden\/"},{"@type":"ListItem","position":2,"name":"Mars on kuollut, el\u00e4k\u00f6\u00f6n Mars!"}]},{"@type":"WebSite","@id":"https:\/\/suomenkuvalehti.fi\/taivaan-tahden\/#website","url":"https:\/\/suomenkuvalehti.fi\/taivaan-tahden\/","name":"Taivaan t\u00e4hden","description":"Tiedetoimittaja Markus Hotakainen h\u00e4mm\u00e4stelee maailmankaikkeutta.","potentialAction":[{"@type":"SearchAction","target":{"@type":"EntryPoint","urlTemplate":"https:\/\/suomenkuvalehti.fi\/haku\/?q={search_term_string}"},"query-input":{"@type":"PropertyValueSpecification","valueRequired":true,"valueName":"search_term_string"}}],"inLanguage":"fi"},{"@type":"Person","@id":"https:\/\/suomenkuvalehti.fi\/taivaan-tahden\/#\/schema\/person\/c9c1373acb19750e11084ef640abeae0","name":"Markus Hotakainen","image":{"@type":"ImageObject","inLanguage":"fi","@id":"https:\/\/suomenkuvalehti.fi\/taivaan-tahden\/#\/schema\/person\/image\/","url":"https:\/\/suomenkuvalehti.fi\/taivaan-tahden\/wp-content\/uploads\/sites\/36\/2018\/05\/markus_hotakainen_blogi_pieni-150x150.jpg","contentUrl":"https:\/\/suomenkuvalehti.fi\/taivaan-tahden\/wp-content\/uploads\/sites\/36\/2018\/05\/markus_hotakainen_blogi_pieni-150x150.jpg","caption":"Markus Hotakainen"},"description":"Kirjoittaja on tiedetoimittaja ja tietokirjailija."}]}},"_links":{"self":[{"href":"https:\/\/suomenkuvalehti.fi\/taivaan-tahden\/wp-json\/wp\/v2\/posts\/534","targetHints":{"allow":["GET"]}}],"collection":[{"href":"https:\/\/suomenkuvalehti.fi\/taivaan-tahden\/wp-json\/wp\/v2\/posts"}],"about":[{"href":"https:\/\/suomenkuvalehti.fi\/taivaan-tahden\/wp-json\/wp\/v2\/types\/post"}],"author":[{"embeddable":true,"href":"https:\/\/suomenkuvalehti.fi\/taivaan-tahden\/wp-json\/wp\/v2\/users\/557"}],"replies":[{"embeddable":true,"href":"https:\/\/suomenkuvalehti.fi\/taivaan-tahden\/wp-json\/wp\/v2\/comments?post=534"}],"version-history":[{"count":2,"href":"https:\/\/suomenkuvalehti.fi\/taivaan-tahden\/wp-json\/wp\/v2\/posts\/534\/revisions"}],"predecessor-version":[{"id":538,"href":"https:\/\/suomenkuvalehti.fi\/taivaan-tahden\/wp-json\/wp\/v2\/posts\/534\/revisions\/538"}],"wp:attachment":[{"href":"https:\/\/suomenkuvalehti.fi\/taivaan-tahden\/wp-json\/wp\/v2\/media?parent=534"}],"wp:term":[{"taxonomy":"category","embeddable":true,"href":"https:\/\/suomenkuvalehti.fi\/taivaan-tahden\/wp-json\/wp\/v2\/categories?post=534"},{"taxonomy":"post_tag","embeddable":true,"href":"https:\/\/suomenkuvalehti.fi\/taivaan-tahden\/wp-json\/wp\/v2\/tags?post=534"}],"curies":[{"name":"wp","href":"https:\/\/api.w.org\/{rel}","templated":true}]}}