{"id":505,"date":"2016-04-22T08:45:45","date_gmt":"2016-04-22T05:45:45","guid":{"rendered":"https:\/\/suomenkuvalehti.fi\/taivaan-tahden\/?p=505"},"modified":"2016-04-22T08:45:45","modified_gmt":"2016-04-22T05:45:45","slug":"kuu-oli-eilen-pieni-ja-pinkki-kai-huomasitte","status":"publish","type":"post","link":"https:\/\/suomenkuvalehti.fi\/taivaan-tahden\/2016\/04\/22\/kuu-oli-eilen-pieni-ja-pinkki-kai-huomasitte\/","title":{"rendered":"Kuu oli eilen pieni ja pinkki, kai huomasitte?\u00a0"},"content":{"rendered":"<figure class=\"aligncenter size-large is-resized wp-block-image\">\n  <div class=\"wp-block-image__inner-container\">\n    <a href=\"https:\/\/suomenkuvalehti.fi\/taivaan-tahden\/wp-content\/uploads\/sites\/36\/2016\/04\/superminikuu.jpg\" rel=\"attachment wp-att-506\"><img loading=\"lazy\" decoding=\"async\" src=\"https:\/\/suomenkuvalehti.fi\/taivaan-tahden\/wp-content\/uploads\/sites\/36\/2016\/04\/superminikuu-1024x840.jpg\" alt=\"superminikuu\" class=\"wp-image-506\" width=\"1024\" height=\"840\" style=\"--aspect-ratio: 1.22\" srcset=\"https:\/\/suomenkuvalehti.fi\/taivaan-tahden\/wp-content\/uploads\/sites\/36\/2016\/04\/superminikuu-1024x840.jpg 1024w, https:\/\/suomenkuvalehti.fi\/taivaan-tahden\/wp-content\/uploads\/sites\/36\/2016\/04\/superminikuu-300x246.jpg 300w, https:\/\/suomenkuvalehti.fi\/taivaan-tahden\/wp-content\/uploads\/sites\/36\/2016\/04\/superminikuu-768x630.jpg 768w, https:\/\/suomenkuvalehti.fi\/taivaan-tahden\/wp-content\/uploads\/sites\/36\/2016\/04\/superminikuu.jpg 1181w\" sizes=\"auto, (max-width: 1024px) 100vw, 1024px\" \/><\/a>    <figcaption class=\"wp-block-image__figcaption\">\n      Onko t\u00e4m\u00e4 nyt sitten super- vai minikuu? Kuva: NASA\/Sean Smith          <\/figcaption>\n      <\/div>\n<\/figure>\n\n\n<p>Eilen oli minikuu. Se on superkuun vastakohta. Molemmat ovat nimityksin\u00e4 yht\u00e4 p\u00f6lji\u00e4.<\/p>\n\n\n\n<p>Kun t\u00e4ysikuu sattuu Kuun ollessa l\u00e4himp\u00e4n\u00e4 Maata, sit\u00e4 sanotaan superkuuksi. Ja aivan oikein, minikuu on silloin, kun Kuu on kauimpana Maasta ja samalla t\u00e4ysi.<\/p>\n\n\n\n<p>Onko sill\u00e4 jotain merkityst\u00e4? K\u00e4yt\u00e4nn\u00f6ss\u00e4 ei.<\/p>\n\n\n\n<p>Kuun et\u00e4isyys Maasta vaihtelee noin 50 000 kilometrin verran. Rata on sen verran soikea, ett\u00e4 pienin et\u00e4isyys on 356 500&nbsp;kilometri\u00e4 ja suurin 406 700&nbsp;kilometri\u00e4.<\/p>\n\n\n\n<p>Periaatteessa superkuun ja minikuun aikaan vuorovesiss\u00e4 on eroa, sill\u00e4 Kuun vetovoiman suuruus riippuu sen et\u00e4isyydest\u00e4. Ero on kuitenkin pieni, vain joitakin senttej\u00e4. Monet muut ilmi\u00f6t aiheuttavat vuoroveden korkeuteen suurempia vaihteluita.<\/p>\n\n\n\n<p>Ent\u00e4 sitten taivaalla? Superkuu n\u00e4ytt\u00e4\u00e4 l\u00e4pimitaltaan reilut kymmenen prosenttia minikuuta suuremmalta ja se loistaa kolmanneksen kirkkaammin.<\/p>\n\n\n\n<p>Kai huomasitte, ett\u00e4 t\u00e4ysikuu oli eilen kovin pieni ja jotenkin vaisu?<\/p>\n\n\n\n<p>En min\u00e4k\u00e4\u00e4n. Superkuuta ja minikuuta kun ei p\u00e4\u00e4se vertailemaan.<\/p>\n\n\n\n<p>Kukaan ei varmaan huomannut my\u00f6sk\u00e4\u00e4n sit\u00e4, ett\u00e4 Kuu oli pinkki.<\/p>\n\n\n\n<p>Monissa kulttuureissa ja kieliss\u00e4 eri vuodenaikoina n\u00e4kyville t\u00e4ysikuille on omia nimi\u00e4 ja nimityksi\u00e4. Helmikuinen t\u00e4ysikuu on \u201dlumikuu\u201d, kes\u00e4kuinen t\u00e4ysikuu on \u201dmansikkakuu\u201d ja hein\u00e4kuinen on \u201dukkoskuu\u201d (ei toki meill\u00e4).<\/p>\n\n\n\n<p>Helposti p\u00e4\u00e4telt\u00e4vi\u00e4, kuvailevia nimi\u00e4, mutta mist\u00e4 tulee \u201dPink Moon\u201d?<\/p>\n\n\n\n<p>Huhtikuista t\u00e4ysikuuta sanotaan pinkiksi, sill\u00e4 niihin aikoihin &#8211; ainakin etel\u00e4isemmill\u00e4 seuduilla &#8211; kukkii sammalleimu (<i>Phlox subulata<\/i>). Suomessa se on puutarhakasvi, mutta esimerkiksi Pohjois-Amerikassa sit\u00e4 kasvaa luonnonvaraisena.<\/p>\n\n\n\n<p>Kasvin kukat ovat joko valkoiset tai aniliininpunaiset, joten kun sammalleimu kasvaa tihein\u00e4 m\u00e4tt\u00e4in\u00e4, paikoin laajat alueet voivat hehkua pinkkein\u00e4. Siihen kun lis\u00e4\u00e4 taivaalla kumottavan t\u00e4ysikuun, yhteys on ilmeinen. Vaikka Kuun v\u00e4ri olisikin entisell\u00e4\u00e4n.<\/p>\n\n\n\n<p>Silti eilisiltana taivaalla loisti pinkki minikuu. Tai jos tarkkoja ollaan t\u00e4n\u00e4\u00e4n, sill\u00e4 t\u00e4ysikuu oli aamulla v\u00e4h\u00e4n ennen puoli yhdeks\u00e4\u00e4. Tosin se oli silloin jo laskenut.<\/p>\n\n\n\n<p>&nbsp;<\/p>\n\n\n","protected":false},"excerpt":{"rendered":"<p>Eilen oli minikuu. Se on superkuun vastakohta. Molemmat ovat nimityksin\u00e4 yht\u00e4 p\u00f6lji\u00e4. Kun t\u00e4ysikuu sattuu Kuun ollessa l\u00e4himp\u00e4n\u00e4 Maata, sit\u00e4 sanotaan superkuuksi. Ja aivan oikein, minikuu on silloin, kun Kuu on kauimpana Maasta ja samalla t\u00e4ysi. Onko sill\u00e4 jotain<br \/>\nmerkityst\u00e4&hellip;<\/p>\n","protected":false},"author":557,"featured_media":0,"comment_status":"open","ping_status":"open","sticky":false,"template":"","format":"standard","meta":{"_acf_changed":false,"asauth_required_access_level":3,"asauth_cansharepaid":"true","om_header_attributes":[],"footnotes":"","om_featured_image_focal_point":[],"om_primary_tag":0,"om_contributors":[],"om_co_authors":[],"beyondwords_generate_audio":"","beyondwords_project_id":"","beyondwords_content_id":"","beyondwords_preview_token":"","beyondwords_player_content":"","beyondwords_player_style":"","beyondwords_language_code":"","beyondwords_language_id":"","beyondwords_title_voice_id":"","beyondwords_body_voice_id":"","beyondwords_summary_voice_id":"","beyondwords_error_message":"","beyondwords_disabled":"","beyondwords_delete_content":"","beyondwords_podcast_id":"","beyondwords_hash":"","publish_post_to_speechkit":"","speechkit_hash":"","speechkit_generate_audio":"","speechkit_project_id":"","speechkit_podcast_id":"","speechkit_error_message":"","speechkit_disabled":"","speechkit_access_key":"","speechkit_error":"","speechkit_info":"","speechkit_response":"","speechkit_retries":"","speechkit_status":"","speechkit_updated_at":"","_speechkit_link":"","_speechkit_text":""},"categories":[1],"tags":[5,214,213,215],"class_list":["post-505","post","type-post","status-publish","format-standard","hentry","category-taivaan-tahden","tag-kuu","tag-minikuu","tag-superkuu","tag-vuorovesi"],"om_views":null,"acf":{"tuuma_off":false,"tuuma_kysymys":"","tuuma_vastaus":""},"asauth":{"required_access_level":1,"share_token":"","is_paid":false},"yoast_head":"<!-- This site is optimized with the Yoast SEO plugin v26.4 - https:\/\/yoast.com\/wordpress\/plugins\/seo\/ -->\n<title>Kuu oli eilen pieni ja pinkki, kai huomasitte?\u00a0 - Taivaan t\u00e4hden<\/title>\n<meta name=\"robots\" content=\"index, follow, max-snippet:-1, max-image-preview:large, max-video-preview:-1\" \/>\n<link rel=\"canonical\" href=\"https:\/\/suomenkuvalehti.fi\/taivaan-tahden\/2016\/04\/22\/kuu-oli-eilen-pieni-ja-pinkki-kai-huomasitte\/\" \/>\n<meta property=\"og:locale\" content=\"fi_FI\" \/>\n<meta property=\"og:type\" content=\"article\" \/>\n<meta property=\"og:title\" content=\"Kuu oli eilen pieni ja pinkki, kai huomasitte?\u00a0 - Taivaan t\u00e4hden\" \/>\n<meta property=\"og:description\" content=\"Eilen oli minikuu. Se on superkuun vastakohta. Molemmat ovat nimityksin\u00e4 yht\u00e4 p\u00f6lji\u00e4. Kun t\u00e4ysikuu sattuu Kuun ollessa l\u00e4himp\u00e4n\u00e4 Maata, sit\u00e4 sanotaan superkuuksi. Ja aivan oikein, minikuu on silloin, kun Kuu on kauimpana Maasta ja samalla t\u00e4ysi. Onko sill\u00e4 jotain merkityst\u00e4&hellip;\" \/>\n<meta property=\"og:url\" content=\"https:\/\/suomenkuvalehti.fi\/taivaan-tahden\/2016\/04\/22\/kuu-oli-eilen-pieni-ja-pinkki-kai-huomasitte\/\" \/>\n<meta property=\"og:site_name\" content=\"Taivaan t\u00e4hden\" \/>\n<meta property=\"article:published_time\" content=\"2016-04-22T05:45:45+00:00\" \/>\n<meta property=\"og:image\" content=\"https:\/\/suomenkuvalehti.fi\/taivaan-tahden\/wp-content\/uploads\/sites\/36\/2016\/04\/superminikuu.jpg\" \/>\n\t<meta property=\"og:image:width\" content=\"1181\" \/>\n\t<meta property=\"og:image:height\" content=\"969\" \/>\n\t<meta property=\"og:image:type\" content=\"image\/jpeg\" \/>\n<meta name=\"author\" content=\"Markus Hotakainen\" \/>\n<meta name=\"twitter:card\" content=\"summary_large_image\" \/>\n<meta name=\"twitter:label1\" content=\"Written by\" \/>\n\t<meta name=\"twitter:data1\" content=\"Markus Hotakainen\" \/>\n\t<meta name=\"twitter:label2\" content=\"Est. reading time\" \/>\n\t<meta name=\"twitter:data2\" content=\"2 minuuttia\" \/>\n<script type=\"application\/ld+json\" class=\"yoast-schema-graph\">{\"@context\":\"https:\/\/schema.org\",\"@graph\":[{\"@type\":\"WebPage\",\"@id\":\"https:\/\/suomenkuvalehti.fi\/taivaan-tahden\/2016\/04\/22\/kuu-oli-eilen-pieni-ja-pinkki-kai-huomasitte\/\",\"url\":\"https:\/\/suomenkuvalehti.fi\/taivaan-tahden\/2016\/04\/22\/kuu-oli-eilen-pieni-ja-pinkki-kai-huomasitte\/\",\"name\":\"Kuu oli eilen pieni ja pinkki, kai huomasitte?\u00a0 - Taivaan t\u00e4hden\",\"isPartOf\":{\"@id\":\"https:\/\/suomenkuvalehti.fi\/taivaan-tahden\/#website\"},\"primaryImageOfPage\":{\"@id\":\"https:\/\/suomenkuvalehti.fi\/taivaan-tahden\/2016\/04\/22\/kuu-oli-eilen-pieni-ja-pinkki-kai-huomasitte\/#primaryimage\"},\"image\":{\"@id\":\"https:\/\/suomenkuvalehti.fi\/taivaan-tahden\/2016\/04\/22\/kuu-oli-eilen-pieni-ja-pinkki-kai-huomasitte\/#primaryimage\"},\"thumbnailUrl\":\"https:\/\/suomenkuvalehti.fi\/taivaan-tahden\/wp-content\/uploads\/sites\/36\/2016\/04\/superminikuu-1024x840.jpg\",\"datePublished\":\"2016-04-22T05:45:45+00:00\",\"author\":{\"@id\":\"https:\/\/suomenkuvalehti.fi\/taivaan-tahden\/#\/schema\/person\/c9c1373acb19750e11084ef640abeae0\"},\"breadcrumb\":{\"@id\":\"https:\/\/suomenkuvalehti.fi\/taivaan-tahden\/2016\/04\/22\/kuu-oli-eilen-pieni-ja-pinkki-kai-huomasitte\/#breadcrumb\"},\"inLanguage\":\"fi\",\"potentialAction\":[{\"@type\":\"ReadAction\",\"target\":[\"https:\/\/suomenkuvalehti.fi\/taivaan-tahden\/2016\/04\/22\/kuu-oli-eilen-pieni-ja-pinkki-kai-huomasitte\/\"]}]},{\"@type\":\"ImageObject\",\"inLanguage\":\"fi\",\"@id\":\"https:\/\/suomenkuvalehti.fi\/taivaan-tahden\/2016\/04\/22\/kuu-oli-eilen-pieni-ja-pinkki-kai-huomasitte\/#primaryimage\",\"url\":\"https:\/\/suomenkuvalehti.fi\/taivaan-tahden\/wp-content\/uploads\/sites\/36\/2016\/04\/superminikuu.jpg\",\"contentUrl\":\"https:\/\/suomenkuvalehti.fi\/taivaan-tahden\/wp-content\/uploads\/sites\/36\/2016\/04\/superminikuu.jpg\",\"width\":1181,\"height\":969},{\"@type\":\"BreadcrumbList\",\"@id\":\"https:\/\/suomenkuvalehti.fi\/taivaan-tahden\/2016\/04\/22\/kuu-oli-eilen-pieni-ja-pinkki-kai-huomasitte\/#breadcrumb\",\"itemListElement\":[{\"@type\":\"ListItem\",\"position\":1,\"name\":\"Home\",\"item\":\"https:\/\/suomenkuvalehti.fi\/taivaan-tahden\/\"},{\"@type\":\"ListItem\",\"position\":2,\"name\":\"Kuu oli eilen pieni ja pinkki, kai huomasitte?\u00a0\"}]},{\"@type\":\"WebSite\",\"@id\":\"https:\/\/suomenkuvalehti.fi\/taivaan-tahden\/#website\",\"url\":\"https:\/\/suomenkuvalehti.fi\/taivaan-tahden\/\",\"name\":\"Taivaan t\u00e4hden\",\"description\":\"Tiedetoimittaja Markus Hotakainen h\u00e4mm\u00e4stelee maailmankaikkeutta.\",\"potentialAction\":[{\"@type\":\"SearchAction\",\"target\":{\"@type\":\"EntryPoint\",\"urlTemplate\":\"https:\/\/suomenkuvalehti.fi\/haku\/?q={search_term_string}\"},\"query-input\":{\"@type\":\"PropertyValueSpecification\",\"valueRequired\":true,\"valueName\":\"search_term_string\"}}],\"inLanguage\":\"fi\"},{\"@type\":\"Person\",\"@id\":\"https:\/\/suomenkuvalehti.fi\/taivaan-tahden\/#\/schema\/person\/c9c1373acb19750e11084ef640abeae0\",\"name\":\"Markus Hotakainen\",\"image\":{\"@type\":\"ImageObject\",\"inLanguage\":\"fi\",\"@id\":\"https:\/\/suomenkuvalehti.fi\/taivaan-tahden\/#\/schema\/person\/image\/\",\"url\":\"https:\/\/suomenkuvalehti.fi\/taivaan-tahden\/wp-content\/uploads\/sites\/36\/2018\/05\/markus_hotakainen_blogi_pieni-150x150.jpg\",\"contentUrl\":\"https:\/\/suomenkuvalehti.fi\/taivaan-tahden\/wp-content\/uploads\/sites\/36\/2018\/05\/markus_hotakainen_blogi_pieni-150x150.jpg\",\"caption\":\"Markus Hotakainen\"},\"description\":\"Kirjoittaja on tiedetoimittaja ja tietokirjailija.\"}]}<\/script>\n<!-- \/ Yoast SEO plugin. -->","yoast_head_json":{"title":"Kuu oli eilen pieni ja pinkki, kai huomasitte?\u00a0 - Taivaan t\u00e4hden","robots":{"index":"index","follow":"follow","max-snippet":"max-snippet:-1","max-image-preview":"max-image-preview:large","max-video-preview":"max-video-preview:-1"},"canonical":"https:\/\/suomenkuvalehti.fi\/taivaan-tahden\/2016\/04\/22\/kuu-oli-eilen-pieni-ja-pinkki-kai-huomasitte\/","og_locale":"fi_FI","og_type":"article","og_title":"Kuu oli eilen pieni ja pinkki, kai huomasitte?\u00a0 - Taivaan t\u00e4hden","og_description":"Eilen oli minikuu. Se on superkuun vastakohta. Molemmat ovat nimityksin\u00e4 yht\u00e4 p\u00f6lji\u00e4. Kun t\u00e4ysikuu sattuu Kuun ollessa l\u00e4himp\u00e4n\u00e4 Maata, sit\u00e4 sanotaan superkuuksi. Ja aivan oikein, minikuu on silloin, kun Kuu on kauimpana Maasta ja samalla t\u00e4ysi. Onko sill\u00e4 jotain merkityst\u00e4&hellip;","og_url":"https:\/\/suomenkuvalehti.fi\/taivaan-tahden\/2016\/04\/22\/kuu-oli-eilen-pieni-ja-pinkki-kai-huomasitte\/","og_site_name":"Taivaan t\u00e4hden","article_published_time":"2016-04-22T05:45:45+00:00","og_image":[{"width":1181,"height":969,"url":"https:\/\/suomenkuvalehti.fi\/taivaan-tahden\/wp-content\/uploads\/sites\/36\/2016\/04\/superminikuu.jpg","type":"image\/jpeg"}],"author":"Markus Hotakainen","twitter_card":"summary_large_image","twitter_misc":{"Written by":"Markus Hotakainen","Est. reading time":"2 minuuttia"},"schema":{"@context":"https:\/\/schema.org","@graph":[{"@type":"WebPage","@id":"https:\/\/suomenkuvalehti.fi\/taivaan-tahden\/2016\/04\/22\/kuu-oli-eilen-pieni-ja-pinkki-kai-huomasitte\/","url":"https:\/\/suomenkuvalehti.fi\/taivaan-tahden\/2016\/04\/22\/kuu-oli-eilen-pieni-ja-pinkki-kai-huomasitte\/","name":"Kuu oli eilen pieni ja pinkki, kai huomasitte?\u00a0 - Taivaan t\u00e4hden","isPartOf":{"@id":"https:\/\/suomenkuvalehti.fi\/taivaan-tahden\/#website"},"primaryImageOfPage":{"@id":"https:\/\/suomenkuvalehti.fi\/taivaan-tahden\/2016\/04\/22\/kuu-oli-eilen-pieni-ja-pinkki-kai-huomasitte\/#primaryimage"},"image":{"@id":"https:\/\/suomenkuvalehti.fi\/taivaan-tahden\/2016\/04\/22\/kuu-oli-eilen-pieni-ja-pinkki-kai-huomasitte\/#primaryimage"},"thumbnailUrl":"https:\/\/suomenkuvalehti.fi\/taivaan-tahden\/wp-content\/uploads\/sites\/36\/2016\/04\/superminikuu-1024x840.jpg","datePublished":"2016-04-22T05:45:45+00:00","author":{"@id":"https:\/\/suomenkuvalehti.fi\/taivaan-tahden\/#\/schema\/person\/c9c1373acb19750e11084ef640abeae0"},"breadcrumb":{"@id":"https:\/\/suomenkuvalehti.fi\/taivaan-tahden\/2016\/04\/22\/kuu-oli-eilen-pieni-ja-pinkki-kai-huomasitte\/#breadcrumb"},"inLanguage":"fi","potentialAction":[{"@type":"ReadAction","target":["https:\/\/suomenkuvalehti.fi\/taivaan-tahden\/2016\/04\/22\/kuu-oli-eilen-pieni-ja-pinkki-kai-huomasitte\/"]}]},{"@type":"ImageObject","inLanguage":"fi","@id":"https:\/\/suomenkuvalehti.fi\/taivaan-tahden\/2016\/04\/22\/kuu-oli-eilen-pieni-ja-pinkki-kai-huomasitte\/#primaryimage","url":"https:\/\/suomenkuvalehti.fi\/taivaan-tahden\/wp-content\/uploads\/sites\/36\/2016\/04\/superminikuu.jpg","contentUrl":"https:\/\/suomenkuvalehti.fi\/taivaan-tahden\/wp-content\/uploads\/sites\/36\/2016\/04\/superminikuu.jpg","width":1181,"height":969},{"@type":"BreadcrumbList","@id":"https:\/\/suomenkuvalehti.fi\/taivaan-tahden\/2016\/04\/22\/kuu-oli-eilen-pieni-ja-pinkki-kai-huomasitte\/#breadcrumb","itemListElement":[{"@type":"ListItem","position":1,"name":"Home","item":"https:\/\/suomenkuvalehti.fi\/taivaan-tahden\/"},{"@type":"ListItem","position":2,"name":"Kuu oli eilen pieni ja pinkki, kai huomasitte?\u00a0"}]},{"@type":"WebSite","@id":"https:\/\/suomenkuvalehti.fi\/taivaan-tahden\/#website","url":"https:\/\/suomenkuvalehti.fi\/taivaan-tahden\/","name":"Taivaan t\u00e4hden","description":"Tiedetoimittaja Markus Hotakainen h\u00e4mm\u00e4stelee maailmankaikkeutta.","potentialAction":[{"@type":"SearchAction","target":{"@type":"EntryPoint","urlTemplate":"https:\/\/suomenkuvalehti.fi\/haku\/?q={search_term_string}"},"query-input":{"@type":"PropertyValueSpecification","valueRequired":true,"valueName":"search_term_string"}}],"inLanguage":"fi"},{"@type":"Person","@id":"https:\/\/suomenkuvalehti.fi\/taivaan-tahden\/#\/schema\/person\/c9c1373acb19750e11084ef640abeae0","name":"Markus Hotakainen","image":{"@type":"ImageObject","inLanguage":"fi","@id":"https:\/\/suomenkuvalehti.fi\/taivaan-tahden\/#\/schema\/person\/image\/","url":"https:\/\/suomenkuvalehti.fi\/taivaan-tahden\/wp-content\/uploads\/sites\/36\/2018\/05\/markus_hotakainen_blogi_pieni-150x150.jpg","contentUrl":"https:\/\/suomenkuvalehti.fi\/taivaan-tahden\/wp-content\/uploads\/sites\/36\/2018\/05\/markus_hotakainen_blogi_pieni-150x150.jpg","caption":"Markus Hotakainen"},"description":"Kirjoittaja on tiedetoimittaja ja tietokirjailija."}]}},"_links":{"self":[{"href":"https:\/\/suomenkuvalehti.fi\/taivaan-tahden\/wp-json\/wp\/v2\/posts\/505","targetHints":{"allow":["GET"]}}],"collection":[{"href":"https:\/\/suomenkuvalehti.fi\/taivaan-tahden\/wp-json\/wp\/v2\/posts"}],"about":[{"href":"https:\/\/suomenkuvalehti.fi\/taivaan-tahden\/wp-json\/wp\/v2\/types\/post"}],"author":[{"embeddable":true,"href":"https:\/\/suomenkuvalehti.fi\/taivaan-tahden\/wp-json\/wp\/v2\/users\/557"}],"replies":[{"embeddable":true,"href":"https:\/\/suomenkuvalehti.fi\/taivaan-tahden\/wp-json\/wp\/v2\/comments?post=505"}],"version-history":[{"count":2,"href":"https:\/\/suomenkuvalehti.fi\/taivaan-tahden\/wp-json\/wp\/v2\/posts\/505\/revisions"}],"predecessor-version":[{"id":508,"href":"https:\/\/suomenkuvalehti.fi\/taivaan-tahden\/wp-json\/wp\/v2\/posts\/505\/revisions\/508"}],"wp:attachment":[{"href":"https:\/\/suomenkuvalehti.fi\/taivaan-tahden\/wp-json\/wp\/v2\/media?parent=505"}],"wp:term":[{"taxonomy":"category","embeddable":true,"href":"https:\/\/suomenkuvalehti.fi\/taivaan-tahden\/wp-json\/wp\/v2\/categories?post=505"},{"taxonomy":"post_tag","embeddable":true,"href":"https:\/\/suomenkuvalehti.fi\/taivaan-tahden\/wp-json\/wp\/v2\/tags?post=505"}],"curies":[{"name":"wp","href":"https:\/\/api.w.org\/{rel}","templated":true}]}}