{"id":481,"date":"2016-03-27T09:21:17","date_gmt":"2016-03-27T06:21:17","guid":{"rendered":"https:\/\/suomenkuvalehti.fi\/taivaan-tahden\/?p=481"},"modified":"2016-03-27T09:21:17","modified_gmt":"2016-03-27T06:21:17","slug":"kellojen-siirtely-on-naurettavaa-pelleilya","status":"publish","type":"post","link":"https:\/\/suomenkuvalehti.fi\/taivaan-tahden\/2016\/03\/27\/kellojen-siirtely-on-naurettavaa-pelleilya\/","title":{"rendered":"Kellojen siirtely on naurettavaa pelleily\u00e4"},"content":{"rendered":"<figure class=\"aligncenter size-large is-resized wp-block-image\">\n  <div class=\"wp-block-image__inner-container\">\n    <a href=\"https:\/\/suomenkuvalehti.fi\/taivaan-tahden\/wp-content\/uploads\/sites\/36\/2016\/03\/eso1227c.jpg\" rel=\"attachment wp-att-482\"><img loading=\"lazy\" decoding=\"async\" src=\"https:\/\/suomenkuvalehti.fi\/taivaan-tahden\/wp-content\/uploads\/sites\/36\/2016\/03\/eso1227c-1022x1024.jpg\" alt=\"This image of the sky around the star Tau Bo\u00f6tis was created from the Digitized Sky Survey 2 images. The star itself, which is bright enough to be seen with the unaided eye, is at the centre. The spikes and coloured circles around it are artifacts of the telescope and photographic plate used and are not real. The exoplanet Tau Bo\u00f6tis b orbits very close to the star and is completely invisible in this picture. The planet has only just been detected directly from its own light using ESO&#039;s VLT.\" class=\"wp-image-482\" width=\"1022\" height=\"1024\" style=\"--aspect-ratio: 1\" srcset=\"https:\/\/suomenkuvalehti.fi\/taivaan-tahden\/wp-content\/uploads\/sites\/36\/2016\/03\/eso1227c-1022x1024.jpg 1022w, https:\/\/suomenkuvalehti.fi\/taivaan-tahden\/wp-content\/uploads\/sites\/36\/2016\/03\/eso1227c-150x150.jpg 150w, https:\/\/suomenkuvalehti.fi\/taivaan-tahden\/wp-content\/uploads\/sites\/36\/2016\/03\/eso1227c-300x301.jpg 300w, https:\/\/suomenkuvalehti.fi\/taivaan-tahden\/wp-content\/uploads\/sites\/36\/2016\/03\/eso1227c-768x770.jpg 768w, https:\/\/suomenkuvalehti.fi\/taivaan-tahden\/wp-content\/uploads\/sites\/36\/2016\/03\/eso1227c.jpg 1299w\" sizes=\"auto, (max-width: 1022px) 100vw, 1022px\" \/><\/a>    <figcaption class=\"wp-block-image__figcaption\">\n      Haluatko n\u00e4hd\u00e4 t\u00e4hti\u00e4? Varaudu valvomaan tuntia my\u00f6hemp\u00e4\u00e4n &#8211; kiitos kes\u00e4ajan. Kuva ESO\/Digitized Sky Survey 2          <\/figcaption>\n      <\/div>\n<\/figure>\n\n\n<p>Mit\u00e4s kello oikein on? T\u00e4t\u00e4 kysell\u00e4\u00e4n taas monessa taloudessa, kun kelloja piti k\u00e4\u00e4nt\u00e4\u00e4&nbsp;tunnilla eteenp\u00e4in.<\/p>\n\n\n\n<p>Kes\u00e4aikaan voi t\u00e4n\u00e4 vuonna totutella parin p\u00e4iv\u00e4n ajan, kun p\u00e4\u00e4si\u00e4inen sattuu samaan viikonloppuun kuin kellojen keinotekoinen siirtely. Se ei kuitenkaan tee t\u00e4t\u00e4 puuhastelua yht\u00e4\u00e4n j\u00e4rkev\u00e4mm\u00e4ksi.<\/p>\n\n\n\n<p>Viisareiden siirt\u00e4mist\u00e4 \u201dkes\u00e4\u00e4 kohti\u201d kokeiltiin jo vuonna 1942 ja vakiintunut k\u00e4yt\u00e4nt\u00f6 siit\u00e4 tuli vuonna 1981. Nykyisin toimitaan EU-direktiivin mukaan eli kes\u00e4aika on k\u00e4yt\u00f6ss\u00e4 maaliskuun viimeisest\u00e4 viikonlopusta lokakuun viimeiseen viikonloppuun.<\/p>\n\n\n\n<p>N\u00e4in s\u00e4\u00e4stet\u00e4\u00e4n energiaa! H\u00f6psis.<\/p>\n\n\n\n<p>Suomen leveysasteilla \u201dp\u00e4iv\u00e4nvalons\u00e4\u00e4st\u00f6ajalla\u201d ei ole merkityst\u00e4 kuin korkeintaan parin viikon ajan, kun kev\u00e4tt\u00e4 ja kes\u00e4\u00e4 kohti ment\u00e4ess\u00e4 illat alkavat olla muutenkin valoisia.<\/p>\n\n\n\n<p>Energians\u00e4\u00e4st\u00f6 on kuviteltua v\u00e4h\u00e4isemp\u00e4\u00e4 my\u00f6s siksi, ett\u00e4 valaistukseen kuluu energiaa yh\u00e4 v\u00e4hemm\u00e4n &#8211; tai ainakin niin meille uskoteltiin, kun hehkulamput demonisoitiin &#8211; ja erilaisten s\u00e4hk\u00f6\u00e4 sy\u00f6vien laitteiden m\u00e4\u00e4r\u00e4 kasvaa.<\/p>\n\n\n\n<p>T\u00e4rkeimp\u00e4n\u00e4 syyn\u00e4 kes\u00e4aikaan siirtymiselle pidet\u00e4\u00e4nkin Suomen kannalta, ett\u00e4 n\u00e4in pysyt\u00e4\u00e4n tahdissa muiden EU-maiden kanssa.<\/p>\n\n\n\n<p>Nykyp\u00e4iv\u00e4n\u00e4 on kuitenkin aavistuksen vaikea ymm\u00e4rt\u00e4\u00e4, mit\u00e4 merkityst\u00e4 on sill\u00e4, onko aikaero tunnin enemm\u00e4n vai v\u00e4hemm\u00e4n. Kes\u00e4aikaan siirtyminen ei kuitenkaan tee kellonaikaa samaksi meill\u00e4 ja vaikkapa Pariisissa tai Lontoossa.<\/p>\n\n\n\n<p>Ep\u00e4ilem\u00e4tt\u00e4 1980-luvulla ja tovi sen j\u00e4lkeenkin \u201dtahdissa pysymisell\u00e4\u201d muun Euroopan kanssa oli merkityst\u00e4. Antiikkisella analogisella aikakaudella yhteydenpito virka- ja bisnesasioissa perustui lankapuhelimiin. Jos toisessa p\u00e4\u00e4ss\u00e4 kukaan ei ollut vastaamassa, kun ei ollut ty\u00f6aika, asia j\u00e4i sill\u00e4 er\u00e4\u00e4 hoitamatta.<\/p>\n\n\n\n<p>2000-luvulla tilanne on kokonaan toinen. Ensinn\u00e4kin ty\u00f6ajan k\u00e4site on muuttunut ja ihmiset tekev\u00e4t t\u00f6it\u00e4 usein kellonajasta riippumatta. Toisekseen jokaisella on \u201dtoimisto\u201d mukanaan ja k\u00e4nnyk\u00e4ll\u00e4 saa kiinni milloin ja mist\u00e4 vain. Ja kolmanneksi yhteydenpitoa hoidetaan pitk\u00e4lti s\u00e4hk\u00f6postilla, jota voi l\u00e4hetell\u00e4 mihin aikaan tahansa.<\/p>\n\n\n\n<p>Ristiriitaista kes\u00e4ajan n\u00e4enn\u00e4isiss\u00e4 hy\u00f6dyiss\u00e4 on my\u00f6s se, ett\u00e4 samalla kun arjen todetaan painottuvan yh\u00e4 enemm\u00e4n ilta-aikaan, kes\u00e4aikaan siirtyminen aiheuttaa haittaa eniten niille, joilla se todella painottuu ilta-aikaan eli aamu-unisille.<\/p>\n\n\n\n<p>Agraariajoista ammentavan aamuansioituneisuuden mukaanhan on liki rikos valvoa my\u00f6h\u00e4\u00e4n ja vastaavasti nukkua my\u00f6h\u00e4\u00e4n. Unifundamentalistit ovat sit\u00e4 mielt\u00e4, ett\u00e4 luontaista vuorokausirytmi\u00e4 voi muuttaa, kunhan vain menee illalla aikaisin nukkumaan.<\/p>\n\n\n\n<p>Onneksi yh\u00e4 useampi alkaa olla sit\u00e4 mielt\u00e4, ett\u00e4 ei se niin mene. Ja kes\u00e4aikaan siirtyminen vain pahentaa tilannetta.<\/p>\n\n\n\n<p>Jos on luonnostaan aamu-uninen, koko p\u00e4iv\u00e4 menee piloille, jos on jatkuvasti pakko her\u00e4t\u00e4 kukonlaulun aikaan. Iltauniset &#8211; joiden mielest\u00e4 my\u00f6h\u00e4\u00e4n nukkuminen on silkkaa laiskuutta &#8211; voisivat kokeilla vaikkapa viikon ajan pit\u00e4\u00e4 itsens\u00e4 v\u00e4kisin valveilla puolille \u00f6in ja testata sitten ty\u00f6tehoaan.<\/p>\n\n\n\n<p>Mitenk\u00e4s t\u00e4m\u00e4 kaikki liittyy t\u00e4htiin? Kes\u00e4aikaan siirtymisen my\u00f6t\u00e4 y\u00f6 laskeutuu tuntia my\u00f6hemmin ja t\u00e4hdist\u00e4 kiinnostuneet joutuvat valvomaan pidemp\u00e4\u00e4n. Ja seh\u00e4n on jo itsess\u00e4\u00e4n synti.<\/p>\n\n\n","protected":false},"excerpt":{"rendered":"<p>Mit\u00e4s kello oikein on? T\u00e4t\u00e4 kysell\u00e4\u00e4n taas monessa taloudessa, kun kelloja piti k\u00e4\u00e4nt\u00e4\u00e4&nbsp;tunnilla eteenp\u00e4in. Kes\u00e4aikaan voi t\u00e4n\u00e4 vuonna totutella parin p\u00e4iv\u00e4n ajan, kun p\u00e4\u00e4si\u00e4inen sattuu samaan viikonloppuun kuin kellojen keinotekoinen siirtely. Se ei kuitenkaan tee<br \/>\nt\u00e4t\u00e4 puuhastelua &hellip;<\/p>\n","protected":false},"author":557,"featured_media":0,"comment_status":"open","ping_status":"open","sticky":false,"template":"","format":"standard","meta":{"_acf_changed":false,"asauth_required_access_level":3,"asauth_cansharepaid":"true","om_header_attributes":[],"footnotes":"","om_featured_image_focal_point":[],"om_primary_tag":0,"om_contributors":[],"om_co_authors":[],"beyondwords_generate_audio":"","beyondwords_project_id":"","beyondwords_content_id":"","beyondwords_preview_token":"","beyondwords_player_content":"","beyondwords_player_style":"","beyondwords_language_code":"","beyondwords_language_id":"","beyondwords_title_voice_id":"","beyondwords_body_voice_id":"","beyondwords_summary_voice_id":"","beyondwords_error_message":"","beyondwords_disabled":"","beyondwords_delete_content":"","beyondwords_podcast_id":"","beyondwords_hash":"","publish_post_to_speechkit":"","speechkit_hash":"","speechkit_generate_audio":"","speechkit_project_id":"","speechkit_podcast_id":"","speechkit_error_message":"","speechkit_disabled":"","speechkit_access_key":"","speechkit_error":"","speechkit_info":"","speechkit_response":"","speechkit_retries":"","speechkit_status":"","speechkit_updated_at":"","_speechkit_link":"","_speechkit_text":""},"categories":[1],"tags":[199,197,198,196,25],"class_list":["post-481","post","type-post","status-publish","format-standard","hentry","category-taivaan-tahden","tag-aikaero","tag-energia","tag-kellonaika","tag-kesaaika","tag-tahdet"],"om_views":null,"acf":{"tuuma_off":false,"tuuma_kysymys":"","tuuma_vastaus":""},"asauth":{"required_access_level":1,"share_token":"","is_paid":false},"yoast_head":"<!-- This site is optimized with the Yoast SEO plugin v26.4 - https:\/\/yoast.com\/wordpress\/plugins\/seo\/ -->\n<title>Kellojen siirtely on naurettavaa pelleily\u00e4 - Taivaan t\u00e4hden<\/title>\n<meta name=\"robots\" content=\"index, follow, max-snippet:-1, max-image-preview:large, max-video-preview:-1\" \/>\n<link rel=\"canonical\" href=\"https:\/\/suomenkuvalehti.fi\/taivaan-tahden\/2016\/03\/27\/kellojen-siirtely-on-naurettavaa-pelleilya\/\" \/>\n<meta property=\"og:locale\" content=\"fi_FI\" \/>\n<meta property=\"og:type\" content=\"article\" \/>\n<meta property=\"og:title\" content=\"Kellojen siirtely on naurettavaa pelleily\u00e4 - Taivaan t\u00e4hden\" \/>\n<meta property=\"og:description\" content=\"Mit\u00e4s kello oikein on? T\u00e4t\u00e4 kysell\u00e4\u00e4n taas monessa taloudessa, kun kelloja piti k\u00e4\u00e4nt\u00e4\u00e4&nbsp;tunnilla eteenp\u00e4in. Kes\u00e4aikaan voi t\u00e4n\u00e4 vuonna totutella parin p\u00e4iv\u00e4n ajan, kun p\u00e4\u00e4si\u00e4inen sattuu samaan viikonloppuun kuin kellojen keinotekoinen siirtely. Se ei kuitenkaan tee t\u00e4t\u00e4 puuhastelua &hellip;\" \/>\n<meta property=\"og:url\" content=\"https:\/\/suomenkuvalehti.fi\/taivaan-tahden\/2016\/03\/27\/kellojen-siirtely-on-naurettavaa-pelleilya\/\" \/>\n<meta property=\"og:site_name\" content=\"Taivaan t\u00e4hden\" \/>\n<meta property=\"article:published_time\" content=\"2016-03-27T06:21:17+00:00\" \/>\n<meta property=\"og:image\" content=\"https:\/\/suomenkuvalehti.fi\/taivaan-tahden\/wp-content\/uploads\/sites\/36\/2016\/03\/eso1227c.jpg\" \/>\n\t<meta property=\"og:image:width\" content=\"1299\" \/>\n\t<meta property=\"og:image:height\" content=\"1302\" \/>\n\t<meta property=\"og:image:type\" content=\"image\/jpeg\" \/>\n<meta name=\"author\" content=\"Markus Hotakainen\" \/>\n<meta name=\"twitter:card\" content=\"summary_large_image\" \/>\n<meta name=\"twitter:label1\" content=\"Written by\" \/>\n\t<meta name=\"twitter:data1\" content=\"Markus Hotakainen\" \/>\n\t<meta name=\"twitter:label2\" content=\"Est. reading time\" \/>\n\t<meta name=\"twitter:data2\" content=\"3 minuuttia\" \/>\n<script type=\"application\/ld+json\" class=\"yoast-schema-graph\">{\"@context\":\"https:\/\/schema.org\",\"@graph\":[{\"@type\":\"WebPage\",\"@id\":\"https:\/\/suomenkuvalehti.fi\/taivaan-tahden\/2016\/03\/27\/kellojen-siirtely-on-naurettavaa-pelleilya\/\",\"url\":\"https:\/\/suomenkuvalehti.fi\/taivaan-tahden\/2016\/03\/27\/kellojen-siirtely-on-naurettavaa-pelleilya\/\",\"name\":\"Kellojen siirtely on naurettavaa pelleily\u00e4 - Taivaan t\u00e4hden\",\"isPartOf\":{\"@id\":\"https:\/\/suomenkuvalehti.fi\/taivaan-tahden\/#website\"},\"primaryImageOfPage\":{\"@id\":\"https:\/\/suomenkuvalehti.fi\/taivaan-tahden\/2016\/03\/27\/kellojen-siirtely-on-naurettavaa-pelleilya\/#primaryimage\"},\"image\":{\"@id\":\"https:\/\/suomenkuvalehti.fi\/taivaan-tahden\/2016\/03\/27\/kellojen-siirtely-on-naurettavaa-pelleilya\/#primaryimage\"},\"thumbnailUrl\":\"https:\/\/suomenkuvalehti.fi\/taivaan-tahden\/wp-content\/uploads\/sites\/36\/2016\/03\/eso1227c-1022x1024.jpg\",\"datePublished\":\"2016-03-27T06:21:17+00:00\",\"author\":{\"@id\":\"https:\/\/suomenkuvalehti.fi\/taivaan-tahden\/#\/schema\/person\/c9c1373acb19750e11084ef640abeae0\"},\"breadcrumb\":{\"@id\":\"https:\/\/suomenkuvalehti.fi\/taivaan-tahden\/2016\/03\/27\/kellojen-siirtely-on-naurettavaa-pelleilya\/#breadcrumb\"},\"inLanguage\":\"fi\",\"potentialAction\":[{\"@type\":\"ReadAction\",\"target\":[\"https:\/\/suomenkuvalehti.fi\/taivaan-tahden\/2016\/03\/27\/kellojen-siirtely-on-naurettavaa-pelleilya\/\"]}]},{\"@type\":\"ImageObject\",\"inLanguage\":\"fi\",\"@id\":\"https:\/\/suomenkuvalehti.fi\/taivaan-tahden\/2016\/03\/27\/kellojen-siirtely-on-naurettavaa-pelleilya\/#primaryimage\",\"url\":\"https:\/\/suomenkuvalehti.fi\/taivaan-tahden\/wp-content\/uploads\/sites\/36\/2016\/03\/eso1227c.jpg\",\"contentUrl\":\"https:\/\/suomenkuvalehti.fi\/taivaan-tahden\/wp-content\/uploads\/sites\/36\/2016\/03\/eso1227c.jpg\",\"width\":1299,\"height\":1302,\"caption\":\"This image of the sky around the star Tau Bo\u00f6tis was created from the Digitized Sky Survey 2 images. The star itself, which is bright enough to be seen with the unaided eye, is at the centre. The spikes and coloured circles around it are artifacts of the telescope and photographic plate used and are not real. The exoplanet Tau Bo\u00f6tis b orbits very close to the star and is completely invisible in this picture. The planet has only just been detected directly from its own light using ESO's VLT.\"},{\"@type\":\"BreadcrumbList\",\"@id\":\"https:\/\/suomenkuvalehti.fi\/taivaan-tahden\/2016\/03\/27\/kellojen-siirtely-on-naurettavaa-pelleilya\/#breadcrumb\",\"itemListElement\":[{\"@type\":\"ListItem\",\"position\":1,\"name\":\"Home\",\"item\":\"https:\/\/suomenkuvalehti.fi\/taivaan-tahden\/\"},{\"@type\":\"ListItem\",\"position\":2,\"name\":\"Kellojen siirtely on naurettavaa pelleily\u00e4\"}]},{\"@type\":\"WebSite\",\"@id\":\"https:\/\/suomenkuvalehti.fi\/taivaan-tahden\/#website\",\"url\":\"https:\/\/suomenkuvalehti.fi\/taivaan-tahden\/\",\"name\":\"Taivaan t\u00e4hden\",\"description\":\"Tiedetoimittaja Markus Hotakainen h\u00e4mm\u00e4stelee maailmankaikkeutta.\",\"potentialAction\":[{\"@type\":\"SearchAction\",\"target\":{\"@type\":\"EntryPoint\",\"urlTemplate\":\"https:\/\/suomenkuvalehti.fi\/haku\/?q={search_term_string}\"},\"query-input\":{\"@type\":\"PropertyValueSpecification\",\"valueRequired\":true,\"valueName\":\"search_term_string\"}}],\"inLanguage\":\"fi\"},{\"@type\":\"Person\",\"@id\":\"https:\/\/suomenkuvalehti.fi\/taivaan-tahden\/#\/schema\/person\/c9c1373acb19750e11084ef640abeae0\",\"name\":\"Markus Hotakainen\",\"image\":{\"@type\":\"ImageObject\",\"inLanguage\":\"fi\",\"@id\":\"https:\/\/suomenkuvalehti.fi\/taivaan-tahden\/#\/schema\/person\/image\/\",\"url\":\"https:\/\/suomenkuvalehti.fi\/taivaan-tahden\/wp-content\/uploads\/sites\/36\/2018\/05\/markus_hotakainen_blogi_pieni-150x150.jpg\",\"contentUrl\":\"https:\/\/suomenkuvalehti.fi\/taivaan-tahden\/wp-content\/uploads\/sites\/36\/2018\/05\/markus_hotakainen_blogi_pieni-150x150.jpg\",\"caption\":\"Markus Hotakainen\"},\"description\":\"Kirjoittaja on tiedetoimittaja ja tietokirjailija.\"}]}<\/script>\n<!-- \/ Yoast SEO plugin. -->","yoast_head_json":{"title":"Kellojen siirtely on naurettavaa pelleily\u00e4 - Taivaan t\u00e4hden","robots":{"index":"index","follow":"follow","max-snippet":"max-snippet:-1","max-image-preview":"max-image-preview:large","max-video-preview":"max-video-preview:-1"},"canonical":"https:\/\/suomenkuvalehti.fi\/taivaan-tahden\/2016\/03\/27\/kellojen-siirtely-on-naurettavaa-pelleilya\/","og_locale":"fi_FI","og_type":"article","og_title":"Kellojen siirtely on naurettavaa pelleily\u00e4 - Taivaan t\u00e4hden","og_description":"Mit\u00e4s kello oikein on? T\u00e4t\u00e4 kysell\u00e4\u00e4n taas monessa taloudessa, kun kelloja piti k\u00e4\u00e4nt\u00e4\u00e4&nbsp;tunnilla eteenp\u00e4in. Kes\u00e4aikaan voi t\u00e4n\u00e4 vuonna totutella parin p\u00e4iv\u00e4n ajan, kun p\u00e4\u00e4si\u00e4inen sattuu samaan viikonloppuun kuin kellojen keinotekoinen siirtely. Se ei kuitenkaan tee t\u00e4t\u00e4 puuhastelua &hellip;","og_url":"https:\/\/suomenkuvalehti.fi\/taivaan-tahden\/2016\/03\/27\/kellojen-siirtely-on-naurettavaa-pelleilya\/","og_site_name":"Taivaan t\u00e4hden","article_published_time":"2016-03-27T06:21:17+00:00","og_image":[{"width":1299,"height":1302,"url":"https:\/\/suomenkuvalehti.fi\/taivaan-tahden\/wp-content\/uploads\/sites\/36\/2016\/03\/eso1227c.jpg","type":"image\/jpeg"}],"author":"Markus Hotakainen","twitter_card":"summary_large_image","twitter_misc":{"Written by":"Markus Hotakainen","Est. reading time":"3 minuuttia"},"schema":{"@context":"https:\/\/schema.org","@graph":[{"@type":"WebPage","@id":"https:\/\/suomenkuvalehti.fi\/taivaan-tahden\/2016\/03\/27\/kellojen-siirtely-on-naurettavaa-pelleilya\/","url":"https:\/\/suomenkuvalehti.fi\/taivaan-tahden\/2016\/03\/27\/kellojen-siirtely-on-naurettavaa-pelleilya\/","name":"Kellojen siirtely on naurettavaa pelleily\u00e4 - Taivaan t\u00e4hden","isPartOf":{"@id":"https:\/\/suomenkuvalehti.fi\/taivaan-tahden\/#website"},"primaryImageOfPage":{"@id":"https:\/\/suomenkuvalehti.fi\/taivaan-tahden\/2016\/03\/27\/kellojen-siirtely-on-naurettavaa-pelleilya\/#primaryimage"},"image":{"@id":"https:\/\/suomenkuvalehti.fi\/taivaan-tahden\/2016\/03\/27\/kellojen-siirtely-on-naurettavaa-pelleilya\/#primaryimage"},"thumbnailUrl":"https:\/\/suomenkuvalehti.fi\/taivaan-tahden\/wp-content\/uploads\/sites\/36\/2016\/03\/eso1227c-1022x1024.jpg","datePublished":"2016-03-27T06:21:17+00:00","author":{"@id":"https:\/\/suomenkuvalehti.fi\/taivaan-tahden\/#\/schema\/person\/c9c1373acb19750e11084ef640abeae0"},"breadcrumb":{"@id":"https:\/\/suomenkuvalehti.fi\/taivaan-tahden\/2016\/03\/27\/kellojen-siirtely-on-naurettavaa-pelleilya\/#breadcrumb"},"inLanguage":"fi","potentialAction":[{"@type":"ReadAction","target":["https:\/\/suomenkuvalehti.fi\/taivaan-tahden\/2016\/03\/27\/kellojen-siirtely-on-naurettavaa-pelleilya\/"]}]},{"@type":"ImageObject","inLanguage":"fi","@id":"https:\/\/suomenkuvalehti.fi\/taivaan-tahden\/2016\/03\/27\/kellojen-siirtely-on-naurettavaa-pelleilya\/#primaryimage","url":"https:\/\/suomenkuvalehti.fi\/taivaan-tahden\/wp-content\/uploads\/sites\/36\/2016\/03\/eso1227c.jpg","contentUrl":"https:\/\/suomenkuvalehti.fi\/taivaan-tahden\/wp-content\/uploads\/sites\/36\/2016\/03\/eso1227c.jpg","width":1299,"height":1302,"caption":"This image of the sky around the star Tau Bo\u00f6tis was created from the Digitized Sky Survey 2 images. The star itself, which is bright enough to be seen with the unaided eye, is at the centre. The spikes and coloured circles around it are artifacts of the telescope and photographic plate used and are not real. The exoplanet Tau Bo\u00f6tis b orbits very close to the star and is completely invisible in this picture. The planet has only just been detected directly from its own light using ESO's VLT."},{"@type":"BreadcrumbList","@id":"https:\/\/suomenkuvalehti.fi\/taivaan-tahden\/2016\/03\/27\/kellojen-siirtely-on-naurettavaa-pelleilya\/#breadcrumb","itemListElement":[{"@type":"ListItem","position":1,"name":"Home","item":"https:\/\/suomenkuvalehti.fi\/taivaan-tahden\/"},{"@type":"ListItem","position":2,"name":"Kellojen siirtely on naurettavaa pelleily\u00e4"}]},{"@type":"WebSite","@id":"https:\/\/suomenkuvalehti.fi\/taivaan-tahden\/#website","url":"https:\/\/suomenkuvalehti.fi\/taivaan-tahden\/","name":"Taivaan t\u00e4hden","description":"Tiedetoimittaja Markus Hotakainen h\u00e4mm\u00e4stelee maailmankaikkeutta.","potentialAction":[{"@type":"SearchAction","target":{"@type":"EntryPoint","urlTemplate":"https:\/\/suomenkuvalehti.fi\/haku\/?q={search_term_string}"},"query-input":{"@type":"PropertyValueSpecification","valueRequired":true,"valueName":"search_term_string"}}],"inLanguage":"fi"},{"@type":"Person","@id":"https:\/\/suomenkuvalehti.fi\/taivaan-tahden\/#\/schema\/person\/c9c1373acb19750e11084ef640abeae0","name":"Markus Hotakainen","image":{"@type":"ImageObject","inLanguage":"fi","@id":"https:\/\/suomenkuvalehti.fi\/taivaan-tahden\/#\/schema\/person\/image\/","url":"https:\/\/suomenkuvalehti.fi\/taivaan-tahden\/wp-content\/uploads\/sites\/36\/2018\/05\/markus_hotakainen_blogi_pieni-150x150.jpg","contentUrl":"https:\/\/suomenkuvalehti.fi\/taivaan-tahden\/wp-content\/uploads\/sites\/36\/2018\/05\/markus_hotakainen_blogi_pieni-150x150.jpg","caption":"Markus Hotakainen"},"description":"Kirjoittaja on tiedetoimittaja ja tietokirjailija."}]}},"_links":{"self":[{"href":"https:\/\/suomenkuvalehti.fi\/taivaan-tahden\/wp-json\/wp\/v2\/posts\/481","targetHints":{"allow":["GET"]}}],"collection":[{"href":"https:\/\/suomenkuvalehti.fi\/taivaan-tahden\/wp-json\/wp\/v2\/posts"}],"about":[{"href":"https:\/\/suomenkuvalehti.fi\/taivaan-tahden\/wp-json\/wp\/v2\/types\/post"}],"author":[{"embeddable":true,"href":"https:\/\/suomenkuvalehti.fi\/taivaan-tahden\/wp-json\/wp\/v2\/users\/557"}],"replies":[{"embeddable":true,"href":"https:\/\/suomenkuvalehti.fi\/taivaan-tahden\/wp-json\/wp\/v2\/comments?post=481"}],"version-history":[{"count":2,"href":"https:\/\/suomenkuvalehti.fi\/taivaan-tahden\/wp-json\/wp\/v2\/posts\/481\/revisions"}],"predecessor-version":[{"id":484,"href":"https:\/\/suomenkuvalehti.fi\/taivaan-tahden\/wp-json\/wp\/v2\/posts\/481\/revisions\/484"}],"wp:attachment":[{"href":"https:\/\/suomenkuvalehti.fi\/taivaan-tahden\/wp-json\/wp\/v2\/media?parent=481"}],"wp:term":[{"taxonomy":"category","embeddable":true,"href":"https:\/\/suomenkuvalehti.fi\/taivaan-tahden\/wp-json\/wp\/v2\/categories?post=481"},{"taxonomy":"post_tag","embeddable":true,"href":"https:\/\/suomenkuvalehti.fi\/taivaan-tahden\/wp-json\/wp\/v2\/tags?post=481"}],"curies":[{"name":"wp","href":"https:\/\/api.w.org\/{rel}","templated":true}]}}