{"id":474,"date":"2016-03-18T09:00:14","date_gmt":"2016-03-18T07:00:14","guid":{"rendered":"https:\/\/suomenkuvalehti.fi\/taivaan-tahden\/?p=474"},"modified":"2016-03-18T06:47:43","modified_gmt":"2016-03-18T04:47:43","slug":"tiede-totuuden-torvi-tai-sitten-ei","status":"publish","type":"post","link":"https:\/\/suomenkuvalehti.fi\/taivaan-tahden\/2016\/03\/18\/tiede-totuuden-torvi-tai-sitten-ei\/","title":{"rendered":"Tiede, totuuden torvi &#8211; tai sitten ei"},"content":{"rendered":"<figure class=\"aligncenter size-large is-resized wp-block-image\">\n  <div class=\"wp-block-image__inner-container\">\n    <a href=\"https:\/\/suomenkuvalehti.fi\/taivaan-tahden\/wp-content\/uploads\/sites\/36\/2016\/03\/repo_SK.jpeg\" rel=\"attachment wp-att-475\"><img loading=\"lazy\" decoding=\"async\" src=\"https:\/\/suomenkuvalehti.fi\/taivaan-tahden\/wp-content\/uploads\/sites\/36\/2016\/03\/repo_SK-1024x682.jpeg\" alt=\"repo_SK\" class=\"wp-image-475\" width=\"1024\" height=\"682\" style=\"--aspect-ratio: 1.5\" srcset=\"https:\/\/suomenkuvalehti.fi\/taivaan-tahden\/wp-content\/uploads\/sites\/36\/2016\/03\/repo_SK-1024x682.jpeg 1024w, https:\/\/suomenkuvalehti.fi\/taivaan-tahden\/wp-content\/uploads\/sites\/36\/2016\/03\/repo_SK-300x200.jpeg 300w, https:\/\/suomenkuvalehti.fi\/taivaan-tahden\/wp-content\/uploads\/sites\/36\/2016\/03\/repo_SK-768x512.jpeg 768w, https:\/\/suomenkuvalehti.fi\/taivaan-tahden\/wp-content\/uploads\/sites\/36\/2016\/03\/repo_SK.jpeg 1181w\" sizes=\"auto, (max-width: 1024px) 100vw, 1024px\" \/><\/a>    <figcaption class=\"wp-block-image__figcaption\">\n      Voiko revontulista kuulua \u00e4\u00e4ni\u00e4? Kyll\u00e4 voi, mutta viel\u00e4 ei tiedet\u00e4, miten se on mahdollista. Kuva Markus Hotakainen          <\/figcaption>\n      <\/div>\n<\/figure>\n\n\n<p>\u201dTiede etsii lopullisia totuuksia.\u201d<\/p>\n\n\n\n<p>N\u00e4in moni tuntuu ajattelevan. Ja on totaalisen v\u00e4\u00e4r\u00e4ss\u00e4.<\/p>\n\n\n\n<p>Wikipediassa hakusanan \u201dTiede\u201d kohdalla todetaan, ett\u00e4 \u201dtieteen teht\u00e4v\u00e4n\u00e4 on selitt\u00e4\u00e4 ymp\u00e4r\u00f6iv\u00e4\u00e4 maailmaa ja sen ilmi\u00f6it\u00e4\u201d.<\/p>\n\n\n\n<p>Jos niinkin laaja-alaisen asian kuin tiede haluaa m\u00e4\u00e4ritell\u00e4 muutamalla sanalla, tuo on aika hyv\u00e4. Silti tieteen teht\u00e4v\u00e4t, tavoitteet ja toimintatavat ymm\u00e4rret\u00e4\u00e4n p\u00e4\u00e4s\u00e4\u00e4nt\u00f6isesti ihan pieleen.<\/p>\n\n\n\n<p>Yleisen\u00e4 k\u00e4sityksen\u00e4 n\u00e4ytt\u00e4\u00e4 olevan, ett\u00e4 tieteell\u00e4 olisi jokin piilossa pidetty agenda, jonka mukaan edet\u00e4\u00e4n. Ik\u00e4\u00e4n kuin olisi etuk\u00e4teen p\u00e4\u00e4tetty, ett\u00e4 t\u00e4m\u00e4 asia on n\u00e4in, tuo on noin, ja noista sanotaan t\u00e4ll\u00e4 tavalla.<\/p>\n\n\n\n<p>Ei se kuitenkaan mene niin. Tiede on kuin evoluutio: sill\u00e4 ei ole ennalta m\u00e4\u00e4r\u00e4tty\u00e4 p\u00e4\u00e4m\u00e4\u00e4r\u00e4\u00e4, ei totuutta, johon t\u00e4hd\u00e4t\u00e4\u00e4n.<\/p>\n\n\n\n<p>Noin sata (oikeasti 23) vuotta sitten aloittaessani Yleisradion Koulutelevisiossa tiedetoimittajana ensimm\u00e4isi\u00e4 ohjelma-aiheitani oli revontulet. Jututin kuvanauhalle ansioitunutta ja p\u00e4tev\u00e4\u00e4 tutkijaa, jonka nimen nyt j\u00e4t\u00e4n mainitsematta.<\/p>\n\n\n\n<p>Yksi kysymyksist\u00e4 koski \u00e4\u00e4ni\u00e4, joita kansanperinteen, perim\u00e4tiedon ja yleisten uskomusten perusteella revontulista kuuluu.<\/p>\n\n\n\n<p>\u201dVoiko revontulista kuulua \u00e4\u00e4ni\u00e4?\u201d<\/p>\n\n\n\n<p>\u201dEi voi.\u201d<\/p>\n\n\n\n<p>Vastaus oli selke\u00e4n yksiselitteinen eik\u00e4 j\u00e4tt\u00e4nyt tulkinnanvaraa. Revontulista ei voi kuulua \u00e4\u00e4ni\u00e4, koska ne esiintyv\u00e4t niin korkealla, ettei \u00e4\u00e4ni voi siell\u00e4 edes kulkea. Se oli tieteen \u201dtotuus\u201d 1990-luvun alkupuolella. Nykyisin \u201dtotuus\u201d on toisenlainen.<\/p>\n\n\n\n<p>Sadoilta ihmisilt\u00e4 on ker\u00e4tty&nbsp;havaintoja heid\u00e4n kuulemistaan \u00e4\u00e4nist\u00e4 ja Aalto-yliopiston tutkijat ovat&nbsp;saaneet jopa tallennettua paukahduksia ja s\u00e4hin\u00e4\u00e4 revontulien leimutessa taivaalla. Ilmi\u00f6 on siis sittenkin todellinen eik\u00e4 pelkk\u00e4\u00e4 muinaissuomalaista mytologiaa.<\/p>\n\n\n\n<p>Ilmi\u00f6n toteaminen todelliseksi ei viel\u00e4 paljasta sen syntymekanismia mutta se on t\u00e4rke\u00e4 askel tieteen edistymisen kannalta. Tai niin tiede nimenomaan etenee.<\/p>\n\n\n\n<p>Meit\u00e4 ymp\u00e4r\u00f6iv\u00e4ss\u00e4 luonnossa n\u00e4hd\u00e4\u00e4n, kuullaan, aistitaan jokin ilmi\u00f6. Siit\u00e4 kertyy havaintoja riitt\u00e4v\u00e4sti, jotta se voidaan todeta aidoksi. Ilmi\u00f6lle yritet\u00e4\u00e4n l\u00f6yt\u00e4\u00e4 selitys ja kun se &#8211; tai monasti useampikin &#8211; l\u00f6ytyy, selityksen avulla pyrit\u00e4\u00e4n tekem\u00e4\u00e4n ennusteita ilmi\u00f6n luonteesta, esiintymistiheydest\u00e4 ja olosuhteista, joissa se voi esiinty\u00e4.<\/p>\n\n\n\n<p>Sitten tehd\u00e4\u00e4n lis\u00e4\u00e4 havaintoja ja jos ne osuvat yksiin ennusteiden kanssa, teoria on v\u00e4hint\u00e4\u00e4nkin lupaava. Jos sen sijaan todellisuuden ja teorian v\u00e4lill\u00e4 ilmenee ristiriitaisuuksia, teoriaa korjataan tai sen tilalle kehitet\u00e4\u00e4n kokonaan uusi.<\/p>\n\n\n\n<p>Revontulista kuuluvien \u00e4\u00e4nien kohdalla ollaan nyt tilanteessa, jossa todelliseksi todetulle ilmi\u00f6lle ei ole viel\u00e4 selityst\u00e4. Toistaiseksi tutkijoilla ei ole k\u00e4sityst\u00e4, miten satojen kilometrien korkeudella esiintyv\u00e4 valoilmi\u00f6 voi aiheuttaa maanpinnalla kuultavia \u00e4\u00e4ni\u00e4.<\/p>\n\n\n\n<p>1990-luvun kategorisen kielteisest\u00e4 k\u00e4sityksest\u00e4 on kuitenkin p\u00e4\u00e4sty jo pitk\u00e4lle. Tieteen \u201dtotuus\u201d on todettu virheelliseksi, joten nyt etsit\u00e4\u00e4n uutta tai pikemminkin seuraavaa \u201dtotuutta\u201d.<\/p>\n\n\n","protected":false},"excerpt":{"rendered":"<p>\u201dTiede etsii lopullisia totuuksia.\u201d N\u00e4in moni tuntuu ajattelevan. Ja on totaalisen v\u00e4\u00e4r\u00e4ss\u00e4. Wikipediassa hakusanan \u201dTiede\u201d kohdalla todetaan, ett\u00e4 \u201dtieteen teht\u00e4v\u00e4n\u00e4 on selitt\u00e4\u00e4 ymp\u00e4r\u00f6iv\u00e4\u00e4 maailmaa ja sen ilmi\u00f6it\u00e4\u201d. Jos niinkin laaja-alaisen asian kuin<br \/>\ntiede haluaa m\u00e4\u00e4ritell\u00e4 muut&hellip;<\/p>\n","protected":false},"author":557,"featured_media":0,"comment_status":"open","ping_status":"open","sticky":false,"template":"","format":"standard","meta":{"_acf_changed":false,"asauth_required_access_level":3,"asauth_cansharepaid":"true","om_header_attributes":[],"footnotes":"","om_featured_image_focal_point":[],"om_primary_tag":0,"om_contributors":[],"om_co_authors":[],"beyondwords_generate_audio":"","beyondwords_project_id":"","beyondwords_content_id":"","beyondwords_preview_token":"","beyondwords_player_content":"","beyondwords_player_style":"","beyondwords_language_code":"","beyondwords_language_id":"","beyondwords_title_voice_id":"","beyondwords_body_voice_id":"","beyondwords_summary_voice_id":"","beyondwords_error_message":"","beyondwords_disabled":"","beyondwords_delete_content":"","beyondwords_podcast_id":"","beyondwords_hash":"","publish_post_to_speechkit":"","speechkit_hash":"","speechkit_generate_audio":"","speechkit_project_id":"","speechkit_podcast_id":"","speechkit_error_message":"","speechkit_disabled":"","speechkit_access_key":"","speechkit_error":"","speechkit_info":"","speechkit_response":"","speechkit_retries":"","speechkit_status":"","speechkit_updated_at":"","_speechkit_link":"","_speechkit_text":""},"categories":[1],"tags":[194,29,195,41],"class_list":["post-474","post","type-post","status-publish","format-standard","hentry","category-taivaan-tahden","tag-aani","tag-revontulet","tag-teoria","tag-tiede"],"om_views":null,"acf":{"tuuma_off":false,"tuuma_kysymys":"","tuuma_vastaus":""},"asauth":{"required_access_level":1,"share_token":"","is_paid":false},"yoast_head":"<!-- This site is optimized with the Yoast SEO plugin v26.4 - https:\/\/yoast.com\/wordpress\/plugins\/seo\/ -->\n<title>Tiede, totuuden torvi - tai sitten ei - Taivaan t\u00e4hden<\/title>\n<meta name=\"robots\" content=\"index, follow, max-snippet:-1, max-image-preview:large, max-video-preview:-1\" \/>\n<link rel=\"canonical\" href=\"https:\/\/suomenkuvalehti.fi\/taivaan-tahden\/2016\/03\/18\/tiede-totuuden-torvi-tai-sitten-ei\/\" \/>\n<meta property=\"og:locale\" content=\"fi_FI\" \/>\n<meta property=\"og:type\" content=\"article\" \/>\n<meta property=\"og:title\" content=\"Tiede, totuuden torvi - tai sitten ei - Taivaan t\u00e4hden\" \/>\n<meta property=\"og:description\" content=\"\u201dTiede etsii lopullisia totuuksia.\u201d N\u00e4in moni tuntuu ajattelevan. Ja on totaalisen v\u00e4\u00e4r\u00e4ss\u00e4. Wikipediassa hakusanan \u201dTiede\u201d kohdalla todetaan, ett\u00e4 \u201dtieteen teht\u00e4v\u00e4n\u00e4 on selitt\u00e4\u00e4 ymp\u00e4r\u00f6iv\u00e4\u00e4 maailmaa ja sen ilmi\u00f6it\u00e4\u201d. Jos niinkin laaja-alaisen asian kuin tiede haluaa m\u00e4\u00e4ritell\u00e4 muut&hellip;\" \/>\n<meta property=\"og:url\" content=\"https:\/\/suomenkuvalehti.fi\/taivaan-tahden\/2016\/03\/18\/tiede-totuuden-torvi-tai-sitten-ei\/\" \/>\n<meta property=\"og:site_name\" content=\"Taivaan t\u00e4hden\" \/>\n<meta property=\"article:published_time\" content=\"2016-03-18T07:00:14+00:00\" \/>\n<meta property=\"og:image\" content=\"https:\/\/suomenkuvalehti.fi\/taivaan-tahden\/wp-content\/uploads\/sites\/36\/2016\/03\/repo_SK.jpeg\" \/>\n\t<meta property=\"og:image:width\" content=\"1181\" \/>\n\t<meta property=\"og:image:height\" content=\"787\" \/>\n\t<meta property=\"og:image:type\" content=\"image\/jpeg\" \/>\n<meta name=\"author\" content=\"Markus Hotakainen\" \/>\n<meta name=\"twitter:card\" content=\"summary_large_image\" \/>\n<meta name=\"twitter:label1\" content=\"Written by\" \/>\n\t<meta name=\"twitter:data1\" content=\"Markus Hotakainen\" \/>\n\t<meta name=\"twitter:label2\" content=\"Est. reading time\" \/>\n\t<meta name=\"twitter:data2\" content=\"2 minuuttia\" \/>\n<script type=\"application\/ld+json\" class=\"yoast-schema-graph\">{\"@context\":\"https:\/\/schema.org\",\"@graph\":[{\"@type\":\"WebPage\",\"@id\":\"https:\/\/suomenkuvalehti.fi\/taivaan-tahden\/2016\/03\/18\/tiede-totuuden-torvi-tai-sitten-ei\/\",\"url\":\"https:\/\/suomenkuvalehti.fi\/taivaan-tahden\/2016\/03\/18\/tiede-totuuden-torvi-tai-sitten-ei\/\",\"name\":\"Tiede, totuuden torvi - tai sitten ei - Taivaan t\u00e4hden\",\"isPartOf\":{\"@id\":\"https:\/\/suomenkuvalehti.fi\/taivaan-tahden\/#website\"},\"primaryImageOfPage\":{\"@id\":\"https:\/\/suomenkuvalehti.fi\/taivaan-tahden\/2016\/03\/18\/tiede-totuuden-torvi-tai-sitten-ei\/#primaryimage\"},\"image\":{\"@id\":\"https:\/\/suomenkuvalehti.fi\/taivaan-tahden\/2016\/03\/18\/tiede-totuuden-torvi-tai-sitten-ei\/#primaryimage\"},\"thumbnailUrl\":\"https:\/\/suomenkuvalehti.fi\/taivaan-tahden\/wp-content\/uploads\/sites\/36\/2016\/03\/repo_SK-1024x682.jpeg\",\"datePublished\":\"2016-03-18T07:00:14+00:00\",\"author\":{\"@id\":\"https:\/\/suomenkuvalehti.fi\/taivaan-tahden\/#\/schema\/person\/c9c1373acb19750e11084ef640abeae0\"},\"breadcrumb\":{\"@id\":\"https:\/\/suomenkuvalehti.fi\/taivaan-tahden\/2016\/03\/18\/tiede-totuuden-torvi-tai-sitten-ei\/#breadcrumb\"},\"inLanguage\":\"fi\",\"potentialAction\":[{\"@type\":\"ReadAction\",\"target\":[\"https:\/\/suomenkuvalehti.fi\/taivaan-tahden\/2016\/03\/18\/tiede-totuuden-torvi-tai-sitten-ei\/\"]}]},{\"@type\":\"ImageObject\",\"inLanguage\":\"fi\",\"@id\":\"https:\/\/suomenkuvalehti.fi\/taivaan-tahden\/2016\/03\/18\/tiede-totuuden-torvi-tai-sitten-ei\/#primaryimage\",\"url\":\"https:\/\/suomenkuvalehti.fi\/taivaan-tahden\/wp-content\/uploads\/sites\/36\/2016\/03\/repo_SK.jpeg\",\"contentUrl\":\"https:\/\/suomenkuvalehti.fi\/taivaan-tahden\/wp-content\/uploads\/sites\/36\/2016\/03\/repo_SK.jpeg\",\"width\":1181,\"height\":787},{\"@type\":\"BreadcrumbList\",\"@id\":\"https:\/\/suomenkuvalehti.fi\/taivaan-tahden\/2016\/03\/18\/tiede-totuuden-torvi-tai-sitten-ei\/#breadcrumb\",\"itemListElement\":[{\"@type\":\"ListItem\",\"position\":1,\"name\":\"Home\",\"item\":\"https:\/\/suomenkuvalehti.fi\/taivaan-tahden\/\"},{\"@type\":\"ListItem\",\"position\":2,\"name\":\"Tiede, totuuden torvi &#8211; tai sitten ei\"}]},{\"@type\":\"WebSite\",\"@id\":\"https:\/\/suomenkuvalehti.fi\/taivaan-tahden\/#website\",\"url\":\"https:\/\/suomenkuvalehti.fi\/taivaan-tahden\/\",\"name\":\"Taivaan t\u00e4hden\",\"description\":\"Tiedetoimittaja Markus Hotakainen h\u00e4mm\u00e4stelee maailmankaikkeutta.\",\"potentialAction\":[{\"@type\":\"SearchAction\",\"target\":{\"@type\":\"EntryPoint\",\"urlTemplate\":\"https:\/\/suomenkuvalehti.fi\/haku\/?q={search_term_string}\"},\"query-input\":{\"@type\":\"PropertyValueSpecification\",\"valueRequired\":true,\"valueName\":\"search_term_string\"}}],\"inLanguage\":\"fi\"},{\"@type\":\"Person\",\"@id\":\"https:\/\/suomenkuvalehti.fi\/taivaan-tahden\/#\/schema\/person\/c9c1373acb19750e11084ef640abeae0\",\"name\":\"Markus Hotakainen\",\"image\":{\"@type\":\"ImageObject\",\"inLanguage\":\"fi\",\"@id\":\"https:\/\/suomenkuvalehti.fi\/taivaan-tahden\/#\/schema\/person\/image\/\",\"url\":\"https:\/\/suomenkuvalehti.fi\/taivaan-tahden\/wp-content\/uploads\/sites\/36\/2018\/05\/markus_hotakainen_blogi_pieni-150x150.jpg\",\"contentUrl\":\"https:\/\/suomenkuvalehti.fi\/taivaan-tahden\/wp-content\/uploads\/sites\/36\/2018\/05\/markus_hotakainen_blogi_pieni-150x150.jpg\",\"caption\":\"Markus Hotakainen\"},\"description\":\"Kirjoittaja on tiedetoimittaja ja tietokirjailija.\"}]}<\/script>\n<!-- \/ Yoast SEO plugin. -->","yoast_head_json":{"title":"Tiede, totuuden torvi - tai sitten ei - Taivaan t\u00e4hden","robots":{"index":"index","follow":"follow","max-snippet":"max-snippet:-1","max-image-preview":"max-image-preview:large","max-video-preview":"max-video-preview:-1"},"canonical":"https:\/\/suomenkuvalehti.fi\/taivaan-tahden\/2016\/03\/18\/tiede-totuuden-torvi-tai-sitten-ei\/","og_locale":"fi_FI","og_type":"article","og_title":"Tiede, totuuden torvi - tai sitten ei - Taivaan t\u00e4hden","og_description":"\u201dTiede etsii lopullisia totuuksia.\u201d N\u00e4in moni tuntuu ajattelevan. Ja on totaalisen v\u00e4\u00e4r\u00e4ss\u00e4. Wikipediassa hakusanan \u201dTiede\u201d kohdalla todetaan, ett\u00e4 \u201dtieteen teht\u00e4v\u00e4n\u00e4 on selitt\u00e4\u00e4 ymp\u00e4r\u00f6iv\u00e4\u00e4 maailmaa ja sen ilmi\u00f6it\u00e4\u201d. Jos niinkin laaja-alaisen asian kuin tiede haluaa m\u00e4\u00e4ritell\u00e4 muut&hellip;","og_url":"https:\/\/suomenkuvalehti.fi\/taivaan-tahden\/2016\/03\/18\/tiede-totuuden-torvi-tai-sitten-ei\/","og_site_name":"Taivaan t\u00e4hden","article_published_time":"2016-03-18T07:00:14+00:00","og_image":[{"width":1181,"height":787,"url":"https:\/\/suomenkuvalehti.fi\/taivaan-tahden\/wp-content\/uploads\/sites\/36\/2016\/03\/repo_SK.jpeg","type":"image\/jpeg"}],"author":"Markus Hotakainen","twitter_card":"summary_large_image","twitter_misc":{"Written by":"Markus Hotakainen","Est. reading time":"2 minuuttia"},"schema":{"@context":"https:\/\/schema.org","@graph":[{"@type":"WebPage","@id":"https:\/\/suomenkuvalehti.fi\/taivaan-tahden\/2016\/03\/18\/tiede-totuuden-torvi-tai-sitten-ei\/","url":"https:\/\/suomenkuvalehti.fi\/taivaan-tahden\/2016\/03\/18\/tiede-totuuden-torvi-tai-sitten-ei\/","name":"Tiede, totuuden torvi - tai sitten ei - Taivaan t\u00e4hden","isPartOf":{"@id":"https:\/\/suomenkuvalehti.fi\/taivaan-tahden\/#website"},"primaryImageOfPage":{"@id":"https:\/\/suomenkuvalehti.fi\/taivaan-tahden\/2016\/03\/18\/tiede-totuuden-torvi-tai-sitten-ei\/#primaryimage"},"image":{"@id":"https:\/\/suomenkuvalehti.fi\/taivaan-tahden\/2016\/03\/18\/tiede-totuuden-torvi-tai-sitten-ei\/#primaryimage"},"thumbnailUrl":"https:\/\/suomenkuvalehti.fi\/taivaan-tahden\/wp-content\/uploads\/sites\/36\/2016\/03\/repo_SK-1024x682.jpeg","datePublished":"2016-03-18T07:00:14+00:00","author":{"@id":"https:\/\/suomenkuvalehti.fi\/taivaan-tahden\/#\/schema\/person\/c9c1373acb19750e11084ef640abeae0"},"breadcrumb":{"@id":"https:\/\/suomenkuvalehti.fi\/taivaan-tahden\/2016\/03\/18\/tiede-totuuden-torvi-tai-sitten-ei\/#breadcrumb"},"inLanguage":"fi","potentialAction":[{"@type":"ReadAction","target":["https:\/\/suomenkuvalehti.fi\/taivaan-tahden\/2016\/03\/18\/tiede-totuuden-torvi-tai-sitten-ei\/"]}]},{"@type":"ImageObject","inLanguage":"fi","@id":"https:\/\/suomenkuvalehti.fi\/taivaan-tahden\/2016\/03\/18\/tiede-totuuden-torvi-tai-sitten-ei\/#primaryimage","url":"https:\/\/suomenkuvalehti.fi\/taivaan-tahden\/wp-content\/uploads\/sites\/36\/2016\/03\/repo_SK.jpeg","contentUrl":"https:\/\/suomenkuvalehti.fi\/taivaan-tahden\/wp-content\/uploads\/sites\/36\/2016\/03\/repo_SK.jpeg","width":1181,"height":787},{"@type":"BreadcrumbList","@id":"https:\/\/suomenkuvalehti.fi\/taivaan-tahden\/2016\/03\/18\/tiede-totuuden-torvi-tai-sitten-ei\/#breadcrumb","itemListElement":[{"@type":"ListItem","position":1,"name":"Home","item":"https:\/\/suomenkuvalehti.fi\/taivaan-tahden\/"},{"@type":"ListItem","position":2,"name":"Tiede, totuuden torvi &#8211; tai sitten ei"}]},{"@type":"WebSite","@id":"https:\/\/suomenkuvalehti.fi\/taivaan-tahden\/#website","url":"https:\/\/suomenkuvalehti.fi\/taivaan-tahden\/","name":"Taivaan t\u00e4hden","description":"Tiedetoimittaja Markus Hotakainen h\u00e4mm\u00e4stelee maailmankaikkeutta.","potentialAction":[{"@type":"SearchAction","target":{"@type":"EntryPoint","urlTemplate":"https:\/\/suomenkuvalehti.fi\/haku\/?q={search_term_string}"},"query-input":{"@type":"PropertyValueSpecification","valueRequired":true,"valueName":"search_term_string"}}],"inLanguage":"fi"},{"@type":"Person","@id":"https:\/\/suomenkuvalehti.fi\/taivaan-tahden\/#\/schema\/person\/c9c1373acb19750e11084ef640abeae0","name":"Markus Hotakainen","image":{"@type":"ImageObject","inLanguage":"fi","@id":"https:\/\/suomenkuvalehti.fi\/taivaan-tahden\/#\/schema\/person\/image\/","url":"https:\/\/suomenkuvalehti.fi\/taivaan-tahden\/wp-content\/uploads\/sites\/36\/2018\/05\/markus_hotakainen_blogi_pieni-150x150.jpg","contentUrl":"https:\/\/suomenkuvalehti.fi\/taivaan-tahden\/wp-content\/uploads\/sites\/36\/2018\/05\/markus_hotakainen_blogi_pieni-150x150.jpg","caption":"Markus Hotakainen"},"description":"Kirjoittaja on tiedetoimittaja ja tietokirjailija."}]}},"_links":{"self":[{"href":"https:\/\/suomenkuvalehti.fi\/taivaan-tahden\/wp-json\/wp\/v2\/posts\/474","targetHints":{"allow":["GET"]}}],"collection":[{"href":"https:\/\/suomenkuvalehti.fi\/taivaan-tahden\/wp-json\/wp\/v2\/posts"}],"about":[{"href":"https:\/\/suomenkuvalehti.fi\/taivaan-tahden\/wp-json\/wp\/v2\/types\/post"}],"author":[{"embeddable":true,"href":"https:\/\/suomenkuvalehti.fi\/taivaan-tahden\/wp-json\/wp\/v2\/users\/557"}],"replies":[{"embeddable":true,"href":"https:\/\/suomenkuvalehti.fi\/taivaan-tahden\/wp-json\/wp\/v2\/comments?post=474"}],"version-history":[{"count":4,"href":"https:\/\/suomenkuvalehti.fi\/taivaan-tahden\/wp-json\/wp\/v2\/posts\/474\/revisions"}],"predecessor-version":[{"id":479,"href":"https:\/\/suomenkuvalehti.fi\/taivaan-tahden\/wp-json\/wp\/v2\/posts\/474\/revisions\/479"}],"wp:attachment":[{"href":"https:\/\/suomenkuvalehti.fi\/taivaan-tahden\/wp-json\/wp\/v2\/media?parent=474"}],"wp:term":[{"taxonomy":"category","embeddable":true,"href":"https:\/\/suomenkuvalehti.fi\/taivaan-tahden\/wp-json\/wp\/v2\/categories?post=474"},{"taxonomy":"post_tag","embeddable":true,"href":"https:\/\/suomenkuvalehti.fi\/taivaan-tahden\/wp-json\/wp\/v2\/tags?post=474"}],"curies":[{"name":"wp","href":"https:\/\/api.w.org\/{rel}","templated":true}]}}