{"id":461,"date":"2016-03-11T16:30:30","date_gmt":"2016-03-11T14:30:30","guid":{"rendered":"https:\/\/suomenkuvalehti.fi\/taivaan-tahden\/?p=461"},"modified":"2016-03-10T21:15:57","modified_gmt":"2016-03-10T19:15:57","slug":"alkaa-herran-tahden-vastatko","status":"publish","type":"post","link":"https:\/\/suomenkuvalehti.fi\/taivaan-tahden\/2016\/03\/11\/alkaa-herran-tahden-vastatko\/","title":{"rendered":"\u201d\u00c4lk\u00e4\u00e4 herran t\u00e4hden vastatko!\u201d"},"content":{"rendered":"<figure class=\"aligncenter size-large is-resized wp-block-image\">\n  <div class=\"wp-block-image__inner-container\">\n    <a href=\"https:\/\/suomenkuvalehti.fi\/taivaan-tahden\/wp-content\/uploads\/sites\/36\/2016\/03\/alma-jfs-2010-101.jpg\" rel=\"attachment wp-att-462\"><img loading=\"lazy\" decoding=\"async\" src=\"https:\/\/suomenkuvalehti.fi\/taivaan-tahden\/wp-content\/uploads\/sites\/36\/2016\/03\/alma-jfs-2010-101-1024x682.jpg\" alt=\"Four of the first ALMA antennas at the Array Operations Site (AOS), located at 5000 metres altitude on the Chajnantor plateau, in the II Region of Chile. Three of them \u2014 those which are pointing in the same direction \u2014 are being tested together as part of the ongoing Commissioning and Science Verification process. Across the image in the background is the impressive plane of the Milky Way, our own galaxy, here seen looking toward the centre. The centre of our galaxy is visible as a yellowish bulge crossed by dark lanes. The dark lanes are huge clouds of interstellar dust that lie in the disc of the galaxy. While opaque in visible light, they are transparent at longer wavelengths, such as the millimetre and submillimetre radiation detected by ALMA. ALMA, the Atacama Large Millimeter\/submillimeter Array, is the largest astronomical project in existence and is a truly global partnership between the scientific communities of East Asia, Europe and North America with Chile. ESO is the European partner in ALMA.\" class=\"wp-image-462\" width=\"1024\" height=\"682\" style=\"--aspect-ratio: 1.5\" srcset=\"https:\/\/suomenkuvalehti.fi\/taivaan-tahden\/wp-content\/uploads\/sites\/36\/2016\/03\/alma-jfs-2010-101-1024x682.jpg 1024w, https:\/\/suomenkuvalehti.fi\/taivaan-tahden\/wp-content\/uploads\/sites\/36\/2016\/03\/alma-jfs-2010-101-300x200.jpg 300w, https:\/\/suomenkuvalehti.fi\/taivaan-tahden\/wp-content\/uploads\/sites\/36\/2016\/03\/alma-jfs-2010-101-768x511.jpg 768w, https:\/\/suomenkuvalehti.fi\/taivaan-tahden\/wp-content\/uploads\/sites\/36\/2016\/03\/alma-jfs-2010-101.jpg 1181w\" sizes=\"auto, (max-width: 1024px) 100vw, 1024px\" \/><\/a>    <figcaption class=\"wp-block-image__figcaption\">\n      Onko tuolla jossain joku? Ja onko se vaaraksi meille? Kuva: ESO\/Jose Francisco Salgado          <\/figcaption>\n      <\/div>\n<\/figure>\n\n\n<p>N\u00e4in tokaisi tsekkit\u00e4htitieteilij\u00e4 <b>Zden\u011bk Kopal<\/b>, kun h\u00e4nelt\u00e4 aikoinaan kys\u00e4istiin, mit\u00e4 pit\u00e4isi tehd\u00e4, jos \u201dkosminen puhelin\u201d soi.<\/p>\n\n\n\n<p>Ihmiskunta on yritt\u00e4nyt l\u00f6yt\u00e4\u00e4 el\u00e4m\u00e4\u00e4 ja \u00e4ly\u00e4 avaruudesta yli puolen vuosisadan ajan. Etsinn\u00e4lle soisi menestyst\u00e4, sill\u00e4 t\u00e4\u00e4ll\u00e4 maapallolla \u00e4ly tuntuu olevan yh\u00e4 pahemmin kortilla.<\/p>\n\n\n\n<p>Jos jossain muualla maailmankaikkeudessa todella on el\u00e4m\u00e4\u00e4 &#8211; ja sit\u00e4 \u00e4ly\u00e4 &#8211; mist\u00e4 tied\u00e4mme, ettei se yht\u00e4 lailla etsi meit\u00e4? Emme mist\u00e4\u00e4n, mutta tuntuisi loogiselta, ett\u00e4 tietoiset olennot pyrkiv\u00e4t l\u00f6yt\u00e4m\u00e4\u00e4n tietoisuutta my\u00f6s muualta.<\/p>\n\n\n\n<p>Tunnettu fyysikko <b>Stephen Hawking<\/b> on samoilla linjoilla Kopalin kanssa. H\u00e4nen mukaansa voisi olla vaarallista, jopa tuhoisaa ihmiskunnan kannalta, jos meid\u00e4t l\u00f6ydet\u00e4\u00e4n. Tai jos huhuiluihimme vastataan. Hawking on verrannut tilannetta siihen, kun Kristoffer Kolumbus \u201dl\u00f6ysi\u201d Amerikan: alkuper\u00e4iskansalle k\u00e4vi huonosti.<\/p>\n\n\n\n<p>Jos jossain tuolla todella on vieras sivilisaatio, se on hyvin mahdollisesti teknisesti paljon meit\u00e4 kehittyneempi. Mik\u00e4li se on riitt\u00e4v\u00e4n paljon kehittyneempi, sill\u00e4 voi olla jo tieto ja taito matkata t\u00e4htienv\u00e4lisess\u00e4 avaruudessa.<\/p>\n\n\n\n<p>Kopalin ja Hawkingin varoituksen sanat viittaavat siihen, ett\u00e4 l\u00f6ydetty\u00e4\u00e4n meid\u00e4t avaruuden alienit p\u00e4\u00e4tt\u00e4isiv\u00e4t pist\u00e4yty\u00e4 kyl\u00e4ss\u00e4. Eiv\u00e4tk\u00e4 heid\u00e4n aikeensa v\u00e4ltt\u00e4m\u00e4tt\u00e4 olisi ollenkaan rauhanomaiset.<\/p>\n\n\n\n<p>Aika alarmistista ajattelua. Jos vieras sivilisaatio olisi meit\u00e4 niin paljon edell\u00e4, ett\u00e4 se pystyisi matkaamaan t\u00e4hdelt\u00e4 toiselle, todenn\u00e4k\u00f6isesti kymmenien, ehk\u00e4 satojen, kenties jopa tuhansien valovuosien matkan, miksi se tulisi t\u00e4nne?<\/p>\n\n\n\n<p>Meill\u00e4 ja maapallolla tuskin olisi kovin paljon tarjottavaa supersivilisaatiolle, jolla on jo kaikkea.<\/p>\n\n\n\n<p>Ja jos meid\u00e4n k\u00e4sityksemme maailmankaikkeuden rakenteesta ja fysiikan perusteista pit\u00e4v\u00e4t alkuunkaan kutinsa, t\u00e4htienv\u00e4linen matkailu on niin vaivalloista ja aikaaviev\u00e4\u00e4, ettei t\u00e4nne kukaan tulisi pelk\u00e4st\u00e4\u00e4n kiusatakseen meit\u00e4.<\/p>\n\n\n\n<p>Sit\u00e4 paitsi sill\u00e4 ei ole v\u00e4li\u00e4, yrit\u00e4mmek\u00f6 saada yhteyden muihin olentoihin vai emme.<\/p>\n\n\n\n<p>Olemme kailottaneet olemassaoloamme jo sadan vuoden ajan radiol\u00e4hetysten muodossa. Tieto ihmiskunnasta matkaa avaruudessa joka suuntaan jo sadan valovuoden et\u00e4isyydell\u00e4. Ja pitk\u00e4lle kehittynyt sivilisaatio pystyisi muutenkin \u201dn\u00e4kem\u00e4\u00e4n\u201d, ett\u00e4 Maassa on el\u00e4m\u00e4\u00e4 ja my\u00f6s \u00e4ly\u00e4.<\/p>\n\n\n\n<p>Kun kysyin SETI-instituutin tutkijalta <b>Seth Shostakilta<\/b>, mit\u00e4 mielt\u00e4 h\u00e4n on Hawkingin maalailemista uhkakuvista, h\u00e4n totesi, ett\u00e4 jos haluamme piilotella muulta maailmankaikkeudelta, meid\u00e4n pit\u00e4isi sammuttaa valotkin.<\/p>\n\n\n\n<p>&nbsp;<\/p>\n\n\n","protected":false},"excerpt":{"rendered":"<p>N\u00e4in tokaisi tsekkit\u00e4htitieteilij\u00e4 Zden\u011bk Kopal, kun h\u00e4nelt\u00e4 aikoinaan kys\u00e4istiin, mit\u00e4 pit\u00e4isi tehd\u00e4, jos \u201dkosminen puhelin\u201d soi. Ihmiskunta on yritt\u00e4nyt l\u00f6yt\u00e4\u00e4 el\u00e4m\u00e4\u00e4 ja \u00e4ly\u00e4 avaruudesta yli puolen vuosisadan ajan. Etsinn\u00e4lle soisi menestyst\u00e4, sill\u00e4 t\u00e4\u00e4ll\u00e4 maapallolla<br \/>\n\u00e4ly tuntuu olevan yh\u00e4 pahemm&hellip;<\/p>\n","protected":false},"author":557,"featured_media":0,"comment_status":"open","ping_status":"open","sticky":false,"template":"","format":"standard","meta":{"_acf_changed":false,"asauth_required_access_level":3,"asauth_cansharepaid":"true","om_header_attributes":[],"footnotes":"","om_featured_image_focal_point":[],"om_primary_tag":0,"om_contributors":[],"om_co_authors":[],"beyondwords_generate_audio":"","beyondwords_project_id":"","beyondwords_content_id":"","beyondwords_preview_token":"","beyondwords_player_content":"","beyondwords_player_style":"","beyondwords_language_code":"","beyondwords_language_id":"","beyondwords_title_voice_id":"","beyondwords_body_voice_id":"","beyondwords_summary_voice_id":"","beyondwords_error_message":"","beyondwords_disabled":"","beyondwords_delete_content":"","beyondwords_podcast_id":"","beyondwords_hash":"","publish_post_to_speechkit":"","speechkit_hash":"","speechkit_generate_audio":"","speechkit_project_id":"","speechkit_podcast_id":"","speechkit_error_message":"","speechkit_disabled":"","speechkit_access_key":"","speechkit_error":"","speechkit_info":"","speechkit_response":"","speechkit_retries":"","speechkit_status":"","speechkit_updated_at":"","_speechkit_link":"","_speechkit_text":""},"categories":[1],"tags":[185,187,90,7,186],"class_list":["post-461","post","type-post","status-publish","format-standard","hentry","category-taivaan-tahden","tag-avaruuden-muukalaiset","tag-seth-shostak","tag-seti","tag-stephen-hawking","tag-zdenek-kopal"],"om_views":null,"acf":{"tuuma_off":false,"tuuma_kysymys":"","tuuma_vastaus":""},"asauth":{"required_access_level":1,"share_token":"","is_paid":false},"yoast_head":"<!-- This site is optimized with the Yoast SEO plugin v26.4 - https:\/\/yoast.com\/wordpress\/plugins\/seo\/ -->\n<title>\u201d\u00c4lk\u00e4\u00e4 herran t\u00e4hden vastatko!\u201d - Taivaan t\u00e4hden<\/title>\n<meta name=\"robots\" content=\"index, follow, max-snippet:-1, max-image-preview:large, max-video-preview:-1\" \/>\n<link rel=\"canonical\" href=\"https:\/\/suomenkuvalehti.fi\/taivaan-tahden\/2016\/03\/11\/alkaa-herran-tahden-vastatko\/\" \/>\n<meta property=\"og:locale\" content=\"fi_FI\" \/>\n<meta property=\"og:type\" content=\"article\" \/>\n<meta property=\"og:title\" content=\"\u201d\u00c4lk\u00e4\u00e4 herran t\u00e4hden vastatko!\u201d - Taivaan t\u00e4hden\" \/>\n<meta property=\"og:description\" content=\"N\u00e4in tokaisi tsekkit\u00e4htitieteilij\u00e4 Zden\u011bk Kopal, kun h\u00e4nelt\u00e4 aikoinaan kys\u00e4istiin, mit\u00e4 pit\u00e4isi tehd\u00e4, jos \u201dkosminen puhelin\u201d soi. Ihmiskunta on yritt\u00e4nyt l\u00f6yt\u00e4\u00e4 el\u00e4m\u00e4\u00e4 ja \u00e4ly\u00e4 avaruudesta yli puolen vuosisadan ajan. Etsinn\u00e4lle soisi menestyst\u00e4, sill\u00e4 t\u00e4\u00e4ll\u00e4 maapallolla \u00e4ly tuntuu olevan yh\u00e4 pahemm&hellip;\" \/>\n<meta property=\"og:url\" content=\"https:\/\/suomenkuvalehti.fi\/taivaan-tahden\/2016\/03\/11\/alkaa-herran-tahden-vastatko\/\" \/>\n<meta property=\"og:site_name\" content=\"Taivaan t\u00e4hden\" \/>\n<meta property=\"article:published_time\" content=\"2016-03-11T14:30:30+00:00\" \/>\n<meta property=\"og:image\" content=\"https:\/\/suomenkuvalehti.fi\/taivaan-tahden\/wp-content\/uploads\/sites\/36\/2016\/03\/alma-jfs-2010-101.jpg\" \/>\n\t<meta property=\"og:image:width\" content=\"1181\" \/>\n\t<meta property=\"og:image:height\" content=\"786\" \/>\n\t<meta property=\"og:image:type\" content=\"image\/jpeg\" \/>\n<meta name=\"author\" content=\"Markus Hotakainen\" \/>\n<meta name=\"twitter:card\" content=\"summary_large_image\" \/>\n<meta name=\"twitter:label1\" content=\"Written by\" \/>\n\t<meta name=\"twitter:data1\" content=\"Markus Hotakainen\" \/>\n\t<meta name=\"twitter:label2\" content=\"Est. reading time\" \/>\n\t<meta name=\"twitter:data2\" content=\"2 minuuttia\" \/>\n<script type=\"application\/ld+json\" class=\"yoast-schema-graph\">{\"@context\":\"https:\/\/schema.org\",\"@graph\":[{\"@type\":\"WebPage\",\"@id\":\"https:\/\/suomenkuvalehti.fi\/taivaan-tahden\/2016\/03\/11\/alkaa-herran-tahden-vastatko\/\",\"url\":\"https:\/\/suomenkuvalehti.fi\/taivaan-tahden\/2016\/03\/11\/alkaa-herran-tahden-vastatko\/\",\"name\":\"\u201d\u00c4lk\u00e4\u00e4 herran t\u00e4hden vastatko!\u201d - Taivaan t\u00e4hden\",\"isPartOf\":{\"@id\":\"https:\/\/suomenkuvalehti.fi\/taivaan-tahden\/#website\"},\"primaryImageOfPage\":{\"@id\":\"https:\/\/suomenkuvalehti.fi\/taivaan-tahden\/2016\/03\/11\/alkaa-herran-tahden-vastatko\/#primaryimage\"},\"image\":{\"@id\":\"https:\/\/suomenkuvalehti.fi\/taivaan-tahden\/2016\/03\/11\/alkaa-herran-tahden-vastatko\/#primaryimage\"},\"thumbnailUrl\":\"https:\/\/suomenkuvalehti.fi\/taivaan-tahden\/wp-content\/uploads\/sites\/36\/2016\/03\/alma-jfs-2010-101-1024x682.jpg\",\"datePublished\":\"2016-03-11T14:30:30+00:00\",\"author\":{\"@id\":\"https:\/\/suomenkuvalehti.fi\/taivaan-tahden\/#\/schema\/person\/c9c1373acb19750e11084ef640abeae0\"},\"breadcrumb\":{\"@id\":\"https:\/\/suomenkuvalehti.fi\/taivaan-tahden\/2016\/03\/11\/alkaa-herran-tahden-vastatko\/#breadcrumb\"},\"inLanguage\":\"fi\",\"potentialAction\":[{\"@type\":\"ReadAction\",\"target\":[\"https:\/\/suomenkuvalehti.fi\/taivaan-tahden\/2016\/03\/11\/alkaa-herran-tahden-vastatko\/\"]}]},{\"@type\":\"ImageObject\",\"inLanguage\":\"fi\",\"@id\":\"https:\/\/suomenkuvalehti.fi\/taivaan-tahden\/2016\/03\/11\/alkaa-herran-tahden-vastatko\/#primaryimage\",\"url\":\"https:\/\/suomenkuvalehti.fi\/taivaan-tahden\/wp-content\/uploads\/sites\/36\/2016\/03\/alma-jfs-2010-101.jpg\",\"contentUrl\":\"https:\/\/suomenkuvalehti.fi\/taivaan-tahden\/wp-content\/uploads\/sites\/36\/2016\/03\/alma-jfs-2010-101.jpg\",\"width\":1181,\"height\":786,\"caption\":\"Four of the first ALMA antennas at the Array Operations Site (AOS), located at 5000 metres altitude on the Chajnantor plateau, in the II Region of Chile. Three of them \u2014 those which are pointing in the same direction \u2014 are being tested together as part of the ongoing Commissioning and Science Verification process. Across the image in the background is the impressive plane of the Milky Way, our own galaxy, here seen looking toward the centre. The centre of our galaxy is visible as a yellowish bulge crossed by dark lanes. The dark lanes are huge clouds of interstellar dust that lie in the disc of the galaxy. While opaque in visible light, they are transparent at longer wavelengths, such as the millimetre and submillimetre radiation detected by ALMA. ALMA, the Atacama Large Millimeter\/submillimeter Array, is the largest astronomical project in existence and is a truly global partnership between the scientific communities of East Asia, Europe and North America with Chile. ESO is the European partner in ALMA.\"},{\"@type\":\"BreadcrumbList\",\"@id\":\"https:\/\/suomenkuvalehti.fi\/taivaan-tahden\/2016\/03\/11\/alkaa-herran-tahden-vastatko\/#breadcrumb\",\"itemListElement\":[{\"@type\":\"ListItem\",\"position\":1,\"name\":\"Home\",\"item\":\"https:\/\/suomenkuvalehti.fi\/taivaan-tahden\/\"},{\"@type\":\"ListItem\",\"position\":2,\"name\":\"\u201d\u00c4lk\u00e4\u00e4 herran t\u00e4hden vastatko!\u201d\"}]},{\"@type\":\"WebSite\",\"@id\":\"https:\/\/suomenkuvalehti.fi\/taivaan-tahden\/#website\",\"url\":\"https:\/\/suomenkuvalehti.fi\/taivaan-tahden\/\",\"name\":\"Taivaan t\u00e4hden\",\"description\":\"Tiedetoimittaja Markus Hotakainen h\u00e4mm\u00e4stelee maailmankaikkeutta.\",\"potentialAction\":[{\"@type\":\"SearchAction\",\"target\":{\"@type\":\"EntryPoint\",\"urlTemplate\":\"https:\/\/suomenkuvalehti.fi\/haku\/?q={search_term_string}\"},\"query-input\":{\"@type\":\"PropertyValueSpecification\",\"valueRequired\":true,\"valueName\":\"search_term_string\"}}],\"inLanguage\":\"fi\"},{\"@type\":\"Person\",\"@id\":\"https:\/\/suomenkuvalehti.fi\/taivaan-tahden\/#\/schema\/person\/c9c1373acb19750e11084ef640abeae0\",\"name\":\"Markus Hotakainen\",\"image\":{\"@type\":\"ImageObject\",\"inLanguage\":\"fi\",\"@id\":\"https:\/\/suomenkuvalehti.fi\/taivaan-tahden\/#\/schema\/person\/image\/\",\"url\":\"https:\/\/suomenkuvalehti.fi\/taivaan-tahden\/wp-content\/uploads\/sites\/36\/2018\/05\/markus_hotakainen_blogi_pieni-150x150.jpg\",\"contentUrl\":\"https:\/\/suomenkuvalehti.fi\/taivaan-tahden\/wp-content\/uploads\/sites\/36\/2018\/05\/markus_hotakainen_blogi_pieni-150x150.jpg\",\"caption\":\"Markus Hotakainen\"},\"description\":\"Kirjoittaja on tiedetoimittaja ja tietokirjailija.\"}]}<\/script>\n<!-- \/ Yoast SEO plugin. -->","yoast_head_json":{"title":"\u201d\u00c4lk\u00e4\u00e4 herran t\u00e4hden vastatko!\u201d - Taivaan t\u00e4hden","robots":{"index":"index","follow":"follow","max-snippet":"max-snippet:-1","max-image-preview":"max-image-preview:large","max-video-preview":"max-video-preview:-1"},"canonical":"https:\/\/suomenkuvalehti.fi\/taivaan-tahden\/2016\/03\/11\/alkaa-herran-tahden-vastatko\/","og_locale":"fi_FI","og_type":"article","og_title":"\u201d\u00c4lk\u00e4\u00e4 herran t\u00e4hden vastatko!\u201d - Taivaan t\u00e4hden","og_description":"N\u00e4in tokaisi tsekkit\u00e4htitieteilij\u00e4 Zden\u011bk Kopal, kun h\u00e4nelt\u00e4 aikoinaan kys\u00e4istiin, mit\u00e4 pit\u00e4isi tehd\u00e4, jos \u201dkosminen puhelin\u201d soi. Ihmiskunta on yritt\u00e4nyt l\u00f6yt\u00e4\u00e4 el\u00e4m\u00e4\u00e4 ja \u00e4ly\u00e4 avaruudesta yli puolen vuosisadan ajan. Etsinn\u00e4lle soisi menestyst\u00e4, sill\u00e4 t\u00e4\u00e4ll\u00e4 maapallolla \u00e4ly tuntuu olevan yh\u00e4 pahemm&hellip;","og_url":"https:\/\/suomenkuvalehti.fi\/taivaan-tahden\/2016\/03\/11\/alkaa-herran-tahden-vastatko\/","og_site_name":"Taivaan t\u00e4hden","article_published_time":"2016-03-11T14:30:30+00:00","og_image":[{"width":1181,"height":786,"url":"https:\/\/suomenkuvalehti.fi\/taivaan-tahden\/wp-content\/uploads\/sites\/36\/2016\/03\/alma-jfs-2010-101.jpg","type":"image\/jpeg"}],"author":"Markus Hotakainen","twitter_card":"summary_large_image","twitter_misc":{"Written by":"Markus Hotakainen","Est. reading time":"2 minuuttia"},"schema":{"@context":"https:\/\/schema.org","@graph":[{"@type":"WebPage","@id":"https:\/\/suomenkuvalehti.fi\/taivaan-tahden\/2016\/03\/11\/alkaa-herran-tahden-vastatko\/","url":"https:\/\/suomenkuvalehti.fi\/taivaan-tahden\/2016\/03\/11\/alkaa-herran-tahden-vastatko\/","name":"\u201d\u00c4lk\u00e4\u00e4 herran t\u00e4hden vastatko!\u201d - Taivaan t\u00e4hden","isPartOf":{"@id":"https:\/\/suomenkuvalehti.fi\/taivaan-tahden\/#website"},"primaryImageOfPage":{"@id":"https:\/\/suomenkuvalehti.fi\/taivaan-tahden\/2016\/03\/11\/alkaa-herran-tahden-vastatko\/#primaryimage"},"image":{"@id":"https:\/\/suomenkuvalehti.fi\/taivaan-tahden\/2016\/03\/11\/alkaa-herran-tahden-vastatko\/#primaryimage"},"thumbnailUrl":"https:\/\/suomenkuvalehti.fi\/taivaan-tahden\/wp-content\/uploads\/sites\/36\/2016\/03\/alma-jfs-2010-101-1024x682.jpg","datePublished":"2016-03-11T14:30:30+00:00","author":{"@id":"https:\/\/suomenkuvalehti.fi\/taivaan-tahden\/#\/schema\/person\/c9c1373acb19750e11084ef640abeae0"},"breadcrumb":{"@id":"https:\/\/suomenkuvalehti.fi\/taivaan-tahden\/2016\/03\/11\/alkaa-herran-tahden-vastatko\/#breadcrumb"},"inLanguage":"fi","potentialAction":[{"@type":"ReadAction","target":["https:\/\/suomenkuvalehti.fi\/taivaan-tahden\/2016\/03\/11\/alkaa-herran-tahden-vastatko\/"]}]},{"@type":"ImageObject","inLanguage":"fi","@id":"https:\/\/suomenkuvalehti.fi\/taivaan-tahden\/2016\/03\/11\/alkaa-herran-tahden-vastatko\/#primaryimage","url":"https:\/\/suomenkuvalehti.fi\/taivaan-tahden\/wp-content\/uploads\/sites\/36\/2016\/03\/alma-jfs-2010-101.jpg","contentUrl":"https:\/\/suomenkuvalehti.fi\/taivaan-tahden\/wp-content\/uploads\/sites\/36\/2016\/03\/alma-jfs-2010-101.jpg","width":1181,"height":786,"caption":"Four of the first ALMA antennas at the Array Operations Site (AOS), located at 5000 metres altitude on the Chajnantor plateau, in the II Region of Chile. Three of them \u2014 those which are pointing in the same direction \u2014 are being tested together as part of the ongoing Commissioning and Science Verification process. Across the image in the background is the impressive plane of the Milky Way, our own galaxy, here seen looking toward the centre. The centre of our galaxy is visible as a yellowish bulge crossed by dark lanes. The dark lanes are huge clouds of interstellar dust that lie in the disc of the galaxy. While opaque in visible light, they are transparent at longer wavelengths, such as the millimetre and submillimetre radiation detected by ALMA. ALMA, the Atacama Large Millimeter\/submillimeter Array, is the largest astronomical project in existence and is a truly global partnership between the scientific communities of East Asia, Europe and North America with Chile. ESO is the European partner in ALMA."},{"@type":"BreadcrumbList","@id":"https:\/\/suomenkuvalehti.fi\/taivaan-tahden\/2016\/03\/11\/alkaa-herran-tahden-vastatko\/#breadcrumb","itemListElement":[{"@type":"ListItem","position":1,"name":"Home","item":"https:\/\/suomenkuvalehti.fi\/taivaan-tahden\/"},{"@type":"ListItem","position":2,"name":"\u201d\u00c4lk\u00e4\u00e4 herran t\u00e4hden vastatko!\u201d"}]},{"@type":"WebSite","@id":"https:\/\/suomenkuvalehti.fi\/taivaan-tahden\/#website","url":"https:\/\/suomenkuvalehti.fi\/taivaan-tahden\/","name":"Taivaan t\u00e4hden","description":"Tiedetoimittaja Markus Hotakainen h\u00e4mm\u00e4stelee maailmankaikkeutta.","potentialAction":[{"@type":"SearchAction","target":{"@type":"EntryPoint","urlTemplate":"https:\/\/suomenkuvalehti.fi\/haku\/?q={search_term_string}"},"query-input":{"@type":"PropertyValueSpecification","valueRequired":true,"valueName":"search_term_string"}}],"inLanguage":"fi"},{"@type":"Person","@id":"https:\/\/suomenkuvalehti.fi\/taivaan-tahden\/#\/schema\/person\/c9c1373acb19750e11084ef640abeae0","name":"Markus Hotakainen","image":{"@type":"ImageObject","inLanguage":"fi","@id":"https:\/\/suomenkuvalehti.fi\/taivaan-tahden\/#\/schema\/person\/image\/","url":"https:\/\/suomenkuvalehti.fi\/taivaan-tahden\/wp-content\/uploads\/sites\/36\/2018\/05\/markus_hotakainen_blogi_pieni-150x150.jpg","contentUrl":"https:\/\/suomenkuvalehti.fi\/taivaan-tahden\/wp-content\/uploads\/sites\/36\/2018\/05\/markus_hotakainen_blogi_pieni-150x150.jpg","caption":"Markus Hotakainen"},"description":"Kirjoittaja on tiedetoimittaja ja tietokirjailija."}]}},"_links":{"self":[{"href":"https:\/\/suomenkuvalehti.fi\/taivaan-tahden\/wp-json\/wp\/v2\/posts\/461","targetHints":{"allow":["GET"]}}],"collection":[{"href":"https:\/\/suomenkuvalehti.fi\/taivaan-tahden\/wp-json\/wp\/v2\/posts"}],"about":[{"href":"https:\/\/suomenkuvalehti.fi\/taivaan-tahden\/wp-json\/wp\/v2\/types\/post"}],"author":[{"embeddable":true,"href":"https:\/\/suomenkuvalehti.fi\/taivaan-tahden\/wp-json\/wp\/v2\/users\/557"}],"replies":[{"embeddable":true,"href":"https:\/\/suomenkuvalehti.fi\/taivaan-tahden\/wp-json\/wp\/v2\/comments?post=461"}],"version-history":[{"count":4,"href":"https:\/\/suomenkuvalehti.fi\/taivaan-tahden\/wp-json\/wp\/v2\/posts\/461\/revisions"}],"predecessor-version":[{"id":468,"href":"https:\/\/suomenkuvalehti.fi\/taivaan-tahden\/wp-json\/wp\/v2\/posts\/461\/revisions\/468"}],"wp:attachment":[{"href":"https:\/\/suomenkuvalehti.fi\/taivaan-tahden\/wp-json\/wp\/v2\/media?parent=461"}],"wp:term":[{"taxonomy":"category","embeddable":true,"href":"https:\/\/suomenkuvalehti.fi\/taivaan-tahden\/wp-json\/wp\/v2\/categories?post=461"},{"taxonomy":"post_tag","embeddable":true,"href":"https:\/\/suomenkuvalehti.fi\/taivaan-tahden\/wp-json\/wp\/v2\/tags?post=461"}],"curies":[{"name":"wp","href":"https:\/\/api.w.org\/{rel}","templated":true}]}}