{"id":458,"date":"2016-03-08T18:42:53","date_gmt":"2016-03-08T16:42:53","guid":{"rendered":"https:\/\/suomenkuvalehti.fi\/taivaan-tahden\/?p=458"},"modified":"2016-03-08T18:46:38","modified_gmt":"2016-03-08T16:46:38","slug":"raketteja-vai-raketteja","status":"publish","type":"post","link":"https:\/\/suomenkuvalehti.fi\/taivaan-tahden\/2016\/03\/08\/raketteja-vai-raketteja\/","title":{"rendered":"Raketteja vai raketteja?"},"content":{"rendered":"<figure class=\"aligncenter size-full wp-block-image\">\n  <div class=\"wp-block-image__inner-container\">\n    <a href=\"https:\/\/suomenkuvalehti.fi\/taivaan-tahden\/wp-content\/uploads\/sites\/36\/2016\/03\/curiosity-selfie-anniversary-mars.jpg\" rel=\"attachment wp-att-459\"><img loading=\"lazy\" decoding=\"async\" src=\"https:\/\/suomenkuvalehti.fi\/taivaan-tahden\/wp-content\/uploads\/sites\/36\/2016\/03\/curiosity-selfie-anniversary-mars.jpg\" alt=\"NASA\/\" class=\"wp-image-459\" width=\"1181\" height=\"1361\" style=\"--aspect-ratio: 0.87\" srcset=\"https:\/\/suomenkuvalehti.fi\/taivaan-tahden\/wp-content\/uploads\/sites\/36\/2016\/03\/curiosity-selfie-anniversary-mars.jpg 1181w, https:\/\/suomenkuvalehti.fi\/taivaan-tahden\/wp-content\/uploads\/sites\/36\/2016\/03\/curiosity-selfie-anniversary-mars-260x300.jpg 260w, https:\/\/suomenkuvalehti.fi\/taivaan-tahden\/wp-content\/uploads\/sites\/36\/2016\/03\/curiosity-selfie-anniversary-mars-768x885.jpg 768w, https:\/\/suomenkuvalehti.fi\/taivaan-tahden\/wp-content\/uploads\/sites\/36\/2016\/03\/curiosity-selfie-anniversary-mars-889x1024.jpg 889w, https:\/\/suomenkuvalehti.fi\/taivaan-tahden\/wp-content\/uploads\/sites\/36\/2016\/03\/curiosity-selfie-anniversary-mars-300x346.jpg 300w\" sizes=\"auto, (max-width: 1181px) 100vw, 1181px\" \/><\/a>    <figcaption class=\"wp-block-image__figcaption\">\n      Curiosity-kulkija on vaeltanut Marsin pinnalla elokuusta 2012 l\u00e4htien. Kuva: NASA          <\/figcaption>\n      <\/div>\n<\/figure>\n\n\n<p>Avaruustutkimus on kallista, sit\u00e4 tuskin kiist\u00e4\u00e4 kukaan.<\/p>\n\n\n\n<p>Yhdysvaltain Apollo-ohjelma, jonka tavoitteena oli p\u00e4ihitt\u00e4\u00e4 Neuvostoliitto kuukilvassa, maksoi nykyrahassa 100-150 miljardia dollaria riippuen siit\u00e4, mit\u00e4 kaikkea lasketaan mukaan. Alukset itsess\u00e4\u00e4n olivat kertak\u00e4ytt\u00f6isi\u00e4, avaruuskeskusten rakenteita voitiin k\u00e4ytt\u00e4\u00e4 my\u00f6hemminkin.<\/p>\n\n\n\n<p>Yksi ainoa Saturn V -kantoraketti laukaisuineen maksoi silloisissa taaloissa noin 375 miljoonaa, kun esimerkiksi Yhdysvaltain kansallisen tiedes\u00e4\u00e4ti\u00f6n (National Science Foundation) vuotuinen budjetti oli 440 miljoonaa.<\/p>\n\n\n\n<p>Kallistahan se oli. Tosin Apollo on huono vertailukohta, koska piikki oli niin sanotusti auki: kisa piti voittaa hinnalla mill\u00e4 hyv\u00e4ns\u00e4, ja suunnilleen sen verran lysti tuli maksamaan.<\/p>\n\n\n\n<p>Jos otetaan tuoreemmaksi esimerkiksi Curiosity-kulkija, joka matkasi kohti Marsia valtaosan vuodesta 2012, sen kokonaiskustannukset kohosivat laukaisuineen noin 2,5 miljardiin dollariin.<\/p>\n\n\n\n<p>Sekin on iso raha, etenkin yhdest\u00e4 ainokaisesta toisen planeetan pinnalla m\u00f6nkiv\u00e4st\u00e4 tutkimuslaitteesta. Curiosityn v\u00e4litt\u00e4mist\u00e4 tiedoista on hy\u00f6ty\u00e4 vain tiet\u00e4myksen lis\u00e4\u00e4ntymisen kannalta.<\/p>\n\n\n\n<p>Tosin sanan \u201dvain\u201d voisi laittaa lainausmerkkeihin, sill\u00e4&nbsp;kulkijan tarkoituksena on nimenomaan lis\u00e4t\u00e4 tiet\u00e4myst\u00e4mme naapuriplaneetasta. Sit\u00e4 sanotaan perustutkimukseksi.<\/p>\n\n\n\n<p>Mutta jos unohdetaan hy\u00f6tyn\u00e4k\u00f6kohdat ja puhutaan pelk\u00e4st\u00e4\u00e4n rahasta, niin kalleus on aina suhteellista: riippuu mihin menneit\u00e4 markkoja verrataan.<\/p>\n\n\n\n<p>Pysyt\u00e4\u00e4n vuodessa 2012 ja otetaan Curiosity-kulkijan vertailukohdaksi Yhdysvaltain Irakin ja Afganistanin operaatiot. Ep\u00e4suhtainen pari, mutta jos monet pit\u00e4v\u00e4t avaruustutkimusta turhana, niin todenn\u00e4k\u00f6isesti viel\u00e4 useampi pit\u00e4\u00e4 sotimista viel\u00e4 turhempana.<\/p>\n\n\n\n<p>Vuonna 2012 Yhdysvallat k\u00e4ytti Irakin operaatioon noin 10 miljardia dollaria ja Afganistaniin yli 110 miljardia dollaria.<\/p>\n\n\n\n<p>Jos ne lasketaan yhteen, saadaan noin 120 miljardia dollaria. Mit\u00e4 se tarkoittaa Curiosityyn verrattuna?<\/p>\n\n\n\n<p>Mik\u00e4li&nbsp;samanlaisia kulkijoita alettaisiin laukaista avaruuteen tammikuun 1. p\u00e4iv\u00e4n\u00e4, Irakin ja Afganistanin operaatioihin vuonna 2012 k\u00e4ytetyll\u00e4 rahasummalla voitaisiin l\u00e4hett\u00e4\u00e4 luotain kohti Marsia joka p\u00e4iv\u00e4 helmikuun 17. p\u00e4iv\u00e4\u00e4n saakka.<\/p>\n\n\n\n<p>Eli toisin laskettuna luotain viikossa melkein vuoden ajan. Tai jos otetaan viel\u00e4 realistisempi l\u00e4hestymistapa ja l\u00e4hetet\u00e4\u00e4n Mars-luotain parin vuoden v\u00e4lein, mik\u00e4 on viime aikoina ollut tahti, hommaa voitaisiin jatkaa melkein sadan vuoden ajan.<\/p>\n\n\n","protected":false},"excerpt":{"rendered":"<p>Avaruustutkimus on kallista, sit\u00e4 tuskin kiist\u00e4\u00e4 kukaan. Yhdysvaltain Apollo-ohjelma, jonka tavoitteena oli p\u00e4ihitt\u00e4\u00e4 Neuvostoliitto kuukilvassa, maksoi nykyrahassa 100-150 miljardia dollaria riippuen siit\u00e4, mit\u00e4 kaikkea lasketaan mukaan. Alukset itsess\u00e4\u00e4n olivat kertak\u00e4ytt\u00f6isi\u00e4,<br \/>\navaruuskesku&hellip;<\/p>\n","protected":false},"author":557,"featured_media":0,"comment_status":"open","ping_status":"open","sticky":false,"template":"","format":"standard","meta":{"_acf_changed":false,"asauth_required_access_level":3,"asauth_cansharepaid":"true","om_header_attributes":[],"footnotes":"","om_featured_image_focal_point":[],"om_primary_tag":0,"om_contributors":[],"om_co_authors":[],"beyondwords_generate_audio":"","beyondwords_project_id":"","beyondwords_content_id":"","beyondwords_preview_token":"","beyondwords_player_content":"","beyondwords_player_style":"","beyondwords_language_code":"","beyondwords_language_id":"","beyondwords_title_voice_id":"","beyondwords_body_voice_id":"","beyondwords_summary_voice_id":"","beyondwords_error_message":"","beyondwords_disabled":"","beyondwords_delete_content":"","beyondwords_podcast_id":"","beyondwords_hash":"","publish_post_to_speechkit":"","speechkit_hash":"","speechkit_generate_audio":"","speechkit_project_id":"","speechkit_podcast_id":"","speechkit_error_message":"","speechkit_disabled":"","speechkit_access_key":"","speechkit_error":"","speechkit_info":"","speechkit_response":"","speechkit_retries":"","speechkit_status":"","speechkit_updated_at":"","_speechkit_link":"","_speechkit_text":""},"categories":[1],"tags":[184,33,182,183,5,32],"class_list":["post-458","post","type-post","status-publish","format-standard","hentry","category-taivaan-tahden","tag-afganistan","tag-apollo","tag-curiosity","tag-irak","tag-kuu","tag-mars"],"om_views":null,"acf":{"tuuma_off":false,"tuuma_kysymys":"","tuuma_vastaus":""},"asauth":{"required_access_level":1,"share_token":"","is_paid":false},"yoast_head":"<!-- This site is optimized with the Yoast SEO plugin v26.4 - https:\/\/yoast.com\/wordpress\/plugins\/seo\/ -->\n<title>Raketteja vai raketteja? - Taivaan t\u00e4hden<\/title>\n<meta name=\"robots\" content=\"index, follow, max-snippet:-1, max-image-preview:large, max-video-preview:-1\" \/>\n<link rel=\"canonical\" href=\"https:\/\/suomenkuvalehti.fi\/taivaan-tahden\/2016\/03\/08\/raketteja-vai-raketteja\/\" \/>\n<meta property=\"og:locale\" content=\"fi_FI\" \/>\n<meta property=\"og:type\" content=\"article\" \/>\n<meta property=\"og:title\" content=\"Raketteja vai raketteja? - Taivaan t\u00e4hden\" \/>\n<meta property=\"og:description\" content=\"Avaruustutkimus on kallista, sit\u00e4 tuskin kiist\u00e4\u00e4 kukaan. Yhdysvaltain Apollo-ohjelma, jonka tavoitteena oli p\u00e4ihitt\u00e4\u00e4 Neuvostoliitto kuukilvassa, maksoi nykyrahassa 100-150 miljardia dollaria riippuen siit\u00e4, mit\u00e4 kaikkea lasketaan mukaan. Alukset itsess\u00e4\u00e4n olivat kertak\u00e4ytt\u00f6isi\u00e4, avaruuskesku&hellip;\" \/>\n<meta property=\"og:url\" content=\"https:\/\/suomenkuvalehti.fi\/taivaan-tahden\/2016\/03\/08\/raketteja-vai-raketteja\/\" \/>\n<meta property=\"og:site_name\" content=\"Taivaan t\u00e4hden\" \/>\n<meta property=\"article:published_time\" content=\"2016-03-08T16:42:53+00:00\" \/>\n<meta property=\"article:modified_time\" content=\"2016-03-08T16:46:38+00:00\" \/>\n<meta property=\"og:image\" content=\"https:\/\/suomenkuvalehti.fi\/taivaan-tahden\/wp-content\/uploads\/sites\/36\/2016\/03\/curiosity-selfie-anniversary-mars.jpg\" \/>\n\t<meta property=\"og:image:width\" content=\"1181\" \/>\n\t<meta property=\"og:image:height\" content=\"1361\" \/>\n\t<meta property=\"og:image:type\" content=\"image\/jpeg\" \/>\n<meta name=\"author\" content=\"Markus Hotakainen\" \/>\n<meta name=\"twitter:card\" content=\"summary_large_image\" \/>\n<meta name=\"twitter:label1\" content=\"Written by\" \/>\n\t<meta name=\"twitter:data1\" content=\"Markus Hotakainen\" \/>\n\t<meta name=\"twitter:label2\" content=\"Est. reading time\" \/>\n\t<meta name=\"twitter:data2\" content=\"2 minuuttia\" \/>\n<script type=\"application\/ld+json\" class=\"yoast-schema-graph\">{\"@context\":\"https:\/\/schema.org\",\"@graph\":[{\"@type\":\"WebPage\",\"@id\":\"https:\/\/suomenkuvalehti.fi\/taivaan-tahden\/2016\/03\/08\/raketteja-vai-raketteja\/\",\"url\":\"https:\/\/suomenkuvalehti.fi\/taivaan-tahden\/2016\/03\/08\/raketteja-vai-raketteja\/\",\"name\":\"Raketteja vai raketteja? - Taivaan t\u00e4hden\",\"isPartOf\":{\"@id\":\"https:\/\/suomenkuvalehti.fi\/taivaan-tahden\/#website\"},\"primaryImageOfPage\":{\"@id\":\"https:\/\/suomenkuvalehti.fi\/taivaan-tahden\/2016\/03\/08\/raketteja-vai-raketteja\/#primaryimage\"},\"image\":{\"@id\":\"https:\/\/suomenkuvalehti.fi\/taivaan-tahden\/2016\/03\/08\/raketteja-vai-raketteja\/#primaryimage\"},\"thumbnailUrl\":\"https:\/\/suomenkuvalehti.fi\/taivaan-tahden\/wp-content\/uploads\/sites\/36\/2016\/03\/curiosity-selfie-anniversary-mars.jpg\",\"datePublished\":\"2016-03-08T16:42:53+00:00\",\"dateModified\":\"2016-03-08T16:46:38+00:00\",\"author\":{\"@id\":\"https:\/\/suomenkuvalehti.fi\/taivaan-tahden\/#\/schema\/person\/c9c1373acb19750e11084ef640abeae0\"},\"breadcrumb\":{\"@id\":\"https:\/\/suomenkuvalehti.fi\/taivaan-tahden\/2016\/03\/08\/raketteja-vai-raketteja\/#breadcrumb\"},\"inLanguage\":\"fi\",\"potentialAction\":[{\"@type\":\"ReadAction\",\"target\":[\"https:\/\/suomenkuvalehti.fi\/taivaan-tahden\/2016\/03\/08\/raketteja-vai-raketteja\/\"]}]},{\"@type\":\"ImageObject\",\"inLanguage\":\"fi\",\"@id\":\"https:\/\/suomenkuvalehti.fi\/taivaan-tahden\/2016\/03\/08\/raketteja-vai-raketteja\/#primaryimage\",\"url\":\"https:\/\/suomenkuvalehti.fi\/taivaan-tahden\/wp-content\/uploads\/sites\/36\/2016\/03\/curiosity-selfie-anniversary-mars.jpg\",\"contentUrl\":\"https:\/\/suomenkuvalehti.fi\/taivaan-tahden\/wp-content\/uploads\/sites\/36\/2016\/03\/curiosity-selfie-anniversary-mars.jpg\"},{\"@type\":\"BreadcrumbList\",\"@id\":\"https:\/\/suomenkuvalehti.fi\/taivaan-tahden\/2016\/03\/08\/raketteja-vai-raketteja\/#breadcrumb\",\"itemListElement\":[{\"@type\":\"ListItem\",\"position\":1,\"name\":\"Home\",\"item\":\"https:\/\/suomenkuvalehti.fi\/taivaan-tahden\/\"},{\"@type\":\"ListItem\",\"position\":2,\"name\":\"Raketteja vai raketteja?\"}]},{\"@type\":\"WebSite\",\"@id\":\"https:\/\/suomenkuvalehti.fi\/taivaan-tahden\/#website\",\"url\":\"https:\/\/suomenkuvalehti.fi\/taivaan-tahden\/\",\"name\":\"Taivaan t\u00e4hden\",\"description\":\"Tiedetoimittaja Markus Hotakainen h\u00e4mm\u00e4stelee maailmankaikkeutta.\",\"potentialAction\":[{\"@type\":\"SearchAction\",\"target\":{\"@type\":\"EntryPoint\",\"urlTemplate\":\"https:\/\/suomenkuvalehti.fi\/haku\/?q={search_term_string}\"},\"query-input\":{\"@type\":\"PropertyValueSpecification\",\"valueRequired\":true,\"valueName\":\"search_term_string\"}}],\"inLanguage\":\"fi\"},{\"@type\":\"Person\",\"@id\":\"https:\/\/suomenkuvalehti.fi\/taivaan-tahden\/#\/schema\/person\/c9c1373acb19750e11084ef640abeae0\",\"name\":\"Markus Hotakainen\",\"image\":{\"@type\":\"ImageObject\",\"inLanguage\":\"fi\",\"@id\":\"https:\/\/suomenkuvalehti.fi\/taivaan-tahden\/#\/schema\/person\/image\/\",\"url\":\"https:\/\/suomenkuvalehti.fi\/taivaan-tahden\/wp-content\/uploads\/sites\/36\/2018\/05\/markus_hotakainen_blogi_pieni-150x150.jpg\",\"contentUrl\":\"https:\/\/suomenkuvalehti.fi\/taivaan-tahden\/wp-content\/uploads\/sites\/36\/2018\/05\/markus_hotakainen_blogi_pieni-150x150.jpg\",\"caption\":\"Markus Hotakainen\"},\"description\":\"Kirjoittaja on tiedetoimittaja ja tietokirjailija.\"}]}<\/script>\n<!-- \/ Yoast SEO plugin. -->","yoast_head_json":{"title":"Raketteja vai raketteja? - Taivaan t\u00e4hden","robots":{"index":"index","follow":"follow","max-snippet":"max-snippet:-1","max-image-preview":"max-image-preview:large","max-video-preview":"max-video-preview:-1"},"canonical":"https:\/\/suomenkuvalehti.fi\/taivaan-tahden\/2016\/03\/08\/raketteja-vai-raketteja\/","og_locale":"fi_FI","og_type":"article","og_title":"Raketteja vai raketteja? - Taivaan t\u00e4hden","og_description":"Avaruustutkimus on kallista, sit\u00e4 tuskin kiist\u00e4\u00e4 kukaan. Yhdysvaltain Apollo-ohjelma, jonka tavoitteena oli p\u00e4ihitt\u00e4\u00e4 Neuvostoliitto kuukilvassa, maksoi nykyrahassa 100-150 miljardia dollaria riippuen siit\u00e4, mit\u00e4 kaikkea lasketaan mukaan. Alukset itsess\u00e4\u00e4n olivat kertak\u00e4ytt\u00f6isi\u00e4, avaruuskesku&hellip;","og_url":"https:\/\/suomenkuvalehti.fi\/taivaan-tahden\/2016\/03\/08\/raketteja-vai-raketteja\/","og_site_name":"Taivaan t\u00e4hden","article_published_time":"2016-03-08T16:42:53+00:00","article_modified_time":"2016-03-08T16:46:38+00:00","og_image":[{"width":1181,"height":1361,"url":"https:\/\/suomenkuvalehti.fi\/taivaan-tahden\/wp-content\/uploads\/sites\/36\/2016\/03\/curiosity-selfie-anniversary-mars.jpg","type":"image\/jpeg"}],"author":"Markus Hotakainen","twitter_card":"summary_large_image","twitter_misc":{"Written by":"Markus Hotakainen","Est. reading time":"2 minuuttia"},"schema":{"@context":"https:\/\/schema.org","@graph":[{"@type":"WebPage","@id":"https:\/\/suomenkuvalehti.fi\/taivaan-tahden\/2016\/03\/08\/raketteja-vai-raketteja\/","url":"https:\/\/suomenkuvalehti.fi\/taivaan-tahden\/2016\/03\/08\/raketteja-vai-raketteja\/","name":"Raketteja vai raketteja? - Taivaan t\u00e4hden","isPartOf":{"@id":"https:\/\/suomenkuvalehti.fi\/taivaan-tahden\/#website"},"primaryImageOfPage":{"@id":"https:\/\/suomenkuvalehti.fi\/taivaan-tahden\/2016\/03\/08\/raketteja-vai-raketteja\/#primaryimage"},"image":{"@id":"https:\/\/suomenkuvalehti.fi\/taivaan-tahden\/2016\/03\/08\/raketteja-vai-raketteja\/#primaryimage"},"thumbnailUrl":"https:\/\/suomenkuvalehti.fi\/taivaan-tahden\/wp-content\/uploads\/sites\/36\/2016\/03\/curiosity-selfie-anniversary-mars.jpg","datePublished":"2016-03-08T16:42:53+00:00","dateModified":"2016-03-08T16:46:38+00:00","author":{"@id":"https:\/\/suomenkuvalehti.fi\/taivaan-tahden\/#\/schema\/person\/c9c1373acb19750e11084ef640abeae0"},"breadcrumb":{"@id":"https:\/\/suomenkuvalehti.fi\/taivaan-tahden\/2016\/03\/08\/raketteja-vai-raketteja\/#breadcrumb"},"inLanguage":"fi","potentialAction":[{"@type":"ReadAction","target":["https:\/\/suomenkuvalehti.fi\/taivaan-tahden\/2016\/03\/08\/raketteja-vai-raketteja\/"]}]},{"@type":"ImageObject","inLanguage":"fi","@id":"https:\/\/suomenkuvalehti.fi\/taivaan-tahden\/2016\/03\/08\/raketteja-vai-raketteja\/#primaryimage","url":"https:\/\/suomenkuvalehti.fi\/taivaan-tahden\/wp-content\/uploads\/sites\/36\/2016\/03\/curiosity-selfie-anniversary-mars.jpg","contentUrl":"https:\/\/suomenkuvalehti.fi\/taivaan-tahden\/wp-content\/uploads\/sites\/36\/2016\/03\/curiosity-selfie-anniversary-mars.jpg"},{"@type":"BreadcrumbList","@id":"https:\/\/suomenkuvalehti.fi\/taivaan-tahden\/2016\/03\/08\/raketteja-vai-raketteja\/#breadcrumb","itemListElement":[{"@type":"ListItem","position":1,"name":"Home","item":"https:\/\/suomenkuvalehti.fi\/taivaan-tahden\/"},{"@type":"ListItem","position":2,"name":"Raketteja vai raketteja?"}]},{"@type":"WebSite","@id":"https:\/\/suomenkuvalehti.fi\/taivaan-tahden\/#website","url":"https:\/\/suomenkuvalehti.fi\/taivaan-tahden\/","name":"Taivaan t\u00e4hden","description":"Tiedetoimittaja Markus Hotakainen h\u00e4mm\u00e4stelee maailmankaikkeutta.","potentialAction":[{"@type":"SearchAction","target":{"@type":"EntryPoint","urlTemplate":"https:\/\/suomenkuvalehti.fi\/haku\/?q={search_term_string}"},"query-input":{"@type":"PropertyValueSpecification","valueRequired":true,"valueName":"search_term_string"}}],"inLanguage":"fi"},{"@type":"Person","@id":"https:\/\/suomenkuvalehti.fi\/taivaan-tahden\/#\/schema\/person\/c9c1373acb19750e11084ef640abeae0","name":"Markus Hotakainen","image":{"@type":"ImageObject","inLanguage":"fi","@id":"https:\/\/suomenkuvalehti.fi\/taivaan-tahden\/#\/schema\/person\/image\/","url":"https:\/\/suomenkuvalehti.fi\/taivaan-tahden\/wp-content\/uploads\/sites\/36\/2018\/05\/markus_hotakainen_blogi_pieni-150x150.jpg","contentUrl":"https:\/\/suomenkuvalehti.fi\/taivaan-tahden\/wp-content\/uploads\/sites\/36\/2018\/05\/markus_hotakainen_blogi_pieni-150x150.jpg","caption":"Markus Hotakainen"},"description":"Kirjoittaja on tiedetoimittaja ja tietokirjailija."}]}},"_links":{"self":[{"href":"https:\/\/suomenkuvalehti.fi\/taivaan-tahden\/wp-json\/wp\/v2\/posts\/458","targetHints":{"allow":["GET"]}}],"collection":[{"href":"https:\/\/suomenkuvalehti.fi\/taivaan-tahden\/wp-json\/wp\/v2\/posts"}],"about":[{"href":"https:\/\/suomenkuvalehti.fi\/taivaan-tahden\/wp-json\/wp\/v2\/types\/post"}],"author":[{"embeddable":true,"href":"https:\/\/suomenkuvalehti.fi\/taivaan-tahden\/wp-json\/wp\/v2\/users\/557"}],"replies":[{"embeddable":true,"href":"https:\/\/suomenkuvalehti.fi\/taivaan-tahden\/wp-json\/wp\/v2\/comments?post=458"}],"version-history":[{"count":1,"href":"https:\/\/suomenkuvalehti.fi\/taivaan-tahden\/wp-json\/wp\/v2\/posts\/458\/revisions"}],"predecessor-version":[{"id":460,"href":"https:\/\/suomenkuvalehti.fi\/taivaan-tahden\/wp-json\/wp\/v2\/posts\/458\/revisions\/460"}],"wp:attachment":[{"href":"https:\/\/suomenkuvalehti.fi\/taivaan-tahden\/wp-json\/wp\/v2\/media?parent=458"}],"wp:term":[{"taxonomy":"category","embeddable":true,"href":"https:\/\/suomenkuvalehti.fi\/taivaan-tahden\/wp-json\/wp\/v2\/categories?post=458"},{"taxonomy":"post_tag","embeddable":true,"href":"https:\/\/suomenkuvalehti.fi\/taivaan-tahden\/wp-json\/wp\/v2\/tags?post=458"}],"curies":[{"name":"wp","href":"https:\/\/api.w.org\/{rel}","templated":true}]}}