{"id":449,"date":"2016-02-25T16:39:34","date_gmt":"2016-02-25T14:39:34","guid":{"rendered":"https:\/\/suomenkuvalehti.fi\/taivaan-tahden\/?p=449"},"modified":"2016-02-25T16:43:33","modified_gmt":"2016-02-25T14:43:33","slug":"uusi-paljastus-kuusta-kuului-kummia","status":"publish","type":"post","link":"https:\/\/suomenkuvalehti.fi\/taivaan-tahden\/2016\/02\/25\/uusi-paljastus-kuusta-kuului-kummia\/","title":{"rendered":"Uusi \u201dpaljastus\u201d: Kuusta kuului kummia"},"content":{"rendered":"<figure class=\"aligncenter size-large is-resized wp-block-image\">\n  <div class=\"wp-block-image__inner-container\">\n    <a href=\"https:\/\/suomenkuvalehti.fi\/taivaan-tahden\/wp-content\/uploads\/sites\/36\/2016\/02\/Apollo_10_Lunar_Module_Rendezvous.jpg\" rel=\"attachment wp-att-450\"><img loading=\"lazy\" decoding=\"async\" src=\"https:\/\/suomenkuvalehti.fi\/taivaan-tahden\/wp-content\/uploads\/sites\/36\/2016\/02\/Apollo_10_Lunar_Module_Rendezvous-1024x1024.jpg\" alt=\"Apollo_10_Lunar_Module_Rendezvous\" class=\"wp-image-450\" width=\"1024\" height=\"1024\" style=\"--aspect-ratio: 1\" srcset=\"https:\/\/suomenkuvalehti.fi\/taivaan-tahden\/wp-content\/uploads\/sites\/36\/2016\/02\/Apollo_10_Lunar_Module_Rendezvous-1024x1024.jpg 1024w, https:\/\/suomenkuvalehti.fi\/taivaan-tahden\/wp-content\/uploads\/sites\/36\/2016\/02\/Apollo_10_Lunar_Module_Rendezvous-150x150.jpg 150w, https:\/\/suomenkuvalehti.fi\/taivaan-tahden\/wp-content\/uploads\/sites\/36\/2016\/02\/Apollo_10_Lunar_Module_Rendezvous-300x300.jpg 300w, https:\/\/suomenkuvalehti.fi\/taivaan-tahden\/wp-content\/uploads\/sites\/36\/2016\/02\/Apollo_10_Lunar_Module_Rendezvous-768x768.jpg 768w, https:\/\/suomenkuvalehti.fi\/taivaan-tahden\/wp-content\/uploads\/sites\/36\/2016\/02\/Apollo_10_Lunar_Module_Rendezvous.jpg 1181w\" sizes=\"auto, (max-width: 1024px) 100vw, 1024px\" \/><\/a>    <figcaption class=\"wp-block-image__figcaption\">\n      Apollo 10 -lennolla ei pelk\u00e4st\u00e4\u00e4n kuunneltu outoa musiikkia, vaan testattiin my\u00f6s kuumoduulia. Kuva: NASA          <\/figcaption>\n      <\/div>\n<\/figure>\n\n\n<p>Viime p\u00e4ivin\u00e4 maailmalla ja meik\u00e4l\u00e4isess\u00e4kin mediassa on kohu-uutisoitu, kuinka Apollo 10 -miehist\u00f6 kuuli toukokuussa 1969 Kuuta kiert\u00e4ess\u00e4\u00e4n yht\u00e4kki\u00e4 outoa musiikkia.<\/p>\n\n\n\n<p>Kun <strong>Thomas Stafford<\/strong>, <strong>John Young<\/strong> ja <strong>Eugene Cernan<\/strong> olivat Maasta katsottuna Kuun vastakkaisella puolella ja t\u00e4ydellisess\u00e4 radiokatveessa, kaiuttimista ja kuulokkeista alkoi kuulua vihelt\u00e4v\u00e4\u00e4 \u00e4\u00e4nt\u00e4, jota astronautit luonnehtivat \u201dmusiikiksi\u201d.<\/p>\n\n\n\n<p>Jenkkil\u00e4inen Science Channel -kanava paljastaa <i>NASA\u2019s Unexplained Files <\/i>-sarjassaan, ett\u00e4 tapauksesta vaiettiin vuosikymmenten ajan ja arkistojen salat tulivat julki vasta nyt.<\/p>\n\n\n\n<p>T\u00e4llaisille salaliittoteorioille on tyypillist\u00e4, ett\u00e4 niiden l\u00e4ht\u00f6kohtana on v\u00e4ite, joka ei pid\u00e4 paikkaansa. Ja niin on t\u00e4ll\u00e4kin kertaa.<\/p>\n\n\n\n<p>Totta on se, ett\u00e4 avaruuskilvan k\u00e4ydess\u00e4 kuumimmillaan 1960-luvun lopulla my\u00f6s Apollo 10 -lennon materiaali luokiteltiin salaiseksi. Sek\u00e4 \u00e4\u00e4nitallenteet ett\u00e4 niist\u00e4 tehdyt transkriptiot ovat kuitenkin olleet saatavilla arkistoista jo vuodesta 1973 l\u00e4htien.<\/p>\n\n\n\n<p>Kyll\u00e4: yli 40 vuoden ajan.<\/p>\n\n\n\n<p>Salaliittoteorioille on tyypillist\u00e4 my\u00f6s se, ett\u00e4 ne perustuvat usein toimittajien laiskuuteen. Toisinaan tuntuu silt\u00e4, ett\u00e4 ellei jotakin l\u00f6ydy netist\u00e4 minuutissa tai parissa, sit\u00e4 ei ole olemassa &#8211; tai sitten sen olemassaolo on tarkoituksella salattu.<\/p>\n\n\n\n<p>Apollo 10 -lennon tallenteet ovat olleet nettiarkistossa vasta muutaman vuoden ajan, joten on \u201dluonnollista\u201d olettaa, ett\u00e4 niiden ei ole haluttu joutuvan v\u00e4\u00e4riin k\u00e4siin eli oikean tiedon jahtaajille.<\/p>\n\n\n\n<p>Salaliittoteoreetikkojen kannalta on tietysti kiusallista, ett\u00e4 kaikki kyseisell\u00e4 lennolla olleet astronautit ovat viel\u00e4 elossa. NASAn pari p\u00e4iv\u00e4\u00e4 sitten julkaisemassa tiedotteessa on Cernanin kommentti, jonka mukaan \u201dtapaus ei ollut niin j\u00e4nnitt\u00e4v\u00e4, ett\u00e4 olisin ottanut sit\u00e4 vakavasti\u201d.<\/p>\n\n\n\n<p>Toki t\u00e4llekin lausunnolle on selityksens\u00e4, jos haluaa uskoa Suureen Salaliittoon. Cernan on painostettu v\u00e4h\u00e4ttelem\u00e4\u00e4n vuosikymmenien takaista ilmi\u00f6t\u00e4, koska suuri yleis\u00f6 ei saa tiet\u00e4\u00e4 Totuutta: Kuussa on jotain sellaista, mist\u00e4 on kaikki n\u00e4m\u00e4 vuosikymmenet haluttu vaieta.<\/p>\n\n\n\n<p>Tai sitten kyse on Apollo-komento- ja kuumoduulien radiolaitteiden v\u00e4lisest\u00e4 interferenssist\u00e4, joka korostui, kun niill\u00e4 ei ollut Kuun k\u00e4\u00e4nt\u00f6puolella vastaanotettavanaan muuta kuin toistensa signaalit.<\/p>\n\n\n\n<p>Salaliittoteorioille onkin tyypillist\u00e4 my\u00f6s se, ett\u00e4 suurin osa ihmisist\u00e4 haluaa tiet\u00e4\u00e4, mutta osa ihmisist\u00e4 haluaa uskoa. Mit\u00e4 ja mihin tahansa.<\/p>\n\n\n","protected":false},"excerpt":{"rendered":"<p>Viime p\u00e4ivin\u00e4 maailmalla ja meik\u00e4l\u00e4isess\u00e4kin mediassa on kohu-uutisoitu, kuinka Apollo 10 -miehist\u00f6 kuuli toukokuussa 1969 Kuuta kiert\u00e4ess\u00e4\u00e4n yht\u00e4kki\u00e4 outoa musiikkia. Kun Thomas Stafford, John Young ja Eugene Cernan olivat Maasta katsottuna Kuun vastakkaisella puolella ja<br \/>\nt\u00e4ydellise&hellip;<\/p>\n","protected":false},"author":557,"featured_media":0,"comment_status":"open","ping_status":"open","sticky":false,"template":"","format":"standard","meta":{"_acf_changed":false,"asauth_required_access_level":3,"asauth_cansharepaid":"true","om_header_attributes":[],"footnotes":"","om_featured_image_focal_point":[],"om_primary_tag":0,"om_contributors":[],"om_co_authors":[],"beyondwords_generate_audio":"","beyondwords_project_id":"","beyondwords_content_id":"","beyondwords_preview_token":"","beyondwords_player_content":"","beyondwords_player_style":"","beyondwords_language_code":"","beyondwords_language_id":"","beyondwords_title_voice_id":"","beyondwords_body_voice_id":"","beyondwords_summary_voice_id":"","beyondwords_error_message":"","beyondwords_disabled":"","beyondwords_delete_content":"","beyondwords_podcast_id":"","beyondwords_hash":"","publish_post_to_speechkit":"","speechkit_hash":"","speechkit_generate_audio":"","speechkit_project_id":"","speechkit_podcast_id":"","speechkit_error_message":"","speechkit_disabled":"","speechkit_access_key":"","speechkit_error":"","speechkit_info":"","speechkit_response":"","speechkit_retries":"","speechkit_status":"","speechkit_updated_at":"","_speechkit_link":"","_speechkit_text":""},"categories":[1],"tags":[177,179,5,178,180],"class_list":["post-449","post","type-post","status-publish","format-standard","hentry","category-taivaan-tahden","tag-apollo-10","tag-interferenssi","tag-kuu","tag-musiikki","tag-salaliittoteoriat"],"om_views":null,"acf":{"tuuma_off":false,"tuuma_kysymys":"","tuuma_vastaus":""},"asauth":{"required_access_level":1,"share_token":"","is_paid":false},"yoast_head":"<!-- This site is optimized with the Yoast SEO plugin v26.4 - https:\/\/yoast.com\/wordpress\/plugins\/seo\/ -->\n<title>Uusi \u201dpaljastus\u201d: Kuusta kuului kummia - Taivaan t\u00e4hden<\/title>\n<meta name=\"robots\" content=\"index, follow, max-snippet:-1, max-image-preview:large, max-video-preview:-1\" \/>\n<link rel=\"canonical\" href=\"https:\/\/suomenkuvalehti.fi\/taivaan-tahden\/2016\/02\/25\/uusi-paljastus-kuusta-kuului-kummia\/\" \/>\n<meta property=\"og:locale\" content=\"fi_FI\" \/>\n<meta property=\"og:type\" content=\"article\" \/>\n<meta property=\"og:title\" content=\"Uusi \u201dpaljastus\u201d: Kuusta kuului kummia - Taivaan t\u00e4hden\" \/>\n<meta property=\"og:description\" content=\"Viime p\u00e4ivin\u00e4 maailmalla ja meik\u00e4l\u00e4isess\u00e4kin mediassa on kohu-uutisoitu, kuinka Apollo 10 -miehist\u00f6 kuuli toukokuussa 1969 Kuuta kiert\u00e4ess\u00e4\u00e4n yht\u00e4kki\u00e4 outoa musiikkia. Kun Thomas Stafford, John Young ja Eugene Cernan olivat Maasta katsottuna Kuun vastakkaisella puolella ja t\u00e4ydellise&hellip;\" \/>\n<meta property=\"og:url\" content=\"https:\/\/suomenkuvalehti.fi\/taivaan-tahden\/2016\/02\/25\/uusi-paljastus-kuusta-kuului-kummia\/\" \/>\n<meta property=\"og:site_name\" content=\"Taivaan t\u00e4hden\" \/>\n<meta property=\"article:published_time\" content=\"2016-02-25T14:39:34+00:00\" \/>\n<meta property=\"article:modified_time\" content=\"2016-02-25T14:43:33+00:00\" \/>\n<meta property=\"og:image\" content=\"https:\/\/suomenkuvalehti.fi\/taivaan-tahden\/wp-content\/uploads\/sites\/36\/2016\/02\/Apollo_10_Lunar_Module_Rendezvous.jpg\" \/>\n\t<meta property=\"og:image:width\" content=\"1181\" \/>\n\t<meta property=\"og:image:height\" content=\"1181\" \/>\n\t<meta property=\"og:image:type\" content=\"image\/jpeg\" \/>\n<meta name=\"author\" content=\"Markus Hotakainen\" \/>\n<meta name=\"twitter:card\" content=\"summary_large_image\" \/>\n<meta name=\"twitter:label1\" content=\"Written by\" \/>\n\t<meta name=\"twitter:data1\" content=\"Markus Hotakainen\" \/>\n\t<meta name=\"twitter:label2\" content=\"Est. reading time\" \/>\n\t<meta name=\"twitter:data2\" content=\"2 minuuttia\" \/>\n<script type=\"application\/ld+json\" class=\"yoast-schema-graph\">{\"@context\":\"https:\/\/schema.org\",\"@graph\":[{\"@type\":\"WebPage\",\"@id\":\"https:\/\/suomenkuvalehti.fi\/taivaan-tahden\/2016\/02\/25\/uusi-paljastus-kuusta-kuului-kummia\/\",\"url\":\"https:\/\/suomenkuvalehti.fi\/taivaan-tahden\/2016\/02\/25\/uusi-paljastus-kuusta-kuului-kummia\/\",\"name\":\"Uusi \u201dpaljastus\u201d: Kuusta kuului kummia - Taivaan t\u00e4hden\",\"isPartOf\":{\"@id\":\"https:\/\/suomenkuvalehti.fi\/taivaan-tahden\/#website\"},\"primaryImageOfPage\":{\"@id\":\"https:\/\/suomenkuvalehti.fi\/taivaan-tahden\/2016\/02\/25\/uusi-paljastus-kuusta-kuului-kummia\/#primaryimage\"},\"image\":{\"@id\":\"https:\/\/suomenkuvalehti.fi\/taivaan-tahden\/2016\/02\/25\/uusi-paljastus-kuusta-kuului-kummia\/#primaryimage\"},\"thumbnailUrl\":\"https:\/\/suomenkuvalehti.fi\/taivaan-tahden\/wp-content\/uploads\/sites\/36\/2016\/02\/Apollo_10_Lunar_Module_Rendezvous-1024x1024.jpg\",\"datePublished\":\"2016-02-25T14:39:34+00:00\",\"dateModified\":\"2016-02-25T14:43:33+00:00\",\"author\":{\"@id\":\"https:\/\/suomenkuvalehti.fi\/taivaan-tahden\/#\/schema\/person\/c9c1373acb19750e11084ef640abeae0\"},\"breadcrumb\":{\"@id\":\"https:\/\/suomenkuvalehti.fi\/taivaan-tahden\/2016\/02\/25\/uusi-paljastus-kuusta-kuului-kummia\/#breadcrumb\"},\"inLanguage\":\"fi\",\"potentialAction\":[{\"@type\":\"ReadAction\",\"target\":[\"https:\/\/suomenkuvalehti.fi\/taivaan-tahden\/2016\/02\/25\/uusi-paljastus-kuusta-kuului-kummia\/\"]}]},{\"@type\":\"ImageObject\",\"inLanguage\":\"fi\",\"@id\":\"https:\/\/suomenkuvalehti.fi\/taivaan-tahden\/2016\/02\/25\/uusi-paljastus-kuusta-kuului-kummia\/#primaryimage\",\"url\":\"https:\/\/suomenkuvalehti.fi\/taivaan-tahden\/wp-content\/uploads\/sites\/36\/2016\/02\/Apollo_10_Lunar_Module_Rendezvous.jpg\",\"contentUrl\":\"https:\/\/suomenkuvalehti.fi\/taivaan-tahden\/wp-content\/uploads\/sites\/36\/2016\/02\/Apollo_10_Lunar_Module_Rendezvous.jpg\",\"width\":1181,\"height\":1181},{\"@type\":\"BreadcrumbList\",\"@id\":\"https:\/\/suomenkuvalehti.fi\/taivaan-tahden\/2016\/02\/25\/uusi-paljastus-kuusta-kuului-kummia\/#breadcrumb\",\"itemListElement\":[{\"@type\":\"ListItem\",\"position\":1,\"name\":\"Home\",\"item\":\"https:\/\/suomenkuvalehti.fi\/taivaan-tahden\/\"},{\"@type\":\"ListItem\",\"position\":2,\"name\":\"Uusi \u201dpaljastus\u201d: Kuusta kuului kummia\"}]},{\"@type\":\"WebSite\",\"@id\":\"https:\/\/suomenkuvalehti.fi\/taivaan-tahden\/#website\",\"url\":\"https:\/\/suomenkuvalehti.fi\/taivaan-tahden\/\",\"name\":\"Taivaan t\u00e4hden\",\"description\":\"Tiedetoimittaja Markus Hotakainen h\u00e4mm\u00e4stelee maailmankaikkeutta.\",\"potentialAction\":[{\"@type\":\"SearchAction\",\"target\":{\"@type\":\"EntryPoint\",\"urlTemplate\":\"https:\/\/suomenkuvalehti.fi\/haku\/?q={search_term_string}\"},\"query-input\":{\"@type\":\"PropertyValueSpecification\",\"valueRequired\":true,\"valueName\":\"search_term_string\"}}],\"inLanguage\":\"fi\"},{\"@type\":\"Person\",\"@id\":\"https:\/\/suomenkuvalehti.fi\/taivaan-tahden\/#\/schema\/person\/c9c1373acb19750e11084ef640abeae0\",\"name\":\"Markus Hotakainen\",\"image\":{\"@type\":\"ImageObject\",\"inLanguage\":\"fi\",\"@id\":\"https:\/\/suomenkuvalehti.fi\/taivaan-tahden\/#\/schema\/person\/image\/\",\"url\":\"https:\/\/suomenkuvalehti.fi\/taivaan-tahden\/wp-content\/uploads\/sites\/36\/2018\/05\/markus_hotakainen_blogi_pieni-150x150.jpg\",\"contentUrl\":\"https:\/\/suomenkuvalehti.fi\/taivaan-tahden\/wp-content\/uploads\/sites\/36\/2018\/05\/markus_hotakainen_blogi_pieni-150x150.jpg\",\"caption\":\"Markus Hotakainen\"},\"description\":\"Kirjoittaja on tiedetoimittaja ja tietokirjailija.\"}]}<\/script>\n<!-- \/ Yoast SEO plugin. -->","yoast_head_json":{"title":"Uusi \u201dpaljastus\u201d: Kuusta kuului kummia - Taivaan t\u00e4hden","robots":{"index":"index","follow":"follow","max-snippet":"max-snippet:-1","max-image-preview":"max-image-preview:large","max-video-preview":"max-video-preview:-1"},"canonical":"https:\/\/suomenkuvalehti.fi\/taivaan-tahden\/2016\/02\/25\/uusi-paljastus-kuusta-kuului-kummia\/","og_locale":"fi_FI","og_type":"article","og_title":"Uusi \u201dpaljastus\u201d: Kuusta kuului kummia - Taivaan t\u00e4hden","og_description":"Viime p\u00e4ivin\u00e4 maailmalla ja meik\u00e4l\u00e4isess\u00e4kin mediassa on kohu-uutisoitu, kuinka Apollo 10 -miehist\u00f6 kuuli toukokuussa 1969 Kuuta kiert\u00e4ess\u00e4\u00e4n yht\u00e4kki\u00e4 outoa musiikkia. Kun Thomas Stafford, John Young ja Eugene Cernan olivat Maasta katsottuna Kuun vastakkaisella puolella ja t\u00e4ydellise&hellip;","og_url":"https:\/\/suomenkuvalehti.fi\/taivaan-tahden\/2016\/02\/25\/uusi-paljastus-kuusta-kuului-kummia\/","og_site_name":"Taivaan t\u00e4hden","article_published_time":"2016-02-25T14:39:34+00:00","article_modified_time":"2016-02-25T14:43:33+00:00","og_image":[{"width":1181,"height":1181,"url":"https:\/\/suomenkuvalehti.fi\/taivaan-tahden\/wp-content\/uploads\/sites\/36\/2016\/02\/Apollo_10_Lunar_Module_Rendezvous.jpg","type":"image\/jpeg"}],"author":"Markus Hotakainen","twitter_card":"summary_large_image","twitter_misc":{"Written by":"Markus Hotakainen","Est. reading time":"2 minuuttia"},"schema":{"@context":"https:\/\/schema.org","@graph":[{"@type":"WebPage","@id":"https:\/\/suomenkuvalehti.fi\/taivaan-tahden\/2016\/02\/25\/uusi-paljastus-kuusta-kuului-kummia\/","url":"https:\/\/suomenkuvalehti.fi\/taivaan-tahden\/2016\/02\/25\/uusi-paljastus-kuusta-kuului-kummia\/","name":"Uusi \u201dpaljastus\u201d: Kuusta kuului kummia - Taivaan t\u00e4hden","isPartOf":{"@id":"https:\/\/suomenkuvalehti.fi\/taivaan-tahden\/#website"},"primaryImageOfPage":{"@id":"https:\/\/suomenkuvalehti.fi\/taivaan-tahden\/2016\/02\/25\/uusi-paljastus-kuusta-kuului-kummia\/#primaryimage"},"image":{"@id":"https:\/\/suomenkuvalehti.fi\/taivaan-tahden\/2016\/02\/25\/uusi-paljastus-kuusta-kuului-kummia\/#primaryimage"},"thumbnailUrl":"https:\/\/suomenkuvalehti.fi\/taivaan-tahden\/wp-content\/uploads\/sites\/36\/2016\/02\/Apollo_10_Lunar_Module_Rendezvous-1024x1024.jpg","datePublished":"2016-02-25T14:39:34+00:00","dateModified":"2016-02-25T14:43:33+00:00","author":{"@id":"https:\/\/suomenkuvalehti.fi\/taivaan-tahden\/#\/schema\/person\/c9c1373acb19750e11084ef640abeae0"},"breadcrumb":{"@id":"https:\/\/suomenkuvalehti.fi\/taivaan-tahden\/2016\/02\/25\/uusi-paljastus-kuusta-kuului-kummia\/#breadcrumb"},"inLanguage":"fi","potentialAction":[{"@type":"ReadAction","target":["https:\/\/suomenkuvalehti.fi\/taivaan-tahden\/2016\/02\/25\/uusi-paljastus-kuusta-kuului-kummia\/"]}]},{"@type":"ImageObject","inLanguage":"fi","@id":"https:\/\/suomenkuvalehti.fi\/taivaan-tahden\/2016\/02\/25\/uusi-paljastus-kuusta-kuului-kummia\/#primaryimage","url":"https:\/\/suomenkuvalehti.fi\/taivaan-tahden\/wp-content\/uploads\/sites\/36\/2016\/02\/Apollo_10_Lunar_Module_Rendezvous.jpg","contentUrl":"https:\/\/suomenkuvalehti.fi\/taivaan-tahden\/wp-content\/uploads\/sites\/36\/2016\/02\/Apollo_10_Lunar_Module_Rendezvous.jpg","width":1181,"height":1181},{"@type":"BreadcrumbList","@id":"https:\/\/suomenkuvalehti.fi\/taivaan-tahden\/2016\/02\/25\/uusi-paljastus-kuusta-kuului-kummia\/#breadcrumb","itemListElement":[{"@type":"ListItem","position":1,"name":"Home","item":"https:\/\/suomenkuvalehti.fi\/taivaan-tahden\/"},{"@type":"ListItem","position":2,"name":"Uusi \u201dpaljastus\u201d: Kuusta kuului kummia"}]},{"@type":"WebSite","@id":"https:\/\/suomenkuvalehti.fi\/taivaan-tahden\/#website","url":"https:\/\/suomenkuvalehti.fi\/taivaan-tahden\/","name":"Taivaan t\u00e4hden","description":"Tiedetoimittaja Markus Hotakainen h\u00e4mm\u00e4stelee maailmankaikkeutta.","potentialAction":[{"@type":"SearchAction","target":{"@type":"EntryPoint","urlTemplate":"https:\/\/suomenkuvalehti.fi\/haku\/?q={search_term_string}"},"query-input":{"@type":"PropertyValueSpecification","valueRequired":true,"valueName":"search_term_string"}}],"inLanguage":"fi"},{"@type":"Person","@id":"https:\/\/suomenkuvalehti.fi\/taivaan-tahden\/#\/schema\/person\/c9c1373acb19750e11084ef640abeae0","name":"Markus Hotakainen","image":{"@type":"ImageObject","inLanguage":"fi","@id":"https:\/\/suomenkuvalehti.fi\/taivaan-tahden\/#\/schema\/person\/image\/","url":"https:\/\/suomenkuvalehti.fi\/taivaan-tahden\/wp-content\/uploads\/sites\/36\/2018\/05\/markus_hotakainen_blogi_pieni-150x150.jpg","contentUrl":"https:\/\/suomenkuvalehti.fi\/taivaan-tahden\/wp-content\/uploads\/sites\/36\/2018\/05\/markus_hotakainen_blogi_pieni-150x150.jpg","caption":"Markus Hotakainen"},"description":"Kirjoittaja on tiedetoimittaja ja tietokirjailija."}]}},"_links":{"self":[{"href":"https:\/\/suomenkuvalehti.fi\/taivaan-tahden\/wp-json\/wp\/v2\/posts\/449","targetHints":{"allow":["GET"]}}],"collection":[{"href":"https:\/\/suomenkuvalehti.fi\/taivaan-tahden\/wp-json\/wp\/v2\/posts"}],"about":[{"href":"https:\/\/suomenkuvalehti.fi\/taivaan-tahden\/wp-json\/wp\/v2\/types\/post"}],"author":[{"embeddable":true,"href":"https:\/\/suomenkuvalehti.fi\/taivaan-tahden\/wp-json\/wp\/v2\/users\/557"}],"replies":[{"embeddable":true,"href":"https:\/\/suomenkuvalehti.fi\/taivaan-tahden\/wp-json\/wp\/v2\/comments?post=449"}],"version-history":[{"count":2,"href":"https:\/\/suomenkuvalehti.fi\/taivaan-tahden\/wp-json\/wp\/v2\/posts\/449\/revisions"}],"predecessor-version":[{"id":452,"href":"https:\/\/suomenkuvalehti.fi\/taivaan-tahden\/wp-json\/wp\/v2\/posts\/449\/revisions\/452"}],"wp:attachment":[{"href":"https:\/\/suomenkuvalehti.fi\/taivaan-tahden\/wp-json\/wp\/v2\/media?parent=449"}],"wp:term":[{"taxonomy":"category","embeddable":true,"href":"https:\/\/suomenkuvalehti.fi\/taivaan-tahden\/wp-json\/wp\/v2\/categories?post=449"},{"taxonomy":"post_tag","embeddable":true,"href":"https:\/\/suomenkuvalehti.fi\/taivaan-tahden\/wp-json\/wp\/v2\/tags?post=449"}],"curies":[{"name":"wp","href":"https:\/\/api.w.org\/{rel}","templated":true}]}}