{"id":426,"date":"2016-02-19T13:28:54","date_gmt":"2016-02-19T11:28:54","guid":{"rendered":"https:\/\/suomenkuvalehti.fi\/taivaan-tahden\/?p=426"},"modified":"2016-02-19T15:13:32","modified_gmt":"2016-02-19T13:13:32","slug":"gravitaatioaallot-ollako-vai-eiko-olla","status":"publish","type":"post","link":"https:\/\/suomenkuvalehti.fi\/taivaan-tahden\/2016\/02\/19\/gravitaatioaallot-ollako-vai-eiko-olla\/","title":{"rendered":"Gravitaatioaallot \u2013 ollako vai eik\u00f6 olla?"},"content":{"rendered":"<figure class=\"aligncenter size-full wp-block-image\">\n  <div class=\"wp-block-image__inner-container\">\n    <a href=\"https:\/\/suomenkuvalehti.fi\/taivaan-tahden\/wp-content\/uploads\/sites\/36\/2016\/02\/gravity-waves-3.jpg\" rel=\"attachment wp-att-428\"><img loading=\"lazy\" decoding=\"async\" src=\"https:\/\/suomenkuvalehti.fi\/taivaan-tahden\/wp-content\/uploads\/sites\/36\/2016\/02\/gravity-waves-3.jpg\" alt=\"gravity-waves-3\" class=\"wp-image-428\" width=\"886\" height=\"886\" style=\"--aspect-ratio: 1\" srcset=\"https:\/\/suomenkuvalehti.fi\/taivaan-tahden\/wp-content\/uploads\/sites\/36\/2016\/02\/gravity-waves-3.jpg 886w, https:\/\/suomenkuvalehti.fi\/taivaan-tahden\/wp-content\/uploads\/sites\/36\/2016\/02\/gravity-waves-3-150x150.jpg 150w, https:\/\/suomenkuvalehti.fi\/taivaan-tahden\/wp-content\/uploads\/sites\/36\/2016\/02\/gravity-waves-3-300x300.jpg 300w, https:\/\/suomenkuvalehti.fi\/taivaan-tahden\/wp-content\/uploads\/sites\/36\/2016\/02\/gravity-waves-3-768x768.jpg 768w\" sizes=\"auto, (max-width: 886px) 100vw, 886px\" \/><\/a>    <figcaption class=\"wp-block-image__figcaption\">\n      Mallinnus kahden toisiaan kiert\u00e4v\u00e4n mustan aukon synnytt\u00e4mist\u00e4 gravitaatioaalloista. Kuva: LIGO          <\/figcaption>\n      <\/div>\n<\/figure>\n\n\n<p>Tiedemaailmassa kuohuu j\u00e4lleen. Vaikka luonnontieteellinen tutkimus on eksaktiuden perikuva, kaikki ei v\u00e4ltt\u00e4m\u00e4tt\u00e4 ole aina sit\u00e4, milt\u00e4 se n\u00e4ytt\u00e4\u00e4.<\/p>\n\n\n\n<p>Viime syyskuun 14. p\u00e4iv\u00e4 hieman ennen meik\u00e4l\u00e4ist\u00e4 puoltap\u00e4iv\u00e4\u00e4 havaittiin LIGO-observatorion (Laser Interferometer Gravitational-Wave Observatory) mittalaitteilla signaali, jonka sai aikaan maapallon ohitse pyyh\u00e4lt\u00e4nyt gravitaatioaalto.<\/p>\n\n\n\n<p>1,3 miljardin valovuoden et\u00e4isyydell\u00e4 kaksi mustaa aukkoa oli t\u00f6rm\u00e4nnyt toisiinsa \u2013 1,3 miljardia vuotta sitten \u2013 noin 150 000 kilometrin sekuntinopeudella, siis l\u00e4hes puolella valon nopeudesta. Sekunnin murto-osassa kolmen Auringon massan verran energiaa muuttui gravitaatioaalloiksi.<\/p>\n\n\n\n<p>&#8221;Hyv\u00e4t naiset ja herrat! Olemme havainneet gravitaatioaaltoja.&#8221; N\u00e4in aloitti Washingtonissa viime viikolla pidetyn tiedotustilaisuuden LIGO-laboratorion johtaja <b>David Reitze<\/b>.<\/p>\n\n\n\n<p>Jokseenkin samoilla sanoilla olisi varmaankin k\u00e4ynnistynyt my\u00f6s vuonna 2011 valmisteltu pressitilaisuus &#8211; jos se olisi pidetty. Asiasta muistutti <b>Stuart Clark<\/b> <i>Guardian<\/i>-lehden <a href=\"https:\/\/www.theguardian.com\/science\/across-the-universe\/2016\/jan\/12\/gravitational-wave-detection-could-be-a-false-alarm\">blogissaan<\/a> ja siit\u00e4 kerrottiin my\u00f6s <a href=\"http:\/\/tiedetuubi.fi\/avaruus\/onko-gravitaatioaaltohavainto-todellinen\">Tiedetuubi-sivustolla<\/a>.<\/p>\n\n\n\n<p>Viitisen vuotta sitten tehty &#8221;havainto&#8221; gravitaatioaalloista oli hyvin samanlainen kuin vastik\u00e4\u00e4n julkistettu. Se ei vain ollut ollenkaan havainto, vaan tekninen testi.<\/p>\n\n\n\n<p>LIGO-observatorion laitteistoon oli ujutettu signaali, jolla kokeiltiin, toimivatko instrumentit oletetulla tavalla ja ovatko tutkijat hereill\u00e4. Kyll\u00e4 he olivat ja \u201dvuosisadan l\u00f6yt\u00f6\u201d oli v\u00e4h\u00e4ll\u00e4 p\u00e4\u00e4ty\u00e4 julkisuuteen.<\/p>\n\n\n\n<p>T\u00e4m\u00e4nkertainen oletus v\u00e4\u00e4r\u00e4st\u00e4 h\u00e4lytyksest\u00e4 on toistaiseksi pelkk\u00e4\u00e4 spekulaatiota, mutta jo oletus kertoo jotain huolestuttavaa tieteen tekemisest\u00e4.<\/p>\n\n\n\n<p>Kylm\u00e4nviile\u00e4n objektiivisuuden tavoittelustaan huolimatta tutkijat ovat ihmisi\u00e4 siin\u00e4 miss\u00e4 itse kukin meist\u00e4 muista. Ylpeys, kateus ja kunnianhimo ajavat heit\u00e4 eteenp\u00e4in samaan tapaan kuin ket\u00e4 hyv\u00e4ns\u00e4.<\/p>\n\n\n\n<p>Ja etenkin raha. Nykyisin melkein mik\u00e4 tahansa merkitt\u00e4v\u00e4 tiedeprojekti maksaa maltaita. Vuonna 1992 tehty LIGO-laboratorion rahoitusp\u00e4\u00e4t\u00f6s oli kaikkien aikojen suurin Yhdysvaltain kansallisen tiedes\u00e4\u00e4ti\u00f6n (National Science Foundation) satsaus. T\u00e4h\u00e4n menness\u00e4 hanke on maksanut yli miljardi dollaria.<\/p>\n\n\n\n<p>Vaikka <b>Albert Einsteinin<\/b> yleisen suhteellisuusteorian ennustamat gravitaatioaallot ovat hyvin heikkoja ja \u00e4\u00e4rimm\u00e4isen hankalia havaita, tulosta pit\u00e4isi synty\u00e4. Nyt n\u00e4ytt\u00e4\u00e4 silt\u00e4, ett\u00e4 sit\u00e4 on syntynyt, mutta tieteen luonteelle on ominaista ikuinen ep\u00e4ilys: havainnot kaipaavat varmistusta.<\/p>\n\n\n\n<p>&nbsp;<\/p>\n\n\n\n<p><i>Kirjoittaja on Tiedetuubi.fi-sivuston toimitusp\u00e4\u00e4llikk\u00f6.<\/i><\/p>\n\n\n","protected":false},"excerpt":{"rendered":"<p>Tiedemaailmassa kuohuu j\u00e4lleen. Vaikka luonnontieteellinen tutkimus on eksaktiuden perikuva, kaikki ei v\u00e4ltt\u00e4m\u00e4tt\u00e4 ole aina sit\u00e4, milt\u00e4 se n\u00e4ytt\u00e4\u00e4. Viime syyskuun 14. p\u00e4iv\u00e4 hieman ennen meik\u00e4l\u00e4ist\u00e4 puoltap\u00e4iv\u00e4\u00e4 havaittiin LIGO-observatorion (Laser Interferometer<br \/>\nGravitational-Wav&hellip;<\/p>\n","protected":false},"author":557,"featured_media":0,"comment_status":"open","ping_status":"open","sticky":false,"template":"","format":"standard","meta":{"_acf_changed":false,"asauth_required_access_level":3,"asauth_cansharepaid":"true","om_header_attributes":[],"footnotes":"","om_featured_image_focal_point":[],"om_primary_tag":0,"om_contributors":[],"om_co_authors":[],"beyondwords_generate_audio":"","beyondwords_project_id":"","beyondwords_content_id":"","beyondwords_preview_token":"","beyondwords_player_content":"","beyondwords_player_style":"","beyondwords_language_code":"","beyondwords_language_id":"","beyondwords_title_voice_id":"","beyondwords_body_voice_id":"","beyondwords_summary_voice_id":"","beyondwords_error_message":"","beyondwords_disabled":"","beyondwords_delete_content":"","beyondwords_podcast_id":"","beyondwords_hash":"","publish_post_to_speechkit":"","speechkit_hash":"","speechkit_generate_audio":"","speechkit_project_id":"","speechkit_podcast_id":"","speechkit_error_message":"","speechkit_disabled":"","speechkit_access_key":"","speechkit_error":"","speechkit_info":"","speechkit_response":"","speechkit_retries":"","speechkit_status":"","speechkit_updated_at":"","_speechkit_link":"","_speechkit_text":""},"categories":[1],"tags":[168],"class_list":["post-426","post","type-post","status-publish","format-standard","hentry","category-taivaan-tahden","tag-gravitaatioaallot"],"om_views":null,"acf":{"tuuma_off":false,"tuuma_kysymys":"","tuuma_vastaus":""},"asauth":{"required_access_level":1,"share_token":"","is_paid":false},"yoast_head":"<!-- This site is optimized with the Yoast SEO plugin v26.4 - https:\/\/yoast.com\/wordpress\/plugins\/seo\/ -->\n<title>Gravitaatioaallot \u2013 ollako vai eik\u00f6 olla? - Taivaan t\u00e4hden<\/title>\n<meta name=\"robots\" content=\"index, follow, max-snippet:-1, max-image-preview:large, max-video-preview:-1\" \/>\n<link rel=\"canonical\" href=\"https:\/\/suomenkuvalehti.fi\/taivaan-tahden\/2016\/02\/19\/gravitaatioaallot-ollako-vai-eiko-olla\/\" \/>\n<meta property=\"og:locale\" content=\"fi_FI\" \/>\n<meta property=\"og:type\" content=\"article\" \/>\n<meta property=\"og:title\" content=\"Gravitaatioaallot \u2013 ollako vai eik\u00f6 olla? - Taivaan t\u00e4hden\" \/>\n<meta property=\"og:description\" content=\"Tiedemaailmassa kuohuu j\u00e4lleen. Vaikka luonnontieteellinen tutkimus on eksaktiuden perikuva, kaikki ei v\u00e4ltt\u00e4m\u00e4tt\u00e4 ole aina sit\u00e4, milt\u00e4 se n\u00e4ytt\u00e4\u00e4. Viime syyskuun 14. p\u00e4iv\u00e4 hieman ennen meik\u00e4l\u00e4ist\u00e4 puoltap\u00e4iv\u00e4\u00e4 havaittiin LIGO-observatorion (Laser Interferometer Gravitational-Wav&hellip;\" \/>\n<meta property=\"og:url\" content=\"https:\/\/suomenkuvalehti.fi\/taivaan-tahden\/2016\/02\/19\/gravitaatioaallot-ollako-vai-eiko-olla\/\" \/>\n<meta property=\"og:site_name\" content=\"Taivaan t\u00e4hden\" \/>\n<meta property=\"article:published_time\" content=\"2016-02-19T11:28:54+00:00\" \/>\n<meta property=\"article:modified_time\" content=\"2016-02-19T13:13:32+00:00\" \/>\n<meta property=\"og:image\" content=\"https:\/\/suomenkuvalehti.fi\/taivaan-tahden\/wp-content\/uploads\/sites\/36\/2016\/02\/gravity-waves-3.jpg\" \/>\n\t<meta property=\"og:image:width\" content=\"886\" \/>\n\t<meta property=\"og:image:height\" content=\"886\" \/>\n\t<meta property=\"og:image:type\" content=\"image\/jpeg\" \/>\n<meta name=\"author\" content=\"Markus Hotakainen\" \/>\n<meta name=\"twitter:card\" content=\"summary_large_image\" \/>\n<meta name=\"twitter:label1\" content=\"Written by\" \/>\n\t<meta name=\"twitter:data1\" content=\"Markus Hotakainen\" \/>\n\t<meta name=\"twitter:label2\" content=\"Est. reading time\" \/>\n\t<meta name=\"twitter:data2\" content=\"2 minuuttia\" \/>\n<script type=\"application\/ld+json\" class=\"yoast-schema-graph\">{\"@context\":\"https:\/\/schema.org\",\"@graph\":[{\"@type\":\"WebPage\",\"@id\":\"https:\/\/suomenkuvalehti.fi\/taivaan-tahden\/2016\/02\/19\/gravitaatioaallot-ollako-vai-eiko-olla\/\",\"url\":\"https:\/\/suomenkuvalehti.fi\/taivaan-tahden\/2016\/02\/19\/gravitaatioaallot-ollako-vai-eiko-olla\/\",\"name\":\"Gravitaatioaallot \u2013 ollako vai eik\u00f6 olla? - Taivaan t\u00e4hden\",\"isPartOf\":{\"@id\":\"https:\/\/suomenkuvalehti.fi\/taivaan-tahden\/#website\"},\"primaryImageOfPage\":{\"@id\":\"https:\/\/suomenkuvalehti.fi\/taivaan-tahden\/2016\/02\/19\/gravitaatioaallot-ollako-vai-eiko-olla\/#primaryimage\"},\"image\":{\"@id\":\"https:\/\/suomenkuvalehti.fi\/taivaan-tahden\/2016\/02\/19\/gravitaatioaallot-ollako-vai-eiko-olla\/#primaryimage\"},\"thumbnailUrl\":\"https:\/\/suomenkuvalehti.fi\/taivaan-tahden\/wp-content\/uploads\/sites\/36\/2016\/02\/gravity-waves-3.jpg\",\"datePublished\":\"2016-02-19T11:28:54+00:00\",\"dateModified\":\"2016-02-19T13:13:32+00:00\",\"author\":{\"@id\":\"https:\/\/suomenkuvalehti.fi\/taivaan-tahden\/#\/schema\/person\/c9c1373acb19750e11084ef640abeae0\"},\"breadcrumb\":{\"@id\":\"https:\/\/suomenkuvalehti.fi\/taivaan-tahden\/2016\/02\/19\/gravitaatioaallot-ollako-vai-eiko-olla\/#breadcrumb\"},\"inLanguage\":\"fi\",\"potentialAction\":[{\"@type\":\"ReadAction\",\"target\":[\"https:\/\/suomenkuvalehti.fi\/taivaan-tahden\/2016\/02\/19\/gravitaatioaallot-ollako-vai-eiko-olla\/\"]}]},{\"@type\":\"ImageObject\",\"inLanguage\":\"fi\",\"@id\":\"https:\/\/suomenkuvalehti.fi\/taivaan-tahden\/2016\/02\/19\/gravitaatioaallot-ollako-vai-eiko-olla\/#primaryimage\",\"url\":\"https:\/\/suomenkuvalehti.fi\/taivaan-tahden\/wp-content\/uploads\/sites\/36\/2016\/02\/gravity-waves-3.jpg\",\"contentUrl\":\"https:\/\/suomenkuvalehti.fi\/taivaan-tahden\/wp-content\/uploads\/sites\/36\/2016\/02\/gravity-waves-3.jpg\"},{\"@type\":\"BreadcrumbList\",\"@id\":\"https:\/\/suomenkuvalehti.fi\/taivaan-tahden\/2016\/02\/19\/gravitaatioaallot-ollako-vai-eiko-olla\/#breadcrumb\",\"itemListElement\":[{\"@type\":\"ListItem\",\"position\":1,\"name\":\"Home\",\"item\":\"https:\/\/suomenkuvalehti.fi\/taivaan-tahden\/\"},{\"@type\":\"ListItem\",\"position\":2,\"name\":\"Gravitaatioaallot \u2013 ollako vai eik\u00f6 olla?\"}]},{\"@type\":\"WebSite\",\"@id\":\"https:\/\/suomenkuvalehti.fi\/taivaan-tahden\/#website\",\"url\":\"https:\/\/suomenkuvalehti.fi\/taivaan-tahden\/\",\"name\":\"Taivaan t\u00e4hden\",\"description\":\"Tiedetoimittaja Markus Hotakainen h\u00e4mm\u00e4stelee maailmankaikkeutta.\",\"potentialAction\":[{\"@type\":\"SearchAction\",\"target\":{\"@type\":\"EntryPoint\",\"urlTemplate\":\"https:\/\/suomenkuvalehti.fi\/haku\/?q={search_term_string}\"},\"query-input\":{\"@type\":\"PropertyValueSpecification\",\"valueRequired\":true,\"valueName\":\"search_term_string\"}}],\"inLanguage\":\"fi\"},{\"@type\":\"Person\",\"@id\":\"https:\/\/suomenkuvalehti.fi\/taivaan-tahden\/#\/schema\/person\/c9c1373acb19750e11084ef640abeae0\",\"name\":\"Markus Hotakainen\",\"image\":{\"@type\":\"ImageObject\",\"inLanguage\":\"fi\",\"@id\":\"https:\/\/suomenkuvalehti.fi\/taivaan-tahden\/#\/schema\/person\/image\/\",\"url\":\"https:\/\/suomenkuvalehti.fi\/taivaan-tahden\/wp-content\/uploads\/sites\/36\/2018\/05\/markus_hotakainen_blogi_pieni-150x150.jpg\",\"contentUrl\":\"https:\/\/suomenkuvalehti.fi\/taivaan-tahden\/wp-content\/uploads\/sites\/36\/2018\/05\/markus_hotakainen_blogi_pieni-150x150.jpg\",\"caption\":\"Markus Hotakainen\"},\"description\":\"Kirjoittaja on tiedetoimittaja ja tietokirjailija.\"}]}<\/script>\n<!-- \/ Yoast SEO plugin. -->","yoast_head_json":{"title":"Gravitaatioaallot \u2013 ollako vai eik\u00f6 olla? - Taivaan t\u00e4hden","robots":{"index":"index","follow":"follow","max-snippet":"max-snippet:-1","max-image-preview":"max-image-preview:large","max-video-preview":"max-video-preview:-1"},"canonical":"https:\/\/suomenkuvalehti.fi\/taivaan-tahden\/2016\/02\/19\/gravitaatioaallot-ollako-vai-eiko-olla\/","og_locale":"fi_FI","og_type":"article","og_title":"Gravitaatioaallot \u2013 ollako vai eik\u00f6 olla? - Taivaan t\u00e4hden","og_description":"Tiedemaailmassa kuohuu j\u00e4lleen. Vaikka luonnontieteellinen tutkimus on eksaktiuden perikuva, kaikki ei v\u00e4ltt\u00e4m\u00e4tt\u00e4 ole aina sit\u00e4, milt\u00e4 se n\u00e4ytt\u00e4\u00e4. Viime syyskuun 14. p\u00e4iv\u00e4 hieman ennen meik\u00e4l\u00e4ist\u00e4 puoltap\u00e4iv\u00e4\u00e4 havaittiin LIGO-observatorion (Laser Interferometer Gravitational-Wav&hellip;","og_url":"https:\/\/suomenkuvalehti.fi\/taivaan-tahden\/2016\/02\/19\/gravitaatioaallot-ollako-vai-eiko-olla\/","og_site_name":"Taivaan t\u00e4hden","article_published_time":"2016-02-19T11:28:54+00:00","article_modified_time":"2016-02-19T13:13:32+00:00","og_image":[{"width":886,"height":886,"url":"https:\/\/suomenkuvalehti.fi\/taivaan-tahden\/wp-content\/uploads\/sites\/36\/2016\/02\/gravity-waves-3.jpg","type":"image\/jpeg"}],"author":"Markus Hotakainen","twitter_card":"summary_large_image","twitter_misc":{"Written by":"Markus Hotakainen","Est. reading time":"2 minuuttia"},"schema":{"@context":"https:\/\/schema.org","@graph":[{"@type":"WebPage","@id":"https:\/\/suomenkuvalehti.fi\/taivaan-tahden\/2016\/02\/19\/gravitaatioaallot-ollako-vai-eiko-olla\/","url":"https:\/\/suomenkuvalehti.fi\/taivaan-tahden\/2016\/02\/19\/gravitaatioaallot-ollako-vai-eiko-olla\/","name":"Gravitaatioaallot \u2013 ollako vai eik\u00f6 olla? - Taivaan t\u00e4hden","isPartOf":{"@id":"https:\/\/suomenkuvalehti.fi\/taivaan-tahden\/#website"},"primaryImageOfPage":{"@id":"https:\/\/suomenkuvalehti.fi\/taivaan-tahden\/2016\/02\/19\/gravitaatioaallot-ollako-vai-eiko-olla\/#primaryimage"},"image":{"@id":"https:\/\/suomenkuvalehti.fi\/taivaan-tahden\/2016\/02\/19\/gravitaatioaallot-ollako-vai-eiko-olla\/#primaryimage"},"thumbnailUrl":"https:\/\/suomenkuvalehti.fi\/taivaan-tahden\/wp-content\/uploads\/sites\/36\/2016\/02\/gravity-waves-3.jpg","datePublished":"2016-02-19T11:28:54+00:00","dateModified":"2016-02-19T13:13:32+00:00","author":{"@id":"https:\/\/suomenkuvalehti.fi\/taivaan-tahden\/#\/schema\/person\/c9c1373acb19750e11084ef640abeae0"},"breadcrumb":{"@id":"https:\/\/suomenkuvalehti.fi\/taivaan-tahden\/2016\/02\/19\/gravitaatioaallot-ollako-vai-eiko-olla\/#breadcrumb"},"inLanguage":"fi","potentialAction":[{"@type":"ReadAction","target":["https:\/\/suomenkuvalehti.fi\/taivaan-tahden\/2016\/02\/19\/gravitaatioaallot-ollako-vai-eiko-olla\/"]}]},{"@type":"ImageObject","inLanguage":"fi","@id":"https:\/\/suomenkuvalehti.fi\/taivaan-tahden\/2016\/02\/19\/gravitaatioaallot-ollako-vai-eiko-olla\/#primaryimage","url":"https:\/\/suomenkuvalehti.fi\/taivaan-tahden\/wp-content\/uploads\/sites\/36\/2016\/02\/gravity-waves-3.jpg","contentUrl":"https:\/\/suomenkuvalehti.fi\/taivaan-tahden\/wp-content\/uploads\/sites\/36\/2016\/02\/gravity-waves-3.jpg"},{"@type":"BreadcrumbList","@id":"https:\/\/suomenkuvalehti.fi\/taivaan-tahden\/2016\/02\/19\/gravitaatioaallot-ollako-vai-eiko-olla\/#breadcrumb","itemListElement":[{"@type":"ListItem","position":1,"name":"Home","item":"https:\/\/suomenkuvalehti.fi\/taivaan-tahden\/"},{"@type":"ListItem","position":2,"name":"Gravitaatioaallot \u2013 ollako vai eik\u00f6 olla?"}]},{"@type":"WebSite","@id":"https:\/\/suomenkuvalehti.fi\/taivaan-tahden\/#website","url":"https:\/\/suomenkuvalehti.fi\/taivaan-tahden\/","name":"Taivaan t\u00e4hden","description":"Tiedetoimittaja Markus Hotakainen h\u00e4mm\u00e4stelee maailmankaikkeutta.","potentialAction":[{"@type":"SearchAction","target":{"@type":"EntryPoint","urlTemplate":"https:\/\/suomenkuvalehti.fi\/haku\/?q={search_term_string}"},"query-input":{"@type":"PropertyValueSpecification","valueRequired":true,"valueName":"search_term_string"}}],"inLanguage":"fi"},{"@type":"Person","@id":"https:\/\/suomenkuvalehti.fi\/taivaan-tahden\/#\/schema\/person\/c9c1373acb19750e11084ef640abeae0","name":"Markus Hotakainen","image":{"@type":"ImageObject","inLanguage":"fi","@id":"https:\/\/suomenkuvalehti.fi\/taivaan-tahden\/#\/schema\/person\/image\/","url":"https:\/\/suomenkuvalehti.fi\/taivaan-tahden\/wp-content\/uploads\/sites\/36\/2018\/05\/markus_hotakainen_blogi_pieni-150x150.jpg","contentUrl":"https:\/\/suomenkuvalehti.fi\/taivaan-tahden\/wp-content\/uploads\/sites\/36\/2018\/05\/markus_hotakainen_blogi_pieni-150x150.jpg","caption":"Markus Hotakainen"},"description":"Kirjoittaja on tiedetoimittaja ja tietokirjailija."}]}},"_links":{"self":[{"href":"https:\/\/suomenkuvalehti.fi\/taivaan-tahden\/wp-json\/wp\/v2\/posts\/426","targetHints":{"allow":["GET"]}}],"collection":[{"href":"https:\/\/suomenkuvalehti.fi\/taivaan-tahden\/wp-json\/wp\/v2\/posts"}],"about":[{"href":"https:\/\/suomenkuvalehti.fi\/taivaan-tahden\/wp-json\/wp\/v2\/types\/post"}],"author":[{"embeddable":true,"href":"https:\/\/suomenkuvalehti.fi\/taivaan-tahden\/wp-json\/wp\/v2\/users\/557"}],"replies":[{"embeddable":true,"href":"https:\/\/suomenkuvalehti.fi\/taivaan-tahden\/wp-json\/wp\/v2\/comments?post=426"}],"version-history":[{"count":5,"href":"https:\/\/suomenkuvalehti.fi\/taivaan-tahden\/wp-json\/wp\/v2\/posts\/426\/revisions"}],"predecessor-version":[{"id":433,"href":"https:\/\/suomenkuvalehti.fi\/taivaan-tahden\/wp-json\/wp\/v2\/posts\/426\/revisions\/433"}],"wp:attachment":[{"href":"https:\/\/suomenkuvalehti.fi\/taivaan-tahden\/wp-json\/wp\/v2\/media?parent=426"}],"wp:term":[{"taxonomy":"category","embeddable":true,"href":"https:\/\/suomenkuvalehti.fi\/taivaan-tahden\/wp-json\/wp\/v2\/categories?post=426"},{"taxonomy":"post_tag","embeddable":true,"href":"https:\/\/suomenkuvalehti.fi\/taivaan-tahden\/wp-json\/wp\/v2\/tags?post=426"}],"curies":[{"name":"wp","href":"https:\/\/api.w.org\/{rel}","templated":true}]}}