{"id":409,"date":"2016-01-31T09:46:55","date_gmt":"2016-01-31T07:46:55","guid":{"rendered":"https:\/\/suomenkuvalehti.fi\/taivaan-tahden\/?p=409"},"modified":"2016-01-31T09:46:55","modified_gmt":"2016-01-31T07:46:55","slug":"oliko-galileo-galilei-tyhma","status":"publish","type":"post","link":"https:\/\/suomenkuvalehti.fi\/taivaan-tahden\/2016\/01\/31\/oliko-galileo-galilei-tyhma\/","title":{"rendered":"Oliko Galileo Galilei tyhm\u00e4?"},"content":{"rendered":"<figure class=\"aligncenter size-full wp-block-image\">\n  <div class=\"wp-block-image__inner-container\">\n    <a href=\"https:\/\/suomenkuvalehti.fi\/taivaan-tahden\/wp-content\/uploads\/sites\/36\/2016\/01\/gallo.jpg\" rel=\"attachment wp-att-411\"><img loading=\"lazy\" decoding=\"async\" src=\"https:\/\/suomenkuvalehti.fi\/taivaan-tahden\/wp-content\/uploads\/sites\/36\/2016\/01\/gallo.jpg\" alt=\"\" class=\"wp-image-411\" width=\"886\" height=\"579\" style=\"--aspect-ratio: 1.53\" srcset=\"https:\/\/suomenkuvalehti.fi\/taivaan-tahden\/wp-content\/uploads\/sites\/36\/2016\/01\/gallo.jpg 886w, https:\/\/suomenkuvalehti.fi\/taivaan-tahden\/wp-content\/uploads\/sites\/36\/2016\/01\/gallo-300x196.jpg 300w, https:\/\/suomenkuvalehti.fi\/taivaan-tahden\/wp-content\/uploads\/sites\/36\/2016\/01\/gallo-768x502.jpg 768w\" sizes=\"auto, (max-width: 886px) 100vw, 886px\" \/><\/a>    <figcaption class=\"wp-block-image__figcaption\">\n      Galileo Galilei esittelem\u00e4ss\u00e4 kaukoputkeaan Venetsian eliitille. Kuva: Wellcome Images\/CC-BY-4.0          <\/figcaption>\n      <\/div>\n<\/figure>\n\n\n<p>\u00c4kkiselt\u00e4\u00e4n kummallinen kysymys, kun kyse on kuitenkin maailmankuvamme kehityksen kannalta keskeisest\u00e4 hahmosta.<\/p>\n\n\n\n<p>1600-luvun alussa Galilei kuuli huhuja instrumentista, jolla n\u00e4kee kauas. Vaikka optiikan perusteet olivat herralla v\u00e4h\u00e4n hakusessa, onnistui kiivasluontoinen italialainen rakentamaan toimivan kaukoputken.<\/p>\n\n\n\n<p>Laadultaan se ei ollut h\u00e4\u00e4pp\u00f6inen. Linssi oli pieni, suurennus v\u00e4h\u00e4inen ja n\u00e4k\u00f6kentt\u00e4 rajallinen; Kuustakin n\u00e4kyi vain pieni palanen kerrallaan. Silti teleskoopin tuottamat tulokset olivat mullistavia.<\/p>\n\n\n\n<p>Galilei totesi, ett\u00e4 Kuu ei olekaan t\u00e4ydellisen sile\u00e4 pallo, kuten aiemmin oli kuviteltu. Planeetoista kirkkaimmalla eli Venuksella n\u00e4ytti olevan samanlaiset vaiheet kuin Kuulla. Jupiteria kiersi nelj\u00e4 pient\u00e4 kuuta, vaikka kaiken kiertoliikkeen piti tapahtuman Maan ymp\u00e4ri. Ja my\u00f6s Saturnuksella oli kaksi kuuta ymp\u00e4rill\u00e4\u00e4n.<\/p>\n\n\n\n<p>Viimeisess\u00e4 arviossa Galilei meni mets\u00e4\u00e4n, mutta se ei viel\u00e4 tee h\u00e4nest\u00e4 tyhm\u00e4\u00e4. Suorituskyvylt\u00e4\u00e4n vaatimaton kaukoputki ei kyennyt n\u00e4ytt\u00e4m\u00e4\u00e4n Saturnuksen renkaiden todellista luonnetta. Galilei oli n\u00e4kevin\u00e4\u00e4n planeetan molemmin puolin kookkaahkon pallon &#8211; eli Saturnuksella oli kaksi kuuta. P\u00e4\u00e4telm\u00e4\u00e4n oli hyv\u00e4t perusteet, koska Jupiteriltakin oli l\u00f6ytynyt kuita, mutta se oli silti v\u00e4\u00e4r\u00e4.<\/p>\n\n\n\n<p>Legendan mukaan Galilei suuttui Saturnukselle, sill\u00e4 pian kuut katosivat, eik\u00e4 suostunut en\u00e4\u00e4 koskaan katsomaan planeettaa kaukoputkellaan. Nyt tiedet\u00e4\u00e4n, ett\u00e4 syyn\u00e4 oli renkaiden asennon muuttuminen. Maasta katsottuna ne n\u00e4kyv\u00e4t ajoittain suoraan tason suunnasta, jolloin ne eiv\u00e4t itse asiassa n\u00e4y lainkaan. T\u00e4t\u00e4 Galilei ei tiennyt.<\/p>\n\n\n\n<p>Monen legendan tapaan t\u00e4m\u00e4 ei ole totta, sill\u00e4 Galilei katseli Saturnusta my\u00f6hemmin ja teki siit\u00e4 piirroksiakin.<\/p>\n\n\n\n<p>Toinen legenda kertoo syyn Galilein sokeutumiselle. H\u00e4nen mullistavien havaintojensa joukossa olivat my\u00f6s auringonpilkut. Vanhan k\u00e4sityksen mukaan Aurinko on yht\u00e4 t\u00e4ydellinen kappale kuin Kuu, joten sen pinnalla ei voisi olla mit\u00e4\u00e4n &#8221;ep\u00e4puhtauksia&#8221;.<\/p>\n\n\n\n<p>Galilei onnistui kuitenkin erottamaan Auringosta pieni\u00e4 tummia tahroja. Ne eiv\u00e4t voineet olla esimerkiksi p\u00e4iv\u00e4nkehr\u00e4n editse sattumoisin lent\u00e4vi\u00e4 lintuja, sill\u00e4 ne n\u00e4kyiv\u00e4t&nbsp;useiden p\u00e4ivien ajan. Pilkkujen t\u00e4ytyi olla Auringon itsens\u00e4 ilmi\u00f6.<\/p>\n\n\n\n<p>Jokainen kaukoputken kanssa tekemisiss\u00e4 ollut tiet\u00e4\u00e4, ettei sit\u00e4 saa suunnata Aurinkoon, ellei k\u00e4yt\u00f6ss\u00e4 ole asianmukaista suodatinta. Kaukoputki tai mik\u00e4 tahansa optinen laite keskitt\u00e4\u00e4 valon polttopisteeseen, jossa Auringon tapauksessa l\u00e4mp\u00f6tila nousee korkeaksi. Jos siihen laittaa silm\u00e4ns\u00e4, lopputulos on varma: silm\u00e4\u00e4n tulee vakavia vaurioita, voipa n\u00e4k\u00f6 menn\u00e4 kokonaankin.<\/p>\n\n\n\n<p>Olisiko Galilei tosiaan suunnannut kaukoputkensa kohti Aurinkoa? Ep\u00e4ilem\u00e4tt\u00e4 h\u00e4n niin teki, koska pystyi n\u00e4kem\u00e4\u00e4n sen pinnalla tummia t\u00e4pli\u00e4.<\/p>\n\n\n\n<p>Mutta olisiko Galilei ollut niin tyhm\u00e4, ett\u00e4 olisi katsellut Aurinkoa kummallakin silm\u00e4ll\u00e4, ik\u00e4\u00e4n kuin varmistaakseen, ett\u00e4 yhden silm\u00e4n sijasta k\u00e4r\u00e4ytti molemmat?<\/p>\n\n\n\n<p>Tuskin. Sit\u00e4 paitsi Galilei menetti n\u00e4k\u00f6ns\u00e4 vasta vanhoilla p\u00e4ivill\u00e4\u00e4n.<\/p>\n\n\n\n<p>&nbsp;<\/p>\n\n\n","protected":false},"excerpt":{"rendered":"<p>\u00c4kkiselt\u00e4\u00e4n kummallinen kysymys, kun kyse on kuitenkin maailmankuvamme kehityksen kannalta keskeisest\u00e4 hahmosta. 1600-luvun alussa Galilei kuuli huhuja instrumentista, jolla n\u00e4kee kauas. Vaikka optiikan perusteet olivat herralla v\u00e4h\u00e4n hakusessa, onnistui kiivasluontoinen italialainen<br \/>\nrakent&hellip;<\/p>\n","protected":false},"author":557,"featured_media":0,"comment_status":"open","ping_status":"open","sticky":false,"template":"","format":"standard","meta":{"_acf_changed":false,"asauth_required_access_level":3,"asauth_cansharepaid":"true","om_header_attributes":[],"footnotes":"","om_featured_image_focal_point":[],"om_primary_tag":0,"om_contributors":[],"om_co_authors":[],"beyondwords_generate_audio":"","beyondwords_project_id":"","beyondwords_content_id":"","beyondwords_preview_token":"","beyondwords_player_content":"","beyondwords_player_style":"","beyondwords_language_code":"","beyondwords_language_id":"","beyondwords_title_voice_id":"","beyondwords_body_voice_id":"","beyondwords_summary_voice_id":"","beyondwords_error_message":"","beyondwords_disabled":"","beyondwords_delete_content":"","beyondwords_podcast_id":"","beyondwords_hash":"","publish_post_to_speechkit":"","speechkit_hash":"","speechkit_generate_audio":"","speechkit_project_id":"","speechkit_podcast_id":"","speechkit_error_message":"","speechkit_disabled":"","speechkit_access_key":"","speechkit_error":"","speechkit_info":"","speechkit_response":"","speechkit_retries":"","speechkit_status":"","speechkit_updated_at":"","_speechkit_link":"","_speechkit_text":""},"categories":[1],"tags":[4,165,13,80,5,119,14],"class_list":["post-409","post","type-post","status-publish","format-standard","hentry","category-taivaan-tahden","tag-aurinko","tag-galilei","tag-jupiter","tag-kaukoputki","tag-kuu","tag-saturnus","tag-venus"],"om_views":null,"acf":{"tuuma_off":false,"tuuma_kysymys":"","tuuma_vastaus":""},"asauth":{"required_access_level":1,"share_token":"","is_paid":false},"yoast_head":"<!-- This site is optimized with the Yoast SEO plugin v26.4 - https:\/\/yoast.com\/wordpress\/plugins\/seo\/ -->\n<title>Oliko Galileo Galilei tyhm\u00e4? - Taivaan t\u00e4hden<\/title>\n<meta name=\"robots\" content=\"index, follow, max-snippet:-1, max-image-preview:large, max-video-preview:-1\" \/>\n<link rel=\"canonical\" href=\"https:\/\/suomenkuvalehti.fi\/taivaan-tahden\/2016\/01\/31\/oliko-galileo-galilei-tyhma\/\" \/>\n<meta property=\"og:locale\" content=\"fi_FI\" \/>\n<meta property=\"og:type\" content=\"article\" \/>\n<meta property=\"og:title\" content=\"Oliko Galileo Galilei tyhm\u00e4? - Taivaan t\u00e4hden\" \/>\n<meta property=\"og:description\" content=\"\u00c4kkiselt\u00e4\u00e4n kummallinen kysymys, kun kyse on kuitenkin maailmankuvamme kehityksen kannalta keskeisest\u00e4 hahmosta. 1600-luvun alussa Galilei kuuli huhuja instrumentista, jolla n\u00e4kee kauas. Vaikka optiikan perusteet olivat herralla v\u00e4h\u00e4n hakusessa, onnistui kiivasluontoinen italialainen rakent&hellip;\" \/>\n<meta property=\"og:url\" content=\"https:\/\/suomenkuvalehti.fi\/taivaan-tahden\/2016\/01\/31\/oliko-galileo-galilei-tyhma\/\" \/>\n<meta property=\"og:site_name\" content=\"Taivaan t\u00e4hden\" \/>\n<meta property=\"article:published_time\" content=\"2016-01-31T07:46:55+00:00\" \/>\n<meta property=\"og:image\" content=\"https:\/\/suomenkuvalehti.fi\/taivaan-tahden\/wp-content\/uploads\/sites\/36\/2016\/01\/gallo.jpg\" \/>\n<meta name=\"author\" content=\"Markus Hotakainen\" \/>\n<meta name=\"twitter:card\" content=\"summary_large_image\" \/>\n<meta name=\"twitter:label1\" content=\"Written by\" \/>\n\t<meta name=\"twitter:data1\" content=\"Markus Hotakainen\" \/>\n\t<meta name=\"twitter:label2\" content=\"Est. reading time\" \/>\n\t<meta name=\"twitter:data2\" content=\"2 minuuttia\" \/>\n<script type=\"application\/ld+json\" class=\"yoast-schema-graph\">{\"@context\":\"https:\/\/schema.org\",\"@graph\":[{\"@type\":\"WebPage\",\"@id\":\"https:\/\/suomenkuvalehti.fi\/taivaan-tahden\/2016\/01\/31\/oliko-galileo-galilei-tyhma\/\",\"url\":\"https:\/\/suomenkuvalehti.fi\/taivaan-tahden\/2016\/01\/31\/oliko-galileo-galilei-tyhma\/\",\"name\":\"Oliko Galileo Galilei tyhm\u00e4? - Taivaan t\u00e4hden\",\"isPartOf\":{\"@id\":\"https:\/\/suomenkuvalehti.fi\/taivaan-tahden\/#website\"},\"primaryImageOfPage\":{\"@id\":\"https:\/\/suomenkuvalehti.fi\/taivaan-tahden\/2016\/01\/31\/oliko-galileo-galilei-tyhma\/#primaryimage\"},\"image\":{\"@id\":\"https:\/\/suomenkuvalehti.fi\/taivaan-tahden\/2016\/01\/31\/oliko-galileo-galilei-tyhma\/#primaryimage\"},\"thumbnailUrl\":\"https:\/\/suomenkuvalehti.fi\/taivaan-tahden\/wp-content\/uploads\/sites\/36\/2016\/01\/gallo.jpg\",\"datePublished\":\"2016-01-31T07:46:55+00:00\",\"author\":{\"@id\":\"https:\/\/suomenkuvalehti.fi\/taivaan-tahden\/#\/schema\/person\/c9c1373acb19750e11084ef640abeae0\"},\"breadcrumb\":{\"@id\":\"https:\/\/suomenkuvalehti.fi\/taivaan-tahden\/2016\/01\/31\/oliko-galileo-galilei-tyhma\/#breadcrumb\"},\"inLanguage\":\"fi\",\"potentialAction\":[{\"@type\":\"ReadAction\",\"target\":[\"https:\/\/suomenkuvalehti.fi\/taivaan-tahden\/2016\/01\/31\/oliko-galileo-galilei-tyhma\/\"]}]},{\"@type\":\"ImageObject\",\"inLanguage\":\"fi\",\"@id\":\"https:\/\/suomenkuvalehti.fi\/taivaan-tahden\/2016\/01\/31\/oliko-galileo-galilei-tyhma\/#primaryimage\",\"url\":\"https:\/\/suomenkuvalehti.fi\/taivaan-tahden\/wp-content\/uploads\/sites\/36\/2016\/01\/gallo.jpg\",\"contentUrl\":\"https:\/\/suomenkuvalehti.fi\/taivaan-tahden\/wp-content\/uploads\/sites\/36\/2016\/01\/gallo.jpg\"},{\"@type\":\"BreadcrumbList\",\"@id\":\"https:\/\/suomenkuvalehti.fi\/taivaan-tahden\/2016\/01\/31\/oliko-galileo-galilei-tyhma\/#breadcrumb\",\"itemListElement\":[{\"@type\":\"ListItem\",\"position\":1,\"name\":\"Home\",\"item\":\"https:\/\/suomenkuvalehti.fi\/taivaan-tahden\/\"},{\"@type\":\"ListItem\",\"position\":2,\"name\":\"Oliko Galileo Galilei tyhm\u00e4?\"}]},{\"@type\":\"WebSite\",\"@id\":\"https:\/\/suomenkuvalehti.fi\/taivaan-tahden\/#website\",\"url\":\"https:\/\/suomenkuvalehti.fi\/taivaan-tahden\/\",\"name\":\"Taivaan t\u00e4hden\",\"description\":\"Tiedetoimittaja Markus Hotakainen h\u00e4mm\u00e4stelee maailmankaikkeutta.\",\"potentialAction\":[{\"@type\":\"SearchAction\",\"target\":{\"@type\":\"EntryPoint\",\"urlTemplate\":\"https:\/\/suomenkuvalehti.fi\/haku\/?q={search_term_string}\"},\"query-input\":{\"@type\":\"PropertyValueSpecification\",\"valueRequired\":true,\"valueName\":\"search_term_string\"}}],\"inLanguage\":\"fi\"},{\"@type\":\"Person\",\"@id\":\"https:\/\/suomenkuvalehti.fi\/taivaan-tahden\/#\/schema\/person\/c9c1373acb19750e11084ef640abeae0\",\"name\":\"Markus Hotakainen\",\"image\":{\"@type\":\"ImageObject\",\"inLanguage\":\"fi\",\"@id\":\"https:\/\/suomenkuvalehti.fi\/taivaan-tahden\/#\/schema\/person\/image\/\",\"url\":\"https:\/\/suomenkuvalehti.fi\/taivaan-tahden\/wp-content\/uploads\/sites\/36\/2018\/05\/markus_hotakainen_blogi_pieni-150x150.jpg\",\"contentUrl\":\"https:\/\/suomenkuvalehti.fi\/taivaan-tahden\/wp-content\/uploads\/sites\/36\/2018\/05\/markus_hotakainen_blogi_pieni-150x150.jpg\",\"caption\":\"Markus Hotakainen\"},\"description\":\"Kirjoittaja on tiedetoimittaja ja tietokirjailija.\"}]}<\/script>\n<!-- \/ Yoast SEO plugin. -->","yoast_head_json":{"title":"Oliko Galileo Galilei tyhm\u00e4? - Taivaan t\u00e4hden","robots":{"index":"index","follow":"follow","max-snippet":"max-snippet:-1","max-image-preview":"max-image-preview:large","max-video-preview":"max-video-preview:-1"},"canonical":"https:\/\/suomenkuvalehti.fi\/taivaan-tahden\/2016\/01\/31\/oliko-galileo-galilei-tyhma\/","og_locale":"fi_FI","og_type":"article","og_title":"Oliko Galileo Galilei tyhm\u00e4? - Taivaan t\u00e4hden","og_description":"\u00c4kkiselt\u00e4\u00e4n kummallinen kysymys, kun kyse on kuitenkin maailmankuvamme kehityksen kannalta keskeisest\u00e4 hahmosta. 1600-luvun alussa Galilei kuuli huhuja instrumentista, jolla n\u00e4kee kauas. Vaikka optiikan perusteet olivat herralla v\u00e4h\u00e4n hakusessa, onnistui kiivasluontoinen italialainen rakent&hellip;","og_url":"https:\/\/suomenkuvalehti.fi\/taivaan-tahden\/2016\/01\/31\/oliko-galileo-galilei-tyhma\/","og_site_name":"Taivaan t\u00e4hden","article_published_time":"2016-01-31T07:46:55+00:00","og_image":[{"url":"https:\/\/suomenkuvalehti.fi\/taivaan-tahden\/wp-content\/uploads\/sites\/36\/2016\/01\/gallo.jpg","type":"","width":"","height":""}],"author":"Markus Hotakainen","twitter_card":"summary_large_image","twitter_misc":{"Written by":"Markus Hotakainen","Est. reading time":"2 minuuttia"},"schema":{"@context":"https:\/\/schema.org","@graph":[{"@type":"WebPage","@id":"https:\/\/suomenkuvalehti.fi\/taivaan-tahden\/2016\/01\/31\/oliko-galileo-galilei-tyhma\/","url":"https:\/\/suomenkuvalehti.fi\/taivaan-tahden\/2016\/01\/31\/oliko-galileo-galilei-tyhma\/","name":"Oliko Galileo Galilei tyhm\u00e4? - Taivaan t\u00e4hden","isPartOf":{"@id":"https:\/\/suomenkuvalehti.fi\/taivaan-tahden\/#website"},"primaryImageOfPage":{"@id":"https:\/\/suomenkuvalehti.fi\/taivaan-tahden\/2016\/01\/31\/oliko-galileo-galilei-tyhma\/#primaryimage"},"image":{"@id":"https:\/\/suomenkuvalehti.fi\/taivaan-tahden\/2016\/01\/31\/oliko-galileo-galilei-tyhma\/#primaryimage"},"thumbnailUrl":"https:\/\/suomenkuvalehti.fi\/taivaan-tahden\/wp-content\/uploads\/sites\/36\/2016\/01\/gallo.jpg","datePublished":"2016-01-31T07:46:55+00:00","author":{"@id":"https:\/\/suomenkuvalehti.fi\/taivaan-tahden\/#\/schema\/person\/c9c1373acb19750e11084ef640abeae0"},"breadcrumb":{"@id":"https:\/\/suomenkuvalehti.fi\/taivaan-tahden\/2016\/01\/31\/oliko-galileo-galilei-tyhma\/#breadcrumb"},"inLanguage":"fi","potentialAction":[{"@type":"ReadAction","target":["https:\/\/suomenkuvalehti.fi\/taivaan-tahden\/2016\/01\/31\/oliko-galileo-galilei-tyhma\/"]}]},{"@type":"ImageObject","inLanguage":"fi","@id":"https:\/\/suomenkuvalehti.fi\/taivaan-tahden\/2016\/01\/31\/oliko-galileo-galilei-tyhma\/#primaryimage","url":"https:\/\/suomenkuvalehti.fi\/taivaan-tahden\/wp-content\/uploads\/sites\/36\/2016\/01\/gallo.jpg","contentUrl":"https:\/\/suomenkuvalehti.fi\/taivaan-tahden\/wp-content\/uploads\/sites\/36\/2016\/01\/gallo.jpg"},{"@type":"BreadcrumbList","@id":"https:\/\/suomenkuvalehti.fi\/taivaan-tahden\/2016\/01\/31\/oliko-galileo-galilei-tyhma\/#breadcrumb","itemListElement":[{"@type":"ListItem","position":1,"name":"Home","item":"https:\/\/suomenkuvalehti.fi\/taivaan-tahden\/"},{"@type":"ListItem","position":2,"name":"Oliko Galileo Galilei tyhm\u00e4?"}]},{"@type":"WebSite","@id":"https:\/\/suomenkuvalehti.fi\/taivaan-tahden\/#website","url":"https:\/\/suomenkuvalehti.fi\/taivaan-tahden\/","name":"Taivaan t\u00e4hden","description":"Tiedetoimittaja Markus Hotakainen h\u00e4mm\u00e4stelee maailmankaikkeutta.","potentialAction":[{"@type":"SearchAction","target":{"@type":"EntryPoint","urlTemplate":"https:\/\/suomenkuvalehti.fi\/haku\/?q={search_term_string}"},"query-input":{"@type":"PropertyValueSpecification","valueRequired":true,"valueName":"search_term_string"}}],"inLanguage":"fi"},{"@type":"Person","@id":"https:\/\/suomenkuvalehti.fi\/taivaan-tahden\/#\/schema\/person\/c9c1373acb19750e11084ef640abeae0","name":"Markus Hotakainen","image":{"@type":"ImageObject","inLanguage":"fi","@id":"https:\/\/suomenkuvalehti.fi\/taivaan-tahden\/#\/schema\/person\/image\/","url":"https:\/\/suomenkuvalehti.fi\/taivaan-tahden\/wp-content\/uploads\/sites\/36\/2018\/05\/markus_hotakainen_blogi_pieni-150x150.jpg","contentUrl":"https:\/\/suomenkuvalehti.fi\/taivaan-tahden\/wp-content\/uploads\/sites\/36\/2018\/05\/markus_hotakainen_blogi_pieni-150x150.jpg","caption":"Markus Hotakainen"},"description":"Kirjoittaja on tiedetoimittaja ja tietokirjailija."}]}},"_links":{"self":[{"href":"https:\/\/suomenkuvalehti.fi\/taivaan-tahden\/wp-json\/wp\/v2\/posts\/409","targetHints":{"allow":["GET"]}}],"collection":[{"href":"https:\/\/suomenkuvalehti.fi\/taivaan-tahden\/wp-json\/wp\/v2\/posts"}],"about":[{"href":"https:\/\/suomenkuvalehti.fi\/taivaan-tahden\/wp-json\/wp\/v2\/types\/post"}],"author":[{"embeddable":true,"href":"https:\/\/suomenkuvalehti.fi\/taivaan-tahden\/wp-json\/wp\/v2\/users\/557"}],"replies":[{"embeddable":true,"href":"https:\/\/suomenkuvalehti.fi\/taivaan-tahden\/wp-json\/wp\/v2\/comments?post=409"}],"version-history":[{"count":3,"href":"https:\/\/suomenkuvalehti.fi\/taivaan-tahden\/wp-json\/wp\/v2\/posts\/409\/revisions"}],"predecessor-version":[{"id":413,"href":"https:\/\/suomenkuvalehti.fi\/taivaan-tahden\/wp-json\/wp\/v2\/posts\/409\/revisions\/413"}],"wp:attachment":[{"href":"https:\/\/suomenkuvalehti.fi\/taivaan-tahden\/wp-json\/wp\/v2\/media?parent=409"}],"wp:term":[{"taxonomy":"category","embeddable":true,"href":"https:\/\/suomenkuvalehti.fi\/taivaan-tahden\/wp-json\/wp\/v2\/categories?post=409"},{"taxonomy":"post_tag","embeddable":true,"href":"https:\/\/suomenkuvalehti.fi\/taivaan-tahden\/wp-json\/wp\/v2\/tags?post=409"}],"curies":[{"name":"wp","href":"https:\/\/api.w.org\/{rel}","templated":true}]}}