{"id":367,"date":"2015-12-17T09:34:52","date_gmt":"2015-12-17T07:34:52","guid":{"rendered":"https:\/\/suomenkuvalehti.fi\/taivaan-tahden\/?p=367"},"modified":"2015-12-17T09:34:52","modified_gmt":"2015-12-17T07:34:52","slug":"tyhmia-kysymyksia-osa-2","status":"publish","type":"post","link":"https:\/\/suomenkuvalehti.fi\/taivaan-tahden\/2015\/12\/17\/tyhmia-kysymyksia-osa-2\/","title":{"rendered":"\u201dTyhmi\u00e4\u201d kysymyksi\u00e4 &#8211; osa 2"},"content":{"rendered":"<figure class=\"aligncenter size-large is-resized wp-block-image\">\n  <div class=\"wp-block-image__inner-container\">\n    <a href=\"https:\/\/suomenkuvalehti.fi\/taivaan-tahden\/wp-content\/uploads\/sites\/36\/2015\/12\/002-Orion-Nebula.jpg\"><img loading=\"lazy\" decoding=\"async\" src=\"https:\/\/suomenkuvalehti.fi\/taivaan-tahden\/wp-content\/uploads\/sites\/36\/2015\/12\/002-Orion-Nebula-1021x1024.jpg\" alt=\"002-Orion-Nebula\" class=\"wp-image-368\" width=\"1021\" height=\"1024\" style=\"--aspect-ratio: 1\" srcset=\"https:\/\/suomenkuvalehti.fi\/taivaan-tahden\/wp-content\/uploads\/sites\/36\/2015\/12\/002-Orion-Nebula-1021x1024.jpg 1021w, https:\/\/suomenkuvalehti.fi\/taivaan-tahden\/wp-content\/uploads\/sites\/36\/2015\/12\/002-Orion-Nebula-150x150.jpg 150w, https:\/\/suomenkuvalehti.fi\/taivaan-tahden\/wp-content\/uploads\/sites\/36\/2015\/12\/002-Orion-Nebula-300x301.jpg 300w, https:\/\/suomenkuvalehti.fi\/taivaan-tahden\/wp-content\/uploads\/sites\/36\/2015\/12\/002-Orion-Nebula.jpg 1181w\" sizes=\"auto, (max-width: 1021px) 100vw, 1021px\" \/><\/a>    <figcaption class=\"wp-block-image__figcaption\">\n      Orionin kaasusumu n\u00e4kyy toki paremmin, jos taivaalla ei ole sumua. Kuva: NASA\/ESA\/M. Robberto (STScI\/ESA)          <\/figcaption>\n      <\/div>\n<\/figure>\n\n\n<p>Kuten edellisess\u00e4 blogitekstiss\u00e4ni totesin, tyhmi\u00e4 kysymyksi\u00e4 ei olekaan. Kummallisia k\u00e4sityksi\u00e4 ja v\u00e4\u00e4rinymm\u00e4rryksi\u00e4 sen sijaan esiintyy senkin edest\u00e4.<\/p>\n\n\n\n<p>Otollisia aikoja ja paikkoja niiden kuulemiseen ovat t\u00e4htitornit ja niiss\u00e4 pidett\u00e4v\u00e4t yleis\u00f6n\u00e4yt\u00f6kset. Ilmeisesti illan ja y\u00f6n pimeys antaa ihmisille rohkeutta esitt\u00e4\u00e4 n\u00e4kemyksi\u00e4, joista eiv\u00e4t ole aivan varmoja.<\/p>\n\n\n\n<p>Talvisten t\u00e4htin\u00e4yt\u00f6sten kestosuosikki on Orionin t\u00e4hdist\u00f6n suunnassa n\u00e4kyv\u00e4 Suuri kaasusumu. Se on valtava t\u00e4htienv\u00e4linen kaasu- ja p\u00f6lypilvi, jonka uumenissa syntyy kaiken aikaa uusia t\u00e4hti\u00e4.<\/p>\n\n\n\n<p>Keskell\u00e4 sumua on pieni t\u00e4htiryp\u00e4s, jolla on ik\u00e4\u00e4 ehk\u00e4 vain 300 000 vuotta. Sen ymp\u00e4rille levitt\u00e4ytyy vaaleita kaasukiehkuroita ja tummia p\u00f6lyjuovia.<\/p>\n\n\n\n<p>Valokuvissa tulee esiin vedylle ominainen punertava hohde, mutta kaukoputkella katsoessa &#8211; vaikka kaukoputki olisi isokin &#8211; sumu n\u00e4ytt\u00e4ytyy harmahtavana pilven\u00e4. Ja jos kaukoputki ei ole kovin iso, Orionin Suuri kaasusumu on melko vaatimaton ilmestys.<\/p>\n\n\n\n<p>Etenkin jos ei oikein tied\u00e4, mit\u00e4 n\u00e4kem\u00e4lt\u00e4\u00e4n odottaa.<\/p>\n\n\n\n<p>Kerran Kaivopuiston korkeimmalla kukkulalla n\u00f6k\u00f6tt\u00e4v\u00e4\u00e4n Ursan t\u00e4htitorniin kapusi hieman i\u00e4kk\u00e4\u00e4mpi asiakas. Orionin t\u00e4hdist\u00f6 keikkui etel\u00e4n suunnalla tumman meren yll\u00e4 ja kaukoputki oli suunnattu sen keskivaiheilla olevaan kaasusumuun.<\/p>\n\n\n\n<p>Kerroin, mist\u00e4 on kyse, millainen kohde kaukoputkessa on n\u00e4kyviss\u00e4 ja mit\u00e4 sen uumenissa tapahtuu. Kun kertasin, ett\u00e4 kaukoputkessa on nyt Orionin kaasusumu, mutta se ei n\u00e4y kauhean hyvin, okulaariin kurkannut vastik\u00e4\u00e4n paikalle tullut yleis\u00f6n edustaja totesi, ett\u00e4 \u201dJaa, jaa, t\u00e4ytyyp\u00e4 tulla uudestaan sitten kun ei ole sumua.\u201d<\/p>\n\n\n\n<p>Toisinaan hupaisat oivallukset eiv\u00e4t kavahda p\u00e4iv\u00e4nvaloakaan.<\/p>\n\n\n\n<p>Muinoin Kaivarissa pidettiin kes\u00e4isin ahkerasti konsertteja. Toisinaan s\u00e4\u00e4 suosi, toisinaan sitten taas ei. Kerran satoi kaatamalla &#8211; lavalla taisi olla Eppu Normaali &#8211; ja pidimme t\u00e4htitornin ovet auki, jotta tarjolla olisi sateensuojaa edes joillekin.<\/p>\n\n\n\n<p>Noihin aikoihin oli jo aloitettu aurinkon\u00e4yt\u00f6kset, jotka ajoittuivat kes\u00e4viikonloppuihin. Kaukoputkiin oli hankittu asianmukaiset suotimet, joiden l\u00e4pi p\u00e4iv\u00e4t\u00e4hte\u00e4mme saattoi tarkastella turvallisesti.<\/p>\n\n\n\n<p>Tuona sateisena sunnuntaina torniin portaat nousi iloinen lapsiperhe Lohjalta (paikkakunnan nimi muutettu). Aurinkon\u00e4yt\u00f6kseen olivat tulossa.<\/p>\n\n\n\n<p>\u201dP\u00e4iv\u00e4\u00e4. T\u00e4\u00e4ll\u00e4k\u00f6s n\u00e4ytet\u00e4\u00e4n Aurinkoa?\u201d<\/p>\n\n\n\n<p>\u201dKyll\u00e4 toki. T\u00e4ll\u00e4 s\u00e4\u00e4ll\u00e4 se vain on v\u00e4h\u00e4n hankalaa.\u201d<\/p>\n\n\n\n<p>\u201dNo teill\u00e4h\u00e4n on t\u00e4\u00e4ll\u00e4 erikoislaitteet sit\u00e4 varten.\u201d<\/p>\n\n\n\n<p>\u201dPit\u00e4\u00e4 paikkansa, mutta niill\u00e4k\u00e4\u00e4n ei valitettavasti n\u00e4e pilvien ja sateen l\u00e4pi.\u201d<\/p>\n\n\n\n<p>\u201dKyll\u00e4 me maksamme, ei se siit\u00e4 ole kiinni.\u201d<\/p>\n\n\n","protected":false},"excerpt":{"rendered":"<p>Kuten edellisess\u00e4 blogitekstiss\u00e4ni totesin, tyhmi\u00e4 kysymyksi\u00e4 ei olekaan. Kummallisia k\u00e4sityksi\u00e4 ja v\u00e4\u00e4rinymm\u00e4rryksi\u00e4 sen sijaan esiintyy senkin edest\u00e4. Otollisia aikoja ja paikkoja niiden kuulemiseen ovat t\u00e4htitornit ja niiss\u00e4 pidett\u00e4v\u00e4t yleis\u00f6n\u00e4yt\u00f6kset. Ilmeisesti illan ja<br \/>\ny\u00f6n pimeys antaa &hellip;<\/p>\n","protected":false},"author":557,"featured_media":0,"comment_status":"open","ping_status":"open","sticky":false,"template":"","format":"standard","meta":{"_acf_changed":false,"asauth_required_access_level":3,"asauth_cansharepaid":"true","om_header_attributes":[],"footnotes":"","om_featured_image_focal_point":[],"om_primary_tag":0,"om_contributors":[],"om_co_authors":[],"beyondwords_generate_audio":"","beyondwords_project_id":"","beyondwords_content_id":"","beyondwords_preview_token":"","beyondwords_player_content":"","beyondwords_player_style":"","beyondwords_language_code":"","beyondwords_language_id":"","beyondwords_title_voice_id":"","beyondwords_body_voice_id":"","beyondwords_summary_voice_id":"","beyondwords_error_message":"","beyondwords_disabled":"","beyondwords_delete_content":"","beyondwords_podcast_id":"","beyondwords_hash":"","publish_post_to_speechkit":"","speechkit_hash":"","speechkit_generate_audio":"","speechkit_project_id":"","speechkit_podcast_id":"","speechkit_error_message":"","speechkit_disabled":"","speechkit_access_key":"","speechkit_error":"","speechkit_info":"","speechkit_response":"","speechkit_retries":"","speechkit_status":"","speechkit_updated_at":"","_speechkit_link":"","_speechkit_text":""},"categories":[1],"tags":[4,131,132,133],"class_list":["post-367","post","type-post","status-publish","format-standard","hentry","category-taivaan-tahden","tag-aurinko","tag-orion","tag-suuri-kaasusumu","tag-tahtitorni"],"om_views":null,"acf":{"tuuma_off":false,"tuuma_kysymys":"","tuuma_vastaus":""},"asauth":{"required_access_level":1,"share_token":"","is_paid":false},"yoast_head":"<!-- This site is optimized with the Yoast SEO plugin v26.4 - https:\/\/yoast.com\/wordpress\/plugins\/seo\/ -->\n<title>\u201dTyhmi\u00e4\u201d kysymyksi\u00e4 - osa 2 - Taivaan t\u00e4hden<\/title>\n<meta name=\"robots\" content=\"index, follow, max-snippet:-1, max-image-preview:large, max-video-preview:-1\" \/>\n<link rel=\"canonical\" href=\"https:\/\/suomenkuvalehti.fi\/taivaan-tahden\/2015\/12\/17\/tyhmia-kysymyksia-osa-2\/\" \/>\n<meta property=\"og:locale\" content=\"fi_FI\" \/>\n<meta property=\"og:type\" content=\"article\" \/>\n<meta property=\"og:title\" content=\"\u201dTyhmi\u00e4\u201d kysymyksi\u00e4 - osa 2 - Taivaan t\u00e4hden\" \/>\n<meta property=\"og:description\" content=\"Kuten edellisess\u00e4 blogitekstiss\u00e4ni totesin, tyhmi\u00e4 kysymyksi\u00e4 ei olekaan. Kummallisia k\u00e4sityksi\u00e4 ja v\u00e4\u00e4rinymm\u00e4rryksi\u00e4 sen sijaan esiintyy senkin edest\u00e4. Otollisia aikoja ja paikkoja niiden kuulemiseen ovat t\u00e4htitornit ja niiss\u00e4 pidett\u00e4v\u00e4t yleis\u00f6n\u00e4yt\u00f6kset. Ilmeisesti illan ja y\u00f6n pimeys antaa &hellip;\" \/>\n<meta property=\"og:url\" content=\"https:\/\/suomenkuvalehti.fi\/taivaan-tahden\/2015\/12\/17\/tyhmia-kysymyksia-osa-2\/\" \/>\n<meta property=\"og:site_name\" content=\"Taivaan t\u00e4hden\" \/>\n<meta property=\"article:published_time\" content=\"2015-12-17T07:34:52+00:00\" \/>\n<meta property=\"og:image\" content=\"https:\/\/suomenkuvalehti.fi\/taivaan-tahden\/wp-content\/uploads\/sites\/36\/2015\/12\/002-Orion-Nebula-1021x1024.jpg\" \/>\n<meta name=\"author\" content=\"Markus Hotakainen\" \/>\n<meta name=\"twitter:card\" content=\"summary_large_image\" \/>\n<meta name=\"twitter:label1\" content=\"Written by\" \/>\n\t<meta name=\"twitter:data1\" content=\"Markus Hotakainen\" \/>\n\t<meta name=\"twitter:label2\" content=\"Est. reading time\" \/>\n\t<meta name=\"twitter:data2\" content=\"2 minuuttia\" \/>\n<script type=\"application\/ld+json\" class=\"yoast-schema-graph\">{\"@context\":\"https:\/\/schema.org\",\"@graph\":[{\"@type\":\"WebPage\",\"@id\":\"https:\/\/suomenkuvalehti.fi\/taivaan-tahden\/2015\/12\/17\/tyhmia-kysymyksia-osa-2\/\",\"url\":\"https:\/\/suomenkuvalehti.fi\/taivaan-tahden\/2015\/12\/17\/tyhmia-kysymyksia-osa-2\/\",\"name\":\"\u201dTyhmi\u00e4\u201d kysymyksi\u00e4 - osa 2 - Taivaan t\u00e4hden\",\"isPartOf\":{\"@id\":\"https:\/\/suomenkuvalehti.fi\/taivaan-tahden\/#website\"},\"primaryImageOfPage\":{\"@id\":\"https:\/\/suomenkuvalehti.fi\/taivaan-tahden\/2015\/12\/17\/tyhmia-kysymyksia-osa-2\/#primaryimage\"},\"image\":{\"@id\":\"https:\/\/suomenkuvalehti.fi\/taivaan-tahden\/2015\/12\/17\/tyhmia-kysymyksia-osa-2\/#primaryimage\"},\"thumbnailUrl\":\"https:\/\/suomenkuvalehti.fi\/taivaan-tahden\/wp-content\/uploads\/sites\/36\/2015\/12\/002-Orion-Nebula-1021x1024.jpg\",\"datePublished\":\"2015-12-17T07:34:52+00:00\",\"author\":{\"@id\":\"https:\/\/suomenkuvalehti.fi\/taivaan-tahden\/#\/schema\/person\/c9c1373acb19750e11084ef640abeae0\"},\"breadcrumb\":{\"@id\":\"https:\/\/suomenkuvalehti.fi\/taivaan-tahden\/2015\/12\/17\/tyhmia-kysymyksia-osa-2\/#breadcrumb\"},\"inLanguage\":\"fi\",\"potentialAction\":[{\"@type\":\"ReadAction\",\"target\":[\"https:\/\/suomenkuvalehti.fi\/taivaan-tahden\/2015\/12\/17\/tyhmia-kysymyksia-osa-2\/\"]}]},{\"@type\":\"ImageObject\",\"inLanguage\":\"fi\",\"@id\":\"https:\/\/suomenkuvalehti.fi\/taivaan-tahden\/2015\/12\/17\/tyhmia-kysymyksia-osa-2\/#primaryimage\",\"url\":\"https:\/\/suomenkuvalehti.fi\/taivaan-tahden\/wp-content\/uploads\/sites\/36\/2015\/12\/002-Orion-Nebula.jpg\",\"contentUrl\":\"https:\/\/suomenkuvalehti.fi\/taivaan-tahden\/wp-content\/uploads\/sites\/36\/2015\/12\/002-Orion-Nebula.jpg\",\"width\":1181,\"height\":1185},{\"@type\":\"BreadcrumbList\",\"@id\":\"https:\/\/suomenkuvalehti.fi\/taivaan-tahden\/2015\/12\/17\/tyhmia-kysymyksia-osa-2\/#breadcrumb\",\"itemListElement\":[{\"@type\":\"ListItem\",\"position\":1,\"name\":\"Home\",\"item\":\"https:\/\/suomenkuvalehti.fi\/taivaan-tahden\/\"},{\"@type\":\"ListItem\",\"position\":2,\"name\":\"\u201dTyhmi\u00e4\u201d kysymyksi\u00e4 &#8211; osa 2\"}]},{\"@type\":\"WebSite\",\"@id\":\"https:\/\/suomenkuvalehti.fi\/taivaan-tahden\/#website\",\"url\":\"https:\/\/suomenkuvalehti.fi\/taivaan-tahden\/\",\"name\":\"Taivaan t\u00e4hden\",\"description\":\"Tiedetoimittaja Markus Hotakainen h\u00e4mm\u00e4stelee maailmankaikkeutta.\",\"potentialAction\":[{\"@type\":\"SearchAction\",\"target\":{\"@type\":\"EntryPoint\",\"urlTemplate\":\"https:\/\/suomenkuvalehti.fi\/haku\/?q={search_term_string}\"},\"query-input\":{\"@type\":\"PropertyValueSpecification\",\"valueRequired\":true,\"valueName\":\"search_term_string\"}}],\"inLanguage\":\"fi\"},{\"@type\":\"Person\",\"@id\":\"https:\/\/suomenkuvalehti.fi\/taivaan-tahden\/#\/schema\/person\/c9c1373acb19750e11084ef640abeae0\",\"name\":\"Markus Hotakainen\",\"image\":{\"@type\":\"ImageObject\",\"inLanguage\":\"fi\",\"@id\":\"https:\/\/suomenkuvalehti.fi\/taivaan-tahden\/#\/schema\/person\/image\/\",\"url\":\"https:\/\/suomenkuvalehti.fi\/taivaan-tahden\/wp-content\/uploads\/sites\/36\/2018\/05\/markus_hotakainen_blogi_pieni-150x150.jpg\",\"contentUrl\":\"https:\/\/suomenkuvalehti.fi\/taivaan-tahden\/wp-content\/uploads\/sites\/36\/2018\/05\/markus_hotakainen_blogi_pieni-150x150.jpg\",\"caption\":\"Markus Hotakainen\"},\"description\":\"Kirjoittaja on tiedetoimittaja ja tietokirjailija.\"}]}<\/script>\n<!-- \/ Yoast SEO plugin. -->","yoast_head_json":{"title":"\u201dTyhmi\u00e4\u201d kysymyksi\u00e4 - osa 2 - Taivaan t\u00e4hden","robots":{"index":"index","follow":"follow","max-snippet":"max-snippet:-1","max-image-preview":"max-image-preview:large","max-video-preview":"max-video-preview:-1"},"canonical":"https:\/\/suomenkuvalehti.fi\/taivaan-tahden\/2015\/12\/17\/tyhmia-kysymyksia-osa-2\/","og_locale":"fi_FI","og_type":"article","og_title":"\u201dTyhmi\u00e4\u201d kysymyksi\u00e4 - osa 2 - Taivaan t\u00e4hden","og_description":"Kuten edellisess\u00e4 blogitekstiss\u00e4ni totesin, tyhmi\u00e4 kysymyksi\u00e4 ei olekaan. Kummallisia k\u00e4sityksi\u00e4 ja v\u00e4\u00e4rinymm\u00e4rryksi\u00e4 sen sijaan esiintyy senkin edest\u00e4. Otollisia aikoja ja paikkoja niiden kuulemiseen ovat t\u00e4htitornit ja niiss\u00e4 pidett\u00e4v\u00e4t yleis\u00f6n\u00e4yt\u00f6kset. Ilmeisesti illan ja y\u00f6n pimeys antaa &hellip;","og_url":"https:\/\/suomenkuvalehti.fi\/taivaan-tahden\/2015\/12\/17\/tyhmia-kysymyksia-osa-2\/","og_site_name":"Taivaan t\u00e4hden","article_published_time":"2015-12-17T07:34:52+00:00","og_image":[{"url":"https:\/\/suomenkuvalehti.fi\/taivaan-tahden\/wp-content\/uploads\/sites\/36\/2015\/12\/002-Orion-Nebula-1021x1024.jpg","type":"","width":"","height":""}],"author":"Markus Hotakainen","twitter_card":"summary_large_image","twitter_misc":{"Written by":"Markus Hotakainen","Est. reading time":"2 minuuttia"},"schema":{"@context":"https:\/\/schema.org","@graph":[{"@type":"WebPage","@id":"https:\/\/suomenkuvalehti.fi\/taivaan-tahden\/2015\/12\/17\/tyhmia-kysymyksia-osa-2\/","url":"https:\/\/suomenkuvalehti.fi\/taivaan-tahden\/2015\/12\/17\/tyhmia-kysymyksia-osa-2\/","name":"\u201dTyhmi\u00e4\u201d kysymyksi\u00e4 - osa 2 - Taivaan t\u00e4hden","isPartOf":{"@id":"https:\/\/suomenkuvalehti.fi\/taivaan-tahden\/#website"},"primaryImageOfPage":{"@id":"https:\/\/suomenkuvalehti.fi\/taivaan-tahden\/2015\/12\/17\/tyhmia-kysymyksia-osa-2\/#primaryimage"},"image":{"@id":"https:\/\/suomenkuvalehti.fi\/taivaan-tahden\/2015\/12\/17\/tyhmia-kysymyksia-osa-2\/#primaryimage"},"thumbnailUrl":"https:\/\/suomenkuvalehti.fi\/taivaan-tahden\/wp-content\/uploads\/sites\/36\/2015\/12\/002-Orion-Nebula-1021x1024.jpg","datePublished":"2015-12-17T07:34:52+00:00","author":{"@id":"https:\/\/suomenkuvalehti.fi\/taivaan-tahden\/#\/schema\/person\/c9c1373acb19750e11084ef640abeae0"},"breadcrumb":{"@id":"https:\/\/suomenkuvalehti.fi\/taivaan-tahden\/2015\/12\/17\/tyhmia-kysymyksia-osa-2\/#breadcrumb"},"inLanguage":"fi","potentialAction":[{"@type":"ReadAction","target":["https:\/\/suomenkuvalehti.fi\/taivaan-tahden\/2015\/12\/17\/tyhmia-kysymyksia-osa-2\/"]}]},{"@type":"ImageObject","inLanguage":"fi","@id":"https:\/\/suomenkuvalehti.fi\/taivaan-tahden\/2015\/12\/17\/tyhmia-kysymyksia-osa-2\/#primaryimage","url":"https:\/\/suomenkuvalehti.fi\/taivaan-tahden\/wp-content\/uploads\/sites\/36\/2015\/12\/002-Orion-Nebula.jpg","contentUrl":"https:\/\/suomenkuvalehti.fi\/taivaan-tahden\/wp-content\/uploads\/sites\/36\/2015\/12\/002-Orion-Nebula.jpg","width":1181,"height":1185},{"@type":"BreadcrumbList","@id":"https:\/\/suomenkuvalehti.fi\/taivaan-tahden\/2015\/12\/17\/tyhmia-kysymyksia-osa-2\/#breadcrumb","itemListElement":[{"@type":"ListItem","position":1,"name":"Home","item":"https:\/\/suomenkuvalehti.fi\/taivaan-tahden\/"},{"@type":"ListItem","position":2,"name":"\u201dTyhmi\u00e4\u201d kysymyksi\u00e4 &#8211; osa 2"}]},{"@type":"WebSite","@id":"https:\/\/suomenkuvalehti.fi\/taivaan-tahden\/#website","url":"https:\/\/suomenkuvalehti.fi\/taivaan-tahden\/","name":"Taivaan t\u00e4hden","description":"Tiedetoimittaja Markus Hotakainen h\u00e4mm\u00e4stelee maailmankaikkeutta.","potentialAction":[{"@type":"SearchAction","target":{"@type":"EntryPoint","urlTemplate":"https:\/\/suomenkuvalehti.fi\/haku\/?q={search_term_string}"},"query-input":{"@type":"PropertyValueSpecification","valueRequired":true,"valueName":"search_term_string"}}],"inLanguage":"fi"},{"@type":"Person","@id":"https:\/\/suomenkuvalehti.fi\/taivaan-tahden\/#\/schema\/person\/c9c1373acb19750e11084ef640abeae0","name":"Markus Hotakainen","image":{"@type":"ImageObject","inLanguage":"fi","@id":"https:\/\/suomenkuvalehti.fi\/taivaan-tahden\/#\/schema\/person\/image\/","url":"https:\/\/suomenkuvalehti.fi\/taivaan-tahden\/wp-content\/uploads\/sites\/36\/2018\/05\/markus_hotakainen_blogi_pieni-150x150.jpg","contentUrl":"https:\/\/suomenkuvalehti.fi\/taivaan-tahden\/wp-content\/uploads\/sites\/36\/2018\/05\/markus_hotakainen_blogi_pieni-150x150.jpg","caption":"Markus Hotakainen"},"description":"Kirjoittaja on tiedetoimittaja ja tietokirjailija."}]}},"_links":{"self":[{"href":"https:\/\/suomenkuvalehti.fi\/taivaan-tahden\/wp-json\/wp\/v2\/posts\/367","targetHints":{"allow":["GET"]}}],"collection":[{"href":"https:\/\/suomenkuvalehti.fi\/taivaan-tahden\/wp-json\/wp\/v2\/posts"}],"about":[{"href":"https:\/\/suomenkuvalehti.fi\/taivaan-tahden\/wp-json\/wp\/v2\/types\/post"}],"author":[{"embeddable":true,"href":"https:\/\/suomenkuvalehti.fi\/taivaan-tahden\/wp-json\/wp\/v2\/users\/557"}],"replies":[{"embeddable":true,"href":"https:\/\/suomenkuvalehti.fi\/taivaan-tahden\/wp-json\/wp\/v2\/comments?post=367"}],"version-history":[{"count":3,"href":"https:\/\/suomenkuvalehti.fi\/taivaan-tahden\/wp-json\/wp\/v2\/posts\/367\/revisions"}],"predecessor-version":[{"id":371,"href":"https:\/\/suomenkuvalehti.fi\/taivaan-tahden\/wp-json\/wp\/v2\/posts\/367\/revisions\/371"}],"wp:attachment":[{"href":"https:\/\/suomenkuvalehti.fi\/taivaan-tahden\/wp-json\/wp\/v2\/media?parent=367"}],"wp:term":[{"taxonomy":"category","embeddable":true,"href":"https:\/\/suomenkuvalehti.fi\/taivaan-tahden\/wp-json\/wp\/v2\/categories?post=367"},{"taxonomy":"post_tag","embeddable":true,"href":"https:\/\/suomenkuvalehti.fi\/taivaan-tahden\/wp-json\/wp\/v2\/tags?post=367"}],"curies":[{"name":"wp","href":"https:\/\/api.w.org\/{rel}","templated":true}]}}