{"id":350,"date":"2015-11-26T15:07:47","date_gmt":"2015-11-26T13:07:47","guid":{"rendered":"https:\/\/suomenkuvalehti.fi\/taivaan-tahden\/?p=350"},"modified":"2015-11-26T15:07:47","modified_gmt":"2015-11-26T13:07:47","slug":"kosmos-voi-olla-karvainen","status":"publish","type":"post","link":"https:\/\/suomenkuvalehti.fi\/taivaan-tahden\/2015\/11\/26\/kosmos-voi-olla-karvainen\/","title":{"rendered":"Kosmos voi olla karvainen"},"content":{"rendered":"<figure class=\"aligncenter size-large is-resized wp-block-image\">\n  <div class=\"wp-block-image__inner-container\">\n    <a href=\"https:\/\/suomenkuvalehti.fi\/taivaan-tahden\/wp-content\/uploads\/sites\/36\/2015\/11\/PIA20178_ip.jpg\"><img loading=\"lazy\" decoding=\"async\" src=\"https:\/\/suomenkuvalehti.fi\/taivaan-tahden\/wp-content\/uploads\/sites\/36\/2015\/11\/PIA20178_ip-1024x831.jpg\" alt=\"PIA20178_ip\" class=\"wp-image-352\" width=\"1024\" height=\"831\" style=\"--aspect-ratio: 1.23\" srcset=\"https:\/\/suomenkuvalehti.fi\/taivaan-tahden\/wp-content\/uploads\/sites\/36\/2015\/11\/PIA20178_ip-1024x831.jpg 1024w, https:\/\/suomenkuvalehti.fi\/taivaan-tahden\/wp-content\/uploads\/sites\/36\/2015\/11\/PIA20178_ip-300x243.jpg 300w, https:\/\/suomenkuvalehti.fi\/taivaan-tahden\/wp-content\/uploads\/sites\/36\/2015\/11\/PIA20178_ip.jpg 1181w\" sizes=\"auto, (max-width: 1024px) 100vw, 1024px\" \/><\/a>    <figcaption class=\"wp-block-image__figcaption\">\n      Kuvan karvapallo on Aurinkokunnan suurin planeetta Jupiter ja sit\u00e4 ymp\u00e4r\u00f6iv\u00e4 pime\u00e4n aineen muodostama &#8221;hiuspehko&#8221;.&nbsp;Kuva: NASA\/JPL-Caltech          <\/figcaption>\n      <\/div>\n<\/figure>\n\n\n<p>Maailmankaikkeuden pime\u00e4 aine on siit\u00e4 ongelmallista, ett\u00e4 se on nimens\u00e4 mukaista. Tai oikeastaan viel\u00e4 pahempaa: se on tyystin n\u00e4kym\u00e4t\u00f6nt\u00e4. Se ei vaikuta tavallisen aineen kanssa kuin hyvin heikosti gravitaation v\u00e4lityksell\u00e4, siin\u00e4 kaikki.<\/p>\n\n\n\n<p>Pime\u00e4n aineen piilotteleva luonne ei kuitenkaan est\u00e4 tutkimasta sit\u00e4, vaikka suorat havainnot puuttuvat edelleen. Sen m\u00e4\u00e4r\u00e4 &#8211; hieman yli nelj\u00e4nnes koko maailmankaikkeudesta &#8211; tiedet\u00e4\u00e4n alle prosentin tarkkuudella.<\/p>\n\n\n\n<p>Se v\u00e4h\u00e4, mik\u00e4 pime\u00e4st\u00e4 aineesta on tiedossa, riitt\u00e4\u00e4 py\u00f6ritt\u00e4m\u00e4\u00e4n simulaatioita supertietokoneiden uumenissa. Mik\u00e4li pime\u00e4 aine koostuu joidenkin arvelujen mukaisesti toistaiseksi tuntemattomista hiukkasista, se saattaa muodostaa maailmankaikkeuteen valtaisia hiukkasvirtoja.<\/p>\n\n\n\n<p>Ne ovat kytk\u00f6ksiss\u00e4 galakseihin, sill\u00e4 pime\u00e4n aineen tihentym\u00e4t ovat alkujaan olleet l\u00e4ht\u00f6kohtia galaksien synnylle. Esimerkiksi Linnunradan ja samaan paikalliseen ryhm\u00e4\u00e4n kuuluvien muiden galaksien ymp\u00e4rill\u00e4 ja sis\u00e4ll\u00e4 saattaa risteill\u00e4 lukuisia virtoja.<\/p>\n\n\n\n<p>Mist\u00e4\u00e4n pienist\u00e4 puroista ei ole kyse, sill\u00e4 yksitt\u00e4isen pime\u00e4n aineen &#8221;joen&#8221; leveys on todenn\u00e4k\u00f6isesti paljon Aurinkokuntaa suurempi. J\u00e4ttim\u00e4isest\u00e4 mittakaavasta ja kommunikointikyvytt\u00f6myydest\u00e4\u00e4n huolimatta pime\u00e4 aine ei ole t\u00e4ysin tunteetonta tavallisen aineen suhteen.<\/p>\n\n\n\n<p>Tuoreen tutkimuksen mukaan pime\u00e4n aineen virran kulkiessa esimerkiksi planeetan l\u00e4pi se tiivistyy gravitaation vaikutuksesta hyvin tiheiksi ja kapeiksi s\u00e4ikeiksi, kuin hiuksiksi.<\/p>\n\n\n\n<p>Jos pystyisimme havaitsemaan pime\u00e4n aineen, maapallosta n\u00e4ytt\u00e4isi l\u00e4htev\u00e4n joka suuntaan ter\u00e4vi\u00e4 piikkej\u00e4, samaan tapaan kuin ker\u00e4lle k\u00e4pertyneest\u00e4 siilist\u00e4.<\/p>\n\n\n\n<p>Maapallon gravitaatio muodostaa pime\u00e4n aineen virtaukseen &#8221;polttopisteen&#8221;, jossa hiukkasten tiheys on miljardi kertaa keskim\u00e4\u00e4r\u00e4ist\u00e4 suurempi. Polttopisteen eli hiuksen &#8221;juuren&#8221; et\u00e4isyys maanpinnasta on laskelmien mukaan noin miljoona kilometri\u00e4.<\/p>\n\n\n\n<p>Pituutta yksitt\u00e4isell\u00e4 hiuksella olisi toinen mokoma eli noin miljoona kilometri\u00e4. Kiinnostavin kohta on kuitenkin sen juuri. Mik\u00e4li laskelmat pit\u00e4v\u00e4t paikkansa ja t\u00e4llaisia s\u00e4ikeit\u00e4 todella muodostuu, pime\u00e4n aineen hiukkasten havaitsemiseen olisi parhaat mahdollisuudet tihe\u00e4ss\u00e4 polttopisteess\u00e4.<\/p>\n\n\n\n<p>Mit\u00e4 suuremman planeetan l\u00e4pi pime\u00e4 aine virtaa, sit\u00e4 voimakkaampi ilmi\u00f6 on. Jupiterin tapauksessa polttopisteen kohdalla pime\u00e4n aineen tiheys olisi l\u00e4hes triljoona kertaa suurempi kuin virtauksessa muutoin.<\/p>\n\n\n\n<p>Itse pime\u00e4n aineen tutkimuksen ohella planeettojen aiheuttama &#8221;karvoittuminen&#8221; voisi tarjota keinon luodata planeettojen ja my\u00f6s esimerkiksi kaasuj\u00e4ttil\u00e4isten j\u00e4isten kuiden sis\u00e4osien rakennetta.<\/p>\n\n\n\n<p>Simulaatioiden mukaan tiheysvaihtelut planeetan (tai kuun) sis\u00e4ll\u00e4 saisivat hiuksissa aikaan mutkittelua. Niiden k\u00e4ytt\u00e4minen&nbsp; planeettatutkimukseen edellytt\u00e4\u00e4 kuitenkin, ett\u00e4 ensin saataisiin tehty\u00e4 suoria havaintoja pime\u00e4st\u00e4 aineesta. Sit\u00e4 voidaan joutua odottelemaan viel\u00e4 melkoinen tovi.<\/p>\n\n\n","protected":false},"excerpt":{"rendered":"<p>Maailmankaikkeuden pime\u00e4 aine on siit\u00e4 ongelmallista, ett\u00e4 se on nimens\u00e4 mukaista. Tai oikeastaan viel\u00e4 pahempaa: se on tyystin n\u00e4kym\u00e4t\u00f6nt\u00e4. Se ei vaikuta tavallisen aineen kanssa kuin hyvin heikosti gravitaation v\u00e4lityksell\u00e4, siin\u00e4 kaikki. Pime\u00e4n aineen piilotteleva luonne ei kuitenkaan<br \/>\nest\u00e4 tutkima&hellip;<\/p>\n","protected":false},"author":557,"featured_media":0,"comment_status":"open","ping_status":"open","sticky":false,"template":"","format":"standard","meta":{"_acf_changed":false,"asauth_required_access_level":3,"asauth_cansharepaid":"true","om_header_attributes":[],"footnotes":"","om_featured_image_focal_point":[],"om_primary_tag":0,"om_contributors":[],"om_co_authors":[],"beyondwords_generate_audio":"","beyondwords_project_id":"","beyondwords_content_id":"","beyondwords_preview_token":"","beyondwords_player_content":"","beyondwords_player_style":"","beyondwords_language_code":"","beyondwords_language_id":"","beyondwords_title_voice_id":"","beyondwords_body_voice_id":"","beyondwords_summary_voice_id":"","beyondwords_error_message":"","beyondwords_disabled":"","beyondwords_delete_content":"","beyondwords_podcast_id":"","beyondwords_hash":"","publish_post_to_speechkit":"","speechkit_hash":"","speechkit_generate_audio":"","speechkit_project_id":"","speechkit_podcast_id":"","speechkit_error_message":"","speechkit_disabled":"","speechkit_access_key":"","speechkit_error":"","speechkit_info":"","speechkit_response":"","speechkit_retries":"","speechkit_status":"","speechkit_updated_at":"","_speechkit_link":"","_speechkit_text":""},"categories":[1],"tags":[117,118,13,31,110],"class_list":["post-350","post","type-post","status-publish","format-standard","hentry","category-taivaan-tahden","tag-gravitaatio","tag-hiukkaset","tag-jupiter","tag-maa","tag-pimea-aine"],"om_views":null,"acf":{"tuuma_off":false,"tuuma_kysymys":"","tuuma_vastaus":""},"asauth":{"required_access_level":1,"share_token":"","is_paid":false},"yoast_head":"<!-- This site is optimized with the Yoast SEO plugin v26.4 - https:\/\/yoast.com\/wordpress\/plugins\/seo\/ -->\n<title>Kosmos voi olla karvainen - Taivaan t\u00e4hden<\/title>\n<meta name=\"robots\" content=\"index, follow, max-snippet:-1, max-image-preview:large, max-video-preview:-1\" \/>\n<link rel=\"canonical\" href=\"https:\/\/suomenkuvalehti.fi\/taivaan-tahden\/2015\/11\/26\/kosmos-voi-olla-karvainen\/\" \/>\n<meta property=\"og:locale\" content=\"fi_FI\" \/>\n<meta property=\"og:type\" content=\"article\" \/>\n<meta property=\"og:title\" content=\"Kosmos voi olla karvainen - Taivaan t\u00e4hden\" \/>\n<meta property=\"og:description\" content=\"Maailmankaikkeuden pime\u00e4 aine on siit\u00e4 ongelmallista, ett\u00e4 se on nimens\u00e4 mukaista. Tai oikeastaan viel\u00e4 pahempaa: se on tyystin n\u00e4kym\u00e4t\u00f6nt\u00e4. Se ei vaikuta tavallisen aineen kanssa kuin hyvin heikosti gravitaation v\u00e4lityksell\u00e4, siin\u00e4 kaikki. Pime\u00e4n aineen piilotteleva luonne ei kuitenkaan est\u00e4 tutkima&hellip;\" \/>\n<meta property=\"og:url\" content=\"https:\/\/suomenkuvalehti.fi\/taivaan-tahden\/2015\/11\/26\/kosmos-voi-olla-karvainen\/\" \/>\n<meta property=\"og:site_name\" content=\"Taivaan t\u00e4hden\" \/>\n<meta property=\"article:published_time\" content=\"2015-11-26T13:07:47+00:00\" \/>\n<meta property=\"og:image\" content=\"https:\/\/suomenkuvalehti.fi\/taivaan-tahden\/wp-content\/uploads\/sites\/36\/2015\/11\/PIA20178_ip-1024x831.jpg\" \/>\n<meta name=\"author\" content=\"Markus Hotakainen\" \/>\n<meta name=\"twitter:card\" content=\"summary_large_image\" \/>\n<meta name=\"twitter:label1\" content=\"Written by\" \/>\n\t<meta name=\"twitter:data1\" content=\"Markus Hotakainen\" \/>\n\t<meta name=\"twitter:label2\" content=\"Est. reading time\" \/>\n\t<meta name=\"twitter:data2\" content=\"2 minuuttia\" \/>\n<script type=\"application\/ld+json\" class=\"yoast-schema-graph\">{\"@context\":\"https:\/\/schema.org\",\"@graph\":[{\"@type\":\"WebPage\",\"@id\":\"https:\/\/suomenkuvalehti.fi\/taivaan-tahden\/2015\/11\/26\/kosmos-voi-olla-karvainen\/\",\"url\":\"https:\/\/suomenkuvalehti.fi\/taivaan-tahden\/2015\/11\/26\/kosmos-voi-olla-karvainen\/\",\"name\":\"Kosmos voi olla karvainen - Taivaan t\u00e4hden\",\"isPartOf\":{\"@id\":\"https:\/\/suomenkuvalehti.fi\/taivaan-tahden\/#website\"},\"primaryImageOfPage\":{\"@id\":\"https:\/\/suomenkuvalehti.fi\/taivaan-tahden\/2015\/11\/26\/kosmos-voi-olla-karvainen\/#primaryimage\"},\"image\":{\"@id\":\"https:\/\/suomenkuvalehti.fi\/taivaan-tahden\/2015\/11\/26\/kosmos-voi-olla-karvainen\/#primaryimage\"},\"thumbnailUrl\":\"https:\/\/suomenkuvalehti.fi\/taivaan-tahden\/wp-content\/uploads\/sites\/36\/2015\/11\/PIA20178_ip-1024x831.jpg\",\"datePublished\":\"2015-11-26T13:07:47+00:00\",\"author\":{\"@id\":\"https:\/\/suomenkuvalehti.fi\/taivaan-tahden\/#\/schema\/person\/c9c1373acb19750e11084ef640abeae0\"},\"breadcrumb\":{\"@id\":\"https:\/\/suomenkuvalehti.fi\/taivaan-tahden\/2015\/11\/26\/kosmos-voi-olla-karvainen\/#breadcrumb\"},\"inLanguage\":\"fi\",\"potentialAction\":[{\"@type\":\"ReadAction\",\"target\":[\"https:\/\/suomenkuvalehti.fi\/taivaan-tahden\/2015\/11\/26\/kosmos-voi-olla-karvainen\/\"]}]},{\"@type\":\"ImageObject\",\"inLanguage\":\"fi\",\"@id\":\"https:\/\/suomenkuvalehti.fi\/taivaan-tahden\/2015\/11\/26\/kosmos-voi-olla-karvainen\/#primaryimage\",\"url\":\"https:\/\/suomenkuvalehti.fi\/taivaan-tahden\/wp-content\/uploads\/sites\/36\/2015\/11\/PIA20178_ip.jpg\",\"contentUrl\":\"https:\/\/suomenkuvalehti.fi\/taivaan-tahden\/wp-content\/uploads\/sites\/36\/2015\/11\/PIA20178_ip.jpg\",\"width\":1181,\"height\":958},{\"@type\":\"BreadcrumbList\",\"@id\":\"https:\/\/suomenkuvalehti.fi\/taivaan-tahden\/2015\/11\/26\/kosmos-voi-olla-karvainen\/#breadcrumb\",\"itemListElement\":[{\"@type\":\"ListItem\",\"position\":1,\"name\":\"Home\",\"item\":\"https:\/\/suomenkuvalehti.fi\/taivaan-tahden\/\"},{\"@type\":\"ListItem\",\"position\":2,\"name\":\"Kosmos voi olla karvainen\"}]},{\"@type\":\"WebSite\",\"@id\":\"https:\/\/suomenkuvalehti.fi\/taivaan-tahden\/#website\",\"url\":\"https:\/\/suomenkuvalehti.fi\/taivaan-tahden\/\",\"name\":\"Taivaan t\u00e4hden\",\"description\":\"Tiedetoimittaja Markus Hotakainen h\u00e4mm\u00e4stelee maailmankaikkeutta.\",\"potentialAction\":[{\"@type\":\"SearchAction\",\"target\":{\"@type\":\"EntryPoint\",\"urlTemplate\":\"https:\/\/suomenkuvalehti.fi\/haku\/?q={search_term_string}\"},\"query-input\":{\"@type\":\"PropertyValueSpecification\",\"valueRequired\":true,\"valueName\":\"search_term_string\"}}],\"inLanguage\":\"fi\"},{\"@type\":\"Person\",\"@id\":\"https:\/\/suomenkuvalehti.fi\/taivaan-tahden\/#\/schema\/person\/c9c1373acb19750e11084ef640abeae0\",\"name\":\"Markus Hotakainen\",\"image\":{\"@type\":\"ImageObject\",\"inLanguage\":\"fi\",\"@id\":\"https:\/\/suomenkuvalehti.fi\/taivaan-tahden\/#\/schema\/person\/image\/\",\"url\":\"https:\/\/suomenkuvalehti.fi\/taivaan-tahden\/wp-content\/uploads\/sites\/36\/2018\/05\/markus_hotakainen_blogi_pieni-150x150.jpg\",\"contentUrl\":\"https:\/\/suomenkuvalehti.fi\/taivaan-tahden\/wp-content\/uploads\/sites\/36\/2018\/05\/markus_hotakainen_blogi_pieni-150x150.jpg\",\"caption\":\"Markus Hotakainen\"},\"description\":\"Kirjoittaja on tiedetoimittaja ja tietokirjailija.\"}]}<\/script>\n<!-- \/ Yoast SEO plugin. -->","yoast_head_json":{"title":"Kosmos voi olla karvainen - Taivaan t\u00e4hden","robots":{"index":"index","follow":"follow","max-snippet":"max-snippet:-1","max-image-preview":"max-image-preview:large","max-video-preview":"max-video-preview:-1"},"canonical":"https:\/\/suomenkuvalehti.fi\/taivaan-tahden\/2015\/11\/26\/kosmos-voi-olla-karvainen\/","og_locale":"fi_FI","og_type":"article","og_title":"Kosmos voi olla karvainen - Taivaan t\u00e4hden","og_description":"Maailmankaikkeuden pime\u00e4 aine on siit\u00e4 ongelmallista, ett\u00e4 se on nimens\u00e4 mukaista. Tai oikeastaan viel\u00e4 pahempaa: se on tyystin n\u00e4kym\u00e4t\u00f6nt\u00e4. Se ei vaikuta tavallisen aineen kanssa kuin hyvin heikosti gravitaation v\u00e4lityksell\u00e4, siin\u00e4 kaikki. Pime\u00e4n aineen piilotteleva luonne ei kuitenkaan est\u00e4 tutkima&hellip;","og_url":"https:\/\/suomenkuvalehti.fi\/taivaan-tahden\/2015\/11\/26\/kosmos-voi-olla-karvainen\/","og_site_name":"Taivaan t\u00e4hden","article_published_time":"2015-11-26T13:07:47+00:00","og_image":[{"url":"https:\/\/suomenkuvalehti.fi\/taivaan-tahden\/wp-content\/uploads\/sites\/36\/2015\/11\/PIA20178_ip-1024x831.jpg","type":"","width":"","height":""}],"author":"Markus Hotakainen","twitter_card":"summary_large_image","twitter_misc":{"Written by":"Markus Hotakainen","Est. reading time":"2 minuuttia"},"schema":{"@context":"https:\/\/schema.org","@graph":[{"@type":"WebPage","@id":"https:\/\/suomenkuvalehti.fi\/taivaan-tahden\/2015\/11\/26\/kosmos-voi-olla-karvainen\/","url":"https:\/\/suomenkuvalehti.fi\/taivaan-tahden\/2015\/11\/26\/kosmos-voi-olla-karvainen\/","name":"Kosmos voi olla karvainen - Taivaan t\u00e4hden","isPartOf":{"@id":"https:\/\/suomenkuvalehti.fi\/taivaan-tahden\/#website"},"primaryImageOfPage":{"@id":"https:\/\/suomenkuvalehti.fi\/taivaan-tahden\/2015\/11\/26\/kosmos-voi-olla-karvainen\/#primaryimage"},"image":{"@id":"https:\/\/suomenkuvalehti.fi\/taivaan-tahden\/2015\/11\/26\/kosmos-voi-olla-karvainen\/#primaryimage"},"thumbnailUrl":"https:\/\/suomenkuvalehti.fi\/taivaan-tahden\/wp-content\/uploads\/sites\/36\/2015\/11\/PIA20178_ip-1024x831.jpg","datePublished":"2015-11-26T13:07:47+00:00","author":{"@id":"https:\/\/suomenkuvalehti.fi\/taivaan-tahden\/#\/schema\/person\/c9c1373acb19750e11084ef640abeae0"},"breadcrumb":{"@id":"https:\/\/suomenkuvalehti.fi\/taivaan-tahden\/2015\/11\/26\/kosmos-voi-olla-karvainen\/#breadcrumb"},"inLanguage":"fi","potentialAction":[{"@type":"ReadAction","target":["https:\/\/suomenkuvalehti.fi\/taivaan-tahden\/2015\/11\/26\/kosmos-voi-olla-karvainen\/"]}]},{"@type":"ImageObject","inLanguage":"fi","@id":"https:\/\/suomenkuvalehti.fi\/taivaan-tahden\/2015\/11\/26\/kosmos-voi-olla-karvainen\/#primaryimage","url":"https:\/\/suomenkuvalehti.fi\/taivaan-tahden\/wp-content\/uploads\/sites\/36\/2015\/11\/PIA20178_ip.jpg","contentUrl":"https:\/\/suomenkuvalehti.fi\/taivaan-tahden\/wp-content\/uploads\/sites\/36\/2015\/11\/PIA20178_ip.jpg","width":1181,"height":958},{"@type":"BreadcrumbList","@id":"https:\/\/suomenkuvalehti.fi\/taivaan-tahden\/2015\/11\/26\/kosmos-voi-olla-karvainen\/#breadcrumb","itemListElement":[{"@type":"ListItem","position":1,"name":"Home","item":"https:\/\/suomenkuvalehti.fi\/taivaan-tahden\/"},{"@type":"ListItem","position":2,"name":"Kosmos voi olla karvainen"}]},{"@type":"WebSite","@id":"https:\/\/suomenkuvalehti.fi\/taivaan-tahden\/#website","url":"https:\/\/suomenkuvalehti.fi\/taivaan-tahden\/","name":"Taivaan t\u00e4hden","description":"Tiedetoimittaja Markus Hotakainen h\u00e4mm\u00e4stelee maailmankaikkeutta.","potentialAction":[{"@type":"SearchAction","target":{"@type":"EntryPoint","urlTemplate":"https:\/\/suomenkuvalehti.fi\/haku\/?q={search_term_string}"},"query-input":{"@type":"PropertyValueSpecification","valueRequired":true,"valueName":"search_term_string"}}],"inLanguage":"fi"},{"@type":"Person","@id":"https:\/\/suomenkuvalehti.fi\/taivaan-tahden\/#\/schema\/person\/c9c1373acb19750e11084ef640abeae0","name":"Markus Hotakainen","image":{"@type":"ImageObject","inLanguage":"fi","@id":"https:\/\/suomenkuvalehti.fi\/taivaan-tahden\/#\/schema\/person\/image\/","url":"https:\/\/suomenkuvalehti.fi\/taivaan-tahden\/wp-content\/uploads\/sites\/36\/2018\/05\/markus_hotakainen_blogi_pieni-150x150.jpg","contentUrl":"https:\/\/suomenkuvalehti.fi\/taivaan-tahden\/wp-content\/uploads\/sites\/36\/2018\/05\/markus_hotakainen_blogi_pieni-150x150.jpg","caption":"Markus Hotakainen"},"description":"Kirjoittaja on tiedetoimittaja ja tietokirjailija."}]}},"_links":{"self":[{"href":"https:\/\/suomenkuvalehti.fi\/taivaan-tahden\/wp-json\/wp\/v2\/posts\/350","targetHints":{"allow":["GET"]}}],"collection":[{"href":"https:\/\/suomenkuvalehti.fi\/taivaan-tahden\/wp-json\/wp\/v2\/posts"}],"about":[{"href":"https:\/\/suomenkuvalehti.fi\/taivaan-tahden\/wp-json\/wp\/v2\/types\/post"}],"author":[{"embeddable":true,"href":"https:\/\/suomenkuvalehti.fi\/taivaan-tahden\/wp-json\/wp\/v2\/users\/557"}],"replies":[{"embeddable":true,"href":"https:\/\/suomenkuvalehti.fi\/taivaan-tahden\/wp-json\/wp\/v2\/comments?post=350"}],"version-history":[{"count":3,"href":"https:\/\/suomenkuvalehti.fi\/taivaan-tahden\/wp-json\/wp\/v2\/posts\/350\/revisions"}],"predecessor-version":[{"id":354,"href":"https:\/\/suomenkuvalehti.fi\/taivaan-tahden\/wp-json\/wp\/v2\/posts\/350\/revisions\/354"}],"wp:attachment":[{"href":"https:\/\/suomenkuvalehti.fi\/taivaan-tahden\/wp-json\/wp\/v2\/media?parent=350"}],"wp:term":[{"taxonomy":"category","embeddable":true,"href":"https:\/\/suomenkuvalehti.fi\/taivaan-tahden\/wp-json\/wp\/v2\/categories?post=350"},{"taxonomy":"post_tag","embeddable":true,"href":"https:\/\/suomenkuvalehti.fi\/taivaan-tahden\/wp-json\/wp\/v2\/tags?post=350"}],"curies":[{"name":"wp","href":"https:\/\/api.w.org\/{rel}","templated":true}]}}