{"id":329,"date":"2015-11-03T10:32:45","date_gmt":"2015-11-03T08:32:45","guid":{"rendered":"https:\/\/suomenkuvalehti.fi\/taivaan-tahden\/?p=329"},"modified":"2015-11-03T10:32:45","modified_gmt":"2015-11-03T08:32:45","slug":"milta-maailma-nayttaa","status":"publish","type":"post","link":"https:\/\/suomenkuvalehti.fi\/taivaan-tahden\/2015\/11\/03\/milta-maailma-nayttaa\/","title":{"rendered":"Milt\u00e4 maailma n\u00e4ytt\u00e4\u00e4?"},"content":{"rendered":"<figure class=\"aligncenter size-large is-resized wp-block-image\">\n  <div class=\"wp-block-image__inner-container\">\n    <a href=\"https:\/\/suomenkuvalehti.fi\/taivaan-tahden\/wp-content\/uploads\/sites\/36\/2015\/11\/kuitamuita_4_SK.jpeg\"><img loading=\"lazy\" decoding=\"async\" src=\"https:\/\/suomenkuvalehti.fi\/taivaan-tahden\/wp-content\/uploads\/sites\/36\/2015\/11\/kuitamuita_4_SK-1024x683.jpeg\" alt=\"kuitamuita_4_SK\" class=\"wp-image-331\" width=\"1024\" height=\"683\" style=\"--aspect-ratio: 1.5\" srcset=\"https:\/\/suomenkuvalehti.fi\/taivaan-tahden\/wp-content\/uploads\/sites\/36\/2015\/11\/kuitamuita_4_SK-1024x683.jpeg 1024w, https:\/\/suomenkuvalehti.fi\/taivaan-tahden\/wp-content\/uploads\/sites\/36\/2015\/11\/kuitamuita_4_SK-300x200.jpeg 300w, https:\/\/suomenkuvalehti.fi\/taivaan-tahden\/wp-content\/uploads\/sites\/36\/2015\/11\/kuitamuita_4_SK.jpeg 1575w\" sizes=\"auto, (max-width: 1024px) 100vw, 1024px\" \/><\/a>    <figcaption class=\"wp-block-image__figcaption\">\n      Aamutaivaalla loistelevat Venus kaikkein kirkkaimpana, siit\u00e4 yl\u00e4vasemmalle Mars ja kuusenlatvasta yl\u00e4oikealle Jupiter. Kuva Markus Hotakainen          <\/figcaption>\n      <\/div>\n<\/figure>\n\n\n<p>Aamulla k\u00e4vimme taivaalla kimaltelevan planeettakolmikon innoittamana kuudesluokkalaisen tytt\u00e4reni kanssa keskustelua siit\u00e4, voidaanko &#8221;tuhannen prosentin varmuudella tiet\u00e4\u00e4, mik\u00e4 planeetta n\u00e4kyy just nyt&#8221;.<\/p>\n\n\n\n<p>Vastaukseni oli, ett\u00e4 voidaan &#8211; nykyisin. Planeettojen radat pystyt\u00e4\u00e4n laskemaan suurella tarkkuudella pitkien aikojen p\u00e4\u00e4h\u00e4n tulevaisuudessa, ja niiden sijainti taivaalla voidaan m\u00e4\u00e4ritt\u00e4\u00e4 jetsulleen min\u00e4 tahansa hetken\u00e4.<\/p>\n\n\n\n<p>Aina asia ei ole ollut ihan n\u00e4in selv\u00e4. Kreikkalaiset, joita saamme kiitt\u00e4\u00e4 planeetta-nimityksest\u00e4 &#8211; he alkoivat kutsua t\u00e4htien suhteen liikkuvia valopisteit\u00e4 &#8221;vaeltajiksi&#8221; &#8211; tunsivat kaikki viisi paljain silmin n\u00e4kyv\u00e4\u00e4 planeettaa.<\/p>\n\n\n\n<p>Tosin heid\u00e4n n\u00e4kemyksens\u00e4 mukaan planeettoja oli kuusi. Noihin aikoihin ei ollut kummoista k\u00e4sityst\u00e4 siit\u00e4, miten planeetat suhteutuvat toisiinsa, Aurinkoon tai Maahan, joten aamutaivaalla toisinaan kirkkaasti loistavalle planeetalle annettiin nimeksi Fosforos ja ajoittain illalla n\u00e4kyv\u00e4lle planeetalle nimeksi Hesperos.<\/p>\n\n\n\n<p>Kreikkalaiset eiv\u00e4t ymm\u00e4rt\u00e4neet, ett\u00e4 heid\u00e4n Aamu- ja Iltat\u00e4htens\u00e4 olivat yksi ja sama planeetta, Venus. Tosin babylonialaiset olivat ilmeisesti oivaltaneet asian jo 3500 vuotta sitten, matkan varrella tieto vain oli p\u00e4\u00e4ssyt unohtumaan.<\/p>\n\n\n\n<p>Planeettojen todellinen luonne on kuitenkin viel\u00e4 helppo juttu. 1600-luvun alussa alettiin kallistua aurinkokeskisen maailmankuvan kannalle ja v\u00e4hitellen planeettojen omituiset liikkeet selvisiv\u00e4t. Niiden olemuskin hahmottui, kun havaintov\u00e4lineet kehittyiv\u00e4t ja lopulta avaruusajan my\u00f6t\u00e4 saatiin instrumentteja jopa paikan p\u00e4\u00e4lle.<\/p>\n\n\n\n<p>Muu maailmankaikkeus onkin sitten kinkkisempi asia &#8211; yh\u00e4 edelleen. Tai oikeastaan se on vuosisatojen ja ihan viimeisten vuosikymmentenkin aikana k\u00e4ynyt yh\u00e4 kimurantimmaksi.<\/p>\n\n\n\n<p>Kaikista tieteen huikeista edistysaskelista huolimatta noin 95 prosenttia maailmankaikkeuden koostumuksesta on h\u00e4m\u00e4r\u00e4n peitossa, kirjaimellisesti ja my\u00f6s nimens\u00e4 mukaisesti.<\/p>\n\n\n\n<p>Pime\u00e4 aine muodostaa maailmankaikkeuden yhteenlasketusta massasta ja energiasta noin 27 prosenttia ja pime\u00e4 energia per\u00e4ti 68 prosenttia. N\u00e4kyv\u00e4\u00e4, meid\u00e4n tuntemaamme ainetta, on vaivaiset viitisen prosenttia.<\/p>\n\n\n\n<p>Pime\u00e4n aineen luonteesta on erilaisia teorioita, mutta pime\u00e4 energia on t\u00e4ydellinen arvoitus. Se on toistaiseksi pelk\u00e4st\u00e4\u00e4n abstrakti selitys sille, ett\u00e4 maailmankaikkeuden laajeneminen kiihtyy. Jonkin &#8221;voiman&#8221; t\u00e4ytyy aiheuttaa kiihtyv\u00e4 laajeneminen, sill\u00e4 pelkk\u00e4 vetovoima saisi sen aiemman olettamuksen mukaisesti hidastumaan.<\/p>\n\n\n\n<p>Ilta- ja aamutaivaalla n\u00e4ytt\u00e4\u00e4 olevan kaksi eri planeettaa, mutta nykyisin tied\u00e4mme, ett\u00e4 planeettoja on vain yksi. Aiemmin maailmankaikkeuden laajeneminen n\u00e4ytti hidastuvan, mutta nykyisin tied\u00e4mme, ett\u00e4 laajeneminen onkin kiihtyv\u00e4\u00e4.<\/p>\n\n\n\n<p>Vai tied\u00e4mmek\u00f6 &#8211; siis &#8221;tuhannen prosentin varmuudella&#8221;? Se, milt\u00e4 maailma n\u00e4ytt\u00e4\u00e4, on l\u00e4ht\u00f6kohta kaikelle tutkimukselle, mutta maailma voi n\u00e4ytt\u00e4\u00e4 hyvin toisenlaiselta kuin se todellisuudessa on.<\/p>\n\n\n","protected":false},"excerpt":{"rendered":"<p>Aamulla k\u00e4vimme taivaalla kimaltelevan planeettakolmikon innoittamana kuudesluokkalaisen tytt\u00e4reni kanssa keskustelua siit\u00e4, voidaanko &#8221;tuhannen prosentin varmuudella tiet\u00e4\u00e4, mik\u00e4 planeetta n\u00e4kyy just nyt&#8221;. Vastaukseni oli, ett\u00e4 voidaan &#8211; nykyisin. Planeettojen radat pystyt\u00e4\u00e4n<br \/>\nlaskemaan&hellip;<\/p>\n","protected":false},"author":557,"featured_media":0,"comment_status":"open","ping_status":"open","sticky":false,"template":"","format":"standard","meta":{"_acf_changed":false,"asauth_required_access_level":3,"asauth_cansharepaid":"true","om_header_attributes":[],"footnotes":"","om_featured_image_focal_point":[],"om_primary_tag":0,"om_contributors":[],"om_co_authors":[],"beyondwords_generate_audio":"","beyondwords_project_id":"","beyondwords_content_id":"","beyondwords_preview_token":"","beyondwords_player_content":"","beyondwords_player_style":"","beyondwords_language_code":"","beyondwords_language_id":"","beyondwords_title_voice_id":"","beyondwords_body_voice_id":"","beyondwords_summary_voice_id":"","beyondwords_error_message":"","beyondwords_disabled":"","beyondwords_delete_content":"","beyondwords_podcast_id":"","beyondwords_hash":"","publish_post_to_speechkit":"","speechkit_hash":"","speechkit_generate_audio":"","speechkit_project_id":"","speechkit_podcast_id":"","speechkit_error_message":"","speechkit_disabled":"","speechkit_access_key":"","speechkit_error":"","speechkit_info":"","speechkit_response":"","speechkit_retries":"","speechkit_status":"","speechkit_updated_at":"","_speechkit_link":"","_speechkit_text":""},"categories":[1],"tags":[108,109,13,16,32,110,111,14],"class_list":["post-329","post","type-post","status-publish","format-standard","hentry","category-taivaan-tahden","tag-fosforos","tag-hesperos","tag-jupiter","tag-maailmankaikkeus","tag-mars","tag-pimea-aine","tag-pimea-energia","tag-venus"],"om_views":null,"acf":{"tuuma_off":false,"tuuma_kysymys":"","tuuma_vastaus":""},"asauth":{"required_access_level":1,"share_token":"","is_paid":false},"yoast_head":"<!-- This site is optimized with the Yoast SEO plugin v26.4 - https:\/\/yoast.com\/wordpress\/plugins\/seo\/ -->\n<title>Milt\u00e4 maailma n\u00e4ytt\u00e4\u00e4? - Taivaan t\u00e4hden<\/title>\n<meta name=\"robots\" content=\"index, follow, max-snippet:-1, max-image-preview:large, max-video-preview:-1\" \/>\n<link rel=\"canonical\" href=\"https:\/\/suomenkuvalehti.fi\/taivaan-tahden\/2015\/11\/03\/milta-maailma-nayttaa\/\" \/>\n<meta property=\"og:locale\" content=\"fi_FI\" \/>\n<meta property=\"og:type\" content=\"article\" \/>\n<meta property=\"og:title\" content=\"Milt\u00e4 maailma n\u00e4ytt\u00e4\u00e4? - Taivaan t\u00e4hden\" \/>\n<meta property=\"og:description\" content=\"Aamulla k\u00e4vimme taivaalla kimaltelevan planeettakolmikon innoittamana kuudesluokkalaisen tytt\u00e4reni kanssa keskustelua siit\u00e4, voidaanko &#8221;tuhannen prosentin varmuudella tiet\u00e4\u00e4, mik\u00e4 planeetta n\u00e4kyy just nyt&#8221;. Vastaukseni oli, ett\u00e4 voidaan &#8211; nykyisin. Planeettojen radat pystyt\u00e4\u00e4n laskemaan&hellip;\" \/>\n<meta property=\"og:url\" content=\"https:\/\/suomenkuvalehti.fi\/taivaan-tahden\/2015\/11\/03\/milta-maailma-nayttaa\/\" \/>\n<meta property=\"og:site_name\" content=\"Taivaan t\u00e4hden\" \/>\n<meta property=\"article:published_time\" content=\"2015-11-03T08:32:45+00:00\" \/>\n<meta property=\"og:image\" content=\"https:\/\/suomenkuvalehti.fi\/taivaan-tahden\/wp-content\/uploads\/sites\/36\/2015\/11\/kuitamuita_4_SK-1024x683.jpeg\" \/>\n<meta name=\"author\" content=\"Markus Hotakainen\" \/>\n<meta name=\"twitter:card\" content=\"summary_large_image\" \/>\n<meta name=\"twitter:label1\" content=\"Written by\" \/>\n\t<meta name=\"twitter:data1\" content=\"Markus Hotakainen\" \/>\n\t<meta name=\"twitter:label2\" content=\"Est. reading time\" \/>\n\t<meta name=\"twitter:data2\" content=\"2 minuuttia\" \/>\n<script type=\"application\/ld+json\" class=\"yoast-schema-graph\">{\"@context\":\"https:\/\/schema.org\",\"@graph\":[{\"@type\":\"WebPage\",\"@id\":\"https:\/\/suomenkuvalehti.fi\/taivaan-tahden\/2015\/11\/03\/milta-maailma-nayttaa\/\",\"url\":\"https:\/\/suomenkuvalehti.fi\/taivaan-tahden\/2015\/11\/03\/milta-maailma-nayttaa\/\",\"name\":\"Milt\u00e4 maailma n\u00e4ytt\u00e4\u00e4? - Taivaan t\u00e4hden\",\"isPartOf\":{\"@id\":\"https:\/\/suomenkuvalehti.fi\/taivaan-tahden\/#website\"},\"primaryImageOfPage\":{\"@id\":\"https:\/\/suomenkuvalehti.fi\/taivaan-tahden\/2015\/11\/03\/milta-maailma-nayttaa\/#primaryimage\"},\"image\":{\"@id\":\"https:\/\/suomenkuvalehti.fi\/taivaan-tahden\/2015\/11\/03\/milta-maailma-nayttaa\/#primaryimage\"},\"thumbnailUrl\":\"https:\/\/suomenkuvalehti.fi\/taivaan-tahden\/wp-content\/uploads\/sites\/36\/2015\/11\/kuitamuita_4_SK-1024x683.jpeg\",\"datePublished\":\"2015-11-03T08:32:45+00:00\",\"author\":{\"@id\":\"https:\/\/suomenkuvalehti.fi\/taivaan-tahden\/#\/schema\/person\/c9c1373acb19750e11084ef640abeae0\"},\"breadcrumb\":{\"@id\":\"https:\/\/suomenkuvalehti.fi\/taivaan-tahden\/2015\/11\/03\/milta-maailma-nayttaa\/#breadcrumb\"},\"inLanguage\":\"fi\",\"potentialAction\":[{\"@type\":\"ReadAction\",\"target\":[\"https:\/\/suomenkuvalehti.fi\/taivaan-tahden\/2015\/11\/03\/milta-maailma-nayttaa\/\"]}]},{\"@type\":\"ImageObject\",\"inLanguage\":\"fi\",\"@id\":\"https:\/\/suomenkuvalehti.fi\/taivaan-tahden\/2015\/11\/03\/milta-maailma-nayttaa\/#primaryimage\",\"url\":\"https:\/\/suomenkuvalehti.fi\/taivaan-tahden\/wp-content\/uploads\/sites\/36\/2015\/11\/kuitamuita_4_SK.jpeg\",\"contentUrl\":\"https:\/\/suomenkuvalehti.fi\/taivaan-tahden\/wp-content\/uploads\/sites\/36\/2015\/11\/kuitamuita_4_SK.jpeg\",\"width\":1575,\"height\":1050},{\"@type\":\"BreadcrumbList\",\"@id\":\"https:\/\/suomenkuvalehti.fi\/taivaan-tahden\/2015\/11\/03\/milta-maailma-nayttaa\/#breadcrumb\",\"itemListElement\":[{\"@type\":\"ListItem\",\"position\":1,\"name\":\"Home\",\"item\":\"https:\/\/suomenkuvalehti.fi\/taivaan-tahden\/\"},{\"@type\":\"ListItem\",\"position\":2,\"name\":\"Milt\u00e4 maailma n\u00e4ytt\u00e4\u00e4?\"}]},{\"@type\":\"WebSite\",\"@id\":\"https:\/\/suomenkuvalehti.fi\/taivaan-tahden\/#website\",\"url\":\"https:\/\/suomenkuvalehti.fi\/taivaan-tahden\/\",\"name\":\"Taivaan t\u00e4hden\",\"description\":\"Tiedetoimittaja Markus Hotakainen h\u00e4mm\u00e4stelee maailmankaikkeutta.\",\"potentialAction\":[{\"@type\":\"SearchAction\",\"target\":{\"@type\":\"EntryPoint\",\"urlTemplate\":\"https:\/\/suomenkuvalehti.fi\/haku\/?q={search_term_string}\"},\"query-input\":{\"@type\":\"PropertyValueSpecification\",\"valueRequired\":true,\"valueName\":\"search_term_string\"}}],\"inLanguage\":\"fi\"},{\"@type\":\"Person\",\"@id\":\"https:\/\/suomenkuvalehti.fi\/taivaan-tahden\/#\/schema\/person\/c9c1373acb19750e11084ef640abeae0\",\"name\":\"Markus Hotakainen\",\"image\":{\"@type\":\"ImageObject\",\"inLanguage\":\"fi\",\"@id\":\"https:\/\/suomenkuvalehti.fi\/taivaan-tahden\/#\/schema\/person\/image\/\",\"url\":\"https:\/\/suomenkuvalehti.fi\/taivaan-tahden\/wp-content\/uploads\/sites\/36\/2018\/05\/markus_hotakainen_blogi_pieni-150x150.jpg\",\"contentUrl\":\"https:\/\/suomenkuvalehti.fi\/taivaan-tahden\/wp-content\/uploads\/sites\/36\/2018\/05\/markus_hotakainen_blogi_pieni-150x150.jpg\",\"caption\":\"Markus Hotakainen\"},\"description\":\"Kirjoittaja on tiedetoimittaja ja tietokirjailija.\"}]}<\/script>\n<!-- \/ Yoast SEO plugin. -->","yoast_head_json":{"title":"Milt\u00e4 maailma n\u00e4ytt\u00e4\u00e4? - Taivaan t\u00e4hden","robots":{"index":"index","follow":"follow","max-snippet":"max-snippet:-1","max-image-preview":"max-image-preview:large","max-video-preview":"max-video-preview:-1"},"canonical":"https:\/\/suomenkuvalehti.fi\/taivaan-tahden\/2015\/11\/03\/milta-maailma-nayttaa\/","og_locale":"fi_FI","og_type":"article","og_title":"Milt\u00e4 maailma n\u00e4ytt\u00e4\u00e4? - Taivaan t\u00e4hden","og_description":"Aamulla k\u00e4vimme taivaalla kimaltelevan planeettakolmikon innoittamana kuudesluokkalaisen tytt\u00e4reni kanssa keskustelua siit\u00e4, voidaanko &#8221;tuhannen prosentin varmuudella tiet\u00e4\u00e4, mik\u00e4 planeetta n\u00e4kyy just nyt&#8221;. Vastaukseni oli, ett\u00e4 voidaan &#8211; nykyisin. Planeettojen radat pystyt\u00e4\u00e4n laskemaan&hellip;","og_url":"https:\/\/suomenkuvalehti.fi\/taivaan-tahden\/2015\/11\/03\/milta-maailma-nayttaa\/","og_site_name":"Taivaan t\u00e4hden","article_published_time":"2015-11-03T08:32:45+00:00","og_image":[{"url":"https:\/\/suomenkuvalehti.fi\/taivaan-tahden\/wp-content\/uploads\/sites\/36\/2015\/11\/kuitamuita_4_SK-1024x683.jpeg","type":"","width":"","height":""}],"author":"Markus Hotakainen","twitter_card":"summary_large_image","twitter_misc":{"Written by":"Markus Hotakainen","Est. reading time":"2 minuuttia"},"schema":{"@context":"https:\/\/schema.org","@graph":[{"@type":"WebPage","@id":"https:\/\/suomenkuvalehti.fi\/taivaan-tahden\/2015\/11\/03\/milta-maailma-nayttaa\/","url":"https:\/\/suomenkuvalehti.fi\/taivaan-tahden\/2015\/11\/03\/milta-maailma-nayttaa\/","name":"Milt\u00e4 maailma n\u00e4ytt\u00e4\u00e4? - Taivaan t\u00e4hden","isPartOf":{"@id":"https:\/\/suomenkuvalehti.fi\/taivaan-tahden\/#website"},"primaryImageOfPage":{"@id":"https:\/\/suomenkuvalehti.fi\/taivaan-tahden\/2015\/11\/03\/milta-maailma-nayttaa\/#primaryimage"},"image":{"@id":"https:\/\/suomenkuvalehti.fi\/taivaan-tahden\/2015\/11\/03\/milta-maailma-nayttaa\/#primaryimage"},"thumbnailUrl":"https:\/\/suomenkuvalehti.fi\/taivaan-tahden\/wp-content\/uploads\/sites\/36\/2015\/11\/kuitamuita_4_SK-1024x683.jpeg","datePublished":"2015-11-03T08:32:45+00:00","author":{"@id":"https:\/\/suomenkuvalehti.fi\/taivaan-tahden\/#\/schema\/person\/c9c1373acb19750e11084ef640abeae0"},"breadcrumb":{"@id":"https:\/\/suomenkuvalehti.fi\/taivaan-tahden\/2015\/11\/03\/milta-maailma-nayttaa\/#breadcrumb"},"inLanguage":"fi","potentialAction":[{"@type":"ReadAction","target":["https:\/\/suomenkuvalehti.fi\/taivaan-tahden\/2015\/11\/03\/milta-maailma-nayttaa\/"]}]},{"@type":"ImageObject","inLanguage":"fi","@id":"https:\/\/suomenkuvalehti.fi\/taivaan-tahden\/2015\/11\/03\/milta-maailma-nayttaa\/#primaryimage","url":"https:\/\/suomenkuvalehti.fi\/taivaan-tahden\/wp-content\/uploads\/sites\/36\/2015\/11\/kuitamuita_4_SK.jpeg","contentUrl":"https:\/\/suomenkuvalehti.fi\/taivaan-tahden\/wp-content\/uploads\/sites\/36\/2015\/11\/kuitamuita_4_SK.jpeg","width":1575,"height":1050},{"@type":"BreadcrumbList","@id":"https:\/\/suomenkuvalehti.fi\/taivaan-tahden\/2015\/11\/03\/milta-maailma-nayttaa\/#breadcrumb","itemListElement":[{"@type":"ListItem","position":1,"name":"Home","item":"https:\/\/suomenkuvalehti.fi\/taivaan-tahden\/"},{"@type":"ListItem","position":2,"name":"Milt\u00e4 maailma n\u00e4ytt\u00e4\u00e4?"}]},{"@type":"WebSite","@id":"https:\/\/suomenkuvalehti.fi\/taivaan-tahden\/#website","url":"https:\/\/suomenkuvalehti.fi\/taivaan-tahden\/","name":"Taivaan t\u00e4hden","description":"Tiedetoimittaja Markus Hotakainen h\u00e4mm\u00e4stelee maailmankaikkeutta.","potentialAction":[{"@type":"SearchAction","target":{"@type":"EntryPoint","urlTemplate":"https:\/\/suomenkuvalehti.fi\/haku\/?q={search_term_string}"},"query-input":{"@type":"PropertyValueSpecification","valueRequired":true,"valueName":"search_term_string"}}],"inLanguage":"fi"},{"@type":"Person","@id":"https:\/\/suomenkuvalehti.fi\/taivaan-tahden\/#\/schema\/person\/c9c1373acb19750e11084ef640abeae0","name":"Markus Hotakainen","image":{"@type":"ImageObject","inLanguage":"fi","@id":"https:\/\/suomenkuvalehti.fi\/taivaan-tahden\/#\/schema\/person\/image\/","url":"https:\/\/suomenkuvalehti.fi\/taivaan-tahden\/wp-content\/uploads\/sites\/36\/2018\/05\/markus_hotakainen_blogi_pieni-150x150.jpg","contentUrl":"https:\/\/suomenkuvalehti.fi\/taivaan-tahden\/wp-content\/uploads\/sites\/36\/2018\/05\/markus_hotakainen_blogi_pieni-150x150.jpg","caption":"Markus Hotakainen"},"description":"Kirjoittaja on tiedetoimittaja ja tietokirjailija."}]}},"_links":{"self":[{"href":"https:\/\/suomenkuvalehti.fi\/taivaan-tahden\/wp-json\/wp\/v2\/posts\/329","targetHints":{"allow":["GET"]}}],"collection":[{"href":"https:\/\/suomenkuvalehti.fi\/taivaan-tahden\/wp-json\/wp\/v2\/posts"}],"about":[{"href":"https:\/\/suomenkuvalehti.fi\/taivaan-tahden\/wp-json\/wp\/v2\/types\/post"}],"author":[{"embeddable":true,"href":"https:\/\/suomenkuvalehti.fi\/taivaan-tahden\/wp-json\/wp\/v2\/users\/557"}],"replies":[{"embeddable":true,"href":"https:\/\/suomenkuvalehti.fi\/taivaan-tahden\/wp-json\/wp\/v2\/comments?post=329"}],"version-history":[{"count":3,"href":"https:\/\/suomenkuvalehti.fi\/taivaan-tahden\/wp-json\/wp\/v2\/posts\/329\/revisions"}],"predecessor-version":[{"id":333,"href":"https:\/\/suomenkuvalehti.fi\/taivaan-tahden\/wp-json\/wp\/v2\/posts\/329\/revisions\/333"}],"wp:attachment":[{"href":"https:\/\/suomenkuvalehti.fi\/taivaan-tahden\/wp-json\/wp\/v2\/media?parent=329"}],"wp:term":[{"taxonomy":"category","embeddable":true,"href":"https:\/\/suomenkuvalehti.fi\/taivaan-tahden\/wp-json\/wp\/v2\/categories?post=329"},{"taxonomy":"post_tag","embeddable":true,"href":"https:\/\/suomenkuvalehti.fi\/taivaan-tahden\/wp-json\/wp\/v2\/tags?post=329"}],"curies":[{"name":"wp","href":"https:\/\/api.w.org\/{rel}","templated":true}]}}