{"id":253,"date":"2015-08-27T15:46:22","date_gmt":"2015-08-27T12:46:22","guid":{"rendered":"https:\/\/suomenkuvalehti.fi\/taivaan-tahden\/?p=253"},"modified":"2015-08-27T15:46:22","modified_gmt":"2015-08-27T12:46:22","slug":"kuolevan-kaapion-rytmihairiot","status":"publish","type":"post","link":"https:\/\/suomenkuvalehti.fi\/taivaan-tahden\/2015\/08\/27\/kuolevan-kaapion-rytmihairiot\/","title":{"rendered":"Kuolevan k\u00e4\u00e4pi\u00f6n rytmih\u00e4iri\u00f6t"},"content":{"rendered":"<figure class=\"aligncenter size-large is-resized wp-block-image\">\n  <div class=\"wp-block-image__inner-container\">\n    <a href=\"https:\/\/suomenkuvalehti.fi\/taivaan-tahden\/wp-content\/uploads\/sites\/36\/2015\/08\/whitedwarf_KBell.jpg\"><img loading=\"lazy\" decoding=\"async\" src=\"https:\/\/suomenkuvalehti.fi\/taivaan-tahden\/wp-content\/uploads\/sites\/36\/2015\/08\/whitedwarf_KBell-1024x358.jpg\" alt=\"whitedwarf_KBell\" class=\"wp-image-254\" width=\"1024\" height=\"358\" style=\"--aspect-ratio: 2.86\" srcset=\"https:\/\/suomenkuvalehti.fi\/taivaan-tahden\/wp-content\/uploads\/sites\/36\/2015\/08\/whitedwarf_KBell-1024x358.jpg 1024w, https:\/\/suomenkuvalehti.fi\/taivaan-tahden\/wp-content\/uploads\/sites\/36\/2015\/08\/whitedwarf_KBell-300x105.jpg 300w, https:\/\/suomenkuvalehti.fi\/taivaan-tahden\/wp-content\/uploads\/sites\/36\/2015\/08\/whitedwarf_KBell.jpg 1575w\" sizes=\"auto, (max-width: 1024px) 100vw, 1024px\" \/><\/a>    <figcaption class=\"wp-block-image__figcaption\">\n      Valkoinen k\u00e4\u00e4pi\u00f6 PG1149+057 sykkii s\u00e4\u00e4nn\u00f6llisesti (merkitty punaisella), mutta purkautuu my\u00f6s miten sattuu (vihre\u00e4 k\u00e4yr\u00e4). Kuva: J.J. Hermes\/Univ. of Warwick\/NASA          <\/figcaption>\n      <\/div>\n<\/figure>\n\n\n<p>T\u00e4hdet ovat ihan kuin ihmisi\u00e4: ne syntyv\u00e4t, el\u00e4v\u00e4t el\u00e4m\u00e4ns\u00e4 ja kuolevat \u2013 ja monilla on lopun l\u00e4hestyess\u00e4 vakavia rytmih\u00e4iri\u00f6it\u00e4.<\/p>\n\n\n\n<p>Auringon kanssa samaa kokoluokkaa olevat t\u00e4hdet p\u00e4\u00e4tt\u00e4v\u00e4t p\u00e4iv\u00e4ns\u00e4 suhteellisen rauhallisesti. Kun ne ovat laajentuneet punaisiksi j\u00e4ttil\u00e4isiksi ja puhaltaneet uloimmat kaasukerroksensa taivaan tuuliin, j\u00e4ljelle j\u00e4\u00e4 suunnilleen Maan kokoinen valkoinen k\u00e4\u00e4pi\u00f6.<\/p>\n\n\n\n<p>Sen sisuksissa ovat ydinreaktiot sammuneet ja v\u00e4hitellen valkohehkuinen k\u00e4\u00e4pi\u00f6 j\u00e4\u00e4htyy ja muuttuu yh\u00e4 himme\u00e4mm\u00e4ksi, lopulta sysimustaksi ja hyvin tihe\u00e4ksi kappaleeksi.<\/p>\n\n\n\n<p>Valkoiset k\u00e4\u00e4pi\u00f6t eiv\u00e4t kuitenkaan ole viel\u00e4 ihan elottomia. Niiden s\u00e4teilyss\u00e4 voi tapahtua pieni\u00e4 muutoksia. Esimerkiksi nimell\u00e4 PG1149+057 tunnettu k\u00e4\u00e4pi\u00f6t\u00e4hti vuoroin kirkastuu ja himmenee muutaman minuutin v\u00e4lein.<\/p>\n\n\n\n<p>S\u00e4\u00e4nn\u00f6llisen kirkkaudenvaihtelun lis\u00e4ksi valkoisen k\u00e4\u00e4pi\u00f6n k\u00e4yt\u00f6ksess\u00e4 on havaittu odottamaton piirre. Muutaman p\u00e4iv\u00e4n v\u00e4lein siin\u00e4 tapahtuu voimakkaita purkauksia, jolloin k\u00e4\u00e4pi\u00f6n kirkkaus kasvaa jopa 15 prosentilla ja pintal\u00e4mp\u00f6tila kohoaa useilla sadoilla asteilla. Ja n\u00e4it\u00e4 purkauksia sattuu ep\u00e4s\u00e4\u00e4nn\u00f6llisin v\u00e4liajoin.<\/p>\n\n\n\n<p>PG1149+057 sijaitsee Neitsyen t\u00e4hdist\u00f6n suunnassa ja sen et\u00e4isyys on noin 120 valovuotta. Ep\u00e4s\u00e4\u00e4nn\u00f6llisten rytmih\u00e4iri\u00f6iden havaitseminen on mahdollista vain, jos sykkiv\u00e4\u00e4 valkoista k\u00e4\u00e4pi\u00f6t\u00e4 p\u00e4\u00e4see seuraamaan yht\u00e4jaksoisesti kuukausien ajan.<\/p>\n\n\n\n<p>Siihen tarjoutui mahdollisuus Kepler-avaruusteleskoopilla, jonka varsinainen teht\u00e4v\u00e4 on etsi\u00e4 eksoplaneettoja, muiden t\u00e4htien kiertolaisia. Kepler tarkkailee t\u00e4htien kirkkauksia, jolloin niiden editse mahdollisesti kulkevat planeetat saavat aikaan v\u00e4h\u00e4isen himmenemisen. Samalla tulee havaituksi muistakin syist\u00e4 kirkkauttaan vaihtavia t\u00e4hti\u00e4 \u2013 kuten rytmih\u00e4iri\u00f6isi\u00e4 valkoisia k\u00e4\u00e4pi\u00f6it\u00e4.<\/p>\n\n\n\n<p>P\u00e4\u00e4osin hiilest\u00e4 ja hapesta koostuvien k\u00e4\u00e4pi\u00f6t\u00e4htien s\u00e4\u00e4nn\u00f6llinen sykint\u00e4 on eritt\u00e4in s\u00e4\u00e4nn\u00f6llist\u00e4. Jotkut niist\u00e4 ovat s\u00e4ilytt\u00e4neet saman tahdin kymmenien vuosien ajan. T\u00e4htitieteellisesti se on toki lyhyt aika, mutta toisaalta vain maapallon kokoisissa kappaleissa voi tapahtua my\u00f6s nopeita muutoksia.<\/p>\n\n\n\n<p>Kuten nyt havaittujen rytmih\u00e4iri\u00f6iden perusteella n\u00e4ytt\u00e4\u00e4 tapahtuvankin. Ilmeisesti l\u00e4mp\u00f6tilalla on jotain tekemist\u00e4 ep\u00e4s\u00e4\u00e4nn\u00f6llisten purkausten kanssa, sill\u00e4 niit\u00e4 on havaittu vain parilla melko viile\u00e4ll\u00e4 k\u00e4\u00e4pi\u00f6t\u00e4hdell\u00e4.<\/p>\n\n\n\n<p>Toistaiseksi t\u00e4htitieteilij\u00f6ill\u00e4 ei kuitenkaan ole selityst\u00e4 kuolevien k\u00e4\u00e4pi\u00f6iden&nbsp;rytmih\u00e4iri\u00f6ille.<\/p>\n\n\n\n<p>&nbsp;<\/p>\n\n\n","protected":false},"excerpt":{"rendered":"<p>T\u00e4hdet ovat ihan kuin ihmisi\u00e4: ne syntyv\u00e4t, el\u00e4v\u00e4t el\u00e4m\u00e4ns\u00e4 ja kuolevat \u2013 ja monilla on lopun l\u00e4hestyess\u00e4 vakavia rytmih\u00e4iri\u00f6it\u00e4. Auringon kanssa samaa kokoluokkaa olevat t\u00e4hdet p\u00e4\u00e4tt\u00e4v\u00e4t p\u00e4iv\u00e4ns\u00e4 suhteellisen rauhallisesti. Kun ne ovat laajentuneet punaisiksi j\u00e4ttil\u00e4isiksi<br \/>\nja puhaltaneet uloimmat &hellip;<\/p>\n","protected":false},"author":557,"featured_media":0,"comment_status":"open","ping_status":"open","sticky":false,"template":"","format":"standard","meta":{"_acf_changed":false,"asauth_required_access_level":3,"asauth_cansharepaid":"true","om_header_attributes":[],"footnotes":"","om_featured_image_focal_point":[],"om_primary_tag":0,"om_contributors":[],"om_co_authors":[],"beyondwords_generate_audio":"","beyondwords_project_id":"","beyondwords_content_id":"","beyondwords_preview_token":"","beyondwords_player_content":"","beyondwords_player_style":"","beyondwords_language_code":"","beyondwords_language_id":"","beyondwords_title_voice_id":"","beyondwords_body_voice_id":"","beyondwords_summary_voice_id":"","beyondwords_error_message":"","beyondwords_disabled":"","beyondwords_delete_content":"","beyondwords_podcast_id":"","beyondwords_hash":"","publish_post_to_speechkit":"","speechkit_hash":"","speechkit_generate_audio":"","speechkit_project_id":"","speechkit_podcast_id":"","speechkit_error_message":"","speechkit_disabled":"","speechkit_access_key":"","speechkit_error":"","speechkit_info":"","speechkit_response":"","speechkit_retries":"","speechkit_status":"","speechkit_updated_at":"","_speechkit_link":"","_speechkit_text":""},"categories":[1],"tags":[79,78,77],"class_list":["post-253","post","type-post","status-publish","format-standard","hentry","category-taivaan-tahden","tag-kepler-avaruusteleskooppi","tag-tahden-kehitys","tag-valkoinen-kaapio"],"om_views":null,"acf":{"tuuma_off":false,"tuuma_kysymys":"","tuuma_vastaus":""},"asauth":{"required_access_level":1,"share_token":"","is_paid":false},"yoast_head":"<!-- This site is optimized with the Yoast SEO plugin v26.4 - https:\/\/yoast.com\/wordpress\/plugins\/seo\/ -->\n<title>Kuolevan k\u00e4\u00e4pi\u00f6n rytmih\u00e4iri\u00f6t - Taivaan t\u00e4hden<\/title>\n<meta name=\"robots\" content=\"index, follow, max-snippet:-1, max-image-preview:large, max-video-preview:-1\" \/>\n<link rel=\"canonical\" href=\"https:\/\/suomenkuvalehti.fi\/taivaan-tahden\/2015\/08\/27\/kuolevan-kaapion-rytmihairiot\/\" \/>\n<meta property=\"og:locale\" content=\"fi_FI\" \/>\n<meta property=\"og:type\" content=\"article\" \/>\n<meta property=\"og:title\" content=\"Kuolevan k\u00e4\u00e4pi\u00f6n rytmih\u00e4iri\u00f6t - Taivaan t\u00e4hden\" \/>\n<meta property=\"og:description\" content=\"T\u00e4hdet ovat ihan kuin ihmisi\u00e4: ne syntyv\u00e4t, el\u00e4v\u00e4t el\u00e4m\u00e4ns\u00e4 ja kuolevat \u2013 ja monilla on lopun l\u00e4hestyess\u00e4 vakavia rytmih\u00e4iri\u00f6it\u00e4. Auringon kanssa samaa kokoluokkaa olevat t\u00e4hdet p\u00e4\u00e4tt\u00e4v\u00e4t p\u00e4iv\u00e4ns\u00e4 suhteellisen rauhallisesti. Kun ne ovat laajentuneet punaisiksi j\u00e4ttil\u00e4isiksi ja puhaltaneet uloimmat &hellip;\" \/>\n<meta property=\"og:url\" content=\"https:\/\/suomenkuvalehti.fi\/taivaan-tahden\/2015\/08\/27\/kuolevan-kaapion-rytmihairiot\/\" \/>\n<meta property=\"og:site_name\" content=\"Taivaan t\u00e4hden\" \/>\n<meta property=\"article:published_time\" content=\"2015-08-27T12:46:22+00:00\" \/>\n<meta property=\"og:image\" content=\"https:\/\/suomenkuvalehti.fi\/taivaan-tahden\/wp-content\/uploads\/sites\/36\/2015\/08\/whitedwarf_KBell-1024x358.jpg\" \/>\n<meta name=\"author\" content=\"Markus Hotakainen\" \/>\n<meta name=\"twitter:card\" content=\"summary_large_image\" \/>\n<meta name=\"twitter:label1\" content=\"Written by\" \/>\n\t<meta name=\"twitter:data1\" content=\"Markus Hotakainen\" \/>\n\t<meta name=\"twitter:label2\" content=\"Est. reading time\" \/>\n\t<meta name=\"twitter:data2\" content=\"2 minuuttia\" \/>\n<script type=\"application\/ld+json\" class=\"yoast-schema-graph\">{\"@context\":\"https:\/\/schema.org\",\"@graph\":[{\"@type\":\"WebPage\",\"@id\":\"https:\/\/suomenkuvalehti.fi\/taivaan-tahden\/2015\/08\/27\/kuolevan-kaapion-rytmihairiot\/\",\"url\":\"https:\/\/suomenkuvalehti.fi\/taivaan-tahden\/2015\/08\/27\/kuolevan-kaapion-rytmihairiot\/\",\"name\":\"Kuolevan k\u00e4\u00e4pi\u00f6n rytmih\u00e4iri\u00f6t - Taivaan t\u00e4hden\",\"isPartOf\":{\"@id\":\"https:\/\/suomenkuvalehti.fi\/taivaan-tahden\/#website\"},\"primaryImageOfPage\":{\"@id\":\"https:\/\/suomenkuvalehti.fi\/taivaan-tahden\/2015\/08\/27\/kuolevan-kaapion-rytmihairiot\/#primaryimage\"},\"image\":{\"@id\":\"https:\/\/suomenkuvalehti.fi\/taivaan-tahden\/2015\/08\/27\/kuolevan-kaapion-rytmihairiot\/#primaryimage\"},\"thumbnailUrl\":\"https:\/\/suomenkuvalehti.fi\/taivaan-tahden\/wp-content\/uploads\/sites\/36\/2015\/08\/whitedwarf_KBell-1024x358.jpg\",\"datePublished\":\"2015-08-27T12:46:22+00:00\",\"author\":{\"@id\":\"https:\/\/suomenkuvalehti.fi\/taivaan-tahden\/#\/schema\/person\/c9c1373acb19750e11084ef640abeae0\"},\"breadcrumb\":{\"@id\":\"https:\/\/suomenkuvalehti.fi\/taivaan-tahden\/2015\/08\/27\/kuolevan-kaapion-rytmihairiot\/#breadcrumb\"},\"inLanguage\":\"fi\",\"potentialAction\":[{\"@type\":\"ReadAction\",\"target\":[\"https:\/\/suomenkuvalehti.fi\/taivaan-tahden\/2015\/08\/27\/kuolevan-kaapion-rytmihairiot\/\"]}]},{\"@type\":\"ImageObject\",\"inLanguage\":\"fi\",\"@id\":\"https:\/\/suomenkuvalehti.fi\/taivaan-tahden\/2015\/08\/27\/kuolevan-kaapion-rytmihairiot\/#primaryimage\",\"url\":\"https:\/\/suomenkuvalehti.fi\/taivaan-tahden\/wp-content\/uploads\/sites\/36\/2015\/08\/whitedwarf_KBell.jpg\",\"contentUrl\":\"https:\/\/suomenkuvalehti.fi\/taivaan-tahden\/wp-content\/uploads\/sites\/36\/2015\/08\/whitedwarf_KBell.jpg\",\"width\":1575,\"height\":550},{\"@type\":\"BreadcrumbList\",\"@id\":\"https:\/\/suomenkuvalehti.fi\/taivaan-tahden\/2015\/08\/27\/kuolevan-kaapion-rytmihairiot\/#breadcrumb\",\"itemListElement\":[{\"@type\":\"ListItem\",\"position\":1,\"name\":\"Home\",\"item\":\"https:\/\/suomenkuvalehti.fi\/taivaan-tahden\/\"},{\"@type\":\"ListItem\",\"position\":2,\"name\":\"Kuolevan k\u00e4\u00e4pi\u00f6n rytmih\u00e4iri\u00f6t\"}]},{\"@type\":\"WebSite\",\"@id\":\"https:\/\/suomenkuvalehti.fi\/taivaan-tahden\/#website\",\"url\":\"https:\/\/suomenkuvalehti.fi\/taivaan-tahden\/\",\"name\":\"Taivaan t\u00e4hden\",\"description\":\"Tiedetoimittaja Markus Hotakainen h\u00e4mm\u00e4stelee maailmankaikkeutta.\",\"potentialAction\":[{\"@type\":\"SearchAction\",\"target\":{\"@type\":\"EntryPoint\",\"urlTemplate\":\"https:\/\/suomenkuvalehti.fi\/haku\/?q={search_term_string}\"},\"query-input\":{\"@type\":\"PropertyValueSpecification\",\"valueRequired\":true,\"valueName\":\"search_term_string\"}}],\"inLanguage\":\"fi\"},{\"@type\":\"Person\",\"@id\":\"https:\/\/suomenkuvalehti.fi\/taivaan-tahden\/#\/schema\/person\/c9c1373acb19750e11084ef640abeae0\",\"name\":\"Markus Hotakainen\",\"image\":{\"@type\":\"ImageObject\",\"inLanguage\":\"fi\",\"@id\":\"https:\/\/suomenkuvalehti.fi\/taivaan-tahden\/#\/schema\/person\/image\/\",\"url\":\"https:\/\/suomenkuvalehti.fi\/taivaan-tahden\/wp-content\/uploads\/sites\/36\/2018\/05\/markus_hotakainen_blogi_pieni-150x150.jpg\",\"contentUrl\":\"https:\/\/suomenkuvalehti.fi\/taivaan-tahden\/wp-content\/uploads\/sites\/36\/2018\/05\/markus_hotakainen_blogi_pieni-150x150.jpg\",\"caption\":\"Markus Hotakainen\"},\"description\":\"Kirjoittaja on tiedetoimittaja ja tietokirjailija.\"}]}<\/script>\n<!-- \/ Yoast SEO plugin. -->","yoast_head_json":{"title":"Kuolevan k\u00e4\u00e4pi\u00f6n rytmih\u00e4iri\u00f6t - Taivaan t\u00e4hden","robots":{"index":"index","follow":"follow","max-snippet":"max-snippet:-1","max-image-preview":"max-image-preview:large","max-video-preview":"max-video-preview:-1"},"canonical":"https:\/\/suomenkuvalehti.fi\/taivaan-tahden\/2015\/08\/27\/kuolevan-kaapion-rytmihairiot\/","og_locale":"fi_FI","og_type":"article","og_title":"Kuolevan k\u00e4\u00e4pi\u00f6n rytmih\u00e4iri\u00f6t - Taivaan t\u00e4hden","og_description":"T\u00e4hdet ovat ihan kuin ihmisi\u00e4: ne syntyv\u00e4t, el\u00e4v\u00e4t el\u00e4m\u00e4ns\u00e4 ja kuolevat \u2013 ja monilla on lopun l\u00e4hestyess\u00e4 vakavia rytmih\u00e4iri\u00f6it\u00e4. Auringon kanssa samaa kokoluokkaa olevat t\u00e4hdet p\u00e4\u00e4tt\u00e4v\u00e4t p\u00e4iv\u00e4ns\u00e4 suhteellisen rauhallisesti. Kun ne ovat laajentuneet punaisiksi j\u00e4ttil\u00e4isiksi ja puhaltaneet uloimmat &hellip;","og_url":"https:\/\/suomenkuvalehti.fi\/taivaan-tahden\/2015\/08\/27\/kuolevan-kaapion-rytmihairiot\/","og_site_name":"Taivaan t\u00e4hden","article_published_time":"2015-08-27T12:46:22+00:00","og_image":[{"url":"https:\/\/suomenkuvalehti.fi\/taivaan-tahden\/wp-content\/uploads\/sites\/36\/2015\/08\/whitedwarf_KBell-1024x358.jpg","type":"","width":"","height":""}],"author":"Markus Hotakainen","twitter_card":"summary_large_image","twitter_misc":{"Written by":"Markus Hotakainen","Est. reading time":"2 minuuttia"},"schema":{"@context":"https:\/\/schema.org","@graph":[{"@type":"WebPage","@id":"https:\/\/suomenkuvalehti.fi\/taivaan-tahden\/2015\/08\/27\/kuolevan-kaapion-rytmihairiot\/","url":"https:\/\/suomenkuvalehti.fi\/taivaan-tahden\/2015\/08\/27\/kuolevan-kaapion-rytmihairiot\/","name":"Kuolevan k\u00e4\u00e4pi\u00f6n rytmih\u00e4iri\u00f6t - Taivaan t\u00e4hden","isPartOf":{"@id":"https:\/\/suomenkuvalehti.fi\/taivaan-tahden\/#website"},"primaryImageOfPage":{"@id":"https:\/\/suomenkuvalehti.fi\/taivaan-tahden\/2015\/08\/27\/kuolevan-kaapion-rytmihairiot\/#primaryimage"},"image":{"@id":"https:\/\/suomenkuvalehti.fi\/taivaan-tahden\/2015\/08\/27\/kuolevan-kaapion-rytmihairiot\/#primaryimage"},"thumbnailUrl":"https:\/\/suomenkuvalehti.fi\/taivaan-tahden\/wp-content\/uploads\/sites\/36\/2015\/08\/whitedwarf_KBell-1024x358.jpg","datePublished":"2015-08-27T12:46:22+00:00","author":{"@id":"https:\/\/suomenkuvalehti.fi\/taivaan-tahden\/#\/schema\/person\/c9c1373acb19750e11084ef640abeae0"},"breadcrumb":{"@id":"https:\/\/suomenkuvalehti.fi\/taivaan-tahden\/2015\/08\/27\/kuolevan-kaapion-rytmihairiot\/#breadcrumb"},"inLanguage":"fi","potentialAction":[{"@type":"ReadAction","target":["https:\/\/suomenkuvalehti.fi\/taivaan-tahden\/2015\/08\/27\/kuolevan-kaapion-rytmihairiot\/"]}]},{"@type":"ImageObject","inLanguage":"fi","@id":"https:\/\/suomenkuvalehti.fi\/taivaan-tahden\/2015\/08\/27\/kuolevan-kaapion-rytmihairiot\/#primaryimage","url":"https:\/\/suomenkuvalehti.fi\/taivaan-tahden\/wp-content\/uploads\/sites\/36\/2015\/08\/whitedwarf_KBell.jpg","contentUrl":"https:\/\/suomenkuvalehti.fi\/taivaan-tahden\/wp-content\/uploads\/sites\/36\/2015\/08\/whitedwarf_KBell.jpg","width":1575,"height":550},{"@type":"BreadcrumbList","@id":"https:\/\/suomenkuvalehti.fi\/taivaan-tahden\/2015\/08\/27\/kuolevan-kaapion-rytmihairiot\/#breadcrumb","itemListElement":[{"@type":"ListItem","position":1,"name":"Home","item":"https:\/\/suomenkuvalehti.fi\/taivaan-tahden\/"},{"@type":"ListItem","position":2,"name":"Kuolevan k\u00e4\u00e4pi\u00f6n rytmih\u00e4iri\u00f6t"}]},{"@type":"WebSite","@id":"https:\/\/suomenkuvalehti.fi\/taivaan-tahden\/#website","url":"https:\/\/suomenkuvalehti.fi\/taivaan-tahden\/","name":"Taivaan t\u00e4hden","description":"Tiedetoimittaja Markus Hotakainen h\u00e4mm\u00e4stelee maailmankaikkeutta.","potentialAction":[{"@type":"SearchAction","target":{"@type":"EntryPoint","urlTemplate":"https:\/\/suomenkuvalehti.fi\/haku\/?q={search_term_string}"},"query-input":{"@type":"PropertyValueSpecification","valueRequired":true,"valueName":"search_term_string"}}],"inLanguage":"fi"},{"@type":"Person","@id":"https:\/\/suomenkuvalehti.fi\/taivaan-tahden\/#\/schema\/person\/c9c1373acb19750e11084ef640abeae0","name":"Markus Hotakainen","image":{"@type":"ImageObject","inLanguage":"fi","@id":"https:\/\/suomenkuvalehti.fi\/taivaan-tahden\/#\/schema\/person\/image\/","url":"https:\/\/suomenkuvalehti.fi\/taivaan-tahden\/wp-content\/uploads\/sites\/36\/2018\/05\/markus_hotakainen_blogi_pieni-150x150.jpg","contentUrl":"https:\/\/suomenkuvalehti.fi\/taivaan-tahden\/wp-content\/uploads\/sites\/36\/2018\/05\/markus_hotakainen_blogi_pieni-150x150.jpg","caption":"Markus Hotakainen"},"description":"Kirjoittaja on tiedetoimittaja ja tietokirjailija."}]}},"_links":{"self":[{"href":"https:\/\/suomenkuvalehti.fi\/taivaan-tahden\/wp-json\/wp\/v2\/posts\/253","targetHints":{"allow":["GET"]}}],"collection":[{"href":"https:\/\/suomenkuvalehti.fi\/taivaan-tahden\/wp-json\/wp\/v2\/posts"}],"about":[{"href":"https:\/\/suomenkuvalehti.fi\/taivaan-tahden\/wp-json\/wp\/v2\/types\/post"}],"author":[{"embeddable":true,"href":"https:\/\/suomenkuvalehti.fi\/taivaan-tahden\/wp-json\/wp\/v2\/users\/557"}],"replies":[{"embeddable":true,"href":"https:\/\/suomenkuvalehti.fi\/taivaan-tahden\/wp-json\/wp\/v2\/comments?post=253"}],"version-history":[{"count":2,"href":"https:\/\/suomenkuvalehti.fi\/taivaan-tahden\/wp-json\/wp\/v2\/posts\/253\/revisions"}],"predecessor-version":[{"id":256,"href":"https:\/\/suomenkuvalehti.fi\/taivaan-tahden\/wp-json\/wp\/v2\/posts\/253\/revisions\/256"}],"wp:attachment":[{"href":"https:\/\/suomenkuvalehti.fi\/taivaan-tahden\/wp-json\/wp\/v2\/media?parent=253"}],"wp:term":[{"taxonomy":"category","embeddable":true,"href":"https:\/\/suomenkuvalehti.fi\/taivaan-tahden\/wp-json\/wp\/v2\/categories?post=253"},{"taxonomy":"post_tag","embeddable":true,"href":"https:\/\/suomenkuvalehti.fi\/taivaan-tahden\/wp-json\/wp\/v2\/tags?post=253"}],"curies":[{"name":"wp","href":"https:\/\/api.w.org\/{rel}","templated":true}]}}