{"id":2454,"date":"2020-06-16T07:19:09","date_gmt":"2020-06-16T04:19:09","guid":{"rendered":"https:\/\/suomenkuvalehti.fi\/taivaan-tahden\/?p=2454"},"modified":"2020-06-16T07:19:09","modified_gmt":"2020-06-16T04:19:09","slug":"maa-kimmeltaa-iltataivaalla","status":"publish","type":"post","link":"https:\/\/suomenkuvalehti.fi\/taivaan-tahden\/2020\/06\/16\/maa-kimmeltaa-iltataivaalla\/","title":{"rendered":"Maa kimmelt\u00e4\u00e4 iltataivaalla"},"content":{"rendered":"<figure class=\"aligncenter size-large is-resized wp-block-image\">\n  <div class=\"wp-block-image__inner-container\">\n    <a href=\"https:\/\/suomenkuvalehti.fi\/taivaan-tahden\/wp-content\/uploads\/sites\/36\/2020\/06\/maa_venus_curiosity_sk.jpeg\"><img loading=\"lazy\" decoding=\"async\" src=\"https:\/\/suomenkuvalehti.fi\/taivaan-tahden\/wp-content\/uploads\/sites\/36\/2020\/06\/maa_venus_curiosity_sk-1024x682.jpeg\" alt=\"\" class=\"wp-image-2455\" width=\"1024\" height=\"682\" style=\"--aspect-ratio: 1.5\" srcset=\"https:\/\/suomenkuvalehti.fi\/taivaan-tahden\/wp-content\/uploads\/sites\/36\/2020\/06\/maa_venus_curiosity_sk-1024x682.jpeg 1024w, https:\/\/suomenkuvalehti.fi\/taivaan-tahden\/wp-content\/uploads\/sites\/36\/2020\/06\/maa_venus_curiosity_sk-300x200.jpeg 300w, https:\/\/suomenkuvalehti.fi\/taivaan-tahden\/wp-content\/uploads\/sites\/36\/2020\/06\/maa_venus_curiosity_sk-768x512.jpeg 768w, https:\/\/suomenkuvalehti.fi\/taivaan-tahden\/wp-content\/uploads\/sites\/36\/2020\/06\/maa_venus_curiosity_sk-630x420.jpeg 630w, https:\/\/suomenkuvalehti.fi\/taivaan-tahden\/wp-content\/uploads\/sites\/36\/2020\/06\/maa_venus_curiosity_sk.jpeg 1575w\" sizes=\"auto, (max-width: 1024px) 100vw, 1024px\" \/><\/a>    <figcaption class=\"wp-block-image__figcaption\">\n      Naapuriplaneetat yhteiskuvassa: Maa ja Venus. Kuva: NASA\/JPL-Caltech          <\/figcaption>\n      <\/div>\n<\/figure>\n\n\n<p><span class=\"capitalized\">Iltat\u00e4hdeksi<\/span> tavataan sanoa naapuriplaneettaamme Venusta. Koska se on Maan radan sis\u00e4puolella, se n\u00e4kyy aina samalla taivaankantilla kuin Aurinko eli auringonlaskun j\u00e4lkeen \u2013 kuten menneen\u00e4 kev\u00e4\u00e4n\u00e4 \u2013 tai ennen auringonnousua.<\/p>\n\n\n\n<p>Jos taivasta katselee toisen naapuriplaneettamme Marsin pinnalta, my\u00f6s Maa voi olla ilta- tai aamut\u00e4hti.<\/p>\n\n\n\n<p>Ihminen tuskin tallustelee punaisen planeetan pinnalla kovin pian, mutta Curiosity-kulkija on vaeltanut Marsissa jo l\u00e4hes 2 900 vuorokauden ajan eli yli nelj\u00e4 sik\u00e4l\u00e4ist\u00e4 vuotta.<\/p>\n\n\n\n<p><span class=\"capitalized\">Aika ajoin<\/span> sinnik\u00e4s robotti suuntaa kameransa taivaalle, ja kes\u00e4kuun alussa se sai kuviin kaksi iltat\u00e4hte\u00e4.<\/p>\n\n\n\n<p>Marsin harvassa kaasukeh\u00e4ss\u00e4 leijuva p\u00f6ly heikent\u00e4\u00e4 Maan ja Venuksen kirkkautta, mutta ne erottuvat kuvissa silti pienin\u00e4 valopistein\u00e4.<\/p>\n\n\n\n<p>Venus ei muutenkaan loista Marsin taivaalla samalla tavalla kuin Maasta katsottuna. Kes\u00e4kuun alussa Marsin ja Venuksen v\u00e4limatka oli yli 182 miljoonaa kilometri\u00e4, kun Maan et\u00e4isyys Marsista oli \u201dvain\u201d 136 miljoonaa kilometri\u00e4.<\/p>\n\n\n\n<p><span class=\"capitalized\">Kun Curiosity<\/span> otti Maan ja Venuksen potretit, auringonlaskusta oli kulunut noin tunti ja vartti. Normaalisti taivas olisi jo niin tumma, ett\u00e4 planeettojen lis\u00e4ksi kuvissa erottuisi my\u00f6s t\u00e4hti\u00e4.<\/p>\n\n\n\n<p>Sen lis\u00e4ksi, ett\u00e4 p\u00f6ly himment\u00e4\u00e4 Maan ja Venuksen (ja toki my\u00f6s t\u00e4htien) valoa, se tekee taivaasta tavallista valoisamman.<\/p>\n\n\n\n<blockquote class=\"wp-block-quote\"><p>Ei ennen ensi vuotta.<\/p><\/blockquote>\n\n\n\n<p>Samaan tapaan maapallolla n\u00e4kyy ep\u00e4tavallisia aamu- ja iltaruskoja, jos jossain p\u00e4in maailmaa on tapahtunut voimakas tulivuorenpurkaus. Korkealle ilmakeh\u00e4\u00e4n kohonnut tuhka ja p\u00f6lyhiukkaset heijastavat horisontin taakse vajonneen Auringon valoa.<\/p>\n\n\n\n<p><span class=\"capitalized\">Marsissa<\/span> ei tulivuorenpurkauksia ole tapahtunut v\u00e4hint\u00e4\u00e4n miljooniin vuosiin, mutta tuulet nostattavat pintaa peitt\u00e4v\u00e4\u00e4 p\u00f6ly\u00e4 leijumaan kaasukeh\u00e4\u00e4n.<\/p>\n\n\n\n<p>Hein\u00e4kuussa Marsiin l\u00e4hetett\u00e4v\u00e4 Perseverance-kulkija pystyy v\u00e4litt\u00e4m\u00e4\u00e4n viel\u00e4 parempia kuvia kuin Curiosity. Sen laitearsenaalissa on per\u00e4ti 23 kameraa, joista varsinaisina \u201dsilmin\u00e4\u201d toimii Mastcam-Z-kamerapari.<\/p>\n\n\n\n<p>Kahden kameran avulla Perseverance pystyy ottamaan 3D-kuvia ja niiss\u00e4 on my\u00f6s zoom-ominaisuus. Suurennus on maksimissaan liki nelinkertainen.<\/p>\n\n\n\n<p><span class=\"capitalized\">Maa ja Venus<\/span> eiv\u00e4t silti n\u00e4y Perseverancenkaan kuvissa kuin pienin\u00e4 valopistein\u00e4, mutta muutoin on lupa odottaa entist\u00e4 n\u00e4ytt\u00e4v\u00e4mpi\u00e4 otoksia niin Marsin pinnalta kuin taivaaltakin.<\/p>\n\n\n\n<p>Mutta ei ennen ensi vuotta, sill\u00e4 kulkija laskeutuu Marsiin vasta helmikuun puolenv\u00e4lin j\u00e4lkeen. Toivottavasti onnistuneesti.<\/p>\n\n\n\n<p>&nbsp;<\/p>\n\n\n","protected":false},"excerpt":{"rendered":"<p>Iltat\u00e4hdeksi tavataan sanoa naapuriplaneettaamme Venusta. Koska se on Maan radan sis\u00e4puolella, se n\u00e4kyy aina samalla taivaankantilla kuin Aurinko eli auringonlaskun j\u00e4lkeen \u2013 kuten menneen\u00e4 kev\u00e4\u00e4n\u00e4 \u2013 tai ennen auringonnousua. Jos taivasta katselee toisen naapuriplaneettamme Marsin pinnalta,<br \/>\nmy\u00f6s Maa vo&hellip;<\/p>\n","protected":false},"author":557,"featured_media":2455,"comment_status":"open","ping_status":"open","sticky":false,"template":"","format":"standard","meta":{"_acf_changed":false,"asauth_required_access_level":3,"asauth_cansharepaid":"true","om_header_attributes":[],"footnotes":"","om_featured_image_focal_point":[],"om_primary_tag":0,"om_contributors":[],"om_co_authors":[],"beyondwords_generate_audio":"","beyondwords_project_id":"","beyondwords_content_id":"","beyondwords_preview_token":"","beyondwords_player_content":"","beyondwords_player_style":"","beyondwords_language_code":"","beyondwords_language_id":"","beyondwords_title_voice_id":"","beyondwords_body_voice_id":"","beyondwords_summary_voice_id":"","beyondwords_error_message":"","beyondwords_disabled":"","beyondwords_delete_content":"","beyondwords_podcast_id":"","beyondwords_hash":"","publish_post_to_speechkit":"","speechkit_hash":"","speechkit_generate_audio":"","speechkit_project_id":"","speechkit_podcast_id":"","speechkit_error_message":"","speechkit_disabled":"","speechkit_access_key":"","speechkit_error":"","speechkit_info":"","speechkit_response":"","speechkit_retries":"","speechkit_status":"","speechkit_updated_at":"","_speechkit_link":"","_speechkit_text":""},"categories":[1],"tags":[182,893,31,32,892,14],"class_list":["post-2454","post","type-post","status-publish","format-standard","has-post-thumbnail","hentry","category-taivaan-tahden","tag-curiosity","tag-iltatahti","tag-maa","tag-mars","tag-perseverance","tag-venus"],"om_views":null,"acf":{"tuuma_off":false,"tuuma_kysymys":"","tuuma_vastaus":""},"asauth":{"required_access_level":1,"share_token":"","is_paid":false},"yoast_head":"<!-- This site is optimized with the Yoast SEO plugin v26.4 - https:\/\/yoast.com\/wordpress\/plugins\/seo\/ -->\n<title>Maa kimmelt\u00e4\u00e4 iltataivaalla - Taivaan t\u00e4hden<\/title>\n<meta name=\"robots\" content=\"index, follow, max-snippet:-1, max-image-preview:large, max-video-preview:-1\" \/>\n<link rel=\"canonical\" href=\"https:\/\/suomenkuvalehti.fi\/taivaan-tahden\/2020\/06\/16\/maa-kimmeltaa-iltataivaalla\/\" \/>\n<meta property=\"og:locale\" content=\"fi_FI\" \/>\n<meta property=\"og:type\" content=\"article\" \/>\n<meta property=\"og:title\" content=\"Maa kimmelt\u00e4\u00e4 iltataivaalla - Taivaan t\u00e4hden\" \/>\n<meta property=\"og:description\" content=\"Iltat\u00e4hdeksi tavataan sanoa naapuriplaneettaamme Venusta. Koska se on Maan radan sis\u00e4puolella, se n\u00e4kyy aina samalla taivaankantilla kuin Aurinko eli auringonlaskun j\u00e4lkeen \u2013 kuten menneen\u00e4 kev\u00e4\u00e4n\u00e4 \u2013 tai ennen auringonnousua. Jos taivasta katselee toisen naapuriplaneettamme Marsin pinnalta, my\u00f6s Maa vo&hellip;\" \/>\n<meta property=\"og:url\" content=\"https:\/\/suomenkuvalehti.fi\/taivaan-tahden\/2020\/06\/16\/maa-kimmeltaa-iltataivaalla\/\" \/>\n<meta property=\"og:site_name\" content=\"Taivaan t\u00e4hden\" \/>\n<meta property=\"article:published_time\" content=\"2020-06-16T04:19:09+00:00\" \/>\n<meta property=\"og:image\" content=\"https:\/\/suomenkuvalehti.fi\/taivaan-tahden\/wp-content\/uploads\/sites\/36\/2020\/06\/maa_venus_curiosity_sk.jpeg\" \/>\n\t<meta property=\"og:image:width\" content=\"1575\" \/>\n\t<meta property=\"og:image:height\" content=\"1049\" \/>\n\t<meta property=\"og:image:type\" content=\"image\/jpeg\" \/>\n<meta name=\"author\" content=\"Markus Hotakainen\" \/>\n<meta name=\"twitter:card\" content=\"summary_large_image\" \/>\n<meta name=\"twitter:label1\" content=\"Written by\" \/>\n\t<meta name=\"twitter:data1\" content=\"Markus Hotakainen\" \/>\n\t<meta name=\"twitter:label2\" content=\"Est. reading time\" \/>\n\t<meta name=\"twitter:data2\" content=\"2 minuuttia\" \/>\n<script type=\"application\/ld+json\" class=\"yoast-schema-graph\">{\"@context\":\"https:\/\/schema.org\",\"@graph\":[{\"@type\":\"WebPage\",\"@id\":\"https:\/\/suomenkuvalehti.fi\/taivaan-tahden\/2020\/06\/16\/maa-kimmeltaa-iltataivaalla\/\",\"url\":\"https:\/\/suomenkuvalehti.fi\/taivaan-tahden\/2020\/06\/16\/maa-kimmeltaa-iltataivaalla\/\",\"name\":\"Maa kimmelt\u00e4\u00e4 iltataivaalla - Taivaan t\u00e4hden\",\"isPartOf\":{\"@id\":\"https:\/\/suomenkuvalehti.fi\/taivaan-tahden\/#website\"},\"primaryImageOfPage\":{\"@id\":\"https:\/\/suomenkuvalehti.fi\/taivaan-tahden\/2020\/06\/16\/maa-kimmeltaa-iltataivaalla\/#primaryimage\"},\"image\":{\"@id\":\"https:\/\/suomenkuvalehti.fi\/taivaan-tahden\/2020\/06\/16\/maa-kimmeltaa-iltataivaalla\/#primaryimage\"},\"thumbnailUrl\":\"https:\/\/suomenkuvalehti.fi\/taivaan-tahden\/wp-content\/uploads\/sites\/36\/2020\/06\/maa_venus_curiosity_sk.jpeg\",\"datePublished\":\"2020-06-16T04:19:09+00:00\",\"author\":{\"@id\":\"https:\/\/suomenkuvalehti.fi\/taivaan-tahden\/#\/schema\/person\/c9c1373acb19750e11084ef640abeae0\"},\"breadcrumb\":{\"@id\":\"https:\/\/suomenkuvalehti.fi\/taivaan-tahden\/2020\/06\/16\/maa-kimmeltaa-iltataivaalla\/#breadcrumb\"},\"inLanguage\":\"fi\",\"potentialAction\":[{\"@type\":\"ReadAction\",\"target\":[\"https:\/\/suomenkuvalehti.fi\/taivaan-tahden\/2020\/06\/16\/maa-kimmeltaa-iltataivaalla\/\"]}]},{\"@type\":\"ImageObject\",\"inLanguage\":\"fi\",\"@id\":\"https:\/\/suomenkuvalehti.fi\/taivaan-tahden\/2020\/06\/16\/maa-kimmeltaa-iltataivaalla\/#primaryimage\",\"url\":\"https:\/\/suomenkuvalehti.fi\/taivaan-tahden\/wp-content\/uploads\/sites\/36\/2020\/06\/maa_venus_curiosity_sk.jpeg\",\"contentUrl\":\"https:\/\/suomenkuvalehti.fi\/taivaan-tahden\/wp-content\/uploads\/sites\/36\/2020\/06\/maa_venus_curiosity_sk.jpeg\",\"width\":1575,\"height\":1049,\"caption\":\"Naapuriplaneetat yhteiskuvassa: Maa ja Venus. Kuva: NASA\/JPL-Caltech\"},{\"@type\":\"BreadcrumbList\",\"@id\":\"https:\/\/suomenkuvalehti.fi\/taivaan-tahden\/2020\/06\/16\/maa-kimmeltaa-iltataivaalla\/#breadcrumb\",\"itemListElement\":[{\"@type\":\"ListItem\",\"position\":1,\"name\":\"Home\",\"item\":\"https:\/\/suomenkuvalehti.fi\/taivaan-tahden\/\"},{\"@type\":\"ListItem\",\"position\":2,\"name\":\"Maa kimmelt\u00e4\u00e4 iltataivaalla\"}]},{\"@type\":\"WebSite\",\"@id\":\"https:\/\/suomenkuvalehti.fi\/taivaan-tahden\/#website\",\"url\":\"https:\/\/suomenkuvalehti.fi\/taivaan-tahden\/\",\"name\":\"Taivaan t\u00e4hden\",\"description\":\"Tiedetoimittaja Markus Hotakainen h\u00e4mm\u00e4stelee maailmankaikkeutta.\",\"potentialAction\":[{\"@type\":\"SearchAction\",\"target\":{\"@type\":\"EntryPoint\",\"urlTemplate\":\"https:\/\/suomenkuvalehti.fi\/haku\/?q={search_term_string}\"},\"query-input\":{\"@type\":\"PropertyValueSpecification\",\"valueRequired\":true,\"valueName\":\"search_term_string\"}}],\"inLanguage\":\"fi\"},{\"@type\":\"Person\",\"@id\":\"https:\/\/suomenkuvalehti.fi\/taivaan-tahden\/#\/schema\/person\/c9c1373acb19750e11084ef640abeae0\",\"name\":\"Markus Hotakainen\",\"image\":{\"@type\":\"ImageObject\",\"inLanguage\":\"fi\",\"@id\":\"https:\/\/suomenkuvalehti.fi\/taivaan-tahden\/#\/schema\/person\/image\/\",\"url\":\"https:\/\/suomenkuvalehti.fi\/taivaan-tahden\/wp-content\/uploads\/sites\/36\/2018\/05\/markus_hotakainen_blogi_pieni-150x150.jpg\",\"contentUrl\":\"https:\/\/suomenkuvalehti.fi\/taivaan-tahden\/wp-content\/uploads\/sites\/36\/2018\/05\/markus_hotakainen_blogi_pieni-150x150.jpg\",\"caption\":\"Markus Hotakainen\"},\"description\":\"Kirjoittaja on tiedetoimittaja ja tietokirjailija.\"}]}<\/script>\n<!-- \/ Yoast SEO plugin. -->","yoast_head_json":{"title":"Maa kimmelt\u00e4\u00e4 iltataivaalla - Taivaan t\u00e4hden","robots":{"index":"index","follow":"follow","max-snippet":"max-snippet:-1","max-image-preview":"max-image-preview:large","max-video-preview":"max-video-preview:-1"},"canonical":"https:\/\/suomenkuvalehti.fi\/taivaan-tahden\/2020\/06\/16\/maa-kimmeltaa-iltataivaalla\/","og_locale":"fi_FI","og_type":"article","og_title":"Maa kimmelt\u00e4\u00e4 iltataivaalla - Taivaan t\u00e4hden","og_description":"Iltat\u00e4hdeksi tavataan sanoa naapuriplaneettaamme Venusta. Koska se on Maan radan sis\u00e4puolella, se n\u00e4kyy aina samalla taivaankantilla kuin Aurinko eli auringonlaskun j\u00e4lkeen \u2013 kuten menneen\u00e4 kev\u00e4\u00e4n\u00e4 \u2013 tai ennen auringonnousua. Jos taivasta katselee toisen naapuriplaneettamme Marsin pinnalta, my\u00f6s Maa vo&hellip;","og_url":"https:\/\/suomenkuvalehti.fi\/taivaan-tahden\/2020\/06\/16\/maa-kimmeltaa-iltataivaalla\/","og_site_name":"Taivaan t\u00e4hden","article_published_time":"2020-06-16T04:19:09+00:00","og_image":[{"width":1575,"height":1049,"url":"https:\/\/suomenkuvalehti.fi\/taivaan-tahden\/wp-content\/uploads\/sites\/36\/2020\/06\/maa_venus_curiosity_sk.jpeg","type":"image\/jpeg"}],"author":"Markus Hotakainen","twitter_card":"summary_large_image","twitter_misc":{"Written by":"Markus Hotakainen","Est. reading time":"2 minuuttia"},"schema":{"@context":"https:\/\/schema.org","@graph":[{"@type":"WebPage","@id":"https:\/\/suomenkuvalehti.fi\/taivaan-tahden\/2020\/06\/16\/maa-kimmeltaa-iltataivaalla\/","url":"https:\/\/suomenkuvalehti.fi\/taivaan-tahden\/2020\/06\/16\/maa-kimmeltaa-iltataivaalla\/","name":"Maa kimmelt\u00e4\u00e4 iltataivaalla - Taivaan t\u00e4hden","isPartOf":{"@id":"https:\/\/suomenkuvalehti.fi\/taivaan-tahden\/#website"},"primaryImageOfPage":{"@id":"https:\/\/suomenkuvalehti.fi\/taivaan-tahden\/2020\/06\/16\/maa-kimmeltaa-iltataivaalla\/#primaryimage"},"image":{"@id":"https:\/\/suomenkuvalehti.fi\/taivaan-tahden\/2020\/06\/16\/maa-kimmeltaa-iltataivaalla\/#primaryimage"},"thumbnailUrl":"https:\/\/suomenkuvalehti.fi\/taivaan-tahden\/wp-content\/uploads\/sites\/36\/2020\/06\/maa_venus_curiosity_sk.jpeg","datePublished":"2020-06-16T04:19:09+00:00","author":{"@id":"https:\/\/suomenkuvalehti.fi\/taivaan-tahden\/#\/schema\/person\/c9c1373acb19750e11084ef640abeae0"},"breadcrumb":{"@id":"https:\/\/suomenkuvalehti.fi\/taivaan-tahden\/2020\/06\/16\/maa-kimmeltaa-iltataivaalla\/#breadcrumb"},"inLanguage":"fi","potentialAction":[{"@type":"ReadAction","target":["https:\/\/suomenkuvalehti.fi\/taivaan-tahden\/2020\/06\/16\/maa-kimmeltaa-iltataivaalla\/"]}]},{"@type":"ImageObject","inLanguage":"fi","@id":"https:\/\/suomenkuvalehti.fi\/taivaan-tahden\/2020\/06\/16\/maa-kimmeltaa-iltataivaalla\/#primaryimage","url":"https:\/\/suomenkuvalehti.fi\/taivaan-tahden\/wp-content\/uploads\/sites\/36\/2020\/06\/maa_venus_curiosity_sk.jpeg","contentUrl":"https:\/\/suomenkuvalehti.fi\/taivaan-tahden\/wp-content\/uploads\/sites\/36\/2020\/06\/maa_venus_curiosity_sk.jpeg","width":1575,"height":1049,"caption":"Naapuriplaneetat yhteiskuvassa: Maa ja Venus. Kuva: NASA\/JPL-Caltech"},{"@type":"BreadcrumbList","@id":"https:\/\/suomenkuvalehti.fi\/taivaan-tahden\/2020\/06\/16\/maa-kimmeltaa-iltataivaalla\/#breadcrumb","itemListElement":[{"@type":"ListItem","position":1,"name":"Home","item":"https:\/\/suomenkuvalehti.fi\/taivaan-tahden\/"},{"@type":"ListItem","position":2,"name":"Maa kimmelt\u00e4\u00e4 iltataivaalla"}]},{"@type":"WebSite","@id":"https:\/\/suomenkuvalehti.fi\/taivaan-tahden\/#website","url":"https:\/\/suomenkuvalehti.fi\/taivaan-tahden\/","name":"Taivaan t\u00e4hden","description":"Tiedetoimittaja Markus Hotakainen h\u00e4mm\u00e4stelee maailmankaikkeutta.","potentialAction":[{"@type":"SearchAction","target":{"@type":"EntryPoint","urlTemplate":"https:\/\/suomenkuvalehti.fi\/haku\/?q={search_term_string}"},"query-input":{"@type":"PropertyValueSpecification","valueRequired":true,"valueName":"search_term_string"}}],"inLanguage":"fi"},{"@type":"Person","@id":"https:\/\/suomenkuvalehti.fi\/taivaan-tahden\/#\/schema\/person\/c9c1373acb19750e11084ef640abeae0","name":"Markus Hotakainen","image":{"@type":"ImageObject","inLanguage":"fi","@id":"https:\/\/suomenkuvalehti.fi\/taivaan-tahden\/#\/schema\/person\/image\/","url":"https:\/\/suomenkuvalehti.fi\/taivaan-tahden\/wp-content\/uploads\/sites\/36\/2018\/05\/markus_hotakainen_blogi_pieni-150x150.jpg","contentUrl":"https:\/\/suomenkuvalehti.fi\/taivaan-tahden\/wp-content\/uploads\/sites\/36\/2018\/05\/markus_hotakainen_blogi_pieni-150x150.jpg","caption":"Markus Hotakainen"},"description":"Kirjoittaja on tiedetoimittaja ja tietokirjailija."}]}},"_links":{"self":[{"href":"https:\/\/suomenkuvalehti.fi\/taivaan-tahden\/wp-json\/wp\/v2\/posts\/2454","targetHints":{"allow":["GET"]}}],"collection":[{"href":"https:\/\/suomenkuvalehti.fi\/taivaan-tahden\/wp-json\/wp\/v2\/posts"}],"about":[{"href":"https:\/\/suomenkuvalehti.fi\/taivaan-tahden\/wp-json\/wp\/v2\/types\/post"}],"author":[{"embeddable":true,"href":"https:\/\/suomenkuvalehti.fi\/taivaan-tahden\/wp-json\/wp\/v2\/users\/557"}],"replies":[{"embeddable":true,"href":"https:\/\/suomenkuvalehti.fi\/taivaan-tahden\/wp-json\/wp\/v2\/comments?post=2454"}],"version-history":[{"count":2,"href":"https:\/\/suomenkuvalehti.fi\/taivaan-tahden\/wp-json\/wp\/v2\/posts\/2454\/revisions"}],"predecessor-version":[{"id":2457,"href":"https:\/\/suomenkuvalehti.fi\/taivaan-tahden\/wp-json\/wp\/v2\/posts\/2454\/revisions\/2457"}],"wp:featuredmedia":[{"embeddable":true,"href":"https:\/\/suomenkuvalehti.fi\/taivaan-tahden\/wp-json\/wp\/v2\/media\/2455"}],"wp:attachment":[{"href":"https:\/\/suomenkuvalehti.fi\/taivaan-tahden\/wp-json\/wp\/v2\/media?parent=2454"}],"wp:term":[{"taxonomy":"category","embeddable":true,"href":"https:\/\/suomenkuvalehti.fi\/taivaan-tahden\/wp-json\/wp\/v2\/categories?post=2454"},{"taxonomy":"post_tag","embeddable":true,"href":"https:\/\/suomenkuvalehti.fi\/taivaan-tahden\/wp-json\/wp\/v2\/tags?post=2454"}],"curies":[{"name":"wp","href":"https:\/\/api.w.org\/{rel}","templated":true}]}}