{"id":2429,"date":"2020-05-21T08:33:29","date_gmt":"2020-05-21T05:33:29","guid":{"rendered":"https:\/\/suomenkuvalehti.fi\/taivaan-tahden\/?p=2429"},"modified":"2020-05-21T08:33:29","modified_gmt":"2020-05-21T05:33:29","slug":"mustat-aukot-nielevat-sittenkin-kaiken","status":"publish","type":"post","link":"https:\/\/suomenkuvalehti.fi\/taivaan-tahden\/2020\/05\/21\/mustat-aukot-nielevat-sittenkin-kaiken\/","title":{"rendered":"Mustat aukot nielev\u00e4t sittenkin kaiken"},"content":{"rendered":"<figure class=\"aligncenter size-large is-resized wp-block-image\">\n  <div class=\"wp-block-image__inner-container\">\n    <a href=\"https:\/\/suomenkuvalehti.fi\/taivaan-tahden\/wp-content\/uploads\/sites\/36\/2020\/05\/bh_heic2005a_sk.jpg\"><img loading=\"lazy\" decoding=\"async\" src=\"https:\/\/suomenkuvalehti.fi\/taivaan-tahden\/wp-content\/uploads\/sites\/36\/2020\/05\/bh_heic2005a_sk-1024x710.jpg\" alt=\"\" class=\"wp-image-2430\" width=\"1024\" height=\"710\" style=\"--aspect-ratio: 1.44\" srcset=\"https:\/\/suomenkuvalehti.fi\/taivaan-tahden\/wp-content\/uploads\/sites\/36\/2020\/05\/bh_heic2005a_sk-1024x710.jpg 1024w, https:\/\/suomenkuvalehti.fi\/taivaan-tahden\/wp-content\/uploads\/sites\/36\/2020\/05\/bh_heic2005a_sk-300x208.jpg 300w, https:\/\/suomenkuvalehti.fi\/taivaan-tahden\/wp-content\/uploads\/sites\/36\/2020\/05\/bh_heic2005a_sk-768x533.jpg 768w, https:\/\/suomenkuvalehti.fi\/taivaan-tahden\/wp-content\/uploads\/sites\/36\/2020\/05\/bh_heic2005a_sk-630x437.jpg 630w\" sizes=\"auto, (max-width: 1024px) 100vw, 1024px\" \/><\/a>    <figcaption class=\"wp-block-image__figcaption\">\n      T\u00e4hti voi p\u00e4\u00e4ty\u00e4 mustaan aukkoon \u2013 jos eksyy liian l\u00e4helle. Kuva: ESA\/Hubble\/M. Kornmesser          <\/figcaption>\n      <\/div>\n<\/figure>\n\n\n<p>Oliko <strong>John Taylor<\/strong> kaikesta huolimatta oikeassa?<\/p>\n\n\n\n<p><span class=\"capitalized\">Vuonna 1975<\/span> ilmestyneess\u00e4 kirjassaan, joka ilmestyi suomeksi heti seuraavana vuonna nimell\u00e4 <i>Mustat aukot \u2013 Tuhoutuuko maailmankaikkeus<\/i>, Taylor loi kuvan kammottavasta kosmisesta kidasta, johon kaikki olevainen katoaa.<\/p>\n\n\n\n<p>Pitk\u00e4\u00e4n saatoimme nukkua y\u00f6mme hyvin, sill\u00e4 l\u00e4hin tunnettu musta aukko oli tuhansien valovuosien p\u00e4\u00e4ss\u00e4.<\/p>\n\n\n\n<p>T\u00e4n\u00e4 kev\u00e4\u00e4n\u00e4 <a href=\"https:\/\/suomenkuvalehti.fi\/taivaan-tahden\/2020\/05\/08\/musta-aukko-on-yllattaen-nakymaton\/?shared=2412-1eed10dc-999\">tilanne muuttui<\/a> \u2013 ehk\u00e4 ratkaisevasti.<\/p>\n\n\n\n<p><span class=\"capitalized\">L\u00e4himp\u00e4\u00e4n mustaan aukkoon<\/span> on matkaa vain v\u00e4h\u00e4n yli tuhat valovuotta.<\/p>\n\n\n\n<blockquote class=\"wp-block-quote\"><p>Kotigalaksissamme voi olla 100 miljoonaa mustaa aukkoa.<\/p><\/blockquote>\n\n\n\n<p>Sek\u00e4\u00e4n ei ole mik\u00e4\u00e4n mit\u00e4t\u00f6n et\u00e4isyys, sill\u00e4 yli miljardin kilometrin tuntinopeudella etenev\u00e4lt\u00e4 valoltakin menee moisen taipaleen taittamiseen yli tuhat vuotta.<\/p>\n\n\n\n<p>Ratkaisevampaa on, ett\u00e4 uusi musta aukko ilmoitti itsest\u00e4\u00e4n pelk\u00e4n vetovoiman avulla. Se \u2013 tai jos tarkkoja ollaan, siihen sy\u00f6ksyv\u00e4 aine \u2013 ei l\u00e4het\u00e4 r\u00f6ntgens\u00e4teily\u00e4, joka olisi paljastanut kohteen todellisen luonteen.<\/p>\n\n\n\n<p>Mustia aukkoja voi siis olla miss\u00e4 tahansa!<\/p>\n\n\n\n<p><span class=\"capitalized\">Runsaan 100 000 valovuoden<\/span> l\u00e4pimittaisessa Linnunradassa on noin 250 000 000 000 t\u00e4hte\u00e4. Vaikka kumpikin arvo on ep\u00e4tarkka, on arvioitu, ett\u00e4 t\u00e4htien keskim\u00e4\u00e4r\u00e4inen et\u00e4isyys toisistaan on viitisen valovuotta.<\/p>\n\n\n\n<p>Toisaalta mustat aukot ovat massiivisten t\u00e4htien elinkaaren p\u00e4\u00e4tepisteit\u00e4. Linnunradan t\u00e4htien lukum\u00e4\u00e4r\u00e4st\u00e4 ja erikokoisten t\u00e4htien suhteellisista runsauksista on p\u00e4\u00e4telty, ett\u00e4 kotigalaksissamme voi olla 100 miljoonaa mustaa aukkoa.<\/p>\n\n\n\n<p>Mustien aukkojen keskim\u00e4\u00e4r\u00e4inen et\u00e4isyys toisistaan \u2013&nbsp;yli 10 000 valovuotta&nbsp;\u2013&nbsp;on siten ihan toista luokkaa kuin t\u00e4htien keskim\u00e4\u00e4r\u00e4inen et\u00e4isyys toisistaan.<\/p>\n\n\n\n<p><span class=\"capitalized\">Lis\u00e4ksi j\u00e4ttil\u00e4ist\u00e4hti\u00e4<\/span>, jollaisten j\u00e4\u00e4nteit\u00e4 mustat aukot ovat, on Linnunradan keskusalueilla huomattavasti tihe\u00e4mm\u00e4ss\u00e4 kuin t\u00e4\u00e4ll\u00e4 syrj\u00e4seuduilla. L\u00e4hiymp\u00e4rist\u00f6ss\u00e4mme on siten mustia aukkoja selv\u00e4sti keskim\u00e4\u00e4r\u00e4ist\u00e4 harvemmassa.<\/p>\n\n\n\n<p>L\u00e4hin, vain hieman yli tuhannen valovuoden et\u00e4isyydelt\u00e4 l\u00f6ytynyt musta aukko, on siis huomattavan paljon keskim\u00e4\u00e4r\u00e4ist\u00e4 l\u00e4hemp\u00e4n\u00e4.<\/p>\n\n\n\n<p>John Taylor oli silti v\u00e4\u00e4r\u00e4ss\u00e4.<\/p>\n\n\n\n<p><span class=\"capitalized\">Eik\u00e4 kukaan<\/span> hiukankaan asioista perill\u00e4 oleva koskaan&nbsp;ole muuta ep\u00e4illytk\u00e4\u00e4n. Taylorin kirja tyrm\u00e4ttiin tuoreeltaan esimerkiksi <i>Nature<\/i>-tiedelehdess\u00e4.<\/p>\n\n\n\n<p><b>David Davies<\/b>, arvostetun aviisin silloinen p\u00e4\u00e4toimittaja, totesi heti alkuun kirjan olevan \u201dyritys p\u00e4ihitt\u00e4\u00e4 tulevat tieteiskirjailijat liitt\u00e4m\u00e4ll\u00e4 mustien aukkojen kaikkiin ominaisuuksiin kauhutarinoita kuolemasta ja tuhosta\u201d.<\/p>\n\n\n\n<p>Ja se oli arvion neutraaleimpia luonnehdintoja.<\/p>\n\n\n\n<p>&nbsp;<\/p>\n\n\n","protected":false},"excerpt":{"rendered":"<p>Oliko John Taylor kaikesta huolimatta oikeassa? Vuonna 1975 ilmestyneess\u00e4 kirjassaan, joka ilmestyi suomeksi heti seuraavana vuonna nimell\u00e4 Mustat aukot \u2013 Tuhoutuuko maailmankaikkeus, Taylor loi kuvan kammottavasta kosmisesta kidasta, johon kaikki olevainen katoaa. Pitk\u00e4\u00e4n saatoimme<br \/>\nnukku&hellip;<\/p>\n","protected":false},"author":557,"featured_media":2430,"comment_status":"open","ping_status":"open","sticky":false,"template":"","format":"standard","meta":{"_acf_changed":false,"asauth_required_access_level":3,"asauth_cansharepaid":"true","om_header_attributes":[],"footnotes":"","om_featured_image_focal_point":[],"om_primary_tag":0,"om_contributors":[],"om_co_authors":[],"beyondwords_generate_audio":"","beyondwords_project_id":"","beyondwords_content_id":"","beyondwords_preview_token":"","beyondwords_player_content":"","beyondwords_player_style":"","beyondwords_language_code":"","beyondwords_language_id":"","beyondwords_title_voice_id":"","beyondwords_body_voice_id":"","beyondwords_summary_voice_id":"","beyondwords_error_message":"","beyondwords_disabled":"","beyondwords_delete_content":"","beyondwords_podcast_id":"","beyondwords_hash":"","publish_post_to_speechkit":"","speechkit_hash":"","speechkit_generate_audio":"","speechkit_project_id":"","speechkit_podcast_id":"","speechkit_error_message":"","speechkit_disabled":"","speechkit_access_key":"","speechkit_error":"","speechkit_info":"","speechkit_response":"","speechkit_retries":"","speechkit_status":"","speechkit_updated_at":"","_speechkit_link":"","_speechkit_text":""},"categories":[1],"tags":[882,435,240],"class_list":["post-2429","post","type-post","status-publish","format-standard","has-post-thumbnail","hentry","category-taivaan-tahden","tag-john-taylor","tag-linnunrata","tag-mustat-aukot"],"om_views":null,"acf":{"tuuma_off":false,"tuuma_kysymys":"","tuuma_vastaus":""},"asauth":{"required_access_level":1,"share_token":"","is_paid":false},"yoast_head":"<!-- This site is optimized with the Yoast SEO plugin v26.4 - https:\/\/yoast.com\/wordpress\/plugins\/seo\/ -->\n<title>Mustat aukot nielev\u00e4t sittenkin kaiken - Taivaan t\u00e4hden<\/title>\n<meta name=\"robots\" content=\"index, follow, max-snippet:-1, max-image-preview:large, max-video-preview:-1\" \/>\n<link rel=\"canonical\" href=\"https:\/\/suomenkuvalehti.fi\/taivaan-tahden\/2020\/05\/21\/mustat-aukot-nielevat-sittenkin-kaiken\/\" \/>\n<meta property=\"og:locale\" content=\"fi_FI\" \/>\n<meta property=\"og:type\" content=\"article\" \/>\n<meta property=\"og:title\" content=\"Mustat aukot nielev\u00e4t sittenkin kaiken - Taivaan t\u00e4hden\" \/>\n<meta property=\"og:description\" content=\"Oliko John Taylor kaikesta huolimatta oikeassa? Vuonna 1975 ilmestyneess\u00e4 kirjassaan, joka ilmestyi suomeksi heti seuraavana vuonna nimell\u00e4 Mustat aukot \u2013 Tuhoutuuko maailmankaikkeus, Taylor loi kuvan kammottavasta kosmisesta kidasta, johon kaikki olevainen katoaa. Pitk\u00e4\u00e4n saatoimme nukku&hellip;\" \/>\n<meta property=\"og:url\" content=\"https:\/\/suomenkuvalehti.fi\/taivaan-tahden\/2020\/05\/21\/mustat-aukot-nielevat-sittenkin-kaiken\/\" \/>\n<meta property=\"og:site_name\" content=\"Taivaan t\u00e4hden\" \/>\n<meta property=\"article:published_time\" content=\"2020-05-21T05:33:29+00:00\" \/>\n<meta property=\"og:image\" content=\"https:\/\/suomenkuvalehti.fi\/taivaan-tahden\/wp-content\/uploads\/sites\/36\/2020\/05\/bh_heic2005a_sk.jpg\" \/>\n\t<meta property=\"og:image:width\" content=\"4000\" \/>\n\t<meta property=\"og:image:height\" content=\"2774\" \/>\n\t<meta property=\"og:image:type\" content=\"image\/jpeg\" \/>\n<meta name=\"author\" content=\"Markus Hotakainen\" \/>\n<meta name=\"twitter:card\" content=\"summary_large_image\" \/>\n<meta name=\"twitter:label1\" content=\"Written by\" \/>\n\t<meta name=\"twitter:data1\" content=\"Markus Hotakainen\" \/>\n\t<meta name=\"twitter:label2\" content=\"Est. reading time\" \/>\n\t<meta name=\"twitter:data2\" content=\"2 minuuttia\" \/>\n<script type=\"application\/ld+json\" class=\"yoast-schema-graph\">{\"@context\":\"https:\/\/schema.org\",\"@graph\":[{\"@type\":\"WebPage\",\"@id\":\"https:\/\/suomenkuvalehti.fi\/taivaan-tahden\/2020\/05\/21\/mustat-aukot-nielevat-sittenkin-kaiken\/\",\"url\":\"https:\/\/suomenkuvalehti.fi\/taivaan-tahden\/2020\/05\/21\/mustat-aukot-nielevat-sittenkin-kaiken\/\",\"name\":\"Mustat aukot nielev\u00e4t sittenkin kaiken - Taivaan t\u00e4hden\",\"isPartOf\":{\"@id\":\"https:\/\/suomenkuvalehti.fi\/taivaan-tahden\/#website\"},\"primaryImageOfPage\":{\"@id\":\"https:\/\/suomenkuvalehti.fi\/taivaan-tahden\/2020\/05\/21\/mustat-aukot-nielevat-sittenkin-kaiken\/#primaryimage\"},\"image\":{\"@id\":\"https:\/\/suomenkuvalehti.fi\/taivaan-tahden\/2020\/05\/21\/mustat-aukot-nielevat-sittenkin-kaiken\/#primaryimage\"},\"thumbnailUrl\":\"https:\/\/suomenkuvalehti.fi\/taivaan-tahden\/wp-content\/uploads\/sites\/36\/2020\/05\/bh_heic2005a_sk.jpg\",\"datePublished\":\"2020-05-21T05:33:29+00:00\",\"author\":{\"@id\":\"https:\/\/suomenkuvalehti.fi\/taivaan-tahden\/#\/schema\/person\/c9c1373acb19750e11084ef640abeae0\"},\"breadcrumb\":{\"@id\":\"https:\/\/suomenkuvalehti.fi\/taivaan-tahden\/2020\/05\/21\/mustat-aukot-nielevat-sittenkin-kaiken\/#breadcrumb\"},\"inLanguage\":\"fi\",\"potentialAction\":[{\"@type\":\"ReadAction\",\"target\":[\"https:\/\/suomenkuvalehti.fi\/taivaan-tahden\/2020\/05\/21\/mustat-aukot-nielevat-sittenkin-kaiken\/\"]}]},{\"@type\":\"ImageObject\",\"inLanguage\":\"fi\",\"@id\":\"https:\/\/suomenkuvalehti.fi\/taivaan-tahden\/2020\/05\/21\/mustat-aukot-nielevat-sittenkin-kaiken\/#primaryimage\",\"url\":\"https:\/\/suomenkuvalehti.fi\/taivaan-tahden\/wp-content\/uploads\/sites\/36\/2020\/05\/bh_heic2005a_sk.jpg\",\"contentUrl\":\"https:\/\/suomenkuvalehti.fi\/taivaan-tahden\/wp-content\/uploads\/sites\/36\/2020\/05\/bh_heic2005a_sk.jpg\",\"width\":4000,\"height\":2774,\"caption\":\"This artist\u2019s impression depicts a star being torn apart by an intermediate-mass black hole (IMBH), surrounded by an accretion disc. This thin, rotating disc of material consists of the leftovers of a star which was ripped apart by the tidal forces of the black hole.\"},{\"@type\":\"BreadcrumbList\",\"@id\":\"https:\/\/suomenkuvalehti.fi\/taivaan-tahden\/2020\/05\/21\/mustat-aukot-nielevat-sittenkin-kaiken\/#breadcrumb\",\"itemListElement\":[{\"@type\":\"ListItem\",\"position\":1,\"name\":\"Home\",\"item\":\"https:\/\/suomenkuvalehti.fi\/taivaan-tahden\/\"},{\"@type\":\"ListItem\",\"position\":2,\"name\":\"Mustat aukot nielev\u00e4t sittenkin kaiken\"}]},{\"@type\":\"WebSite\",\"@id\":\"https:\/\/suomenkuvalehti.fi\/taivaan-tahden\/#website\",\"url\":\"https:\/\/suomenkuvalehti.fi\/taivaan-tahden\/\",\"name\":\"Taivaan t\u00e4hden\",\"description\":\"Tiedetoimittaja Markus Hotakainen h\u00e4mm\u00e4stelee maailmankaikkeutta.\",\"potentialAction\":[{\"@type\":\"SearchAction\",\"target\":{\"@type\":\"EntryPoint\",\"urlTemplate\":\"https:\/\/suomenkuvalehti.fi\/haku\/?q={search_term_string}\"},\"query-input\":{\"@type\":\"PropertyValueSpecification\",\"valueRequired\":true,\"valueName\":\"search_term_string\"}}],\"inLanguage\":\"fi\"},{\"@type\":\"Person\",\"@id\":\"https:\/\/suomenkuvalehti.fi\/taivaan-tahden\/#\/schema\/person\/c9c1373acb19750e11084ef640abeae0\",\"name\":\"Markus Hotakainen\",\"image\":{\"@type\":\"ImageObject\",\"inLanguage\":\"fi\",\"@id\":\"https:\/\/suomenkuvalehti.fi\/taivaan-tahden\/#\/schema\/person\/image\/\",\"url\":\"https:\/\/suomenkuvalehti.fi\/taivaan-tahden\/wp-content\/uploads\/sites\/36\/2018\/05\/markus_hotakainen_blogi_pieni-150x150.jpg\",\"contentUrl\":\"https:\/\/suomenkuvalehti.fi\/taivaan-tahden\/wp-content\/uploads\/sites\/36\/2018\/05\/markus_hotakainen_blogi_pieni-150x150.jpg\",\"caption\":\"Markus Hotakainen\"},\"description\":\"Kirjoittaja on tiedetoimittaja ja tietokirjailija.\"}]}<\/script>\n<!-- \/ Yoast SEO plugin. -->","yoast_head_json":{"title":"Mustat aukot nielev\u00e4t sittenkin kaiken - Taivaan t\u00e4hden","robots":{"index":"index","follow":"follow","max-snippet":"max-snippet:-1","max-image-preview":"max-image-preview:large","max-video-preview":"max-video-preview:-1"},"canonical":"https:\/\/suomenkuvalehti.fi\/taivaan-tahden\/2020\/05\/21\/mustat-aukot-nielevat-sittenkin-kaiken\/","og_locale":"fi_FI","og_type":"article","og_title":"Mustat aukot nielev\u00e4t sittenkin kaiken - Taivaan t\u00e4hden","og_description":"Oliko John Taylor kaikesta huolimatta oikeassa? Vuonna 1975 ilmestyneess\u00e4 kirjassaan, joka ilmestyi suomeksi heti seuraavana vuonna nimell\u00e4 Mustat aukot \u2013 Tuhoutuuko maailmankaikkeus, Taylor loi kuvan kammottavasta kosmisesta kidasta, johon kaikki olevainen katoaa. Pitk\u00e4\u00e4n saatoimme nukku&hellip;","og_url":"https:\/\/suomenkuvalehti.fi\/taivaan-tahden\/2020\/05\/21\/mustat-aukot-nielevat-sittenkin-kaiken\/","og_site_name":"Taivaan t\u00e4hden","article_published_time":"2020-05-21T05:33:29+00:00","og_image":[{"width":4000,"height":2774,"url":"https:\/\/suomenkuvalehti.fi\/taivaan-tahden\/wp-content\/uploads\/sites\/36\/2020\/05\/bh_heic2005a_sk.jpg","type":"image\/jpeg"}],"author":"Markus Hotakainen","twitter_card":"summary_large_image","twitter_misc":{"Written by":"Markus Hotakainen","Est. reading time":"2 minuuttia"},"schema":{"@context":"https:\/\/schema.org","@graph":[{"@type":"WebPage","@id":"https:\/\/suomenkuvalehti.fi\/taivaan-tahden\/2020\/05\/21\/mustat-aukot-nielevat-sittenkin-kaiken\/","url":"https:\/\/suomenkuvalehti.fi\/taivaan-tahden\/2020\/05\/21\/mustat-aukot-nielevat-sittenkin-kaiken\/","name":"Mustat aukot nielev\u00e4t sittenkin kaiken - Taivaan t\u00e4hden","isPartOf":{"@id":"https:\/\/suomenkuvalehti.fi\/taivaan-tahden\/#website"},"primaryImageOfPage":{"@id":"https:\/\/suomenkuvalehti.fi\/taivaan-tahden\/2020\/05\/21\/mustat-aukot-nielevat-sittenkin-kaiken\/#primaryimage"},"image":{"@id":"https:\/\/suomenkuvalehti.fi\/taivaan-tahden\/2020\/05\/21\/mustat-aukot-nielevat-sittenkin-kaiken\/#primaryimage"},"thumbnailUrl":"https:\/\/suomenkuvalehti.fi\/taivaan-tahden\/wp-content\/uploads\/sites\/36\/2020\/05\/bh_heic2005a_sk.jpg","datePublished":"2020-05-21T05:33:29+00:00","author":{"@id":"https:\/\/suomenkuvalehti.fi\/taivaan-tahden\/#\/schema\/person\/c9c1373acb19750e11084ef640abeae0"},"breadcrumb":{"@id":"https:\/\/suomenkuvalehti.fi\/taivaan-tahden\/2020\/05\/21\/mustat-aukot-nielevat-sittenkin-kaiken\/#breadcrumb"},"inLanguage":"fi","potentialAction":[{"@type":"ReadAction","target":["https:\/\/suomenkuvalehti.fi\/taivaan-tahden\/2020\/05\/21\/mustat-aukot-nielevat-sittenkin-kaiken\/"]}]},{"@type":"ImageObject","inLanguage":"fi","@id":"https:\/\/suomenkuvalehti.fi\/taivaan-tahden\/2020\/05\/21\/mustat-aukot-nielevat-sittenkin-kaiken\/#primaryimage","url":"https:\/\/suomenkuvalehti.fi\/taivaan-tahden\/wp-content\/uploads\/sites\/36\/2020\/05\/bh_heic2005a_sk.jpg","contentUrl":"https:\/\/suomenkuvalehti.fi\/taivaan-tahden\/wp-content\/uploads\/sites\/36\/2020\/05\/bh_heic2005a_sk.jpg","width":4000,"height":2774,"caption":"This artist\u2019s impression depicts a star being torn apart by an intermediate-mass black hole (IMBH), surrounded by an accretion disc. This thin, rotating disc of material consists of the leftovers of a star which was ripped apart by the tidal forces of the black hole."},{"@type":"BreadcrumbList","@id":"https:\/\/suomenkuvalehti.fi\/taivaan-tahden\/2020\/05\/21\/mustat-aukot-nielevat-sittenkin-kaiken\/#breadcrumb","itemListElement":[{"@type":"ListItem","position":1,"name":"Home","item":"https:\/\/suomenkuvalehti.fi\/taivaan-tahden\/"},{"@type":"ListItem","position":2,"name":"Mustat aukot nielev\u00e4t sittenkin kaiken"}]},{"@type":"WebSite","@id":"https:\/\/suomenkuvalehti.fi\/taivaan-tahden\/#website","url":"https:\/\/suomenkuvalehti.fi\/taivaan-tahden\/","name":"Taivaan t\u00e4hden","description":"Tiedetoimittaja Markus Hotakainen h\u00e4mm\u00e4stelee maailmankaikkeutta.","potentialAction":[{"@type":"SearchAction","target":{"@type":"EntryPoint","urlTemplate":"https:\/\/suomenkuvalehti.fi\/haku\/?q={search_term_string}"},"query-input":{"@type":"PropertyValueSpecification","valueRequired":true,"valueName":"search_term_string"}}],"inLanguage":"fi"},{"@type":"Person","@id":"https:\/\/suomenkuvalehti.fi\/taivaan-tahden\/#\/schema\/person\/c9c1373acb19750e11084ef640abeae0","name":"Markus Hotakainen","image":{"@type":"ImageObject","inLanguage":"fi","@id":"https:\/\/suomenkuvalehti.fi\/taivaan-tahden\/#\/schema\/person\/image\/","url":"https:\/\/suomenkuvalehti.fi\/taivaan-tahden\/wp-content\/uploads\/sites\/36\/2018\/05\/markus_hotakainen_blogi_pieni-150x150.jpg","contentUrl":"https:\/\/suomenkuvalehti.fi\/taivaan-tahden\/wp-content\/uploads\/sites\/36\/2018\/05\/markus_hotakainen_blogi_pieni-150x150.jpg","caption":"Markus Hotakainen"},"description":"Kirjoittaja on tiedetoimittaja ja tietokirjailija."}]}},"_links":{"self":[{"href":"https:\/\/suomenkuvalehti.fi\/taivaan-tahden\/wp-json\/wp\/v2\/posts\/2429","targetHints":{"allow":["GET"]}}],"collection":[{"href":"https:\/\/suomenkuvalehti.fi\/taivaan-tahden\/wp-json\/wp\/v2\/posts"}],"about":[{"href":"https:\/\/suomenkuvalehti.fi\/taivaan-tahden\/wp-json\/wp\/v2\/types\/post"}],"author":[{"embeddable":true,"href":"https:\/\/suomenkuvalehti.fi\/taivaan-tahden\/wp-json\/wp\/v2\/users\/557"}],"replies":[{"embeddable":true,"href":"https:\/\/suomenkuvalehti.fi\/taivaan-tahden\/wp-json\/wp\/v2\/comments?post=2429"}],"version-history":[{"count":2,"href":"https:\/\/suomenkuvalehti.fi\/taivaan-tahden\/wp-json\/wp\/v2\/posts\/2429\/revisions"}],"predecessor-version":[{"id":2432,"href":"https:\/\/suomenkuvalehti.fi\/taivaan-tahden\/wp-json\/wp\/v2\/posts\/2429\/revisions\/2432"}],"wp:featuredmedia":[{"embeddable":true,"href":"https:\/\/suomenkuvalehti.fi\/taivaan-tahden\/wp-json\/wp\/v2\/media\/2430"}],"wp:attachment":[{"href":"https:\/\/suomenkuvalehti.fi\/taivaan-tahden\/wp-json\/wp\/v2\/media?parent=2429"}],"wp:term":[{"taxonomy":"category","embeddable":true,"href":"https:\/\/suomenkuvalehti.fi\/taivaan-tahden\/wp-json\/wp\/v2\/categories?post=2429"},{"taxonomy":"post_tag","embeddable":true,"href":"https:\/\/suomenkuvalehti.fi\/taivaan-tahden\/wp-json\/wp\/v2\/tags?post=2429"}],"curies":[{"name":"wp","href":"https:\/\/api.w.org\/{rel}","templated":true}]}}