{"id":2424,"date":"2020-05-19T08:05:14","date_gmt":"2020-05-19T05:05:14","guid":{"rendered":"https:\/\/suomenkuvalehti.fi\/taivaan-tahden\/?p=2424"},"modified":"2020-05-19T08:05:14","modified_gmt":"2020-05-19T05:05:14","slug":"ruuhkaa-auringonlaskun-jalkeen","status":"publish","type":"post","link":"https:\/\/suomenkuvalehti.fi\/taivaan-tahden\/2020\/05\/19\/ruuhkaa-auringonlaskun-jalkeen\/","title":{"rendered":"Ruuhkaa auringonlaskun j\u00e4lkeen"},"content":{"rendered":"<figure class=\"aligncenter size-large is-resized wp-block-image\">\n  <div class=\"wp-block-image__inner-container\">\n    <a href=\"https:\/\/suomenkuvalehti.fi\/taivaan-tahden\/wp-content\/uploads\/sites\/36\/2020\/05\/veme_18052020_sk.jpeg\"><img loading=\"lazy\" decoding=\"async\" src=\"https:\/\/suomenkuvalehti.fi\/taivaan-tahden\/wp-content\/uploads\/sites\/36\/2020\/05\/veme_18052020_sk-1024x726.jpeg\" alt=\"\" class=\"wp-image-2425\" width=\"1024\" height=\"726\" style=\"--aspect-ratio: 1.41\" srcset=\"https:\/\/suomenkuvalehti.fi\/taivaan-tahden\/wp-content\/uploads\/sites\/36\/2020\/05\/veme_18052020_sk-1024x726.jpeg 1024w, https:\/\/suomenkuvalehti.fi\/taivaan-tahden\/wp-content\/uploads\/sites\/36\/2020\/05\/veme_18052020_sk-300x213.jpeg 300w, https:\/\/suomenkuvalehti.fi\/taivaan-tahden\/wp-content\/uploads\/sites\/36\/2020\/05\/veme_18052020_sk-768x545.jpeg 768w, https:\/\/suomenkuvalehti.fi\/taivaan-tahden\/wp-content\/uploads\/sites\/36\/2020\/05\/veme_18052020_sk-630x447.jpeg 630w, https:\/\/suomenkuvalehti.fi\/taivaan-tahden\/wp-content\/uploads\/sites\/36\/2020\/05\/veme_18052020_sk.jpeg 1480w\" sizes=\"auto, (max-width: 1024px) 100vw, 1024px\" \/><\/a>    <figcaption class=\"wp-block-image__figcaption\">\n      Merkurius ja Venus ovat l\u00e4hestym\u00e4ss\u00e4 toisiaan iltataivaalla. Kuva: Markus Hotakainen          <\/figcaption>\n      <\/div>\n<\/figure>\n\n\n<p><span class=\"capitalized\">Venus<\/span> on loistanut kirkkaasti iltataivaalla koko kev\u00e4\u00e4n. Nyt se on saamassa seuraa \u2013 hetkeksi.<\/p>\n\n\n\n<p>Maan radan sis\u00e4puolella Aurinkoa kiert\u00e4v\u00e4 Venus n\u00e4kyy ainoastaan aamutaivaalla ennen auringonnousua tai iltapuolella auringonlaskun j\u00e4lkeen. Antiikin kreikkalaiset luulivat, ett\u00e4 kyseess\u00e4 oli kaksi eri taivaankappaletta, Hesperos eli iltat\u00e4hti ja Fosforos eli aamut\u00e4hti.<\/p>\n\n\n\n<p>Viel\u00e4 Venustakin l\u00e4hemp\u00e4n\u00e4 Aurinkoa kiert\u00e4\u00e4 pieni Merkurius. Sekin n\u00e4kyy vain ilta- tai aamu\u201dt\u00e4hten\u00e4\u201d, mutta pysyttelee aina niin l\u00e4hell\u00e4 Aurinkoa, ettei Suomen leveysasteilta loistele koskaan pime\u00e4ll\u00e4 taivaalla.<\/p>\n\n\n\n<p><span class=\"capitalized\">Merkurius<\/span> on aina my\u00f6s matalalla l\u00e4hell\u00e4 taivaanrantaa, joten sen voi n\u00e4hd\u00e4 kohtuullisen helposti vain pari kertaa vuodessa yhteens\u00e4 muutaman viikon ajan.<\/p>\n\n\n\n<p>Juuri nyt planeetta on iltataivaalla et\u00e4\u00e4ntym\u00e4ss\u00e4 auringonlaskun suunnasta. Kauimpana Auringosta Merkurius on kes\u00e4kuun alussa, mink\u00e4 j\u00e4lkeen se taas katoaa p\u00e4iv\u00e4t\u00e4htemme kirkkauteen.<\/p>\n\n\n\n<blockquote class=\"wp-block-quote\"><p>Pieni valopiste hukkuu helposti iltaruskon punerrukseen.<\/p><\/blockquote>\n\n\n\n<p>Vajaa tunti auringonlaskun j\u00e4lkeen planeetta on vain runsaan viiden asteen korkeudella, joten n\u00e4kym\u00e4n kohti l\u00e4nsiluoteista horisonttia on oltava esteet\u00f6n.<\/p>\n\n\n\n<p>Silloinkaan Merkuriuksen l\u00f6yt\u00e4minen ei ole helppoa, sill\u00e4 pieni valopiste hukkuu helposti iltaruskon punerrukseen.<\/p>\n\n\n\n<p><span class=\"capitalized\">L\u00e4hip\u00e4ivin\u00e4<\/span> etsinn\u00f6iss\u00e4 voi k\u00e4ytt\u00e4\u00e4 apuna Venusta. My\u00f6s se on katoamassa iltataivaalta, sill\u00e4 planeetta kiertyy radallaan Maan ja Auringon v\u00e4liin kes\u00e4kuun alussa.<\/p>\n\n\n\n<p>T\u00e4ll\u00e4 hetkell\u00e4 kirkas Venus l\u00f6ytyy kuitenkin viel\u00e4 helposti, kunhan l\u00e4ntinen taivas on selke\u00e4. Ja pian sen vieress\u00e4 kimmelt\u00e4\u00e4 himme\u00e4mpi Merkurius.<\/p>\n\n\n\n<p>Kahdella planeetalla on 20.\u201323. toukokuuta et\u00e4isyytt\u00e4 vajaa aste eli alle kaksi kertaa Kuun n\u00e4enn\u00e4inen l\u00e4pimitta.<\/p>\n\n\n\n<p>Jos Venusta katselee tavallisella kiikarilla, Merkurius mahtuu helposti samaan n\u00e4k\u00f6kentt\u00e4\u00e4n. Sen j\u00e4lkeen planeettakaksikon voi yritt\u00e4\u00e4 n\u00e4hd\u00e4 my\u00f6s paljain silmin.<\/p>\n\n\n\n<p><span class=\"capitalized\">Mik\u00e4li siin\u00e4 onnistuu<\/span>, on tehnyt jotain, mihin planeettaliikkeen salaisuudet 1600-luvun alussa selvitt\u00e4nyt <b>Johannes Kepler<\/b> ei kyennyt. H\u00e4n ei legendan mukaan koskaan n\u00e4hnyt Merkuriusta omin silmin.<\/p>\n\n\n\n<p>Siihen ei ollut syyn\u00e4 ainoastaan Merkuriuksen katseita v\u00e4lttelev\u00e4 luonne, vaan my\u00f6s Keplerin kehno n\u00e4k\u00f6kyky. H\u00e4n oli lapsena sairastanut isorokon, joka oli vaurioittanut silmi\u00e4.<\/p>\n\n\n\n<p>Todellisuudessa Venus ja Merkurius eiv\u00e4t kovin l\u00e4hekk\u00e4in ole, sill\u00e4 t\u00e4ll\u00e4 hetkell\u00e4 niiden v\u00e4limatka on melkein 120 miljoonaa kilometri\u00e4.<\/p>\n\n\n\n<p>Maasta katsottuna ne kuitenkin n\u00e4kyv\u00e4t muutaman p\u00e4iv\u00e4n taivaalla aivan vieretysten. Kannattaa katsoa.<\/p>\n\n\n\n<p>&nbsp;<\/p>\n\n\n\n<p>&nbsp;<\/p>\n\n\n\n<p>&nbsp;<\/p>\n\n\n","protected":false},"excerpt":{"rendered":"<p>Venus on loistanut kirkkaasti iltataivaalla koko kev\u00e4\u00e4n. Nyt se on saamassa seuraa \u2013 hetkeksi. Maan radan sis\u00e4puolella Aurinkoa kiert\u00e4v\u00e4 Venus n\u00e4kyy ainoastaan aamutaivaalla ennen auringonnousua tai iltapuolella auringonlaskun j\u00e4lkeen. Antiikin kreikkalaiset luulivat, ett\u00e4 kyseess\u00e4 oli<br \/>\nkaksi eri &hellip;<\/p>\n","protected":false},"author":557,"featured_media":2425,"comment_status":"open","ping_status":"open","sticky":false,"template":"","format":"standard","meta":{"_acf_changed":false,"asauth_required_access_level":3,"asauth_cansharepaid":"true","om_header_attributes":[],"footnotes":"","om_featured_image_focal_point":[],"om_primary_tag":0,"om_contributors":[],"om_co_authors":[],"beyondwords_generate_audio":"","beyondwords_project_id":"","beyondwords_content_id":"","beyondwords_preview_token":"","beyondwords_player_content":"","beyondwords_player_style":"","beyondwords_language_code":"","beyondwords_language_id":"","beyondwords_title_voice_id":"","beyondwords_body_voice_id":"","beyondwords_summary_voice_id":"","beyondwords_error_message":"","beyondwords_disabled":"","beyondwords_delete_content":"","beyondwords_podcast_id":"","beyondwords_hash":"","publish_post_to_speechkit":"","speechkit_hash":"","speechkit_generate_audio":"","speechkit_project_id":"","speechkit_podcast_id":"","speechkit_error_message":"","speechkit_disabled":"","speechkit_access_key":"","speechkit_error":"","speechkit_info":"","speechkit_response":"","speechkit_retries":"","speechkit_status":"","speechkit_updated_at":"","_speechkit_link":"","_speechkit_text":""},"categories":[1],"tags":[4,411,14],"class_list":["post-2424","post","type-post","status-publish","format-standard","has-post-thumbnail","hentry","category-taivaan-tahden","tag-aurinko","tag-merkurius","tag-venus"],"om_views":null,"acf":{"tuuma_off":false,"tuuma_kysymys":"","tuuma_vastaus":""},"asauth":{"required_access_level":1,"share_token":"","is_paid":false},"yoast_head":"<!-- This site is optimized with the Yoast SEO plugin v26.4 - https:\/\/yoast.com\/wordpress\/plugins\/seo\/ -->\n<title>Ruuhkaa auringonlaskun j\u00e4lkeen - Taivaan t\u00e4hden<\/title>\n<meta name=\"robots\" content=\"index, follow, max-snippet:-1, max-image-preview:large, max-video-preview:-1\" \/>\n<link rel=\"canonical\" href=\"https:\/\/suomenkuvalehti.fi\/taivaan-tahden\/2020\/05\/19\/ruuhkaa-auringonlaskun-jalkeen\/\" \/>\n<meta property=\"og:locale\" content=\"fi_FI\" \/>\n<meta property=\"og:type\" content=\"article\" \/>\n<meta property=\"og:title\" content=\"Ruuhkaa auringonlaskun j\u00e4lkeen - Taivaan t\u00e4hden\" \/>\n<meta property=\"og:description\" content=\"Venus on loistanut kirkkaasti iltataivaalla koko kev\u00e4\u00e4n. Nyt se on saamassa seuraa \u2013 hetkeksi. Maan radan sis\u00e4puolella Aurinkoa kiert\u00e4v\u00e4 Venus n\u00e4kyy ainoastaan aamutaivaalla ennen auringonnousua tai iltapuolella auringonlaskun j\u00e4lkeen. Antiikin kreikkalaiset luulivat, ett\u00e4 kyseess\u00e4 oli kaksi eri &hellip;\" \/>\n<meta property=\"og:url\" content=\"https:\/\/suomenkuvalehti.fi\/taivaan-tahden\/2020\/05\/19\/ruuhkaa-auringonlaskun-jalkeen\/\" \/>\n<meta property=\"og:site_name\" content=\"Taivaan t\u00e4hden\" \/>\n<meta property=\"article:published_time\" content=\"2020-05-19T05:05:14+00:00\" \/>\n<meta property=\"og:image\" content=\"https:\/\/suomenkuvalehti.fi\/taivaan-tahden\/wp-content\/uploads\/sites\/36\/2020\/05\/veme_18052020_sk.jpeg\" \/>\n\t<meta property=\"og:image:width\" content=\"1480\" \/>\n\t<meta property=\"og:image:height\" content=\"1050\" \/>\n\t<meta property=\"og:image:type\" content=\"image\/jpeg\" \/>\n<meta name=\"author\" content=\"Markus Hotakainen\" \/>\n<meta name=\"twitter:card\" content=\"summary_large_image\" \/>\n<meta name=\"twitter:label1\" content=\"Written by\" \/>\n\t<meta name=\"twitter:data1\" content=\"Markus Hotakainen\" \/>\n\t<meta name=\"twitter:label2\" content=\"Est. reading time\" \/>\n\t<meta name=\"twitter:data2\" content=\"2 minuuttia\" \/>\n<script type=\"application\/ld+json\" class=\"yoast-schema-graph\">{\"@context\":\"https:\/\/schema.org\",\"@graph\":[{\"@type\":\"WebPage\",\"@id\":\"https:\/\/suomenkuvalehti.fi\/taivaan-tahden\/2020\/05\/19\/ruuhkaa-auringonlaskun-jalkeen\/\",\"url\":\"https:\/\/suomenkuvalehti.fi\/taivaan-tahden\/2020\/05\/19\/ruuhkaa-auringonlaskun-jalkeen\/\",\"name\":\"Ruuhkaa auringonlaskun j\u00e4lkeen - Taivaan t\u00e4hden\",\"isPartOf\":{\"@id\":\"https:\/\/suomenkuvalehti.fi\/taivaan-tahden\/#website\"},\"primaryImageOfPage\":{\"@id\":\"https:\/\/suomenkuvalehti.fi\/taivaan-tahden\/2020\/05\/19\/ruuhkaa-auringonlaskun-jalkeen\/#primaryimage\"},\"image\":{\"@id\":\"https:\/\/suomenkuvalehti.fi\/taivaan-tahden\/2020\/05\/19\/ruuhkaa-auringonlaskun-jalkeen\/#primaryimage\"},\"thumbnailUrl\":\"https:\/\/suomenkuvalehti.fi\/taivaan-tahden\/wp-content\/uploads\/sites\/36\/2020\/05\/veme_18052020_sk.jpeg\",\"datePublished\":\"2020-05-19T05:05:14+00:00\",\"author\":{\"@id\":\"https:\/\/suomenkuvalehti.fi\/taivaan-tahden\/#\/schema\/person\/c9c1373acb19750e11084ef640abeae0\"},\"breadcrumb\":{\"@id\":\"https:\/\/suomenkuvalehti.fi\/taivaan-tahden\/2020\/05\/19\/ruuhkaa-auringonlaskun-jalkeen\/#breadcrumb\"},\"inLanguage\":\"fi\",\"potentialAction\":[{\"@type\":\"ReadAction\",\"target\":[\"https:\/\/suomenkuvalehti.fi\/taivaan-tahden\/2020\/05\/19\/ruuhkaa-auringonlaskun-jalkeen\/\"]}]},{\"@type\":\"ImageObject\",\"inLanguage\":\"fi\",\"@id\":\"https:\/\/suomenkuvalehti.fi\/taivaan-tahden\/2020\/05\/19\/ruuhkaa-auringonlaskun-jalkeen\/#primaryimage\",\"url\":\"https:\/\/suomenkuvalehti.fi\/taivaan-tahden\/wp-content\/uploads\/sites\/36\/2020\/05\/veme_18052020_sk.jpeg\",\"contentUrl\":\"https:\/\/suomenkuvalehti.fi\/taivaan-tahden\/wp-content\/uploads\/sites\/36\/2020\/05\/veme_18052020_sk.jpeg\",\"width\":1480,\"height\":1050,\"caption\":\"Merkurius ja Venus ovat l\u00e4hestym\u00e4ss\u00e4 toisiaan iltataivaalla. Kuva: Markus Hotakainen\"},{\"@type\":\"BreadcrumbList\",\"@id\":\"https:\/\/suomenkuvalehti.fi\/taivaan-tahden\/2020\/05\/19\/ruuhkaa-auringonlaskun-jalkeen\/#breadcrumb\",\"itemListElement\":[{\"@type\":\"ListItem\",\"position\":1,\"name\":\"Home\",\"item\":\"https:\/\/suomenkuvalehti.fi\/taivaan-tahden\/\"},{\"@type\":\"ListItem\",\"position\":2,\"name\":\"Ruuhkaa auringonlaskun j\u00e4lkeen\"}]},{\"@type\":\"WebSite\",\"@id\":\"https:\/\/suomenkuvalehti.fi\/taivaan-tahden\/#website\",\"url\":\"https:\/\/suomenkuvalehti.fi\/taivaan-tahden\/\",\"name\":\"Taivaan t\u00e4hden\",\"description\":\"Tiedetoimittaja Markus Hotakainen h\u00e4mm\u00e4stelee maailmankaikkeutta.\",\"potentialAction\":[{\"@type\":\"SearchAction\",\"target\":{\"@type\":\"EntryPoint\",\"urlTemplate\":\"https:\/\/suomenkuvalehti.fi\/haku\/?q={search_term_string}\"},\"query-input\":{\"@type\":\"PropertyValueSpecification\",\"valueRequired\":true,\"valueName\":\"search_term_string\"}}],\"inLanguage\":\"fi\"},{\"@type\":\"Person\",\"@id\":\"https:\/\/suomenkuvalehti.fi\/taivaan-tahden\/#\/schema\/person\/c9c1373acb19750e11084ef640abeae0\",\"name\":\"Markus Hotakainen\",\"image\":{\"@type\":\"ImageObject\",\"inLanguage\":\"fi\",\"@id\":\"https:\/\/suomenkuvalehti.fi\/taivaan-tahden\/#\/schema\/person\/image\/\",\"url\":\"https:\/\/suomenkuvalehti.fi\/taivaan-tahden\/wp-content\/uploads\/sites\/36\/2018\/05\/markus_hotakainen_blogi_pieni-150x150.jpg\",\"contentUrl\":\"https:\/\/suomenkuvalehti.fi\/taivaan-tahden\/wp-content\/uploads\/sites\/36\/2018\/05\/markus_hotakainen_blogi_pieni-150x150.jpg\",\"caption\":\"Markus Hotakainen\"},\"description\":\"Kirjoittaja on tiedetoimittaja ja tietokirjailija.\"}]}<\/script>\n<!-- \/ Yoast SEO plugin. -->","yoast_head_json":{"title":"Ruuhkaa auringonlaskun j\u00e4lkeen - Taivaan t\u00e4hden","robots":{"index":"index","follow":"follow","max-snippet":"max-snippet:-1","max-image-preview":"max-image-preview:large","max-video-preview":"max-video-preview:-1"},"canonical":"https:\/\/suomenkuvalehti.fi\/taivaan-tahden\/2020\/05\/19\/ruuhkaa-auringonlaskun-jalkeen\/","og_locale":"fi_FI","og_type":"article","og_title":"Ruuhkaa auringonlaskun j\u00e4lkeen - Taivaan t\u00e4hden","og_description":"Venus on loistanut kirkkaasti iltataivaalla koko kev\u00e4\u00e4n. Nyt se on saamassa seuraa \u2013 hetkeksi. Maan radan sis\u00e4puolella Aurinkoa kiert\u00e4v\u00e4 Venus n\u00e4kyy ainoastaan aamutaivaalla ennen auringonnousua tai iltapuolella auringonlaskun j\u00e4lkeen. Antiikin kreikkalaiset luulivat, ett\u00e4 kyseess\u00e4 oli kaksi eri &hellip;","og_url":"https:\/\/suomenkuvalehti.fi\/taivaan-tahden\/2020\/05\/19\/ruuhkaa-auringonlaskun-jalkeen\/","og_site_name":"Taivaan t\u00e4hden","article_published_time":"2020-05-19T05:05:14+00:00","og_image":[{"width":1480,"height":1050,"url":"https:\/\/suomenkuvalehti.fi\/taivaan-tahden\/wp-content\/uploads\/sites\/36\/2020\/05\/veme_18052020_sk.jpeg","type":"image\/jpeg"}],"author":"Markus Hotakainen","twitter_card":"summary_large_image","twitter_misc":{"Written by":"Markus Hotakainen","Est. reading time":"2 minuuttia"},"schema":{"@context":"https:\/\/schema.org","@graph":[{"@type":"WebPage","@id":"https:\/\/suomenkuvalehti.fi\/taivaan-tahden\/2020\/05\/19\/ruuhkaa-auringonlaskun-jalkeen\/","url":"https:\/\/suomenkuvalehti.fi\/taivaan-tahden\/2020\/05\/19\/ruuhkaa-auringonlaskun-jalkeen\/","name":"Ruuhkaa auringonlaskun j\u00e4lkeen - Taivaan t\u00e4hden","isPartOf":{"@id":"https:\/\/suomenkuvalehti.fi\/taivaan-tahden\/#website"},"primaryImageOfPage":{"@id":"https:\/\/suomenkuvalehti.fi\/taivaan-tahden\/2020\/05\/19\/ruuhkaa-auringonlaskun-jalkeen\/#primaryimage"},"image":{"@id":"https:\/\/suomenkuvalehti.fi\/taivaan-tahden\/2020\/05\/19\/ruuhkaa-auringonlaskun-jalkeen\/#primaryimage"},"thumbnailUrl":"https:\/\/suomenkuvalehti.fi\/taivaan-tahden\/wp-content\/uploads\/sites\/36\/2020\/05\/veme_18052020_sk.jpeg","datePublished":"2020-05-19T05:05:14+00:00","author":{"@id":"https:\/\/suomenkuvalehti.fi\/taivaan-tahden\/#\/schema\/person\/c9c1373acb19750e11084ef640abeae0"},"breadcrumb":{"@id":"https:\/\/suomenkuvalehti.fi\/taivaan-tahden\/2020\/05\/19\/ruuhkaa-auringonlaskun-jalkeen\/#breadcrumb"},"inLanguage":"fi","potentialAction":[{"@type":"ReadAction","target":["https:\/\/suomenkuvalehti.fi\/taivaan-tahden\/2020\/05\/19\/ruuhkaa-auringonlaskun-jalkeen\/"]}]},{"@type":"ImageObject","inLanguage":"fi","@id":"https:\/\/suomenkuvalehti.fi\/taivaan-tahden\/2020\/05\/19\/ruuhkaa-auringonlaskun-jalkeen\/#primaryimage","url":"https:\/\/suomenkuvalehti.fi\/taivaan-tahden\/wp-content\/uploads\/sites\/36\/2020\/05\/veme_18052020_sk.jpeg","contentUrl":"https:\/\/suomenkuvalehti.fi\/taivaan-tahden\/wp-content\/uploads\/sites\/36\/2020\/05\/veme_18052020_sk.jpeg","width":1480,"height":1050,"caption":"Merkurius ja Venus ovat l\u00e4hestym\u00e4ss\u00e4 toisiaan iltataivaalla. Kuva: Markus Hotakainen"},{"@type":"BreadcrumbList","@id":"https:\/\/suomenkuvalehti.fi\/taivaan-tahden\/2020\/05\/19\/ruuhkaa-auringonlaskun-jalkeen\/#breadcrumb","itemListElement":[{"@type":"ListItem","position":1,"name":"Home","item":"https:\/\/suomenkuvalehti.fi\/taivaan-tahden\/"},{"@type":"ListItem","position":2,"name":"Ruuhkaa auringonlaskun j\u00e4lkeen"}]},{"@type":"WebSite","@id":"https:\/\/suomenkuvalehti.fi\/taivaan-tahden\/#website","url":"https:\/\/suomenkuvalehti.fi\/taivaan-tahden\/","name":"Taivaan t\u00e4hden","description":"Tiedetoimittaja Markus Hotakainen h\u00e4mm\u00e4stelee maailmankaikkeutta.","potentialAction":[{"@type":"SearchAction","target":{"@type":"EntryPoint","urlTemplate":"https:\/\/suomenkuvalehti.fi\/haku\/?q={search_term_string}"},"query-input":{"@type":"PropertyValueSpecification","valueRequired":true,"valueName":"search_term_string"}}],"inLanguage":"fi"},{"@type":"Person","@id":"https:\/\/suomenkuvalehti.fi\/taivaan-tahden\/#\/schema\/person\/c9c1373acb19750e11084ef640abeae0","name":"Markus Hotakainen","image":{"@type":"ImageObject","inLanguage":"fi","@id":"https:\/\/suomenkuvalehti.fi\/taivaan-tahden\/#\/schema\/person\/image\/","url":"https:\/\/suomenkuvalehti.fi\/taivaan-tahden\/wp-content\/uploads\/sites\/36\/2018\/05\/markus_hotakainen_blogi_pieni-150x150.jpg","contentUrl":"https:\/\/suomenkuvalehti.fi\/taivaan-tahden\/wp-content\/uploads\/sites\/36\/2018\/05\/markus_hotakainen_blogi_pieni-150x150.jpg","caption":"Markus Hotakainen"},"description":"Kirjoittaja on tiedetoimittaja ja tietokirjailija."}]}},"_links":{"self":[{"href":"https:\/\/suomenkuvalehti.fi\/taivaan-tahden\/wp-json\/wp\/v2\/posts\/2424","targetHints":{"allow":["GET"]}}],"collection":[{"href":"https:\/\/suomenkuvalehti.fi\/taivaan-tahden\/wp-json\/wp\/v2\/posts"}],"about":[{"href":"https:\/\/suomenkuvalehti.fi\/taivaan-tahden\/wp-json\/wp\/v2\/types\/post"}],"author":[{"embeddable":true,"href":"https:\/\/suomenkuvalehti.fi\/taivaan-tahden\/wp-json\/wp\/v2\/users\/557"}],"replies":[{"embeddable":true,"href":"https:\/\/suomenkuvalehti.fi\/taivaan-tahden\/wp-json\/wp\/v2\/comments?post=2424"}],"version-history":[{"count":3,"href":"https:\/\/suomenkuvalehti.fi\/taivaan-tahden\/wp-json\/wp\/v2\/posts\/2424\/revisions"}],"predecessor-version":[{"id":2428,"href":"https:\/\/suomenkuvalehti.fi\/taivaan-tahden\/wp-json\/wp\/v2\/posts\/2424\/revisions\/2428"}],"wp:featuredmedia":[{"embeddable":true,"href":"https:\/\/suomenkuvalehti.fi\/taivaan-tahden\/wp-json\/wp\/v2\/media\/2425"}],"wp:attachment":[{"href":"https:\/\/suomenkuvalehti.fi\/taivaan-tahden\/wp-json\/wp\/v2\/media?parent=2424"}],"wp:term":[{"taxonomy":"category","embeddable":true,"href":"https:\/\/suomenkuvalehti.fi\/taivaan-tahden\/wp-json\/wp\/v2\/categories?post=2424"},{"taxonomy":"post_tag","embeddable":true,"href":"https:\/\/suomenkuvalehti.fi\/taivaan-tahden\/wp-json\/wp\/v2\/tags?post=2424"}],"curies":[{"name":"wp","href":"https:\/\/api.w.org\/{rel}","templated":true}]}}