{"id":2394,"date":"2020-04-24T09:35:52","date_gmt":"2020-04-24T06:35:52","guid":{"rendered":"https:\/\/suomenkuvalehti.fi\/taivaan-tahden\/?p=2394"},"modified":"2020-04-24T09:35:52","modified_gmt":"2020-04-24T06:35:52","slug":"valojuovia-taivaalla-ja-muuta-huuhaata","status":"publish","type":"post","link":"https:\/\/suomenkuvalehti.fi\/taivaan-tahden\/2020\/04\/24\/valojuovia-taivaalla-ja-muuta-huuhaata\/","title":{"rendered":"Valojuovia taivaalla ja muuta huuhaata"},"content":{"rendered":"<figure class=\"aligncenter size-large is-resized wp-block-image\">\n  <div class=\"wp-block-image__inner-container\">\n    <a href=\"https:\/\/suomenkuvalehti.fi\/taivaan-tahden\/wp-content\/uploads\/sites\/36\/2020\/04\/iss_barg.jpg\"><img loading=\"lazy\" decoding=\"async\" src=\"https:\/\/suomenkuvalehti.fi\/taivaan-tahden\/wp-content\/uploads\/sites\/36\/2020\/04\/iss_barg-683x1024.jpg\" alt=\"\" class=\"wp-image-2395\" width=\"683\" height=\"1024\" style=\"--aspect-ratio: 0.67\" srcset=\"https:\/\/suomenkuvalehti.fi\/taivaan-tahden\/wp-content\/uploads\/sites\/36\/2020\/04\/iss_barg-683x1024.jpg 683w, https:\/\/suomenkuvalehti.fi\/taivaan-tahden\/wp-content\/uploads\/sites\/36\/2020\/04\/iss_barg-200x300.jpg 200w, https:\/\/suomenkuvalehti.fi\/taivaan-tahden\/wp-content\/uploads\/sites\/36\/2020\/04\/iss_barg-768x1152.jpg 768w, https:\/\/suomenkuvalehti.fi\/taivaan-tahden\/wp-content\/uploads\/sites\/36\/2020\/04\/iss_barg-300x450.jpg 300w, https:\/\/suomenkuvalehti.fi\/taivaan-tahden\/wp-content\/uploads\/sites\/36\/2020\/04\/iss_barg-630x945.jpg 630w, https:\/\/suomenkuvalehti.fi\/taivaan-tahden\/wp-content\/uploads\/sites\/36\/2020\/04\/iss_barg.jpg 1050w\" sizes=\"auto, (max-width: 683px) 100vw, 683px\" \/><\/a>    <figcaption class=\"wp-block-image__figcaption\">\n      Kansainv\u00e4linen avaruusasemakin n\u00e4kyy y\u00f6taivaalla valojuovana \u2013 valokuvassa. Kuva: Markus Hotakainen          <\/figcaption>\n      <\/div>\n<\/figure>\n\n\n<p><span class=\"capitalized\">Ihmiset<\/span> ovat viime aikoina kytt\u00e4illeet taivaalla n\u00e4kyvi\u00e4, per\u00e4kanaa kulkevia satelliitteja. Niit\u00e4 on tietysti n\u00e4kynyt \u201daina\u201d eli lokakuusta 1957 l\u00e4htien, kun Sputnik laukaistiin avaruuteen piipitt\u00e4m\u00e4\u00e4n.<\/p>\n\n\n\n<p>Nykyisin Maata kiert\u00e4\u00e4 jo tuhansia satelliitteja ja m\u00e4\u00e4r\u00e4 kasvaa yh\u00e4 kiihtyv\u00e4ll\u00e4 vauhdilla, pitk\u00e4lti kiitos <b>Elon Muskin<\/b> kuningasajatuksen toteuttaa huippunopea internet satelliittien avulla.<\/p>\n\n\n\n<p>Periaatteessa okei, monessa suhteessa ei niink\u00e4\u00e4n.<\/p>\n\n\n\n<p>Sadat, tuhannet, lopulta mahdollisesti jopa kymmenettuhannet uudet satelliitit haittaavat t\u00e4htitieteellisten havaintojen tekemist\u00e4: valosaaste levi\u00e4\u00e4 avaruuteen, kun \u00f6isell\u00e4 taivaalla risteilee t\u00e4htien joukossa pieni\u00e4 valopisteit\u00e4.<\/p>\n\n\n\n<p><span class=\"capitalized\">Valopisteit\u00e4?<\/span> Eik\u00f6s Hesarissa vastik\u00e4\u00e4n kerrottu, kuinka \u201dY\u00f6taivaalla Suomessakin n\u00e4kyv\u00e4t kirkkaat valojuovat ovat Tesla-miljard\u00f6\u00f6rin satelliitteja\u201d?<\/p>\n\n\n\n<p>Kyll\u00e4 kerrottiin, ja se on yksi niist\u00e4 asioista, jotka eiv\u00e4t ole niink\u00e4\u00e4n okei: yleismedian kertoessa avaruusasioista eksakteilla faktoilla ei tunnu olevan kovin suurta v\u00e4li\u00e4.<\/p>\n\n\n\n<p>Eiv\u00e4t satelliitit n\u00e4y taivaalla valojuovina vaan valopistein\u00e4. Jos niist\u00e4 ottaa kuvan v\u00e4h\u00e4n pidemm\u00e4ll\u00e4 valotusajalla, SILLOIN satelliitit n\u00e4kyv\u00e4t valojuovina. Ja jos valotusaikaa viel\u00e4 pident\u00e4\u00e4, t\u00e4hdetkin n\u00e4kyv\u00e4t valojuovina.<\/p>\n\n\n\n<blockquote class=\"wp-block-quote\"><p>Faktojen tarkistaminen on nykyisin helpompaa kuin koskaan ennen.<\/p><\/blockquote>\n\n\n\n<p>Samassa jutussa oli muutakin huttua.<\/p>\n\n\n\n<p>Sen mukaan Starlink-satelliitteja kuljettanut Falcon 9 -raketti laukaistiin sek\u00e4 keskiviikkona ett\u00e4 torstaina, vaikka tarjolla olevasta juttulinkist\u00e4 selvi\u00e4\u00e4 heti ensimm\u00e4iselt\u00e4 rivilt\u00e4 tarkka ajankohta.<\/p>\n\n\n\n<p><span class=\"capitalized\">Pikkujuttu<\/span> sin\u00e4ns\u00e4.<\/p>\n\n\n\n<p>Jutussa todetaan my\u00f6s, ett\u00e4 \u201dsatelliitit olivat kiertoradallaan 550 kilometrin korkeudessa jo noin 15 minuutin kuluttua\u201d.<\/p>\n\n\n\n<p>No kun eiv\u00e4t olleet.<\/p>\n\n\n\n<p>Kantoraketti vei ne soikealle radalle, jonka korkeus vaihtelee paristasadasta vajaaseen nelj\u00e4\u00e4nsataan kilometriin. Lopulliselle kiertoradalleen satelliitit kohoavat omien ionimoottoreidensa avulla \u2013 ja siihen menee aikaa huomattavasti varttituntia enemm\u00e4n: muutama kuukausi.<\/p>\n\n\n\n<p>Virheit\u00e4h\u00e4n sattuu, mutta yleismediassa niit\u00e4 on tieteeseen ja tekniikkaan liittyviss\u00e4 jutuissa jatkuvasti ja ainakin mutu-tuntumalla yh\u00e4 enemm\u00e4n. Huolimatta siit\u00e4, ett\u00e4 faktojen tarkistaminen on nykyisin helpompaa kuin koskaan ennen.<\/p>\n\n\n\n<p><span class=\"capitalized\">Ei kai<\/span> n\u00e4ill\u00e4 \u201dvaikeilla\u201d tiedeasioilla sitten ole ihmeemp\u00e4\u00e4 merkityst\u00e4, mutta ainakin itse\u00e4ni mietitytt\u00e4\u00e4, mink\u00e4 verran virheit\u00e4 on jutuissa, joiden aihepiiri ei ole itselle tuttu.<\/p>\n\n\n\n<p>&nbsp;<\/p>\n\n\n","protected":false},"excerpt":{"rendered":"<p>Ihmiset ovat viime aikoina kytt\u00e4illeet taivaalla n\u00e4kyvi\u00e4, per\u00e4kanaa kulkevia satelliitteja. Niit\u00e4 on tietysti n\u00e4kynyt \u201daina\u201d eli lokakuusta 1957 l\u00e4htien, kun Sputnik laukaistiin avaruuteen piipitt\u00e4m\u00e4\u00e4n. Nykyisin Maata kiert\u00e4\u00e4 jo tuhansia satelliitteja ja m\u00e4\u00e4r\u00e4 kasvaa yh\u00e4<br \/>\nkiihtyv\u00e4ll\u00e4 vauhdil&hellip;<\/p>\n","protected":false},"author":557,"featured_media":2395,"comment_status":"open","ping_status":"open","sticky":false,"template":"","format":"standard","meta":{"_acf_changed":false,"asauth_required_access_level":3,"asauth_cansharepaid":"true","om_header_attributes":[],"footnotes":"","om_featured_image_focal_point":[],"om_primary_tag":0,"om_contributors":[],"om_co_authors":[],"beyondwords_generate_audio":"","beyondwords_project_id":"","beyondwords_content_id":"","beyondwords_preview_token":"","beyondwords_player_content":"","beyondwords_player_style":"","beyondwords_language_code":"","beyondwords_language_id":"","beyondwords_title_voice_id":"","beyondwords_body_voice_id":"","beyondwords_summary_voice_id":"","beyondwords_error_message":"","beyondwords_disabled":"","beyondwords_delete_content":"","beyondwords_podcast_id":"","beyondwords_hash":"","publish_post_to_speechkit":"","speechkit_hash":"","speechkit_generate_audio":"","speechkit_project_id":"","speechkit_podcast_id":"","speechkit_error_message":"","speechkit_disabled":"","speechkit_access_key":"","speechkit_error":"","speechkit_info":"","speechkit_response":"","speechkit_retries":"","speechkit_status":"","speechkit_updated_at":"","_speechkit_link":"","_speechkit_text":""},"categories":[1],"tags":[471,423,879],"class_list":["post-2394","post","type-post","status-publish","format-standard","has-post-thumbnail","hentry","category-taivaan-tahden","tag-elon-musk","tag-satelliitti","tag-starlink"],"om_views":null,"acf":{"tuuma_off":false,"tuuma_kysymys":"","tuuma_vastaus":""},"asauth":{"required_access_level":1,"share_token":"","is_paid":false},"yoast_head":"<!-- This site is optimized with the Yoast SEO plugin v26.4 - https:\/\/yoast.com\/wordpress\/plugins\/seo\/ -->\n<title>Valojuovia taivaalla ja muuta huuhaata - Taivaan t\u00e4hden<\/title>\n<meta name=\"robots\" content=\"index, follow, max-snippet:-1, max-image-preview:large, max-video-preview:-1\" \/>\n<link rel=\"canonical\" href=\"https:\/\/suomenkuvalehti.fi\/taivaan-tahden\/2020\/04\/24\/valojuovia-taivaalla-ja-muuta-huuhaata\/\" \/>\n<meta property=\"og:locale\" content=\"fi_FI\" \/>\n<meta property=\"og:type\" content=\"article\" \/>\n<meta property=\"og:title\" content=\"Valojuovia taivaalla ja muuta huuhaata - Taivaan t\u00e4hden\" \/>\n<meta property=\"og:description\" content=\"Ihmiset ovat viime aikoina kytt\u00e4illeet taivaalla n\u00e4kyvi\u00e4, per\u00e4kanaa kulkevia satelliitteja. Niit\u00e4 on tietysti n\u00e4kynyt \u201daina\u201d eli lokakuusta 1957 l\u00e4htien, kun Sputnik laukaistiin avaruuteen piipitt\u00e4m\u00e4\u00e4n. Nykyisin Maata kiert\u00e4\u00e4 jo tuhansia satelliitteja ja m\u00e4\u00e4r\u00e4 kasvaa yh\u00e4 kiihtyv\u00e4ll\u00e4 vauhdil&hellip;\" \/>\n<meta property=\"og:url\" content=\"https:\/\/suomenkuvalehti.fi\/taivaan-tahden\/2020\/04\/24\/valojuovia-taivaalla-ja-muuta-huuhaata\/\" \/>\n<meta property=\"og:site_name\" content=\"Taivaan t\u00e4hden\" \/>\n<meta property=\"article:published_time\" content=\"2020-04-24T06:35:52+00:00\" \/>\n<meta property=\"og:image\" content=\"https:\/\/suomenkuvalehti.fi\/taivaan-tahden\/wp-content\/uploads\/sites\/36\/2020\/04\/iss_barg.jpg\" \/>\n\t<meta property=\"og:image:width\" content=\"1050\" \/>\n\t<meta property=\"og:image:height\" content=\"1575\" \/>\n\t<meta property=\"og:image:type\" content=\"image\/jpeg\" \/>\n<meta name=\"author\" content=\"Markus Hotakainen\" \/>\n<meta name=\"twitter:card\" content=\"summary_large_image\" \/>\n<meta name=\"twitter:label1\" content=\"Written by\" \/>\n\t<meta name=\"twitter:data1\" content=\"Markus Hotakainen\" \/>\n\t<meta name=\"twitter:label2\" content=\"Est. reading time\" \/>\n\t<meta name=\"twitter:data2\" content=\"2 minuuttia\" \/>\n<script type=\"application\/ld+json\" class=\"yoast-schema-graph\">{\"@context\":\"https:\/\/schema.org\",\"@graph\":[{\"@type\":\"WebPage\",\"@id\":\"https:\/\/suomenkuvalehti.fi\/taivaan-tahden\/2020\/04\/24\/valojuovia-taivaalla-ja-muuta-huuhaata\/\",\"url\":\"https:\/\/suomenkuvalehti.fi\/taivaan-tahden\/2020\/04\/24\/valojuovia-taivaalla-ja-muuta-huuhaata\/\",\"name\":\"Valojuovia taivaalla ja muuta huuhaata - Taivaan t\u00e4hden\",\"isPartOf\":{\"@id\":\"https:\/\/suomenkuvalehti.fi\/taivaan-tahden\/#website\"},\"primaryImageOfPage\":{\"@id\":\"https:\/\/suomenkuvalehti.fi\/taivaan-tahden\/2020\/04\/24\/valojuovia-taivaalla-ja-muuta-huuhaata\/#primaryimage\"},\"image\":{\"@id\":\"https:\/\/suomenkuvalehti.fi\/taivaan-tahden\/2020\/04\/24\/valojuovia-taivaalla-ja-muuta-huuhaata\/#primaryimage\"},\"thumbnailUrl\":\"https:\/\/suomenkuvalehti.fi\/taivaan-tahden\/wp-content\/uploads\/sites\/36\/2020\/04\/iss_barg.jpg\",\"datePublished\":\"2020-04-24T06:35:52+00:00\",\"author\":{\"@id\":\"https:\/\/suomenkuvalehti.fi\/taivaan-tahden\/#\/schema\/person\/c9c1373acb19750e11084ef640abeae0\"},\"breadcrumb\":{\"@id\":\"https:\/\/suomenkuvalehti.fi\/taivaan-tahden\/2020\/04\/24\/valojuovia-taivaalla-ja-muuta-huuhaata\/#breadcrumb\"},\"inLanguage\":\"fi\",\"potentialAction\":[{\"@type\":\"ReadAction\",\"target\":[\"https:\/\/suomenkuvalehti.fi\/taivaan-tahden\/2020\/04\/24\/valojuovia-taivaalla-ja-muuta-huuhaata\/\"]}]},{\"@type\":\"ImageObject\",\"inLanguage\":\"fi\",\"@id\":\"https:\/\/suomenkuvalehti.fi\/taivaan-tahden\/2020\/04\/24\/valojuovia-taivaalla-ja-muuta-huuhaata\/#primaryimage\",\"url\":\"https:\/\/suomenkuvalehti.fi\/taivaan-tahden\/wp-content\/uploads\/sites\/36\/2020\/04\/iss_barg.jpg\",\"contentUrl\":\"https:\/\/suomenkuvalehti.fi\/taivaan-tahden\/wp-content\/uploads\/sites\/36\/2020\/04\/iss_barg.jpg\",\"width\":1050,\"height\":1575,\"caption\":\"Kansainv\u00e4linen avaruusasemakin n\u00e4kyy y\u00f6taivaalla valojuovana \u2013 valokuvassa. Kuva: Markus Hotakainen\"},{\"@type\":\"BreadcrumbList\",\"@id\":\"https:\/\/suomenkuvalehti.fi\/taivaan-tahden\/2020\/04\/24\/valojuovia-taivaalla-ja-muuta-huuhaata\/#breadcrumb\",\"itemListElement\":[{\"@type\":\"ListItem\",\"position\":1,\"name\":\"Home\",\"item\":\"https:\/\/suomenkuvalehti.fi\/taivaan-tahden\/\"},{\"@type\":\"ListItem\",\"position\":2,\"name\":\"Valojuovia taivaalla ja muuta huuhaata\"}]},{\"@type\":\"WebSite\",\"@id\":\"https:\/\/suomenkuvalehti.fi\/taivaan-tahden\/#website\",\"url\":\"https:\/\/suomenkuvalehti.fi\/taivaan-tahden\/\",\"name\":\"Taivaan t\u00e4hden\",\"description\":\"Tiedetoimittaja Markus Hotakainen h\u00e4mm\u00e4stelee maailmankaikkeutta.\",\"potentialAction\":[{\"@type\":\"SearchAction\",\"target\":{\"@type\":\"EntryPoint\",\"urlTemplate\":\"https:\/\/suomenkuvalehti.fi\/haku\/?q={search_term_string}\"},\"query-input\":{\"@type\":\"PropertyValueSpecification\",\"valueRequired\":true,\"valueName\":\"search_term_string\"}}],\"inLanguage\":\"fi\"},{\"@type\":\"Person\",\"@id\":\"https:\/\/suomenkuvalehti.fi\/taivaan-tahden\/#\/schema\/person\/c9c1373acb19750e11084ef640abeae0\",\"name\":\"Markus Hotakainen\",\"image\":{\"@type\":\"ImageObject\",\"inLanguage\":\"fi\",\"@id\":\"https:\/\/suomenkuvalehti.fi\/taivaan-tahden\/#\/schema\/person\/image\/\",\"url\":\"https:\/\/suomenkuvalehti.fi\/taivaan-tahden\/wp-content\/uploads\/sites\/36\/2018\/05\/markus_hotakainen_blogi_pieni-150x150.jpg\",\"contentUrl\":\"https:\/\/suomenkuvalehti.fi\/taivaan-tahden\/wp-content\/uploads\/sites\/36\/2018\/05\/markus_hotakainen_blogi_pieni-150x150.jpg\",\"caption\":\"Markus Hotakainen\"},\"description\":\"Kirjoittaja on tiedetoimittaja ja tietokirjailija.\"}]}<\/script>\n<!-- \/ Yoast SEO plugin. -->","yoast_head_json":{"title":"Valojuovia taivaalla ja muuta huuhaata - Taivaan t\u00e4hden","robots":{"index":"index","follow":"follow","max-snippet":"max-snippet:-1","max-image-preview":"max-image-preview:large","max-video-preview":"max-video-preview:-1"},"canonical":"https:\/\/suomenkuvalehti.fi\/taivaan-tahden\/2020\/04\/24\/valojuovia-taivaalla-ja-muuta-huuhaata\/","og_locale":"fi_FI","og_type":"article","og_title":"Valojuovia taivaalla ja muuta huuhaata - Taivaan t\u00e4hden","og_description":"Ihmiset ovat viime aikoina kytt\u00e4illeet taivaalla n\u00e4kyvi\u00e4, per\u00e4kanaa kulkevia satelliitteja. Niit\u00e4 on tietysti n\u00e4kynyt \u201daina\u201d eli lokakuusta 1957 l\u00e4htien, kun Sputnik laukaistiin avaruuteen piipitt\u00e4m\u00e4\u00e4n. Nykyisin Maata kiert\u00e4\u00e4 jo tuhansia satelliitteja ja m\u00e4\u00e4r\u00e4 kasvaa yh\u00e4 kiihtyv\u00e4ll\u00e4 vauhdil&hellip;","og_url":"https:\/\/suomenkuvalehti.fi\/taivaan-tahden\/2020\/04\/24\/valojuovia-taivaalla-ja-muuta-huuhaata\/","og_site_name":"Taivaan t\u00e4hden","article_published_time":"2020-04-24T06:35:52+00:00","og_image":[{"width":1050,"height":1575,"url":"https:\/\/suomenkuvalehti.fi\/taivaan-tahden\/wp-content\/uploads\/sites\/36\/2020\/04\/iss_barg.jpg","type":"image\/jpeg"}],"author":"Markus Hotakainen","twitter_card":"summary_large_image","twitter_misc":{"Written by":"Markus Hotakainen","Est. reading time":"2 minuuttia"},"schema":{"@context":"https:\/\/schema.org","@graph":[{"@type":"WebPage","@id":"https:\/\/suomenkuvalehti.fi\/taivaan-tahden\/2020\/04\/24\/valojuovia-taivaalla-ja-muuta-huuhaata\/","url":"https:\/\/suomenkuvalehti.fi\/taivaan-tahden\/2020\/04\/24\/valojuovia-taivaalla-ja-muuta-huuhaata\/","name":"Valojuovia taivaalla ja muuta huuhaata - Taivaan t\u00e4hden","isPartOf":{"@id":"https:\/\/suomenkuvalehti.fi\/taivaan-tahden\/#website"},"primaryImageOfPage":{"@id":"https:\/\/suomenkuvalehti.fi\/taivaan-tahden\/2020\/04\/24\/valojuovia-taivaalla-ja-muuta-huuhaata\/#primaryimage"},"image":{"@id":"https:\/\/suomenkuvalehti.fi\/taivaan-tahden\/2020\/04\/24\/valojuovia-taivaalla-ja-muuta-huuhaata\/#primaryimage"},"thumbnailUrl":"https:\/\/suomenkuvalehti.fi\/taivaan-tahden\/wp-content\/uploads\/sites\/36\/2020\/04\/iss_barg.jpg","datePublished":"2020-04-24T06:35:52+00:00","author":{"@id":"https:\/\/suomenkuvalehti.fi\/taivaan-tahden\/#\/schema\/person\/c9c1373acb19750e11084ef640abeae0"},"breadcrumb":{"@id":"https:\/\/suomenkuvalehti.fi\/taivaan-tahden\/2020\/04\/24\/valojuovia-taivaalla-ja-muuta-huuhaata\/#breadcrumb"},"inLanguage":"fi","potentialAction":[{"@type":"ReadAction","target":["https:\/\/suomenkuvalehti.fi\/taivaan-tahden\/2020\/04\/24\/valojuovia-taivaalla-ja-muuta-huuhaata\/"]}]},{"@type":"ImageObject","inLanguage":"fi","@id":"https:\/\/suomenkuvalehti.fi\/taivaan-tahden\/2020\/04\/24\/valojuovia-taivaalla-ja-muuta-huuhaata\/#primaryimage","url":"https:\/\/suomenkuvalehti.fi\/taivaan-tahden\/wp-content\/uploads\/sites\/36\/2020\/04\/iss_barg.jpg","contentUrl":"https:\/\/suomenkuvalehti.fi\/taivaan-tahden\/wp-content\/uploads\/sites\/36\/2020\/04\/iss_barg.jpg","width":1050,"height":1575,"caption":"Kansainv\u00e4linen avaruusasemakin n\u00e4kyy y\u00f6taivaalla valojuovana \u2013 valokuvassa. Kuva: Markus Hotakainen"},{"@type":"BreadcrumbList","@id":"https:\/\/suomenkuvalehti.fi\/taivaan-tahden\/2020\/04\/24\/valojuovia-taivaalla-ja-muuta-huuhaata\/#breadcrumb","itemListElement":[{"@type":"ListItem","position":1,"name":"Home","item":"https:\/\/suomenkuvalehti.fi\/taivaan-tahden\/"},{"@type":"ListItem","position":2,"name":"Valojuovia taivaalla ja muuta huuhaata"}]},{"@type":"WebSite","@id":"https:\/\/suomenkuvalehti.fi\/taivaan-tahden\/#website","url":"https:\/\/suomenkuvalehti.fi\/taivaan-tahden\/","name":"Taivaan t\u00e4hden","description":"Tiedetoimittaja Markus Hotakainen h\u00e4mm\u00e4stelee maailmankaikkeutta.","potentialAction":[{"@type":"SearchAction","target":{"@type":"EntryPoint","urlTemplate":"https:\/\/suomenkuvalehti.fi\/haku\/?q={search_term_string}"},"query-input":{"@type":"PropertyValueSpecification","valueRequired":true,"valueName":"search_term_string"}}],"inLanguage":"fi"},{"@type":"Person","@id":"https:\/\/suomenkuvalehti.fi\/taivaan-tahden\/#\/schema\/person\/c9c1373acb19750e11084ef640abeae0","name":"Markus Hotakainen","image":{"@type":"ImageObject","inLanguage":"fi","@id":"https:\/\/suomenkuvalehti.fi\/taivaan-tahden\/#\/schema\/person\/image\/","url":"https:\/\/suomenkuvalehti.fi\/taivaan-tahden\/wp-content\/uploads\/sites\/36\/2018\/05\/markus_hotakainen_blogi_pieni-150x150.jpg","contentUrl":"https:\/\/suomenkuvalehti.fi\/taivaan-tahden\/wp-content\/uploads\/sites\/36\/2018\/05\/markus_hotakainen_blogi_pieni-150x150.jpg","caption":"Markus Hotakainen"},"description":"Kirjoittaja on tiedetoimittaja ja tietokirjailija."}]}},"_links":{"self":[{"href":"https:\/\/suomenkuvalehti.fi\/taivaan-tahden\/wp-json\/wp\/v2\/posts\/2394","targetHints":{"allow":["GET"]}}],"collection":[{"href":"https:\/\/suomenkuvalehti.fi\/taivaan-tahden\/wp-json\/wp\/v2\/posts"}],"about":[{"href":"https:\/\/suomenkuvalehti.fi\/taivaan-tahden\/wp-json\/wp\/v2\/types\/post"}],"author":[{"embeddable":true,"href":"https:\/\/suomenkuvalehti.fi\/taivaan-tahden\/wp-json\/wp\/v2\/users\/557"}],"replies":[{"embeddable":true,"href":"https:\/\/suomenkuvalehti.fi\/taivaan-tahden\/wp-json\/wp\/v2\/comments?post=2394"}],"version-history":[{"count":2,"href":"https:\/\/suomenkuvalehti.fi\/taivaan-tahden\/wp-json\/wp\/v2\/posts\/2394\/revisions"}],"predecessor-version":[{"id":2397,"href":"https:\/\/suomenkuvalehti.fi\/taivaan-tahden\/wp-json\/wp\/v2\/posts\/2394\/revisions\/2397"}],"wp:featuredmedia":[{"embeddable":true,"href":"https:\/\/suomenkuvalehti.fi\/taivaan-tahden\/wp-json\/wp\/v2\/media\/2395"}],"wp:attachment":[{"href":"https:\/\/suomenkuvalehti.fi\/taivaan-tahden\/wp-json\/wp\/v2\/media?parent=2394"}],"wp:term":[{"taxonomy":"category","embeddable":true,"href":"https:\/\/suomenkuvalehti.fi\/taivaan-tahden\/wp-json\/wp\/v2\/categories?post=2394"},{"taxonomy":"post_tag","embeddable":true,"href":"https:\/\/suomenkuvalehti.fi\/taivaan-tahden\/wp-json\/wp\/v2\/tags?post=2394"}],"curies":[{"name":"wp","href":"https:\/\/api.w.org\/{rel}","templated":true}]}}