{"id":2382,"date":"2020-04-14T12:22:50","date_gmt":"2020-04-14T09:22:50","guid":{"rendered":"https:\/\/suomenkuvalehti.fi\/taivaan-tahden\/?p=2382"},"modified":"2020-04-14T12:22:50","modified_gmt":"2020-04-14T09:22:50","slug":"50-vuotta-sitten-syotiin-jaisia-nakkeja","status":"publish","type":"post","link":"https:\/\/suomenkuvalehti.fi\/taivaan-tahden\/2020\/04\/14\/50-vuotta-sitten-syotiin-jaisia-nakkeja\/","title":{"rendered":"50 vuotta sitten sy\u00f6tiin j\u00e4isi\u00e4 nakkeja"},"content":{"rendered":"<figure class=\"aligncenter size-full wp-block-image\">\n  <div class=\"wp-block-image__inner-container\">\n    <a href=\"https:\/\/suomenkuvalehti.fi\/taivaan-tahden\/wp-content\/uploads\/sites\/36\/2020\/04\/1026px-james_lovell_apollo_13.jpg\"><img loading=\"lazy\" decoding=\"async\" src=\"https:\/\/suomenkuvalehti.fi\/taivaan-tahden\/wp-content\/uploads\/sites\/36\/2020\/04\/1026px-james_lovell_apollo_13.jpg\" alt=\"\" class=\"wp-image-2383\" width=\"1024\" height=\"1026\" style=\"--aspect-ratio: 1\" srcset=\"https:\/\/suomenkuvalehti.fi\/taivaan-tahden\/wp-content\/uploads\/sites\/36\/2020\/04\/1026px-james_lovell_apollo_13.jpg 1024w, https:\/\/suomenkuvalehti.fi\/taivaan-tahden\/wp-content\/uploads\/sites\/36\/2020\/04\/1026px-james_lovell_apollo_13-150x150.jpg 150w, https:\/\/suomenkuvalehti.fi\/taivaan-tahden\/wp-content\/uploads\/sites\/36\/2020\/04\/1026px-james_lovell_apollo_13-300x301.jpg 300w, https:\/\/suomenkuvalehti.fi\/taivaan-tahden\/wp-content\/uploads\/sites\/36\/2020\/04\/1026px-james_lovell_apollo_13-768x770.jpg 768w, https:\/\/suomenkuvalehti.fi\/taivaan-tahden\/wp-content\/uploads\/sites\/36\/2020\/04\/1026px-james_lovell_apollo_13-1022x1024.jpg 1022w, https:\/\/suomenkuvalehti.fi\/taivaan-tahden\/wp-content\/uploads\/sites\/36\/2020\/04\/1026px-james_lovell_apollo_13-630x631.jpg 630w\" sizes=\"auto, (max-width: 1024px) 100vw, 1024px\" \/><\/a>    <figcaption class=\"wp-block-image__figcaption\">\n      Apollo 13 -lennon komentaja Jim Lovell \u201dpelastusveneess\u00e4\u201d eli kuumoduulissa. Kuva: NASA          <\/figcaption>\n      <\/div>\n<\/figure>\n\n\n<p><span class=\"capitalized\">Kun Apollo 13<\/span> l\u00e4hti Floridasta matkaan paikallista aikaa kello 13.13, saattoivat taikauskoisimmatkin huokaista helpotuksesta, kun huhtikuun 13., kuulennon toinen p\u00e4iv\u00e4, vaihtui 14. p\u00e4iv\u00e4ksi.<\/p>\n\n\n\n<p>Ilo oli ennenaikainen.<\/p>\n\n\n\n<p>Huoltomoduulin valmisteluvaiheessa yksi sen happis\u00e4ili\u00f6ist\u00e4 oli vaurioitunut ja oikosulku sai sen r\u00e4j\u00e4ht\u00e4m\u00e4\u00e4n. <b>Jim Lovell<\/b>, <b>Fred Haise<\/b> ja <b>Jack Swigert<\/b> olivat tiukan paikan edess\u00e4: pian he olisivat yht\u00e4 kuolleita kuin aluksensa.<\/p>\n\n\n\n<p><span class=\"capitalized\">Happis\u00e4ili\u00f6n r\u00e4j\u00e4hdyksest\u00e4<\/span> oli seurauksena ketjureaktio, joka rampautti sek\u00e4 huolto- ett\u00e4 komentomoduulin, jossa miehist\u00f6 matkasi kohti Kuuta. Aluskokonaisuuden k\u00e4rjess\u00e4 oli kuumoduuli, jolla Lovellin ja Haisen oli m\u00e4\u00e4r\u00e4 laskeutua kuunpinnalle.<\/p>\n\n\n\n<p>Onneksi oli, sill\u00e4 kortilla olevan s\u00e4hk\u00f6n s\u00e4\u00e4st\u00e4miseksi komentomoduuli oli sammutettava kokonaan. Astronauttikolmikko evakuoitui kuumoduuliin \u2013 joka siis oli suunniteltu kahdelle hengelle Kuuhun laskeutumista, reilun vuorokauden kuunpinnalla oleskelua ja Kuun kiertoradalle paluuta varten.<\/p>\n\n\n\n<blockquote class=\"wp-block-quote\"><p>Valaistuksesta ja l\u00e4mmityksest\u00e4 oli luovuttava.<\/p><\/blockquote>\n\n\n\n<p>Nyt kuumoduulin varassa kolmen astronautin piti k\u00e4yd\u00e4 k\u00e4\u00e4ntym\u00e4ss\u00e4 Kuun takana ja palata takaisin Maahan.<\/p>\n\n\n\n<p><span class=\"capitalized\">Komentomoduulin akuissa<\/span> oli virtaa sen verran, ett\u00e4 sen turvin kaikkein v\u00e4ltt\u00e4m\u00e4tt\u00f6mimm\u00e4t laitteet voitaisiin k\u00e4ynnist\u00e4\u00e4 v\u00e4h\u00e4n ennen sy\u00f6ksymist\u00e4 Maan ilmakeh\u00e4\u00e4n.<\/p>\n\n\n\n<p>Jotta kuumoduulissa riitt\u00e4isi s\u00e4hk\u00f6\u00e4 siihen saakka, kaikesta ylim\u00e4\u00e4r\u00e4isest\u00e4, kuten valaistuksesta ja l\u00e4mmityksest\u00e4, oli luovuttava.<\/p>\n\n\n\n<p>Apollo-lennoilla avaruusruoka ei ollut viel\u00e4 kovin kummoista ja nyt se piti kaiken lis\u00e4ksi sy\u00f6d\u00e4 kylm\u00e4n\u00e4. Tai pikemminkin pakastettuna. Eik\u00e4 siin\u00e4 viel\u00e4 kaikki.<\/p>\n\n\n\n<p><span class=\"capitalized\">Kolme henke\u00e4 h\u00f6nk\u00e4ilee<\/span> hiilidioksidia paljon enemm\u00e4n kuin kaksi, joten kuumoduulin filtterit alkoivat pian olla tiens\u00e4 p\u00e4\u00e4ss\u00e4. Mutta ei h\u00e4t\u00e4\u00e4, komentomoduulissahan on k\u00e4ytt\u00e4m\u00e4tt\u00f6mi\u00e4 suodattimia.<\/p>\n\n\n\n<p>Paitsi ett\u00e4\u2026 Komentomoduulin oli suunnitellut ja rakentanut North American Aviation, kuumoduulin puolestaan Grumman Aircraft. Kenellek\u00e4\u00e4n ei ollut tullut mieleenk\u00e4\u00e4n, ett\u00e4 jossain tilanteessa voisi olla hy\u00f6dyksi, ett\u00e4 hiilidioksidisuodattimet olisivat kummassakin aluksessa samanlaisia.<\/p>\n\n\n\n<p>Eiv\u00e4tk\u00e4 ne olleetkaan. Kuumoduulissa ne olivat sylinterim\u00e4isi\u00e4, komentomoduulissa neliskanttisia.<\/p>\n\n\n\n<p><span class=\"capitalized\">J\u00e4\u00e4r\u00e4p\u00e4isell\u00e4 neuvokkuudella<\/span> lennonjohdossa kehiteltiin astronauttien k\u00e4yt\u00f6ss\u00e4 olevista tarvikkeista \u2013 muovipusseja, pahvia, ilmastointiteippi\u00e4, avaruuspukujen happiletkuja \u2013 \u201dkorjauspakkaus\u201d, jolla v\u00e4\u00e4r\u00e4nmallinen suodatin saatiin liitetty\u00e4 kuumoduulin j\u00e4rjestelmiin.<\/p>\n\n\n\n<p>Yksi ongelma oli, ettei lennonjohdosta ollut kuvayhteytt\u00e4 kuualukseen. Toisin p\u00e4in kyll\u00e4 kulki sek\u00e4 kuva ett\u00e4 \u00e4\u00e4ni, mutta astronautteja voitiin opastaa askartelussa vain sanallisesti.<\/p>\n\n\n\n<p>Loppu onkin tutuksi tullutta historiaa.<\/p>\n\n\n\n<p>&nbsp;<\/p>\n\n\n\n<p>&nbsp;<\/p>\n\n\n\n<p>&nbsp;<\/p>\n\n\n","protected":false},"excerpt":{"rendered":"<p>Kun Apollo 13 l\u00e4hti Floridasta matkaan paikallista aikaa kello 13.13, saattoivat taikauskoisimmatkin huokaista helpotuksesta, kun huhtikuun 13., kuulennon toinen p\u00e4iv\u00e4, vaihtui 14. p\u00e4iv\u00e4ksi. Ilo oli ennenaikainen. Huoltomoduulin valmisteluvaiheessa yksi sen happis\u00e4ili\u00f6ist\u00e4 oli<br \/>\nvaurioi&hellip;<\/p>\n","protected":false},"author":557,"featured_media":2383,"comment_status":"open","ping_status":"open","sticky":false,"template":"","format":"standard","meta":{"_acf_changed":false,"asauth_required_access_level":3,"asauth_cansharepaid":"true","om_header_attributes":[],"footnotes":"","om_featured_image_focal_point":[],"om_primary_tag":0,"om_contributors":[],"om_co_authors":[],"beyondwords_generate_audio":"","beyondwords_project_id":"","beyondwords_content_id":"","beyondwords_preview_token":"","beyondwords_player_content":"","beyondwords_player_style":"","beyondwords_language_code":"","beyondwords_language_id":"","beyondwords_title_voice_id":"","beyondwords_body_voice_id":"","beyondwords_summary_voice_id":"","beyondwords_error_message":"","beyondwords_disabled":"","beyondwords_delete_content":"","beyondwords_podcast_id":"","beyondwords_hash":"","publish_post_to_speechkit":"","speechkit_hash":"","speechkit_generate_audio":"","speechkit_project_id":"","speechkit_podcast_id":"","speechkit_error_message":"","speechkit_disabled":"","speechkit_access_key":"","speechkit_error":"","speechkit_info":"","speechkit_response":"","speechkit_retries":"","speechkit_status":"","speechkit_updated_at":"","_speechkit_link":"","_speechkit_text":""},"categories":[1],"tags":[667,877,878,876],"class_list":["post-2382","post","type-post","status-publish","format-standard","has-post-thumbnail","hentry","category-taivaan-tahden","tag-apollo-13","tag-fred-haise","tag-jack-swigert","tag-jim-lovell"],"om_views":null,"acf":{"tuuma_off":false,"tuuma_kysymys":"","tuuma_vastaus":""},"asauth":{"required_access_level":1,"share_token":"","is_paid":false},"yoast_head":"<!-- This site is optimized with the Yoast SEO plugin v26.4 - https:\/\/yoast.com\/wordpress\/plugins\/seo\/ -->\n<title>50 vuotta sitten sy\u00f6tiin j\u00e4isi\u00e4 nakkeja - Taivaan t\u00e4hden<\/title>\n<meta name=\"robots\" content=\"index, follow, max-snippet:-1, max-image-preview:large, max-video-preview:-1\" \/>\n<link rel=\"canonical\" href=\"https:\/\/suomenkuvalehti.fi\/taivaan-tahden\/2020\/04\/14\/50-vuotta-sitten-syotiin-jaisia-nakkeja\/\" \/>\n<meta property=\"og:locale\" content=\"fi_FI\" \/>\n<meta property=\"og:type\" content=\"article\" \/>\n<meta property=\"og:title\" content=\"50 vuotta sitten sy\u00f6tiin j\u00e4isi\u00e4 nakkeja - Taivaan t\u00e4hden\" \/>\n<meta property=\"og:description\" content=\"Kun Apollo 13 l\u00e4hti Floridasta matkaan paikallista aikaa kello 13.13, saattoivat taikauskoisimmatkin huokaista helpotuksesta, kun huhtikuun 13., kuulennon toinen p\u00e4iv\u00e4, vaihtui 14. p\u00e4iv\u00e4ksi. Ilo oli ennenaikainen. Huoltomoduulin valmisteluvaiheessa yksi sen happis\u00e4ili\u00f6ist\u00e4 oli vaurioi&hellip;\" \/>\n<meta property=\"og:url\" content=\"https:\/\/suomenkuvalehti.fi\/taivaan-tahden\/2020\/04\/14\/50-vuotta-sitten-syotiin-jaisia-nakkeja\/\" \/>\n<meta property=\"og:site_name\" content=\"Taivaan t\u00e4hden\" \/>\n<meta property=\"article:published_time\" content=\"2020-04-14T09:22:50+00:00\" \/>\n<meta property=\"og:image\" content=\"https:\/\/suomenkuvalehti.fi\/taivaan-tahden\/wp-content\/uploads\/sites\/36\/2020\/04\/1026px-james_lovell_apollo_13.jpg\" \/>\n\t<meta property=\"og:image:width\" content=\"1024\" \/>\n\t<meta property=\"og:image:height\" content=\"1026\" \/>\n\t<meta property=\"og:image:type\" content=\"image\/jpeg\" \/>\n<meta name=\"author\" content=\"Markus Hotakainen\" \/>\n<meta name=\"twitter:card\" content=\"summary_large_image\" \/>\n<meta name=\"twitter:label1\" content=\"Written by\" \/>\n\t<meta name=\"twitter:data1\" content=\"Markus Hotakainen\" \/>\n\t<meta name=\"twitter:label2\" content=\"Est. reading time\" \/>\n\t<meta name=\"twitter:data2\" content=\"2 minuuttia\" \/>\n<script type=\"application\/ld+json\" class=\"yoast-schema-graph\">{\"@context\":\"https:\/\/schema.org\",\"@graph\":[{\"@type\":\"WebPage\",\"@id\":\"https:\/\/suomenkuvalehti.fi\/taivaan-tahden\/2020\/04\/14\/50-vuotta-sitten-syotiin-jaisia-nakkeja\/\",\"url\":\"https:\/\/suomenkuvalehti.fi\/taivaan-tahden\/2020\/04\/14\/50-vuotta-sitten-syotiin-jaisia-nakkeja\/\",\"name\":\"50 vuotta sitten sy\u00f6tiin j\u00e4isi\u00e4 nakkeja - Taivaan t\u00e4hden\",\"isPartOf\":{\"@id\":\"https:\/\/suomenkuvalehti.fi\/taivaan-tahden\/#website\"},\"primaryImageOfPage\":{\"@id\":\"https:\/\/suomenkuvalehti.fi\/taivaan-tahden\/2020\/04\/14\/50-vuotta-sitten-syotiin-jaisia-nakkeja\/#primaryimage\"},\"image\":{\"@id\":\"https:\/\/suomenkuvalehti.fi\/taivaan-tahden\/2020\/04\/14\/50-vuotta-sitten-syotiin-jaisia-nakkeja\/#primaryimage\"},\"thumbnailUrl\":\"https:\/\/suomenkuvalehti.fi\/taivaan-tahden\/wp-content\/uploads\/sites\/36\/2020\/04\/1026px-james_lovell_apollo_13.jpg\",\"datePublished\":\"2020-04-14T09:22:50+00:00\",\"author\":{\"@id\":\"https:\/\/suomenkuvalehti.fi\/taivaan-tahden\/#\/schema\/person\/c9c1373acb19750e11084ef640abeae0\"},\"breadcrumb\":{\"@id\":\"https:\/\/suomenkuvalehti.fi\/taivaan-tahden\/2020\/04\/14\/50-vuotta-sitten-syotiin-jaisia-nakkeja\/#breadcrumb\"},\"inLanguage\":\"fi\",\"potentialAction\":[{\"@type\":\"ReadAction\",\"target\":[\"https:\/\/suomenkuvalehti.fi\/taivaan-tahden\/2020\/04\/14\/50-vuotta-sitten-syotiin-jaisia-nakkeja\/\"]}]},{\"@type\":\"ImageObject\",\"inLanguage\":\"fi\",\"@id\":\"https:\/\/suomenkuvalehti.fi\/taivaan-tahden\/2020\/04\/14\/50-vuotta-sitten-syotiin-jaisia-nakkeja\/#primaryimage\",\"url\":\"https:\/\/suomenkuvalehti.fi\/taivaan-tahden\/wp-content\/uploads\/sites\/36\/2020\/04\/1026px-james_lovell_apollo_13.jpg\",\"contentUrl\":\"https:\/\/suomenkuvalehti.fi\/taivaan-tahden\/wp-content\/uploads\/sites\/36\/2020\/04\/1026px-james_lovell_apollo_13.jpg\",\"width\":1024,\"height\":1026,\"caption\":\"Apollo 13 -lennon komentaja Jim Lovell \u201dpelastusveneess\u00e4\u201d eli kuumoduulissa. Kuva: NASA\"},{\"@type\":\"BreadcrumbList\",\"@id\":\"https:\/\/suomenkuvalehti.fi\/taivaan-tahden\/2020\/04\/14\/50-vuotta-sitten-syotiin-jaisia-nakkeja\/#breadcrumb\",\"itemListElement\":[{\"@type\":\"ListItem\",\"position\":1,\"name\":\"Home\",\"item\":\"https:\/\/suomenkuvalehti.fi\/taivaan-tahden\/\"},{\"@type\":\"ListItem\",\"position\":2,\"name\":\"50 vuotta sitten sy\u00f6tiin j\u00e4isi\u00e4 nakkeja\"}]},{\"@type\":\"WebSite\",\"@id\":\"https:\/\/suomenkuvalehti.fi\/taivaan-tahden\/#website\",\"url\":\"https:\/\/suomenkuvalehti.fi\/taivaan-tahden\/\",\"name\":\"Taivaan t\u00e4hden\",\"description\":\"Tiedetoimittaja Markus Hotakainen h\u00e4mm\u00e4stelee maailmankaikkeutta.\",\"potentialAction\":[{\"@type\":\"SearchAction\",\"target\":{\"@type\":\"EntryPoint\",\"urlTemplate\":\"https:\/\/suomenkuvalehti.fi\/haku\/?q={search_term_string}\"},\"query-input\":{\"@type\":\"PropertyValueSpecification\",\"valueRequired\":true,\"valueName\":\"search_term_string\"}}],\"inLanguage\":\"fi\"},{\"@type\":\"Person\",\"@id\":\"https:\/\/suomenkuvalehti.fi\/taivaan-tahden\/#\/schema\/person\/c9c1373acb19750e11084ef640abeae0\",\"name\":\"Markus Hotakainen\",\"image\":{\"@type\":\"ImageObject\",\"inLanguage\":\"fi\",\"@id\":\"https:\/\/suomenkuvalehti.fi\/taivaan-tahden\/#\/schema\/person\/image\/\",\"url\":\"https:\/\/suomenkuvalehti.fi\/taivaan-tahden\/wp-content\/uploads\/sites\/36\/2018\/05\/markus_hotakainen_blogi_pieni-150x150.jpg\",\"contentUrl\":\"https:\/\/suomenkuvalehti.fi\/taivaan-tahden\/wp-content\/uploads\/sites\/36\/2018\/05\/markus_hotakainen_blogi_pieni-150x150.jpg\",\"caption\":\"Markus Hotakainen\"},\"description\":\"Kirjoittaja on tiedetoimittaja ja tietokirjailija.\"}]}<\/script>\n<!-- \/ Yoast SEO plugin. -->","yoast_head_json":{"title":"50 vuotta sitten sy\u00f6tiin j\u00e4isi\u00e4 nakkeja - Taivaan t\u00e4hden","robots":{"index":"index","follow":"follow","max-snippet":"max-snippet:-1","max-image-preview":"max-image-preview:large","max-video-preview":"max-video-preview:-1"},"canonical":"https:\/\/suomenkuvalehti.fi\/taivaan-tahden\/2020\/04\/14\/50-vuotta-sitten-syotiin-jaisia-nakkeja\/","og_locale":"fi_FI","og_type":"article","og_title":"50 vuotta sitten sy\u00f6tiin j\u00e4isi\u00e4 nakkeja - Taivaan t\u00e4hden","og_description":"Kun Apollo 13 l\u00e4hti Floridasta matkaan paikallista aikaa kello 13.13, saattoivat taikauskoisimmatkin huokaista helpotuksesta, kun huhtikuun 13., kuulennon toinen p\u00e4iv\u00e4, vaihtui 14. p\u00e4iv\u00e4ksi. Ilo oli ennenaikainen. Huoltomoduulin valmisteluvaiheessa yksi sen happis\u00e4ili\u00f6ist\u00e4 oli vaurioi&hellip;","og_url":"https:\/\/suomenkuvalehti.fi\/taivaan-tahden\/2020\/04\/14\/50-vuotta-sitten-syotiin-jaisia-nakkeja\/","og_site_name":"Taivaan t\u00e4hden","article_published_time":"2020-04-14T09:22:50+00:00","og_image":[{"width":1024,"height":1026,"url":"https:\/\/suomenkuvalehti.fi\/taivaan-tahden\/wp-content\/uploads\/sites\/36\/2020\/04\/1026px-james_lovell_apollo_13.jpg","type":"image\/jpeg"}],"author":"Markus Hotakainen","twitter_card":"summary_large_image","twitter_misc":{"Written by":"Markus Hotakainen","Est. reading time":"2 minuuttia"},"schema":{"@context":"https:\/\/schema.org","@graph":[{"@type":"WebPage","@id":"https:\/\/suomenkuvalehti.fi\/taivaan-tahden\/2020\/04\/14\/50-vuotta-sitten-syotiin-jaisia-nakkeja\/","url":"https:\/\/suomenkuvalehti.fi\/taivaan-tahden\/2020\/04\/14\/50-vuotta-sitten-syotiin-jaisia-nakkeja\/","name":"50 vuotta sitten sy\u00f6tiin j\u00e4isi\u00e4 nakkeja - Taivaan t\u00e4hden","isPartOf":{"@id":"https:\/\/suomenkuvalehti.fi\/taivaan-tahden\/#website"},"primaryImageOfPage":{"@id":"https:\/\/suomenkuvalehti.fi\/taivaan-tahden\/2020\/04\/14\/50-vuotta-sitten-syotiin-jaisia-nakkeja\/#primaryimage"},"image":{"@id":"https:\/\/suomenkuvalehti.fi\/taivaan-tahden\/2020\/04\/14\/50-vuotta-sitten-syotiin-jaisia-nakkeja\/#primaryimage"},"thumbnailUrl":"https:\/\/suomenkuvalehti.fi\/taivaan-tahden\/wp-content\/uploads\/sites\/36\/2020\/04\/1026px-james_lovell_apollo_13.jpg","datePublished":"2020-04-14T09:22:50+00:00","author":{"@id":"https:\/\/suomenkuvalehti.fi\/taivaan-tahden\/#\/schema\/person\/c9c1373acb19750e11084ef640abeae0"},"breadcrumb":{"@id":"https:\/\/suomenkuvalehti.fi\/taivaan-tahden\/2020\/04\/14\/50-vuotta-sitten-syotiin-jaisia-nakkeja\/#breadcrumb"},"inLanguage":"fi","potentialAction":[{"@type":"ReadAction","target":["https:\/\/suomenkuvalehti.fi\/taivaan-tahden\/2020\/04\/14\/50-vuotta-sitten-syotiin-jaisia-nakkeja\/"]}]},{"@type":"ImageObject","inLanguage":"fi","@id":"https:\/\/suomenkuvalehti.fi\/taivaan-tahden\/2020\/04\/14\/50-vuotta-sitten-syotiin-jaisia-nakkeja\/#primaryimage","url":"https:\/\/suomenkuvalehti.fi\/taivaan-tahden\/wp-content\/uploads\/sites\/36\/2020\/04\/1026px-james_lovell_apollo_13.jpg","contentUrl":"https:\/\/suomenkuvalehti.fi\/taivaan-tahden\/wp-content\/uploads\/sites\/36\/2020\/04\/1026px-james_lovell_apollo_13.jpg","width":1024,"height":1026,"caption":"Apollo 13 -lennon komentaja Jim Lovell \u201dpelastusveneess\u00e4\u201d eli kuumoduulissa. Kuva: NASA"},{"@type":"BreadcrumbList","@id":"https:\/\/suomenkuvalehti.fi\/taivaan-tahden\/2020\/04\/14\/50-vuotta-sitten-syotiin-jaisia-nakkeja\/#breadcrumb","itemListElement":[{"@type":"ListItem","position":1,"name":"Home","item":"https:\/\/suomenkuvalehti.fi\/taivaan-tahden\/"},{"@type":"ListItem","position":2,"name":"50 vuotta sitten sy\u00f6tiin j\u00e4isi\u00e4 nakkeja"}]},{"@type":"WebSite","@id":"https:\/\/suomenkuvalehti.fi\/taivaan-tahden\/#website","url":"https:\/\/suomenkuvalehti.fi\/taivaan-tahden\/","name":"Taivaan t\u00e4hden","description":"Tiedetoimittaja Markus Hotakainen h\u00e4mm\u00e4stelee maailmankaikkeutta.","potentialAction":[{"@type":"SearchAction","target":{"@type":"EntryPoint","urlTemplate":"https:\/\/suomenkuvalehti.fi\/haku\/?q={search_term_string}"},"query-input":{"@type":"PropertyValueSpecification","valueRequired":true,"valueName":"search_term_string"}}],"inLanguage":"fi"},{"@type":"Person","@id":"https:\/\/suomenkuvalehti.fi\/taivaan-tahden\/#\/schema\/person\/c9c1373acb19750e11084ef640abeae0","name":"Markus Hotakainen","image":{"@type":"ImageObject","inLanguage":"fi","@id":"https:\/\/suomenkuvalehti.fi\/taivaan-tahden\/#\/schema\/person\/image\/","url":"https:\/\/suomenkuvalehti.fi\/taivaan-tahden\/wp-content\/uploads\/sites\/36\/2018\/05\/markus_hotakainen_blogi_pieni-150x150.jpg","contentUrl":"https:\/\/suomenkuvalehti.fi\/taivaan-tahden\/wp-content\/uploads\/sites\/36\/2018\/05\/markus_hotakainen_blogi_pieni-150x150.jpg","caption":"Markus Hotakainen"},"description":"Kirjoittaja on tiedetoimittaja ja tietokirjailija."}]}},"_links":{"self":[{"href":"https:\/\/suomenkuvalehti.fi\/taivaan-tahden\/wp-json\/wp\/v2\/posts\/2382","targetHints":{"allow":["GET"]}}],"collection":[{"href":"https:\/\/suomenkuvalehti.fi\/taivaan-tahden\/wp-json\/wp\/v2\/posts"}],"about":[{"href":"https:\/\/suomenkuvalehti.fi\/taivaan-tahden\/wp-json\/wp\/v2\/types\/post"}],"author":[{"embeddable":true,"href":"https:\/\/suomenkuvalehti.fi\/taivaan-tahden\/wp-json\/wp\/v2\/users\/557"}],"replies":[{"embeddable":true,"href":"https:\/\/suomenkuvalehti.fi\/taivaan-tahden\/wp-json\/wp\/v2\/comments?post=2382"}],"version-history":[{"count":3,"href":"https:\/\/suomenkuvalehti.fi\/taivaan-tahden\/wp-json\/wp\/v2\/posts\/2382\/revisions"}],"predecessor-version":[{"id":2386,"href":"https:\/\/suomenkuvalehti.fi\/taivaan-tahden\/wp-json\/wp\/v2\/posts\/2382\/revisions\/2386"}],"wp:featuredmedia":[{"embeddable":true,"href":"https:\/\/suomenkuvalehti.fi\/taivaan-tahden\/wp-json\/wp\/v2\/media\/2383"}],"wp:attachment":[{"href":"https:\/\/suomenkuvalehti.fi\/taivaan-tahden\/wp-json\/wp\/v2\/media?parent=2382"}],"wp:term":[{"taxonomy":"category","embeddable":true,"href":"https:\/\/suomenkuvalehti.fi\/taivaan-tahden\/wp-json\/wp\/v2\/categories?post=2382"},{"taxonomy":"post_tag","embeddable":true,"href":"https:\/\/suomenkuvalehti.fi\/taivaan-tahden\/wp-json\/wp\/v2\/tags?post=2382"}],"curies":[{"name":"wp","href":"https:\/\/api.w.org\/{rel}","templated":true}]}}