{"id":2360,"date":"2020-03-24T13:54:35","date_gmt":"2020-03-24T11:54:35","guid":{"rendered":"https:\/\/suomenkuvalehti.fi\/taivaan-tahden\/?p=2360"},"modified":"2020-03-24T13:54:35","modified_gmt":"2020-03-24T11:54:35","slug":"koronakaranteeni-vai-matka-marsiin","status":"publish","type":"post","link":"https:\/\/suomenkuvalehti.fi\/taivaan-tahden\/2020\/03\/24\/koronakaranteeni-vai-matka-marsiin\/","title":{"rendered":"Koronakaranteeni vai matka Marsiin?"},"content":{"rendered":"<figure class=\"aligncenter size-large is-resized wp-block-image\">\n  <div class=\"wp-block-image__inner-container\">\n    <a href=\"https:\/\/suomenkuvalehti.fi\/taivaan-tahden\/wp-content\/uploads\/sites\/36\/2020\/03\/zfkcfqtp7kwrm7zicvitu.jpg\"><img loading=\"lazy\" decoding=\"async\" src=\"https:\/\/suomenkuvalehti.fi\/taivaan-tahden\/wp-content\/uploads\/sites\/36\/2020\/03\/zfkcfqtp7kwrm7zicvitu-1024x651.jpg\" alt=\"\" class=\"wp-image-2361\" width=\"1024\" height=\"651\" style=\"--aspect-ratio: 1.57\" srcset=\"https:\/\/suomenkuvalehti.fi\/taivaan-tahden\/wp-content\/uploads\/sites\/36\/2020\/03\/zfkcfqtp7kwrm7zicvitu-1024x651.jpg 1024w, https:\/\/suomenkuvalehti.fi\/taivaan-tahden\/wp-content\/uploads\/sites\/36\/2020\/03\/zfkcfqtp7kwrm7zicvitu-300x191.jpg 300w, https:\/\/suomenkuvalehti.fi\/taivaan-tahden\/wp-content\/uploads\/sites\/36\/2020\/03\/zfkcfqtp7kwrm7zicvitu-768x488.jpg 768w, https:\/\/suomenkuvalehti.fi\/taivaan-tahden\/wp-content\/uploads\/sites\/36\/2020\/03\/zfkcfqtp7kwrm7zicvitu-630x400.jpg 630w, https:\/\/suomenkuvalehti.fi\/taivaan-tahden\/wp-content\/uploads\/sites\/36\/2020\/03\/zfkcfqtp7kwrm7zicvitu.jpg 1344w\" sizes=\"auto, (max-width: 1024px) 100vw, 1024px\" \/><\/a>    <figcaption class=\"wp-block-image__figcaption\">\n      Paluulento kest\u00e4\u00e4 toiset kuusi kuukautta\u2026 Kuva: Lockheed Martin          <\/figcaption>\n      <\/div>\n<\/figure>\n\n\n<p><span class=\"capitalized\">Maailma<\/span> on menossa kiinni. Ihmiset erist\u00e4ytyv\u00e4t omaehtoisesti tai viranomaisten m\u00e4\u00e4r\u00e4yksell\u00e4. Somessa kansa kinaa siit\u00e4, mit\u00e4 pit\u00e4isi tehd\u00e4, mit\u00e4 ei pit\u00e4isi tehd\u00e4 ja mit\u00e4 olisi pit\u00e4nyt tehd\u00e4 jo aikoja sitten.<\/p>\n\n\n\n<p>Sairastuneille ja riskiryhmiin kuuluville karanteeni on ep\u00e4ilem\u00e4tt\u00e4 j\u00e4rkevin ellei per\u00e4ti ainoa vaihtoehto. Muuten meid\u00e4n maallikoiden on luotettava asiantuntijoiden asiantuntemukseen.<\/p>\n\n\n\n<p>Yh\u00e4 useampi on siirtynyt et\u00e4t\u00f6ihin, yhteytt\u00e4 ty\u00f6tovereihin pidet\u00e4\u00e4n Skypell\u00e4, Zoomilla, Teamsill\u00e4 ja ties mill\u00e4. Verkko on kuormittunut, kuva ja \u00e4\u00e4ni p\u00e4tkii, liitetiedostot katoavat bittiavaruuteen, mutta p\u00e4\u00e4s\u00e4\u00e4nt\u00f6isesti hommat hoituvat.<\/p>\n\n\n\n<p><span class=\"capitalized\">Ent\u00e4 jos<\/span> mit\u00e4\u00e4n muuta vaihtoehtoa ei olisi? Tai jos olisikin, sit\u00e4 ei olisi mahdollista k\u00e4ytt\u00e4\u00e4 vuoteen tai pariin?<\/p>\n\n\n\n<blockquote class=\"wp-block-quote\"><p>Yht\u00e4 \u00e4rsytt\u00e4v\u00e4\u00e4 se olisi Mars-lennollakin.<\/p><\/blockquote>\n\n\n\n<p>Kukaan ei viel\u00e4 tied\u00e4, kauanko koronaviruksen aiheuttamaa poikkeustilaa kest\u00e4\u00e4, mutta se antaa meille kaikille jonkinlaisen k\u00e4sityksen siit\u00e4, milt\u00e4 lento Marsiin tuntuu. Jos se nyt n\u00e4in\u00e4 aikoina jotakuta mietitytt\u00e4\u00e4.<\/p>\n\n\n\n<p>Miehitetty lento naapuriplaneetalle kest\u00e4isi noin puoli vuotta. Koko sen ajan ainoa yhteys sukulaisiin, tuttaviin ja ylip\u00e4\u00e4t\u00e4\u00e4n muihin ihmisiin \u2013 muuta miehist\u00f6\u00e4 lukuun ottamatta \u2013 on kuvan ja \u00e4\u00e4nen v\u00e4lityksell\u00e4.<\/p>\n\n\n\n<p><span class=\"capitalized\">Nyt tuntuu<\/span> \u00e4rsytt\u00e4v\u00e4lt\u00e4, jos videokuva jumittaa tai \u00e4\u00e4ni vaimenee ajoittain kuulumattomiin. V\u00e4hint\u00e4\u00e4n yht\u00e4 \u00e4rsytt\u00e4v\u00e4\u00e4 se olisi Mars-lennollakin.<\/p>\n\n\n\n<p>Tekniset ongelmat eiv\u00e4t kuitenkaan olisi ainoa riesa. Lennon edetess\u00e4 yhteyteen tulisi yh\u00e4 enemm\u00e4n viivett\u00e4, koska radioaallot kulkevat yht\u00e4 nopeasti \u2013 tai hitaasti \u2013 kuin valo: hieman alle 300 000 kilometri\u00e4 sekunnissa.<\/p>\n\n\n\n<p>Alkuun viive menisi pienen tuumailun piikkiin, mutta kun et\u00e4isyytt\u00e4 alkaa olla miljoonia kilometrej\u00e4, se alkaa vaikuttaa jo vastaajan vetkuttelulta.<\/p>\n\n\n\n<p>Maan ja Marsin v\u00e4linen et\u00e4isyys on pienimmill\u00e4\u00e4n noin 56 miljoonaa kilometri\u00e4, jolloin viive yhteen suuntaan olisi kolmisen minuuttia.<\/p>\n\n\n\n<p><span class=\"capitalized\">Marsiin ei<\/span> kuitenkaan p\u00e4\u00e4st\u00e4 nykyisell\u00e4 rakettitekniikalla lyhint\u00e4 mahdollista reitti\u00e4, joten lennon kuluessa viive kasvaisi useisiin minuutteihin. Pisimmill\u00e4\u00e4n, yli 20 minuuttia, se olisi siin\u00e4 vaiheessa, kun miehist\u00f6 on Marsissa ja planeetta on vastakkaisella puolella Aurinkoa kuin Maa.<\/p>\n\n\n\n<p>Liki kolmen vartin odottelu kysymyksen ja vastauksen v\u00e4lill\u00e4 k\u00e4visi varmasti muutenkin kiristyneille hermoille.<\/p>\n\n\n\n<p>Kun teht\u00e4v\u00e4 on suoritettu ja on aika l\u00e4hte\u00e4 paluumatkalle, edess\u00e4 on viel\u00e4 puoli vuotta samanlaista jankkaamista tietokoneruudun \u00e4\u00e4ress\u00e4.<\/p>\n\n\n\n<p>Yhten\u00e4 merkitt\u00e4v\u00e4n\u00e4 erona nykyisen erist\u00e4ytymisen ja Mars-lennon v\u00e4lill\u00e4 on \u2013 toivon mukaan \u2013 lyhyemm\u00e4n keston lis\u00e4ksi se, ett\u00e4 t\u00e4\u00e4ll\u00e4 maapallolla ovesta voi l\u00e4hte\u00e4 ulos k\u00e4velylle, tyhjille kaduille, puistoon tai luontoon.<\/p>\n\n\n\n<p><span class=\"capitalized\">Mars-lennolla<\/span> oven takana on vain ilmaton tyhjyys.<\/p>\n\n\n\n<p>&nbsp;<\/p>\n\n\n","protected":false},"excerpt":{"rendered":"<p>Maailma on menossa kiinni. Ihmiset erist\u00e4ytyv\u00e4t omaehtoisesti tai viranomaisten m\u00e4\u00e4r\u00e4yksell\u00e4. Somessa kansa kinaa siit\u00e4, mit\u00e4 pit\u00e4isi tehd\u00e4, mit\u00e4 ei pit\u00e4isi tehd\u00e4 ja mit\u00e4 olisi pit\u00e4nyt tehd\u00e4 jo aikoja sitten. Sairastuneille ja riskiryhmiin kuuluville karanteeni on ep\u00e4ilem\u00e4tt\u00e4<br \/>\nj\u00e4rkevin ellei per&hellip;<\/p>\n","protected":false},"author":557,"featured_media":2361,"comment_status":"open","ping_status":"open","sticky":false,"template":"","format":"standard","meta":{"_acf_changed":false,"asauth_required_access_level":3,"asauth_cansharepaid":"true","om_header_attributes":[],"footnotes":"","om_featured_image_focal_point":[],"om_primary_tag":0,"om_contributors":[],"om_co_authors":[],"beyondwords_generate_audio":"","beyondwords_project_id":"","beyondwords_content_id":"","beyondwords_preview_token":"","beyondwords_player_content":"","beyondwords_player_style":"","beyondwords_language_code":"","beyondwords_language_id":"","beyondwords_title_voice_id":"","beyondwords_body_voice_id":"","beyondwords_summary_voice_id":"","beyondwords_error_message":"","beyondwords_disabled":"","beyondwords_delete_content":"","beyondwords_podcast_id":"","beyondwords_hash":"","publish_post_to_speechkit":"","speechkit_hash":"","speechkit_generate_audio":"","speechkit_project_id":"","speechkit_podcast_id":"","speechkit_error_message":"","speechkit_disabled":"","speechkit_access_key":"","speechkit_error":"","speechkit_info":"","speechkit_response":"","speechkit_retries":"","speechkit_status":"","speechkit_updated_at":"","_speechkit_link":"","_speechkit_text":""},"categories":[1],"tags":[868,31,32],"class_list":["post-2360","post","type-post","status-publish","format-standard","has-post-thumbnail","hentry","category-taivaan-tahden","tag-korona","tag-maa","tag-mars"],"om_views":null,"acf":{"tuuma_off":false,"tuuma_kysymys":"","tuuma_vastaus":""},"asauth":{"required_access_level":1,"share_token":"","is_paid":false},"yoast_head":"<!-- This site is optimized with the Yoast SEO plugin v26.4 - https:\/\/yoast.com\/wordpress\/plugins\/seo\/ -->\n<title>Koronakaranteeni vai matka Marsiin? - Taivaan t\u00e4hden<\/title>\n<meta name=\"robots\" content=\"index, follow, max-snippet:-1, max-image-preview:large, max-video-preview:-1\" \/>\n<link rel=\"canonical\" href=\"https:\/\/suomenkuvalehti.fi\/taivaan-tahden\/2020\/03\/24\/koronakaranteeni-vai-matka-marsiin\/\" \/>\n<meta property=\"og:locale\" content=\"fi_FI\" \/>\n<meta property=\"og:type\" content=\"article\" \/>\n<meta property=\"og:title\" content=\"Koronakaranteeni vai matka Marsiin? - Taivaan t\u00e4hden\" \/>\n<meta property=\"og:description\" content=\"Maailma on menossa kiinni. Ihmiset erist\u00e4ytyv\u00e4t omaehtoisesti tai viranomaisten m\u00e4\u00e4r\u00e4yksell\u00e4. Somessa kansa kinaa siit\u00e4, mit\u00e4 pit\u00e4isi tehd\u00e4, mit\u00e4 ei pit\u00e4isi tehd\u00e4 ja mit\u00e4 olisi pit\u00e4nyt tehd\u00e4 jo aikoja sitten. Sairastuneille ja riskiryhmiin kuuluville karanteeni on ep\u00e4ilem\u00e4tt\u00e4 j\u00e4rkevin ellei per&hellip;\" \/>\n<meta property=\"og:url\" content=\"https:\/\/suomenkuvalehti.fi\/taivaan-tahden\/2020\/03\/24\/koronakaranteeni-vai-matka-marsiin\/\" \/>\n<meta property=\"og:site_name\" content=\"Taivaan t\u00e4hden\" \/>\n<meta property=\"article:published_time\" content=\"2020-03-24T11:54:35+00:00\" \/>\n<meta property=\"og:image\" content=\"https:\/\/suomenkuvalehti.fi\/taivaan-tahden\/wp-content\/uploads\/sites\/36\/2020\/03\/zfkcfqtp7kwrm7zicvitu.jpg\" \/>\n\t<meta property=\"og:image:width\" content=\"1344\" \/>\n\t<meta property=\"og:image:height\" content=\"854\" \/>\n\t<meta property=\"og:image:type\" content=\"image\/jpeg\" \/>\n<meta name=\"author\" content=\"Markus Hotakainen\" \/>\n<meta name=\"twitter:card\" content=\"summary_large_image\" \/>\n<meta name=\"twitter:label1\" content=\"Written by\" \/>\n\t<meta name=\"twitter:data1\" content=\"Markus Hotakainen\" \/>\n\t<meta name=\"twitter:label2\" content=\"Est. reading time\" \/>\n\t<meta name=\"twitter:data2\" content=\"2 minuuttia\" \/>\n<script type=\"application\/ld+json\" class=\"yoast-schema-graph\">{\"@context\":\"https:\/\/schema.org\",\"@graph\":[{\"@type\":\"WebPage\",\"@id\":\"https:\/\/suomenkuvalehti.fi\/taivaan-tahden\/2020\/03\/24\/koronakaranteeni-vai-matka-marsiin\/\",\"url\":\"https:\/\/suomenkuvalehti.fi\/taivaan-tahden\/2020\/03\/24\/koronakaranteeni-vai-matka-marsiin\/\",\"name\":\"Koronakaranteeni vai matka Marsiin? - Taivaan t\u00e4hden\",\"isPartOf\":{\"@id\":\"https:\/\/suomenkuvalehti.fi\/taivaan-tahden\/#website\"},\"primaryImageOfPage\":{\"@id\":\"https:\/\/suomenkuvalehti.fi\/taivaan-tahden\/2020\/03\/24\/koronakaranteeni-vai-matka-marsiin\/#primaryimage\"},\"image\":{\"@id\":\"https:\/\/suomenkuvalehti.fi\/taivaan-tahden\/2020\/03\/24\/koronakaranteeni-vai-matka-marsiin\/#primaryimage\"},\"thumbnailUrl\":\"https:\/\/suomenkuvalehti.fi\/taivaan-tahden\/wp-content\/uploads\/sites\/36\/2020\/03\/zfkcfqtp7kwrm7zicvitu.jpg\",\"datePublished\":\"2020-03-24T11:54:35+00:00\",\"author\":{\"@id\":\"https:\/\/suomenkuvalehti.fi\/taivaan-tahden\/#\/schema\/person\/c9c1373acb19750e11084ef640abeae0\"},\"breadcrumb\":{\"@id\":\"https:\/\/suomenkuvalehti.fi\/taivaan-tahden\/2020\/03\/24\/koronakaranteeni-vai-matka-marsiin\/#breadcrumb\"},\"inLanguage\":\"fi\",\"potentialAction\":[{\"@type\":\"ReadAction\",\"target\":[\"https:\/\/suomenkuvalehti.fi\/taivaan-tahden\/2020\/03\/24\/koronakaranteeni-vai-matka-marsiin\/\"]}]},{\"@type\":\"ImageObject\",\"inLanguage\":\"fi\",\"@id\":\"https:\/\/suomenkuvalehti.fi\/taivaan-tahden\/2020\/03\/24\/koronakaranteeni-vai-matka-marsiin\/#primaryimage\",\"url\":\"https:\/\/suomenkuvalehti.fi\/taivaan-tahden\/wp-content\/uploads\/sites\/36\/2020\/03\/zfkcfqtp7kwrm7zicvitu.jpg\",\"contentUrl\":\"https:\/\/suomenkuvalehti.fi\/taivaan-tahden\/wp-content\/uploads\/sites\/36\/2020\/03\/zfkcfqtp7kwrm7zicvitu.jpg\",\"width\":1344,\"height\":854,\"caption\":\"Paluulento kest\u00e4\u00e4 toiset kuusi kuukautta\u2026 Kuva: Lockheed Martin\"},{\"@type\":\"BreadcrumbList\",\"@id\":\"https:\/\/suomenkuvalehti.fi\/taivaan-tahden\/2020\/03\/24\/koronakaranteeni-vai-matka-marsiin\/#breadcrumb\",\"itemListElement\":[{\"@type\":\"ListItem\",\"position\":1,\"name\":\"Home\",\"item\":\"https:\/\/suomenkuvalehti.fi\/taivaan-tahden\/\"},{\"@type\":\"ListItem\",\"position\":2,\"name\":\"Koronakaranteeni vai matka Marsiin?\"}]},{\"@type\":\"WebSite\",\"@id\":\"https:\/\/suomenkuvalehti.fi\/taivaan-tahden\/#website\",\"url\":\"https:\/\/suomenkuvalehti.fi\/taivaan-tahden\/\",\"name\":\"Taivaan t\u00e4hden\",\"description\":\"Tiedetoimittaja Markus Hotakainen h\u00e4mm\u00e4stelee maailmankaikkeutta.\",\"potentialAction\":[{\"@type\":\"SearchAction\",\"target\":{\"@type\":\"EntryPoint\",\"urlTemplate\":\"https:\/\/suomenkuvalehti.fi\/haku\/?q={search_term_string}\"},\"query-input\":{\"@type\":\"PropertyValueSpecification\",\"valueRequired\":true,\"valueName\":\"search_term_string\"}}],\"inLanguage\":\"fi\"},{\"@type\":\"Person\",\"@id\":\"https:\/\/suomenkuvalehti.fi\/taivaan-tahden\/#\/schema\/person\/c9c1373acb19750e11084ef640abeae0\",\"name\":\"Markus Hotakainen\",\"image\":{\"@type\":\"ImageObject\",\"inLanguage\":\"fi\",\"@id\":\"https:\/\/suomenkuvalehti.fi\/taivaan-tahden\/#\/schema\/person\/image\/\",\"url\":\"https:\/\/suomenkuvalehti.fi\/taivaan-tahden\/wp-content\/uploads\/sites\/36\/2018\/05\/markus_hotakainen_blogi_pieni-150x150.jpg\",\"contentUrl\":\"https:\/\/suomenkuvalehti.fi\/taivaan-tahden\/wp-content\/uploads\/sites\/36\/2018\/05\/markus_hotakainen_blogi_pieni-150x150.jpg\",\"caption\":\"Markus Hotakainen\"},\"description\":\"Kirjoittaja on tiedetoimittaja ja tietokirjailija.\"}]}<\/script>\n<!-- \/ Yoast SEO plugin. -->","yoast_head_json":{"title":"Koronakaranteeni vai matka Marsiin? - Taivaan t\u00e4hden","robots":{"index":"index","follow":"follow","max-snippet":"max-snippet:-1","max-image-preview":"max-image-preview:large","max-video-preview":"max-video-preview:-1"},"canonical":"https:\/\/suomenkuvalehti.fi\/taivaan-tahden\/2020\/03\/24\/koronakaranteeni-vai-matka-marsiin\/","og_locale":"fi_FI","og_type":"article","og_title":"Koronakaranteeni vai matka Marsiin? - Taivaan t\u00e4hden","og_description":"Maailma on menossa kiinni. Ihmiset erist\u00e4ytyv\u00e4t omaehtoisesti tai viranomaisten m\u00e4\u00e4r\u00e4yksell\u00e4. Somessa kansa kinaa siit\u00e4, mit\u00e4 pit\u00e4isi tehd\u00e4, mit\u00e4 ei pit\u00e4isi tehd\u00e4 ja mit\u00e4 olisi pit\u00e4nyt tehd\u00e4 jo aikoja sitten. Sairastuneille ja riskiryhmiin kuuluville karanteeni on ep\u00e4ilem\u00e4tt\u00e4 j\u00e4rkevin ellei per&hellip;","og_url":"https:\/\/suomenkuvalehti.fi\/taivaan-tahden\/2020\/03\/24\/koronakaranteeni-vai-matka-marsiin\/","og_site_name":"Taivaan t\u00e4hden","article_published_time":"2020-03-24T11:54:35+00:00","og_image":[{"width":1344,"height":854,"url":"https:\/\/suomenkuvalehti.fi\/taivaan-tahden\/wp-content\/uploads\/sites\/36\/2020\/03\/zfkcfqtp7kwrm7zicvitu.jpg","type":"image\/jpeg"}],"author":"Markus Hotakainen","twitter_card":"summary_large_image","twitter_misc":{"Written by":"Markus Hotakainen","Est. reading time":"2 minuuttia"},"schema":{"@context":"https:\/\/schema.org","@graph":[{"@type":"WebPage","@id":"https:\/\/suomenkuvalehti.fi\/taivaan-tahden\/2020\/03\/24\/koronakaranteeni-vai-matka-marsiin\/","url":"https:\/\/suomenkuvalehti.fi\/taivaan-tahden\/2020\/03\/24\/koronakaranteeni-vai-matka-marsiin\/","name":"Koronakaranteeni vai matka Marsiin? - Taivaan t\u00e4hden","isPartOf":{"@id":"https:\/\/suomenkuvalehti.fi\/taivaan-tahden\/#website"},"primaryImageOfPage":{"@id":"https:\/\/suomenkuvalehti.fi\/taivaan-tahden\/2020\/03\/24\/koronakaranteeni-vai-matka-marsiin\/#primaryimage"},"image":{"@id":"https:\/\/suomenkuvalehti.fi\/taivaan-tahden\/2020\/03\/24\/koronakaranteeni-vai-matka-marsiin\/#primaryimage"},"thumbnailUrl":"https:\/\/suomenkuvalehti.fi\/taivaan-tahden\/wp-content\/uploads\/sites\/36\/2020\/03\/zfkcfqtp7kwrm7zicvitu.jpg","datePublished":"2020-03-24T11:54:35+00:00","author":{"@id":"https:\/\/suomenkuvalehti.fi\/taivaan-tahden\/#\/schema\/person\/c9c1373acb19750e11084ef640abeae0"},"breadcrumb":{"@id":"https:\/\/suomenkuvalehti.fi\/taivaan-tahden\/2020\/03\/24\/koronakaranteeni-vai-matka-marsiin\/#breadcrumb"},"inLanguage":"fi","potentialAction":[{"@type":"ReadAction","target":["https:\/\/suomenkuvalehti.fi\/taivaan-tahden\/2020\/03\/24\/koronakaranteeni-vai-matka-marsiin\/"]}]},{"@type":"ImageObject","inLanguage":"fi","@id":"https:\/\/suomenkuvalehti.fi\/taivaan-tahden\/2020\/03\/24\/koronakaranteeni-vai-matka-marsiin\/#primaryimage","url":"https:\/\/suomenkuvalehti.fi\/taivaan-tahden\/wp-content\/uploads\/sites\/36\/2020\/03\/zfkcfqtp7kwrm7zicvitu.jpg","contentUrl":"https:\/\/suomenkuvalehti.fi\/taivaan-tahden\/wp-content\/uploads\/sites\/36\/2020\/03\/zfkcfqtp7kwrm7zicvitu.jpg","width":1344,"height":854,"caption":"Paluulento kest\u00e4\u00e4 toiset kuusi kuukautta\u2026 Kuva: Lockheed Martin"},{"@type":"BreadcrumbList","@id":"https:\/\/suomenkuvalehti.fi\/taivaan-tahden\/2020\/03\/24\/koronakaranteeni-vai-matka-marsiin\/#breadcrumb","itemListElement":[{"@type":"ListItem","position":1,"name":"Home","item":"https:\/\/suomenkuvalehti.fi\/taivaan-tahden\/"},{"@type":"ListItem","position":2,"name":"Koronakaranteeni vai matka Marsiin?"}]},{"@type":"WebSite","@id":"https:\/\/suomenkuvalehti.fi\/taivaan-tahden\/#website","url":"https:\/\/suomenkuvalehti.fi\/taivaan-tahden\/","name":"Taivaan t\u00e4hden","description":"Tiedetoimittaja Markus Hotakainen h\u00e4mm\u00e4stelee maailmankaikkeutta.","potentialAction":[{"@type":"SearchAction","target":{"@type":"EntryPoint","urlTemplate":"https:\/\/suomenkuvalehti.fi\/haku\/?q={search_term_string}"},"query-input":{"@type":"PropertyValueSpecification","valueRequired":true,"valueName":"search_term_string"}}],"inLanguage":"fi"},{"@type":"Person","@id":"https:\/\/suomenkuvalehti.fi\/taivaan-tahden\/#\/schema\/person\/c9c1373acb19750e11084ef640abeae0","name":"Markus Hotakainen","image":{"@type":"ImageObject","inLanguage":"fi","@id":"https:\/\/suomenkuvalehti.fi\/taivaan-tahden\/#\/schema\/person\/image\/","url":"https:\/\/suomenkuvalehti.fi\/taivaan-tahden\/wp-content\/uploads\/sites\/36\/2018\/05\/markus_hotakainen_blogi_pieni-150x150.jpg","contentUrl":"https:\/\/suomenkuvalehti.fi\/taivaan-tahden\/wp-content\/uploads\/sites\/36\/2018\/05\/markus_hotakainen_blogi_pieni-150x150.jpg","caption":"Markus Hotakainen"},"description":"Kirjoittaja on tiedetoimittaja ja tietokirjailija."}]}},"_links":{"self":[{"href":"https:\/\/suomenkuvalehti.fi\/taivaan-tahden\/wp-json\/wp\/v2\/posts\/2360","targetHints":{"allow":["GET"]}}],"collection":[{"href":"https:\/\/suomenkuvalehti.fi\/taivaan-tahden\/wp-json\/wp\/v2\/posts"}],"about":[{"href":"https:\/\/suomenkuvalehti.fi\/taivaan-tahden\/wp-json\/wp\/v2\/types\/post"}],"author":[{"embeddable":true,"href":"https:\/\/suomenkuvalehti.fi\/taivaan-tahden\/wp-json\/wp\/v2\/users\/557"}],"replies":[{"embeddable":true,"href":"https:\/\/suomenkuvalehti.fi\/taivaan-tahden\/wp-json\/wp\/v2\/comments?post=2360"}],"version-history":[{"count":3,"href":"https:\/\/suomenkuvalehti.fi\/taivaan-tahden\/wp-json\/wp\/v2\/posts\/2360\/revisions"}],"predecessor-version":[{"id":2364,"href":"https:\/\/suomenkuvalehti.fi\/taivaan-tahden\/wp-json\/wp\/v2\/posts\/2360\/revisions\/2364"}],"wp:featuredmedia":[{"embeddable":true,"href":"https:\/\/suomenkuvalehti.fi\/taivaan-tahden\/wp-json\/wp\/v2\/media\/2361"}],"wp:attachment":[{"href":"https:\/\/suomenkuvalehti.fi\/taivaan-tahden\/wp-json\/wp\/v2\/media?parent=2360"}],"wp:term":[{"taxonomy":"category","embeddable":true,"href":"https:\/\/suomenkuvalehti.fi\/taivaan-tahden\/wp-json\/wp\/v2\/categories?post=2360"},{"taxonomy":"post_tag","embeddable":true,"href":"https:\/\/suomenkuvalehti.fi\/taivaan-tahden\/wp-json\/wp\/v2\/tags?post=2360"}],"curies":[{"name":"wp","href":"https:\/\/api.w.org\/{rel}","templated":true}]}}