{"id":2353,"date":"2020-03-15T12:35:13","date_gmt":"2020-03-15T10:35:13","guid":{"rendered":"https:\/\/suomenkuvalehti.fi\/taivaan-tahden\/?p=2353"},"modified":"2020-03-15T12:35:13","modified_gmt":"2020-03-15T10:35:13","slug":"niin-metsa-vastaa-kuin-sinne-huutaa","status":"publish","type":"post","link":"https:\/\/suomenkuvalehti.fi\/taivaan-tahden\/2020\/03\/15\/niin-metsa-vastaa-kuin-sinne-huutaa\/","title":{"rendered":"Niin mets\u00e4 vastaa kuin sinne huutaa"},"content":{"rendered":"<figure class=\"aligncenter size-large is-resized wp-block-image\">\n  <div class=\"wp-block-image__inner-container\">\n    <a href=\"https:\/\/suomenkuvalehti.fi\/taivaan-tahden\/wp-content\/uploads\/sites\/36\/2020\/03\/viher_06122018.jpeg\"><img loading=\"lazy\" decoding=\"async\" src=\"https:\/\/suomenkuvalehti.fi\/taivaan-tahden\/wp-content\/uploads\/sites\/36\/2020\/03\/viher_06122018-1024x683.jpeg\" alt=\"\" class=\"wp-image-2354\" width=\"1024\" height=\"683\" style=\"--aspect-ratio: 1.5\" srcset=\"https:\/\/suomenkuvalehti.fi\/taivaan-tahden\/wp-content\/uploads\/sites\/36\/2020\/03\/viher_06122018-1024x683.jpeg 1024w, https:\/\/suomenkuvalehti.fi\/taivaan-tahden\/wp-content\/uploads\/sites\/36\/2020\/03\/viher_06122018-300x200.jpeg 300w, https:\/\/suomenkuvalehti.fi\/taivaan-tahden\/wp-content\/uploads\/sites\/36\/2020\/03\/viher_06122018-768x512.jpeg 768w, https:\/\/suomenkuvalehti.fi\/taivaan-tahden\/wp-content\/uploads\/sites\/36\/2020\/03\/viher_06122018-630x420.jpeg 630w, https:\/\/suomenkuvalehti.fi\/taivaan-tahden\/wp-content\/uploads\/sites\/36\/2020\/03\/viher_06122018.jpeg 1575w\" sizes=\"auto, (max-width: 1024px) 100vw, 1024px\" \/><\/a>    <figcaption class=\"wp-block-image__figcaption\">\n      Miksi mets\u00e4 pelottaa? Kuva: Markus Hotakainen          <\/figcaption>\n      <\/div>\n<\/figure>\n\n\n<p><span class=\"capitalized\">Kun Suomi<\/span> alkaa menn\u00e4 koronan takia kokonaan kiinni ja kaikkia kannustetaan riitt\u00e4v\u00e4\u00e4n \u201dsosiaaliseen et\u00e4isyyteen\u201d, yh\u00e4 useampi tuntuu tekemisen puutteessa suuntaavan kulkunsa luontoon.<\/p>\n\n\n\n<p>Hyv\u00e4 ajatus! Liikunta ei ole koskaan pahitteeksi ja tutkimusten mukaan pikainenkin piipahdus mets\u00e4ss\u00e4 laskee pulssia, alentaa verenpainetta ja v\u00e4hent\u00e4\u00e4 stressi\u00e4.<\/p>\n\n\n\n<p>N\u00e4in\u00e4 aikoina se on erityisen hyv\u00e4 ajatus.<\/p>\n\n\n\n<p><span class=\"capitalized\">Otsikon sananlasku<\/span> ei kyll\u00e4 pid\u00e4 paikkaansa. Siis jos sen ottaa kirjaimellisesti.<\/p>\n\n\n\n<p>Itse kierr\u00e4n Nuuksion metsi\u00e4 kameran kanssa v\u00e4hint\u00e4\u00e4n kerran viikossa. Muistikortille on tarttunut kuvia lukemattomista el\u00e4inlajeista: j\u00e4niksist\u00e4, kauriista, k\u00e4\u00e4rmeist\u00e4, rupikonnista, puukiipij\u00f6ist\u00e4, pohjantikoista, t\u00f6yht\u00f6tiaisista, nuolihaukoista, merikotkista\u2026<\/p>\n\n\n\n<p>Vaikka pelottomimmat ja uteliaimmat hippi\u00e4iset pyr\u00e4ht\u00e4v\u00e4t metrin p\u00e4\u00e4h\u00e4n kuusenoksalle kurkistelemaan, osa el\u00e4imist\u00e4 on hyvinkin arkoja.<\/p>\n\n\n\n<p><span class=\"capitalized\">Siksi mets\u00e4ss\u00e4<\/span> pit\u00e4\u00e4 liikkua hiljaa. Tai pit\u00e4isi, jos el\u00e4inkunnan edustajia haluaa n\u00e4hd\u00e4 tai edes kuulla. Monille se tuntuu olevan ylivoimaisen vaikeaa.<\/p>\n\n\n\n<p>Kun \u201dsosiaalista et\u00e4isyytt\u00e4\u201d olisi hyv\u00e4 olla v\u00e4hint\u00e4\u00e4n metri, mets\u00e4maastossa se on hyvin helppoa.<\/p>\n\n\n\n<p>Ensinn\u00e4k\u00e4\u00e4n v\u00e4ke\u00e4 ei ole suosituimpia luontopolkuja ja vilkkaimpia viikonloppuja lukuun ottamatta tungokseksi asti, vaikka ulkoilijoita olisi liikkeell\u00e4 tavallista enemm\u00e4nkin.<\/p>\n\n\n\n<p>Toiseksi l\u00e4hestyv\u00e4n retkueen kuulee usein v\u00e4hint\u00e4\u00e4n sadan metrin p\u00e4\u00e4st\u00e4, joskus kauempaakin.<\/p>\n\n\n\n<p><span class=\"capitalized\">Jostain syyst\u00e4<\/span> joillakin tuntuu olevan pakonomainen tarve korottaa \u00e4\u00e4nt\u00e4\u00e4n, jopa kailottaa kurkku suorana, vaikka kaveri olisi ihan siin\u00e4 vieress\u00e4 tai parin askeleen p\u00e4\u00e4ss\u00e4 samalla polulla.<\/p>\n\n\n\n<blockquote class=\"wp-block-quote\"><p>Monet pelk\u00e4\u00e4v\u00e4t mets\u00e4\u00e4.<\/p><\/blockquote>\n\n\n\n<p>Ilmeisesti my\u00f6s k\u00e4nnykk\u00e4\u00e4n pit\u00e4\u00e4 puhua viel\u00e4 tavallistakin suuremmalla volyymill\u00e4, koska ollaan niin kaukana sivistyksest\u00e4.<\/p>\n\n\n\n<p>Lehdiss\u00e4 on viime aikoina ollut luontoliikunnan hy\u00f6tyjen ohella juttuja siit\u00e4, miten monet pelk\u00e4\u00e4v\u00e4t mets\u00e4\u00e4 tai ainakin tuntevat olonsa siell\u00e4 turvattomaksi.<\/p>\n\n\n\n<p><span class=\"capitalized\">Miksi?<\/span> Meill\u00e4 suomalaisillahan on aina kehuttu olevan \u201derityinen luontosuhde\u201d. Ei taida olla en\u00e4\u00e4 \u2013 jos on koskaan ollutkaan \u2013 tai ainakin isolta osalta se on pahasti kateissa.<\/p>\n\n\n\n<p>Luonnossa moni kokee voivansa k\u00e4ytt\u00e4yty\u00e4 oman mielens\u00e4 mukaan, mutta jokamiehenoikeuden soisi tarkoittavan my\u00f6s vastuuta, sek\u00e4 muita ihmisi\u00e4 ett\u00e4 luontoa itse\u00e4\u00e4n kohtaan.<\/p>\n\n\n\n<p>En silti kaipaa mit\u00e4\u00e4n seikkaper\u00e4ist\u00e4 ohjeistusta polkujen varsille, sit\u00e4 on s\u00e4\u00e4nt\u00f6-Suomessa muutenkin riitt\u00e4miin. Luonnossa liikkuessa pit\u00e4isi riitt\u00e4\u00e4 ihan arkij\u00e4rki.<\/p>\n\n\n\n<p>Jos mets\u00e4\u00e4n huutaa, se ei vastaa, vaan vaikenee.<\/p>\n\n\n\n<p>&nbsp;<\/p>\n\n\n\n<p>&nbsp;<\/p>\n\n\n","protected":false},"excerpt":{"rendered":"<p>Kun Suomi alkaa menn\u00e4 koronan takia kokonaan kiinni ja kaikkia kannustetaan riitt\u00e4v\u00e4\u00e4n \u201dsosiaaliseen et\u00e4isyyteen\u201d, yh\u00e4 useampi tuntuu tekemisen puutteessa suuntaavan kulkunsa luontoon. Hyv\u00e4 ajatus! Liikunta ei ole koskaan pahitteeksi ja tutkimusten mukaan pikainenkin piipahdus<br \/>\nmets\u00e4ss\u00e4 l&hellip;<\/p>\n","protected":false},"author":557,"featured_media":2354,"comment_status":"open","ping_status":"open","sticky":false,"template":"","format":"standard","meta":{"_acf_changed":false,"asauth_required_access_level":3,"asauth_cansharepaid":"true","om_header_attributes":[],"footnotes":"","om_featured_image_focal_point":[],"om_primary_tag":0,"om_contributors":[],"om_co_authors":[],"beyondwords_generate_audio":"","beyondwords_project_id":"","beyondwords_content_id":"","beyondwords_preview_token":"","beyondwords_player_content":"","beyondwords_player_style":"","beyondwords_language_code":"","beyondwords_language_id":"","beyondwords_title_voice_id":"","beyondwords_body_voice_id":"","beyondwords_summary_voice_id":"","beyondwords_error_message":"","beyondwords_disabled":"","beyondwords_delete_content":"","beyondwords_podcast_id":"","beyondwords_hash":"","publish_post_to_speechkit":"","speechkit_hash":"","speechkit_generate_audio":"","speechkit_project_id":"","speechkit_podcast_id":"","speechkit_error_message":"","speechkit_disabled":"","speechkit_access_key":"","speechkit_error":"","speechkit_info":"","speechkit_response":"","speechkit_retries":"","speechkit_status":"","speechkit_updated_at":"","_speechkit_link":"","_speechkit_text":""},"categories":[1],"tags":[868,867,866,865],"class_list":["post-2353","post","type-post","status-publish","format-standard","has-post-thumbnail","hentry","category-taivaan-tahden","tag-korona","tag-liikunta","tag-luonto","tag-metsa"],"om_views":null,"acf":{"tuuma_off":false,"tuuma_kysymys":"","tuuma_vastaus":""},"asauth":{"required_access_level":1,"share_token":"","is_paid":false},"yoast_head":"<!-- This site is optimized with the Yoast SEO plugin v26.4 - https:\/\/yoast.com\/wordpress\/plugins\/seo\/ -->\n<title>Niin mets\u00e4 vastaa kuin sinne huutaa - Taivaan t\u00e4hden<\/title>\n<meta name=\"robots\" content=\"index, follow, max-snippet:-1, max-image-preview:large, max-video-preview:-1\" \/>\n<link rel=\"canonical\" href=\"https:\/\/suomenkuvalehti.fi\/taivaan-tahden\/2020\/03\/15\/niin-metsa-vastaa-kuin-sinne-huutaa\/\" \/>\n<meta property=\"og:locale\" content=\"fi_FI\" \/>\n<meta property=\"og:type\" content=\"article\" \/>\n<meta property=\"og:title\" content=\"Niin mets\u00e4 vastaa kuin sinne huutaa - Taivaan t\u00e4hden\" \/>\n<meta property=\"og:description\" content=\"Kun Suomi alkaa menn\u00e4 koronan takia kokonaan kiinni ja kaikkia kannustetaan riitt\u00e4v\u00e4\u00e4n \u201dsosiaaliseen et\u00e4isyyteen\u201d, yh\u00e4 useampi tuntuu tekemisen puutteessa suuntaavan kulkunsa luontoon. Hyv\u00e4 ajatus! Liikunta ei ole koskaan pahitteeksi ja tutkimusten mukaan pikainenkin piipahdus mets\u00e4ss\u00e4 l&hellip;\" \/>\n<meta property=\"og:url\" content=\"https:\/\/suomenkuvalehti.fi\/taivaan-tahden\/2020\/03\/15\/niin-metsa-vastaa-kuin-sinne-huutaa\/\" \/>\n<meta property=\"og:site_name\" content=\"Taivaan t\u00e4hden\" \/>\n<meta property=\"article:published_time\" content=\"2020-03-15T10:35:13+00:00\" \/>\n<meta property=\"og:image\" content=\"https:\/\/suomenkuvalehti.fi\/taivaan-tahden\/wp-content\/uploads\/sites\/36\/2020\/03\/viher_06122018.jpeg\" \/>\n\t<meta property=\"og:image:width\" content=\"1575\" \/>\n\t<meta property=\"og:image:height\" content=\"1050\" \/>\n\t<meta property=\"og:image:type\" content=\"image\/jpeg\" \/>\n<meta name=\"author\" content=\"Markus Hotakainen\" \/>\n<meta name=\"twitter:card\" content=\"summary_large_image\" \/>\n<meta name=\"twitter:label1\" content=\"Written by\" \/>\n\t<meta name=\"twitter:data1\" content=\"Markus Hotakainen\" \/>\n\t<meta name=\"twitter:label2\" content=\"Est. reading time\" \/>\n\t<meta name=\"twitter:data2\" content=\"2 minuuttia\" \/>\n<script type=\"application\/ld+json\" class=\"yoast-schema-graph\">{\"@context\":\"https:\/\/schema.org\",\"@graph\":[{\"@type\":\"WebPage\",\"@id\":\"https:\/\/suomenkuvalehti.fi\/taivaan-tahden\/2020\/03\/15\/niin-metsa-vastaa-kuin-sinne-huutaa\/\",\"url\":\"https:\/\/suomenkuvalehti.fi\/taivaan-tahden\/2020\/03\/15\/niin-metsa-vastaa-kuin-sinne-huutaa\/\",\"name\":\"Niin mets\u00e4 vastaa kuin sinne huutaa - Taivaan t\u00e4hden\",\"isPartOf\":{\"@id\":\"https:\/\/suomenkuvalehti.fi\/taivaan-tahden\/#website\"},\"primaryImageOfPage\":{\"@id\":\"https:\/\/suomenkuvalehti.fi\/taivaan-tahden\/2020\/03\/15\/niin-metsa-vastaa-kuin-sinne-huutaa\/#primaryimage\"},\"image\":{\"@id\":\"https:\/\/suomenkuvalehti.fi\/taivaan-tahden\/2020\/03\/15\/niin-metsa-vastaa-kuin-sinne-huutaa\/#primaryimage\"},\"thumbnailUrl\":\"https:\/\/suomenkuvalehti.fi\/taivaan-tahden\/wp-content\/uploads\/sites\/36\/2020\/03\/viher_06122018.jpeg\",\"datePublished\":\"2020-03-15T10:35:13+00:00\",\"author\":{\"@id\":\"https:\/\/suomenkuvalehti.fi\/taivaan-tahden\/#\/schema\/person\/c9c1373acb19750e11084ef640abeae0\"},\"breadcrumb\":{\"@id\":\"https:\/\/suomenkuvalehti.fi\/taivaan-tahden\/2020\/03\/15\/niin-metsa-vastaa-kuin-sinne-huutaa\/#breadcrumb\"},\"inLanguage\":\"fi\",\"potentialAction\":[{\"@type\":\"ReadAction\",\"target\":[\"https:\/\/suomenkuvalehti.fi\/taivaan-tahden\/2020\/03\/15\/niin-metsa-vastaa-kuin-sinne-huutaa\/\"]}]},{\"@type\":\"ImageObject\",\"inLanguage\":\"fi\",\"@id\":\"https:\/\/suomenkuvalehti.fi\/taivaan-tahden\/2020\/03\/15\/niin-metsa-vastaa-kuin-sinne-huutaa\/#primaryimage\",\"url\":\"https:\/\/suomenkuvalehti.fi\/taivaan-tahden\/wp-content\/uploads\/sites\/36\/2020\/03\/viher_06122018.jpeg\",\"contentUrl\":\"https:\/\/suomenkuvalehti.fi\/taivaan-tahden\/wp-content\/uploads\/sites\/36\/2020\/03\/viher_06122018.jpeg\",\"width\":1575,\"height\":1050,\"caption\":\"Miksi mets\u00e4 pelottaa? Kuva: Markus Hotakainen\"},{\"@type\":\"BreadcrumbList\",\"@id\":\"https:\/\/suomenkuvalehti.fi\/taivaan-tahden\/2020\/03\/15\/niin-metsa-vastaa-kuin-sinne-huutaa\/#breadcrumb\",\"itemListElement\":[{\"@type\":\"ListItem\",\"position\":1,\"name\":\"Home\",\"item\":\"https:\/\/suomenkuvalehti.fi\/taivaan-tahden\/\"},{\"@type\":\"ListItem\",\"position\":2,\"name\":\"Niin mets\u00e4 vastaa kuin sinne huutaa\"}]},{\"@type\":\"WebSite\",\"@id\":\"https:\/\/suomenkuvalehti.fi\/taivaan-tahden\/#website\",\"url\":\"https:\/\/suomenkuvalehti.fi\/taivaan-tahden\/\",\"name\":\"Taivaan t\u00e4hden\",\"description\":\"Tiedetoimittaja Markus Hotakainen h\u00e4mm\u00e4stelee maailmankaikkeutta.\",\"potentialAction\":[{\"@type\":\"SearchAction\",\"target\":{\"@type\":\"EntryPoint\",\"urlTemplate\":\"https:\/\/suomenkuvalehti.fi\/haku\/?q={search_term_string}\"},\"query-input\":{\"@type\":\"PropertyValueSpecification\",\"valueRequired\":true,\"valueName\":\"search_term_string\"}}],\"inLanguage\":\"fi\"},{\"@type\":\"Person\",\"@id\":\"https:\/\/suomenkuvalehti.fi\/taivaan-tahden\/#\/schema\/person\/c9c1373acb19750e11084ef640abeae0\",\"name\":\"Markus Hotakainen\",\"image\":{\"@type\":\"ImageObject\",\"inLanguage\":\"fi\",\"@id\":\"https:\/\/suomenkuvalehti.fi\/taivaan-tahden\/#\/schema\/person\/image\/\",\"url\":\"https:\/\/suomenkuvalehti.fi\/taivaan-tahden\/wp-content\/uploads\/sites\/36\/2018\/05\/markus_hotakainen_blogi_pieni-150x150.jpg\",\"contentUrl\":\"https:\/\/suomenkuvalehti.fi\/taivaan-tahden\/wp-content\/uploads\/sites\/36\/2018\/05\/markus_hotakainen_blogi_pieni-150x150.jpg\",\"caption\":\"Markus Hotakainen\"},\"description\":\"Kirjoittaja on tiedetoimittaja ja tietokirjailija.\"}]}<\/script>\n<!-- \/ Yoast SEO plugin. -->","yoast_head_json":{"title":"Niin mets\u00e4 vastaa kuin sinne huutaa - Taivaan t\u00e4hden","robots":{"index":"index","follow":"follow","max-snippet":"max-snippet:-1","max-image-preview":"max-image-preview:large","max-video-preview":"max-video-preview:-1"},"canonical":"https:\/\/suomenkuvalehti.fi\/taivaan-tahden\/2020\/03\/15\/niin-metsa-vastaa-kuin-sinne-huutaa\/","og_locale":"fi_FI","og_type":"article","og_title":"Niin mets\u00e4 vastaa kuin sinne huutaa - Taivaan t\u00e4hden","og_description":"Kun Suomi alkaa menn\u00e4 koronan takia kokonaan kiinni ja kaikkia kannustetaan riitt\u00e4v\u00e4\u00e4n \u201dsosiaaliseen et\u00e4isyyteen\u201d, yh\u00e4 useampi tuntuu tekemisen puutteessa suuntaavan kulkunsa luontoon. Hyv\u00e4 ajatus! Liikunta ei ole koskaan pahitteeksi ja tutkimusten mukaan pikainenkin piipahdus mets\u00e4ss\u00e4 l&hellip;","og_url":"https:\/\/suomenkuvalehti.fi\/taivaan-tahden\/2020\/03\/15\/niin-metsa-vastaa-kuin-sinne-huutaa\/","og_site_name":"Taivaan t\u00e4hden","article_published_time":"2020-03-15T10:35:13+00:00","og_image":[{"width":1575,"height":1050,"url":"https:\/\/suomenkuvalehti.fi\/taivaan-tahden\/wp-content\/uploads\/sites\/36\/2020\/03\/viher_06122018.jpeg","type":"image\/jpeg"}],"author":"Markus Hotakainen","twitter_card":"summary_large_image","twitter_misc":{"Written by":"Markus Hotakainen","Est. reading time":"2 minuuttia"},"schema":{"@context":"https:\/\/schema.org","@graph":[{"@type":"WebPage","@id":"https:\/\/suomenkuvalehti.fi\/taivaan-tahden\/2020\/03\/15\/niin-metsa-vastaa-kuin-sinne-huutaa\/","url":"https:\/\/suomenkuvalehti.fi\/taivaan-tahden\/2020\/03\/15\/niin-metsa-vastaa-kuin-sinne-huutaa\/","name":"Niin mets\u00e4 vastaa kuin sinne huutaa - Taivaan t\u00e4hden","isPartOf":{"@id":"https:\/\/suomenkuvalehti.fi\/taivaan-tahden\/#website"},"primaryImageOfPage":{"@id":"https:\/\/suomenkuvalehti.fi\/taivaan-tahden\/2020\/03\/15\/niin-metsa-vastaa-kuin-sinne-huutaa\/#primaryimage"},"image":{"@id":"https:\/\/suomenkuvalehti.fi\/taivaan-tahden\/2020\/03\/15\/niin-metsa-vastaa-kuin-sinne-huutaa\/#primaryimage"},"thumbnailUrl":"https:\/\/suomenkuvalehti.fi\/taivaan-tahden\/wp-content\/uploads\/sites\/36\/2020\/03\/viher_06122018.jpeg","datePublished":"2020-03-15T10:35:13+00:00","author":{"@id":"https:\/\/suomenkuvalehti.fi\/taivaan-tahden\/#\/schema\/person\/c9c1373acb19750e11084ef640abeae0"},"breadcrumb":{"@id":"https:\/\/suomenkuvalehti.fi\/taivaan-tahden\/2020\/03\/15\/niin-metsa-vastaa-kuin-sinne-huutaa\/#breadcrumb"},"inLanguage":"fi","potentialAction":[{"@type":"ReadAction","target":["https:\/\/suomenkuvalehti.fi\/taivaan-tahden\/2020\/03\/15\/niin-metsa-vastaa-kuin-sinne-huutaa\/"]}]},{"@type":"ImageObject","inLanguage":"fi","@id":"https:\/\/suomenkuvalehti.fi\/taivaan-tahden\/2020\/03\/15\/niin-metsa-vastaa-kuin-sinne-huutaa\/#primaryimage","url":"https:\/\/suomenkuvalehti.fi\/taivaan-tahden\/wp-content\/uploads\/sites\/36\/2020\/03\/viher_06122018.jpeg","contentUrl":"https:\/\/suomenkuvalehti.fi\/taivaan-tahden\/wp-content\/uploads\/sites\/36\/2020\/03\/viher_06122018.jpeg","width":1575,"height":1050,"caption":"Miksi mets\u00e4 pelottaa? Kuva: Markus Hotakainen"},{"@type":"BreadcrumbList","@id":"https:\/\/suomenkuvalehti.fi\/taivaan-tahden\/2020\/03\/15\/niin-metsa-vastaa-kuin-sinne-huutaa\/#breadcrumb","itemListElement":[{"@type":"ListItem","position":1,"name":"Home","item":"https:\/\/suomenkuvalehti.fi\/taivaan-tahden\/"},{"@type":"ListItem","position":2,"name":"Niin mets\u00e4 vastaa kuin sinne huutaa"}]},{"@type":"WebSite","@id":"https:\/\/suomenkuvalehti.fi\/taivaan-tahden\/#website","url":"https:\/\/suomenkuvalehti.fi\/taivaan-tahden\/","name":"Taivaan t\u00e4hden","description":"Tiedetoimittaja Markus Hotakainen h\u00e4mm\u00e4stelee maailmankaikkeutta.","potentialAction":[{"@type":"SearchAction","target":{"@type":"EntryPoint","urlTemplate":"https:\/\/suomenkuvalehti.fi\/haku\/?q={search_term_string}"},"query-input":{"@type":"PropertyValueSpecification","valueRequired":true,"valueName":"search_term_string"}}],"inLanguage":"fi"},{"@type":"Person","@id":"https:\/\/suomenkuvalehti.fi\/taivaan-tahden\/#\/schema\/person\/c9c1373acb19750e11084ef640abeae0","name":"Markus Hotakainen","image":{"@type":"ImageObject","inLanguage":"fi","@id":"https:\/\/suomenkuvalehti.fi\/taivaan-tahden\/#\/schema\/person\/image\/","url":"https:\/\/suomenkuvalehti.fi\/taivaan-tahden\/wp-content\/uploads\/sites\/36\/2018\/05\/markus_hotakainen_blogi_pieni-150x150.jpg","contentUrl":"https:\/\/suomenkuvalehti.fi\/taivaan-tahden\/wp-content\/uploads\/sites\/36\/2018\/05\/markus_hotakainen_blogi_pieni-150x150.jpg","caption":"Markus Hotakainen"},"description":"Kirjoittaja on tiedetoimittaja ja tietokirjailija."}]}},"_links":{"self":[{"href":"https:\/\/suomenkuvalehti.fi\/taivaan-tahden\/wp-json\/wp\/v2\/posts\/2353","targetHints":{"allow":["GET"]}}],"collection":[{"href":"https:\/\/suomenkuvalehti.fi\/taivaan-tahden\/wp-json\/wp\/v2\/posts"}],"about":[{"href":"https:\/\/suomenkuvalehti.fi\/taivaan-tahden\/wp-json\/wp\/v2\/types\/post"}],"author":[{"embeddable":true,"href":"https:\/\/suomenkuvalehti.fi\/taivaan-tahden\/wp-json\/wp\/v2\/users\/557"}],"replies":[{"embeddable":true,"href":"https:\/\/suomenkuvalehti.fi\/taivaan-tahden\/wp-json\/wp\/v2\/comments?post=2353"}],"version-history":[{"count":5,"href":"https:\/\/suomenkuvalehti.fi\/taivaan-tahden\/wp-json\/wp\/v2\/posts\/2353\/revisions"}],"predecessor-version":[{"id":2359,"href":"https:\/\/suomenkuvalehti.fi\/taivaan-tahden\/wp-json\/wp\/v2\/posts\/2353\/revisions\/2359"}],"wp:featuredmedia":[{"embeddable":true,"href":"https:\/\/suomenkuvalehti.fi\/taivaan-tahden\/wp-json\/wp\/v2\/media\/2354"}],"wp:attachment":[{"href":"https:\/\/suomenkuvalehti.fi\/taivaan-tahden\/wp-json\/wp\/v2\/media?parent=2353"}],"wp:term":[{"taxonomy":"category","embeddable":true,"href":"https:\/\/suomenkuvalehti.fi\/taivaan-tahden\/wp-json\/wp\/v2\/categories?post=2353"},{"taxonomy":"post_tag","embeddable":true,"href":"https:\/\/suomenkuvalehti.fi\/taivaan-tahden\/wp-json\/wp\/v2\/tags?post=2353"}],"curies":[{"name":"wp","href":"https:\/\/api.w.org\/{rel}","templated":true}]}}