{"id":233,"date":"2015-08-13T08:52:15","date_gmt":"2015-08-13T05:52:15","guid":{"rendered":"https:\/\/suomenkuvalehti.fi\/taivaan-tahden\/?p=233"},"modified":"2015-08-13T08:52:15","modified_gmt":"2015-08-13T05:52:15","slug":"pilvee-pilvee","status":"publish","type":"post","link":"https:\/\/suomenkuvalehti.fi\/taivaan-tahden\/2015\/08\/13\/pilvee-pilvee\/","title":{"rendered":"Pilvee, pilvee"},"content":{"rendered":"<figure class=\"aligncenter size-large is-resized wp-block-image\">\n  <div class=\"wp-block-image__inner-container\">\n    <a href=\"https:\/\/suomenkuvalehti.fi\/taivaan-tahden\/wp-content\/uploads\/sites\/36\/2015\/08\/pilveepilvee_SK.jpeg\"><img loading=\"lazy\" decoding=\"async\" src=\"https:\/\/suomenkuvalehti.fi\/taivaan-tahden\/wp-content\/uploads\/sites\/36\/2015\/08\/pilveepilvee_SK-1024x683.jpeg\" alt=\"pilveepilvee_SK\" class=\"wp-image-235\" width=\"1024\" height=\"683\" style=\"--aspect-ratio: 1.5\" srcset=\"https:\/\/suomenkuvalehti.fi\/taivaan-tahden\/wp-content\/uploads\/sites\/36\/2015\/08\/pilveepilvee_SK-1024x683.jpeg 1024w, https:\/\/suomenkuvalehti.fi\/taivaan-tahden\/wp-content\/uploads\/sites\/36\/2015\/08\/pilveepilvee_SK-300x200.jpeg 300w, https:\/\/suomenkuvalehti.fi\/taivaan-tahden\/wp-content\/uploads\/sites\/36\/2015\/08\/pilveepilvee_SK.jpeg 1575w\" sizes=\"auto, (max-width: 1024px) 100vw, 1024px\" \/><\/a>    <figcaption class=\"wp-block-image__figcaption\">\n      Kerrankin pilvet v\u00e4istyiv\u00e4t oikeaan aikaan. Kuva: Markus Hotakainen          <\/figcaption>\n      <\/div>\n<\/figure>\n\n\n<p><b>Juice Leskisen<\/b> vanhan biisin teema ei p\u00e4iv\u00e4nvaloa kest\u00e4, mutta sen kertos\u00e4e py\u00f6ri eilisiltana auringonlaskun aikoihin mieless\u00e4 &#8211; vaikka taivaalla pilvi\u00e4 olikin. Tai ehk\u00e4 juuri siksi.<\/p>\n\n\n\n<p>Vuotuisen perseidien t\u00e4hdenlentoparven maksimiy\u00f6 oli h\u00e4m\u00e4rtym\u00e4ss\u00e4. N\u00e4ytti silt\u00e4, ett\u00e4 kosminen ilotulitus oli j\u00e4\u00e4m\u00e4ss\u00e4 taas kerran vesih\u00f6yrytihentymien taakse. Ihan perinteiseen tapaan.<\/p>\n\n\n\n<p>Tai ainakin itselleni perinteiseen.<\/p>\n\n\n\n<p>Aloitin t\u00e4htiharrastuksen 1970-luvun lopulla ja heti kaukoputken hankittuani sain ensimm\u00e4iset viitteet siit\u00e4, mit\u00e4 tuleman pit\u00e4\u00e4. Kannoin uutuuttaan kiiltelev\u00e4n peiliteleskoopin takapihalle ja suuntasin sen t\u00e4htikirkkaalle, pilvett\u00f6m\u00e4lle taivaalle. Kumarruin s\u00e4\u00e4t\u00e4m\u00e4\u00e4n jalustaa, jotta saisin kaukoputken mukavammalle katselukorkeudelle.<\/p>\n\n\n\n<p>S\u00e4\u00e4t\u00f6ruuvit auki, jalat pidemmiksi, ruuvit tiukalle. Koko operaatioon meni aikaa ehk\u00e4 minuutti, korkeintaan kaksi.<\/p>\n\n\n\n<p>Kun kohotin katseeni taas taivaalle, t\u00e4hdet olivat kadonneet. Ne olivat hetkess\u00e4 peittyneet paksuun pilveen, jota riitti taivaanrannasta toiseen. Pilvipeite ei kuitenkaan kadonnut yht\u00e4 nopeasti kuin oli ilmestynyt, vaan se j\u00e4m\u00e4hti niille sijoilleen.<\/p>\n\n\n\n<p>Loppuvuodesta 1985 Halleyn kuuluisa komeetta n\u00e4kyi Suomenkin taivaalla. 76 vuoden v\u00e4lein Aurinkokunnan sis\u00e4osiin palaava pyrst\u00f6t\u00e4hti oli iltaisin matalalla l\u00e4nnen suunnalla. Vuoden pilvisimp\u00e4\u00e4n aikaan osui ihmeesti my\u00f6s joitakin selkeit\u00e4 s\u00e4it\u00e4.<\/p>\n\n\n\n<p>Yhten\u00e4 iltana olin Kaivopuiston t\u00e4htitornissa n\u00e4ytt\u00e4m\u00e4ss\u00e4 komeettaa yleis\u00f6lle. Kun uteliaiden jono oli kasvanut kymmenien metrien mittaiseksi, l\u00e4hell\u00e4 taivaanrantaa v\u00e4ijynyt kapea pilvijuova peitti komeetan tarkasti taakseen \u2013 ja seurasi sen hidasta vajoamista yh\u00e4 alemmas, aina horisonttiin saakka.<\/p>\n\n\n\n<p>Taivaantarkkailijan huippuhetki\u00e4 on Auringon t\u00e4ydellinen pimeneminen, kun se j\u00e4\u00e4 Kuun taakse. Suomessa t\u00e4ydellinen auringonpimennys n\u00e4kyi viimeksi vuonna 1990, seuraavaa saamme odotella vuoteen 2126. Tai olisi n\u00e4kynyt.<\/p>\n\n\n\n<p>Joillakin paikoilla hein\u00e4kuinen aamuy\u00f6n Aurinko pilkisti pilvien lomasta, mutta itse istuin Patvinsuon kansallispuistossa Suomunj\u00e4rven rannalla \u201dnauttimassa\u201d 200-prosenttisesta pimennyksest\u00e4: Auringon edess\u00e4 oli Kuun lis\u00e4ksi paksu pilviverho.<\/p>\n\n\n\n<p>Takaisin eilisiltaan. H\u00e4m\u00e4r\u00e4n hiljalleen laskeutuessa alkoi ennakkoaavisteluista huolimatta n\u00e4ytt\u00e4\u00e4 yh\u00e4 lupaavammalta. L\u00e4nnen suunnalta pukkasi edelleen pilve\u00e4, mutta hattaroita oli kaiken aikaa harvemmassa. Tuikkivia t\u00e4hti\u00e4 ilmestyi taivaalle yh\u00e4 enemm\u00e4n.<\/p>\n\n\n\n<p>Kun y\u00f6 oli niin pime\u00e4 kuin se n\u00e4ill\u00e4 leveysasteilla elokuun puoliv\u00e4liss\u00e4 ylip\u00e4\u00e4t\u00e4\u00e4n voi olla, taivaan poikki sujahti t\u00e4hdenlento toisensa per\u00e4\u00e4n. V\u00e4lill\u00e4 kirkkaampia, v\u00e4lill\u00e4 himme\u00e4mpi\u00e4, usein hetken aikaa viipyv\u00e4n savuvanan j\u00e4lkeens\u00e4 j\u00e4tt\u00e4en.<\/p>\n\n\n\n<p>Hiekanjyv\u00e4\u00e4 pienemm\u00e4t kappaleet sy\u00f6ksyiv\u00e4t Maan ilmakeh\u00e4\u00e4n yli 200 000 kilometrin tuntinopeudella ja k\u00e4r\u00e4htiv\u00e4t vajaan sadan kilometrin korkeudella silm\u00e4nr\u00e4p\u00e4yksess\u00e4 tuhkaksi. Hiukkaset ovat per\u00e4isin Swiftin-Tuttlen komeetasta, jonka syyt\u00e4m\u00e4st\u00e4 p\u00f6lyst\u00e4 on muodostunut sen rataa my\u00f6t\u00e4ilev\u00e4 vana.<\/p>\n\n\n\n<p>Kerran vuodessa Maa kulkee p\u00f6lyvanan l\u00e4vitse ja elokuisella taivaalla singahtelee meteoreja, parhaimmillaan useita kymmeni\u00e4 tunnissa. Id\u00e4n suunnalta suihkivat t\u00e4hdenlennot loivat viime y\u00f6n\u00e4 vahvan mielikuvan avaruuden halki kiit\u00e4v\u00e4st\u00e4 maapallosta.<\/p>\n\n\n\n<p>N\u00e4kym\u00e4\u00e4 eiv\u00e4t edes pilvet haitanneet. T\u00e4ll\u00e4 kertaa Juicen sanoitus oli ihan kohdallaan.<\/p>\n\n\n","protected":false},"excerpt":{"rendered":"<p>Juice Leskisen vanhan biisin teema ei p\u00e4iv\u00e4nvaloa kest\u00e4, mutta sen kertos\u00e4e py\u00f6ri eilisiltana auringonlaskun aikoihin mieless\u00e4 &#8211; vaikka taivaalla pilvi\u00e4 olikin. Tai ehk\u00e4 juuri siksi. Vuotuisen perseidien t\u00e4hdenlentoparven maksimiy\u00f6 oli h\u00e4m\u00e4rtym\u00e4ss\u00e4. N\u00e4ytti silt\u00e4, ett\u00e4 kosminen ilotulitus oli<br \/>\nj\u00e4\u00e4m\u00e4ss\u00e4 taas ke&hellip;<\/p>\n","protected":false},"author":557,"featured_media":0,"comment_status":"open","ping_status":"open","sticky":false,"template":"","format":"standard","meta":{"_acf_changed":false,"asauth_required_access_level":3,"asauth_cansharepaid":"true","om_header_attributes":[],"footnotes":"","om_featured_image_focal_point":[],"om_primary_tag":0,"om_contributors":[],"om_co_authors":[],"beyondwords_generate_audio":"","beyondwords_project_id":"","beyondwords_content_id":"","beyondwords_preview_token":"","beyondwords_player_content":"","beyondwords_player_style":"","beyondwords_language_code":"","beyondwords_language_id":"","beyondwords_title_voice_id":"","beyondwords_body_voice_id":"","beyondwords_summary_voice_id":"","beyondwords_error_message":"","beyondwords_disabled":"","beyondwords_delete_content":"","beyondwords_podcast_id":"","beyondwords_hash":"","publish_post_to_speechkit":"","speechkit_hash":"","speechkit_generate_audio":"","speechkit_project_id":"","speechkit_podcast_id":"","speechkit_error_message":"","speechkit_disabled":"","speechkit_access_key":"","speechkit_error":"","speechkit_info":"","speechkit_response":"","speechkit_retries":"","speechkit_status":"","speechkit_updated_at":"","_speechkit_link":"","_speechkit_text":""},"categories":[1],"tags":[72,28,69,70,71,68],"class_list":["post-233","post","type-post","status-publish","format-standard","hentry","category-taivaan-tahden","tag-auringonpimennys","tag-meteori","tag-perseidit","tag-pilvet","tag-swift-tuttle","tag-tahdenlento"],"om_views":null,"acf":{"tuuma_off":false,"tuuma_kysymys":"","tuuma_vastaus":""},"asauth":{"required_access_level":1,"share_token":"","is_paid":false},"yoast_head":"<!-- This site is optimized with the Yoast SEO plugin v26.4 - https:\/\/yoast.com\/wordpress\/plugins\/seo\/ -->\n<title>Pilvee, pilvee - Taivaan t\u00e4hden<\/title>\n<meta name=\"robots\" content=\"index, follow, max-snippet:-1, max-image-preview:large, max-video-preview:-1\" \/>\n<link rel=\"canonical\" href=\"https:\/\/suomenkuvalehti.fi\/taivaan-tahden\/2015\/08\/13\/pilvee-pilvee\/\" \/>\n<meta property=\"og:locale\" content=\"fi_FI\" \/>\n<meta property=\"og:type\" content=\"article\" \/>\n<meta property=\"og:title\" content=\"Pilvee, pilvee - Taivaan t\u00e4hden\" \/>\n<meta property=\"og:description\" content=\"Juice Leskisen vanhan biisin teema ei p\u00e4iv\u00e4nvaloa kest\u00e4, mutta sen kertos\u00e4e py\u00f6ri eilisiltana auringonlaskun aikoihin mieless\u00e4 &#8211; vaikka taivaalla pilvi\u00e4 olikin. Tai ehk\u00e4 juuri siksi. Vuotuisen perseidien t\u00e4hdenlentoparven maksimiy\u00f6 oli h\u00e4m\u00e4rtym\u00e4ss\u00e4. N\u00e4ytti silt\u00e4, ett\u00e4 kosminen ilotulitus oli j\u00e4\u00e4m\u00e4ss\u00e4 taas ke&hellip;\" \/>\n<meta property=\"og:url\" content=\"https:\/\/suomenkuvalehti.fi\/taivaan-tahden\/2015\/08\/13\/pilvee-pilvee\/\" \/>\n<meta property=\"og:site_name\" content=\"Taivaan t\u00e4hden\" \/>\n<meta property=\"article:published_time\" content=\"2015-08-13T05:52:15+00:00\" \/>\n<meta property=\"og:image\" content=\"https:\/\/suomenkuvalehti.fi\/taivaan-tahden\/wp-content\/uploads\/sites\/36\/2015\/08\/pilveepilvee_SK-1024x683.jpeg\" \/>\n<meta name=\"author\" content=\"Markus Hotakainen\" \/>\n<meta name=\"twitter:card\" content=\"summary_large_image\" \/>\n<meta name=\"twitter:label1\" content=\"Written by\" \/>\n\t<meta name=\"twitter:data1\" content=\"Markus Hotakainen\" \/>\n\t<meta name=\"twitter:label2\" content=\"Est. reading time\" \/>\n\t<meta name=\"twitter:data2\" content=\"2 minuuttia\" \/>\n<script type=\"application\/ld+json\" class=\"yoast-schema-graph\">{\"@context\":\"https:\/\/schema.org\",\"@graph\":[{\"@type\":\"WebPage\",\"@id\":\"https:\/\/suomenkuvalehti.fi\/taivaan-tahden\/2015\/08\/13\/pilvee-pilvee\/\",\"url\":\"https:\/\/suomenkuvalehti.fi\/taivaan-tahden\/2015\/08\/13\/pilvee-pilvee\/\",\"name\":\"Pilvee, pilvee - Taivaan t\u00e4hden\",\"isPartOf\":{\"@id\":\"https:\/\/suomenkuvalehti.fi\/taivaan-tahden\/#website\"},\"primaryImageOfPage\":{\"@id\":\"https:\/\/suomenkuvalehti.fi\/taivaan-tahden\/2015\/08\/13\/pilvee-pilvee\/#primaryimage\"},\"image\":{\"@id\":\"https:\/\/suomenkuvalehti.fi\/taivaan-tahden\/2015\/08\/13\/pilvee-pilvee\/#primaryimage\"},\"thumbnailUrl\":\"https:\/\/suomenkuvalehti.fi\/taivaan-tahden\/wp-content\/uploads\/sites\/36\/2015\/08\/pilveepilvee_SK-1024x683.jpeg\",\"datePublished\":\"2015-08-13T05:52:15+00:00\",\"author\":{\"@id\":\"https:\/\/suomenkuvalehti.fi\/taivaan-tahden\/#\/schema\/person\/c9c1373acb19750e11084ef640abeae0\"},\"breadcrumb\":{\"@id\":\"https:\/\/suomenkuvalehti.fi\/taivaan-tahden\/2015\/08\/13\/pilvee-pilvee\/#breadcrumb\"},\"inLanguage\":\"fi\",\"potentialAction\":[{\"@type\":\"ReadAction\",\"target\":[\"https:\/\/suomenkuvalehti.fi\/taivaan-tahden\/2015\/08\/13\/pilvee-pilvee\/\"]}]},{\"@type\":\"ImageObject\",\"inLanguage\":\"fi\",\"@id\":\"https:\/\/suomenkuvalehti.fi\/taivaan-tahden\/2015\/08\/13\/pilvee-pilvee\/#primaryimage\",\"url\":\"https:\/\/suomenkuvalehti.fi\/taivaan-tahden\/wp-content\/uploads\/sites\/36\/2015\/08\/pilveepilvee_SK.jpeg\",\"contentUrl\":\"https:\/\/suomenkuvalehti.fi\/taivaan-tahden\/wp-content\/uploads\/sites\/36\/2015\/08\/pilveepilvee_SK.jpeg\",\"width\":1575,\"height\":1050},{\"@type\":\"BreadcrumbList\",\"@id\":\"https:\/\/suomenkuvalehti.fi\/taivaan-tahden\/2015\/08\/13\/pilvee-pilvee\/#breadcrumb\",\"itemListElement\":[{\"@type\":\"ListItem\",\"position\":1,\"name\":\"Home\",\"item\":\"https:\/\/suomenkuvalehti.fi\/taivaan-tahden\/\"},{\"@type\":\"ListItem\",\"position\":2,\"name\":\"Pilvee, pilvee\"}]},{\"@type\":\"WebSite\",\"@id\":\"https:\/\/suomenkuvalehti.fi\/taivaan-tahden\/#website\",\"url\":\"https:\/\/suomenkuvalehti.fi\/taivaan-tahden\/\",\"name\":\"Taivaan t\u00e4hden\",\"description\":\"Tiedetoimittaja Markus Hotakainen h\u00e4mm\u00e4stelee maailmankaikkeutta.\",\"potentialAction\":[{\"@type\":\"SearchAction\",\"target\":{\"@type\":\"EntryPoint\",\"urlTemplate\":\"https:\/\/suomenkuvalehti.fi\/haku\/?q={search_term_string}\"},\"query-input\":{\"@type\":\"PropertyValueSpecification\",\"valueRequired\":true,\"valueName\":\"search_term_string\"}}],\"inLanguage\":\"fi\"},{\"@type\":\"Person\",\"@id\":\"https:\/\/suomenkuvalehti.fi\/taivaan-tahden\/#\/schema\/person\/c9c1373acb19750e11084ef640abeae0\",\"name\":\"Markus Hotakainen\",\"image\":{\"@type\":\"ImageObject\",\"inLanguage\":\"fi\",\"@id\":\"https:\/\/suomenkuvalehti.fi\/taivaan-tahden\/#\/schema\/person\/image\/\",\"url\":\"https:\/\/suomenkuvalehti.fi\/taivaan-tahden\/wp-content\/uploads\/sites\/36\/2018\/05\/markus_hotakainen_blogi_pieni-150x150.jpg\",\"contentUrl\":\"https:\/\/suomenkuvalehti.fi\/taivaan-tahden\/wp-content\/uploads\/sites\/36\/2018\/05\/markus_hotakainen_blogi_pieni-150x150.jpg\",\"caption\":\"Markus Hotakainen\"},\"description\":\"Kirjoittaja on tiedetoimittaja ja tietokirjailija.\"}]}<\/script>\n<!-- \/ Yoast SEO plugin. -->","yoast_head_json":{"title":"Pilvee, pilvee - Taivaan t\u00e4hden","robots":{"index":"index","follow":"follow","max-snippet":"max-snippet:-1","max-image-preview":"max-image-preview:large","max-video-preview":"max-video-preview:-1"},"canonical":"https:\/\/suomenkuvalehti.fi\/taivaan-tahden\/2015\/08\/13\/pilvee-pilvee\/","og_locale":"fi_FI","og_type":"article","og_title":"Pilvee, pilvee - Taivaan t\u00e4hden","og_description":"Juice Leskisen vanhan biisin teema ei p\u00e4iv\u00e4nvaloa kest\u00e4, mutta sen kertos\u00e4e py\u00f6ri eilisiltana auringonlaskun aikoihin mieless\u00e4 &#8211; vaikka taivaalla pilvi\u00e4 olikin. Tai ehk\u00e4 juuri siksi. Vuotuisen perseidien t\u00e4hdenlentoparven maksimiy\u00f6 oli h\u00e4m\u00e4rtym\u00e4ss\u00e4. N\u00e4ytti silt\u00e4, ett\u00e4 kosminen ilotulitus oli j\u00e4\u00e4m\u00e4ss\u00e4 taas ke&hellip;","og_url":"https:\/\/suomenkuvalehti.fi\/taivaan-tahden\/2015\/08\/13\/pilvee-pilvee\/","og_site_name":"Taivaan t\u00e4hden","article_published_time":"2015-08-13T05:52:15+00:00","og_image":[{"url":"https:\/\/suomenkuvalehti.fi\/taivaan-tahden\/wp-content\/uploads\/sites\/36\/2015\/08\/pilveepilvee_SK-1024x683.jpeg","type":"","width":"","height":""}],"author":"Markus Hotakainen","twitter_card":"summary_large_image","twitter_misc":{"Written by":"Markus Hotakainen","Est. reading time":"2 minuuttia"},"schema":{"@context":"https:\/\/schema.org","@graph":[{"@type":"WebPage","@id":"https:\/\/suomenkuvalehti.fi\/taivaan-tahden\/2015\/08\/13\/pilvee-pilvee\/","url":"https:\/\/suomenkuvalehti.fi\/taivaan-tahden\/2015\/08\/13\/pilvee-pilvee\/","name":"Pilvee, pilvee - Taivaan t\u00e4hden","isPartOf":{"@id":"https:\/\/suomenkuvalehti.fi\/taivaan-tahden\/#website"},"primaryImageOfPage":{"@id":"https:\/\/suomenkuvalehti.fi\/taivaan-tahden\/2015\/08\/13\/pilvee-pilvee\/#primaryimage"},"image":{"@id":"https:\/\/suomenkuvalehti.fi\/taivaan-tahden\/2015\/08\/13\/pilvee-pilvee\/#primaryimage"},"thumbnailUrl":"https:\/\/suomenkuvalehti.fi\/taivaan-tahden\/wp-content\/uploads\/sites\/36\/2015\/08\/pilveepilvee_SK-1024x683.jpeg","datePublished":"2015-08-13T05:52:15+00:00","author":{"@id":"https:\/\/suomenkuvalehti.fi\/taivaan-tahden\/#\/schema\/person\/c9c1373acb19750e11084ef640abeae0"},"breadcrumb":{"@id":"https:\/\/suomenkuvalehti.fi\/taivaan-tahden\/2015\/08\/13\/pilvee-pilvee\/#breadcrumb"},"inLanguage":"fi","potentialAction":[{"@type":"ReadAction","target":["https:\/\/suomenkuvalehti.fi\/taivaan-tahden\/2015\/08\/13\/pilvee-pilvee\/"]}]},{"@type":"ImageObject","inLanguage":"fi","@id":"https:\/\/suomenkuvalehti.fi\/taivaan-tahden\/2015\/08\/13\/pilvee-pilvee\/#primaryimage","url":"https:\/\/suomenkuvalehti.fi\/taivaan-tahden\/wp-content\/uploads\/sites\/36\/2015\/08\/pilveepilvee_SK.jpeg","contentUrl":"https:\/\/suomenkuvalehti.fi\/taivaan-tahden\/wp-content\/uploads\/sites\/36\/2015\/08\/pilveepilvee_SK.jpeg","width":1575,"height":1050},{"@type":"BreadcrumbList","@id":"https:\/\/suomenkuvalehti.fi\/taivaan-tahden\/2015\/08\/13\/pilvee-pilvee\/#breadcrumb","itemListElement":[{"@type":"ListItem","position":1,"name":"Home","item":"https:\/\/suomenkuvalehti.fi\/taivaan-tahden\/"},{"@type":"ListItem","position":2,"name":"Pilvee, pilvee"}]},{"@type":"WebSite","@id":"https:\/\/suomenkuvalehti.fi\/taivaan-tahden\/#website","url":"https:\/\/suomenkuvalehti.fi\/taivaan-tahden\/","name":"Taivaan t\u00e4hden","description":"Tiedetoimittaja Markus Hotakainen h\u00e4mm\u00e4stelee maailmankaikkeutta.","potentialAction":[{"@type":"SearchAction","target":{"@type":"EntryPoint","urlTemplate":"https:\/\/suomenkuvalehti.fi\/haku\/?q={search_term_string}"},"query-input":{"@type":"PropertyValueSpecification","valueRequired":true,"valueName":"search_term_string"}}],"inLanguage":"fi"},{"@type":"Person","@id":"https:\/\/suomenkuvalehti.fi\/taivaan-tahden\/#\/schema\/person\/c9c1373acb19750e11084ef640abeae0","name":"Markus Hotakainen","image":{"@type":"ImageObject","inLanguage":"fi","@id":"https:\/\/suomenkuvalehti.fi\/taivaan-tahden\/#\/schema\/person\/image\/","url":"https:\/\/suomenkuvalehti.fi\/taivaan-tahden\/wp-content\/uploads\/sites\/36\/2018\/05\/markus_hotakainen_blogi_pieni-150x150.jpg","contentUrl":"https:\/\/suomenkuvalehti.fi\/taivaan-tahden\/wp-content\/uploads\/sites\/36\/2018\/05\/markus_hotakainen_blogi_pieni-150x150.jpg","caption":"Markus Hotakainen"},"description":"Kirjoittaja on tiedetoimittaja ja tietokirjailija."}]}},"_links":{"self":[{"href":"https:\/\/suomenkuvalehti.fi\/taivaan-tahden\/wp-json\/wp\/v2\/posts\/233","targetHints":{"allow":["GET"]}}],"collection":[{"href":"https:\/\/suomenkuvalehti.fi\/taivaan-tahden\/wp-json\/wp\/v2\/posts"}],"about":[{"href":"https:\/\/suomenkuvalehti.fi\/taivaan-tahden\/wp-json\/wp\/v2\/types\/post"}],"author":[{"embeddable":true,"href":"https:\/\/suomenkuvalehti.fi\/taivaan-tahden\/wp-json\/wp\/v2\/users\/557"}],"replies":[{"embeddable":true,"href":"https:\/\/suomenkuvalehti.fi\/taivaan-tahden\/wp-json\/wp\/v2\/comments?post=233"}],"version-history":[{"count":4,"href":"https:\/\/suomenkuvalehti.fi\/taivaan-tahden\/wp-json\/wp\/v2\/posts\/233\/revisions"}],"predecessor-version":[{"id":238,"href":"https:\/\/suomenkuvalehti.fi\/taivaan-tahden\/wp-json\/wp\/v2\/posts\/233\/revisions\/238"}],"wp:attachment":[{"href":"https:\/\/suomenkuvalehti.fi\/taivaan-tahden\/wp-json\/wp\/v2\/media?parent=233"}],"wp:term":[{"taxonomy":"category","embeddable":true,"href":"https:\/\/suomenkuvalehti.fi\/taivaan-tahden\/wp-json\/wp\/v2\/categories?post=233"},{"taxonomy":"post_tag","embeddable":true,"href":"https:\/\/suomenkuvalehti.fi\/taivaan-tahden\/wp-json\/wp\/v2\/tags?post=233"}],"curies":[{"name":"wp","href":"https:\/\/api.w.org\/{rel}","templated":true}]}}