{"id":2326,"date":"2020-02-24T10:11:54","date_gmt":"2020-02-24T08:11:54","guid":{"rendered":"https:\/\/suomenkuvalehti.fi\/taivaan-tahden\/?p=2326"},"modified":"2020-02-24T10:11:54","modified_gmt":"2020-02-24T08:11:54","slug":"no-nyt-se-taas-kirkastuu","status":"publish","type":"post","link":"https:\/\/suomenkuvalehti.fi\/taivaan-tahden\/2020\/02\/24\/no-nyt-se-taas-kirkastuu\/","title":{"rendered":"No nyt se taas kirkastuu"},"content":{"rendered":"<figure class=\"aligncenter size-full wp-block-image\">\n  <div class=\"wp-block-image__inner-container\">\n    <a href=\"https:\/\/suomenkuvalehti.fi\/taivaan-tahden\/wp-content\/uploads\/sites\/36\/2020\/02\/betelgeuse-sphere-image-jan-and-dec-2019-e1581733682419.jpg\"><img loading=\"lazy\" decoding=\"async\" src=\"https:\/\/suomenkuvalehti.fi\/taivaan-tahden\/wp-content\/uploads\/sites\/36\/2020\/02\/betelgeuse-sphere-image-jan-and-dec-2019-e1581733682419.jpg\" alt=\"\" class=\"wp-image-2327\" width=\"800\" height=\"400\" style=\"--aspect-ratio: 2\" srcset=\"https:\/\/suomenkuvalehti.fi\/taivaan-tahden\/wp-content\/uploads\/sites\/36\/2020\/02\/betelgeuse-sphere-image-jan-and-dec-2019-e1581733682419.jpg 800w, https:\/\/suomenkuvalehti.fi\/taivaan-tahden\/wp-content\/uploads\/sites\/36\/2020\/02\/betelgeuse-sphere-image-jan-and-dec-2019-e1581733682419-300x150.jpg 300w, https:\/\/suomenkuvalehti.fi\/taivaan-tahden\/wp-content\/uploads\/sites\/36\/2020\/02\/betelgeuse-sphere-image-jan-and-dec-2019-e1581733682419-768x384.jpg 768w, https:\/\/suomenkuvalehti.fi\/taivaan-tahden\/wp-content\/uploads\/sites\/36\/2020\/02\/betelgeuse-sphere-image-jan-and-dec-2019-e1581733682419-630x315.jpg 630w\" sizes=\"auto, (max-width: 800px) 100vw, 800px\" \/><\/a>    <figcaption class=\"wp-block-image__figcaption\">\n      Betelgeuze n\u00e4ytt\u00e4\u00e4 olevan osittain tumman p\u00f6lypilven peitossa. Kuva: ESO\/Miguel Montarg\u00e8s et al.          <\/figcaption>\n      <\/div>\n<\/figure>\n\n\n<p><span class=\"capitalized\">Viime kuukausina<\/span> t\u00e4htitieteilij\u00e4t ovat tuijotelleet Orionia ja raapineet p\u00e4\u00e4t\u00e4\u00e4n. Kuvion toiseksi kirkkain t\u00e4hti <a href=\"https:\/\/suomenkuvalehti.fi\/taivaan-tahden\/2020\/01\/08\/orionin-olkapaalla-posahtaa-kohta\/?shared=2279-b243c2d4-999\">Betelgeuze on himmentynyt<\/a> kolmannekseen entisest\u00e4.<\/p>\n\n\n\n<p>Vastik\u00e4\u00e4n kehityksess\u00e4 on tapahtunut k\u00e4\u00e4nne parempaan \u2013 jos nyt t\u00e4hden kirkkauden suhteen on mielek\u00e4st\u00e4 puhua paremmasta ja huonommasta.<\/p>\n\n\n\n<p>T\u00e4hdet eiv\u00e4t ole mit\u00e4\u00e4n s\u00e4\u00e4t\u00f6vastuksella varustettuja valaisimia, joiden kirkkaus noin vain vaihtelee ykskaks ilman sen kummempaa syyt\u00e4.<\/p>\n\n\n\n<p>Itse asiassa aika monen t\u00e4hden kirkkaus vaihtelee: niit\u00e4 sanotaan muuttujiksi. Muuttujat eiv\u00e4t ole mit\u00e4\u00e4n ihmet\u00e4hti\u00e4. Kirkkauden vaihtelut ovat luonnollinen osa t\u00e4htien kehityst\u00e4.<\/p>\n\n\n\n<p><span class=\"capitalized\">Nuorten t\u00e4htien<\/span> kirkkaus vaihtelee, kun ne hakevat tasapainotilaa vastak\u00e4ynnistyneiden fuusioreaktioiden myllert\u00e4ess\u00e4 niiden sisuksissa, vanhojen t\u00e4htien kirkkaus vaihtelee, kun ne hakevat tasapainotilaa fuusioreaktioiden hiipuessa.<\/p>\n\n\n\n<p>T\u00e4hdet laajenevat ja supistuvat, ja niiden l\u00e4mp\u00f6tila muuttuu, mik\u00e4 n\u00e4kyy my\u00f6s niiden kirkkaudessa.<\/p>\n\n\n\n<p>Osa muuttujista on muuttujia ulkoisista syist\u00e4. Jos kaksoist\u00e4hdet kiert\u00e4v\u00e4t toisiaan siten, ett\u00e4 sattumoisin tarkkailemme niit\u00e4 kiertoratojen tason suunnasta, t\u00e4hdet peitt\u00e4v\u00e4t vuorotellen toisensa taakseen. Silloin kirkkaus muuttuu s\u00e4\u00e4nn\u00f6llisesti tietyss\u00e4 rytmiss\u00e4.<\/p>\n\n\n\n<p>T\u00e4hden ymp\u00e4rille saattaa my\u00f6s aika ajoin kasautua kaasua ja p\u00f6ly\u00e4, joka vaikuttaa sen kirkkauteen.<\/p>\n\n\n\n<p>T\u00e4st\u00e4 on ilmeisesti kyse my\u00f6s Orionin t\u00e4hdist\u00f6n \u201dmystisess\u00e4\u201d tapauksessa.<\/p>\n\n\n\n<blockquote class=\"wp-block-quote\"><p>Sen edess\u00e4 n\u00e4ytt\u00e4isi olevan jotain tummaa.<\/p><\/blockquote>\n\n\n\n<p><span class=\"capitalized\">Betelgeuze on<\/span> l\u00e4pimitaltaan l\u00e4hes 900 kertaa Aurinkoa suurempi. Jos se olisi Aurinkokunnan keskust\u00e4hten\u00e4, Jupiter kiert\u00e4isi sit\u00e4 suunnilleen samalla et\u00e4isyydell\u00e4 kuin Maa kiert\u00e4\u00e4 Aurinkoa.<\/p>\n\n\n\n<p>Vaikka Betelgeuzen et\u00e4isyys Maasta on satoja valovuosia, Euroopan etel\u00e4isen observatorion VLT-j\u00e4ttiteleskoopilla on saatu kuvia, joissa j\u00e4ttil\u00e4ist\u00e4hti ei ole pelkk\u00e4 valopiste. Ja sen edess\u00e4 n\u00e4ytt\u00e4isi olevan jotain tummaa.<\/p>\n\n\n\n<p>Siin\u00e4k\u00e4\u00e4n ei ole mit\u00e4\u00e4n ihmeellist\u00e4. Betelgeuze on elinkaaressa loppuvaiheissa oleva punainen ylij\u00e4ttil\u00e4ist\u00e4hti, joka on jo varsin ep\u00e4vakaassa tilassa. Se sylk\u00e4isee toisinaan avaruuteen ainetta ja kun t\u00e4hden pintal\u00e4mp\u00f6tila on vain kolmisentuhatta astetta, aine on osittain p\u00f6ly\u00e4.<\/p>\n\n\n\n<p><span class=\"capitalized\">Kunhan p\u00f6lypilvi h\u00e4lvenee<\/span>, kuten parhaillaan n\u00e4ytt\u00e4\u00e4 tapahtuvan, sill\u00e4 Betelgeuzen kirkkaus on taas kasvamassa, t\u00e4hti todenn\u00e4k\u00f6isesti palaa ennalleen.<\/p>\n\n\n\n<p>Olotila ei kuitenkaan ole pysyv\u00e4, sill\u00e4 t\u00e4hden kohtalo on v\u00e4\u00e4j\u00e4\u00e4m\u00e4t\u00f6n. Ennen pitk\u00e4\u00e4 ep\u00e4vakaa tasapainotila j\u00e4rkkyy niin paljon, ett\u00e4 t\u00e4hden sis\u00e4osat luhistuvat, jolloin seurauksena on supernovar\u00e4j\u00e4hdys.<\/p>\n\n\n\n<p>Se voi tapahtua huomenna tai 100 000 vuoden p\u00e4\u00e4st\u00e4.<\/p>\n\n\n\n<p>&nbsp;<\/p>\n\n\n\n<p>&nbsp;<\/p>\n\n\n","protected":false},"excerpt":{"rendered":"<p>Viime kuukausina t\u00e4htitieteilij\u00e4t ovat tuijotelleet Orionia ja raapineet p\u00e4\u00e4t\u00e4\u00e4n. Kuvion toiseksi kirkkain t\u00e4hti Betelgeuze on himmentynyt kolmannekseen entisest\u00e4. Vastik\u00e4\u00e4n kehityksess\u00e4 on tapahtunut k\u00e4\u00e4nne parempaan \u2013 jos nyt t\u00e4hden kirkkauden suhteen on mielek\u00e4st\u00e4 puhua paremmasta ja<br \/>\nhuonommasta. T\u00e4hd&hellip;<\/p>\n","protected":false},"author":557,"featured_media":2327,"comment_status":"open","ping_status":"open","sticky":false,"template":"","format":"standard","meta":{"_acf_changed":false,"asauth_required_access_level":3,"asauth_cansharepaid":"true","om_header_attributes":[],"footnotes":"","om_featured_image_focal_point":[],"om_primary_tag":0,"om_contributors":[],"om_co_authors":[],"beyondwords_generate_audio":"","beyondwords_project_id":"","beyondwords_content_id":"","beyondwords_preview_token":"","beyondwords_player_content":"","beyondwords_player_style":"","beyondwords_language_code":"","beyondwords_language_id":"","beyondwords_title_voice_id":"","beyondwords_body_voice_id":"","beyondwords_summary_voice_id":"","beyondwords_error_message":"","beyondwords_disabled":"","beyondwords_delete_content":"","beyondwords_podcast_id":"","beyondwords_hash":"","publish_post_to_speechkit":"","speechkit_hash":"","speechkit_generate_audio":"","speechkit_project_id":"","speechkit_podcast_id":"","speechkit_error_message":"","speechkit_disabled":"","speechkit_access_key":"","speechkit_error":"","speechkit_info":"","speechkit_response":"","speechkit_retries":"","speechkit_status":"","speechkit_updated_at":"","_speechkit_link":"","_speechkit_text":""},"categories":[1],"tags":[849,859,341,627],"class_list":["post-2326","post","type-post","status-publish","format-standard","has-post-thumbnail","hentry","category-taivaan-tahden","tag-betelgeuze","tag-muuttuvat-tahdet","tag-supernova","tag-vlt"],"om_views":null,"acf":{"tuuma_off":false,"tuuma_kysymys":"","tuuma_vastaus":""},"asauth":{"required_access_level":1,"share_token":"","is_paid":false},"yoast_head":"<!-- This site is optimized with the Yoast SEO plugin v26.4 - https:\/\/yoast.com\/wordpress\/plugins\/seo\/ -->\n<title>No nyt se taas kirkastuu - Taivaan t\u00e4hden<\/title>\n<meta name=\"robots\" content=\"index, follow, max-snippet:-1, max-image-preview:large, max-video-preview:-1\" \/>\n<link rel=\"canonical\" href=\"https:\/\/suomenkuvalehti.fi\/taivaan-tahden\/2020\/02\/24\/no-nyt-se-taas-kirkastuu\/\" \/>\n<meta property=\"og:locale\" content=\"fi_FI\" \/>\n<meta property=\"og:type\" content=\"article\" \/>\n<meta property=\"og:title\" content=\"No nyt se taas kirkastuu - Taivaan t\u00e4hden\" \/>\n<meta property=\"og:description\" content=\"Viime kuukausina t\u00e4htitieteilij\u00e4t ovat tuijotelleet Orionia ja raapineet p\u00e4\u00e4t\u00e4\u00e4n. Kuvion toiseksi kirkkain t\u00e4hti Betelgeuze on himmentynyt kolmannekseen entisest\u00e4. Vastik\u00e4\u00e4n kehityksess\u00e4 on tapahtunut k\u00e4\u00e4nne parempaan \u2013 jos nyt t\u00e4hden kirkkauden suhteen on mielek\u00e4st\u00e4 puhua paremmasta ja huonommasta. T\u00e4hd&hellip;\" \/>\n<meta property=\"og:url\" content=\"https:\/\/suomenkuvalehti.fi\/taivaan-tahden\/2020\/02\/24\/no-nyt-se-taas-kirkastuu\/\" \/>\n<meta property=\"og:site_name\" content=\"Taivaan t\u00e4hden\" \/>\n<meta property=\"article:published_time\" content=\"2020-02-24T08:11:54+00:00\" \/>\n<meta property=\"og:image\" content=\"https:\/\/suomenkuvalehti.fi\/taivaan-tahden\/wp-content\/uploads\/sites\/36\/2020\/02\/betelgeuse-sphere-image-jan-and-dec-2019-e1581733682419.jpg\" \/>\n\t<meta property=\"og:image:width\" content=\"800\" \/>\n\t<meta property=\"og:image:height\" content=\"400\" \/>\n\t<meta property=\"og:image:type\" content=\"image\/jpeg\" \/>\n<meta name=\"author\" content=\"Markus Hotakainen\" \/>\n<meta name=\"twitter:card\" content=\"summary_large_image\" \/>\n<meta name=\"twitter:label1\" content=\"Written by\" \/>\n\t<meta name=\"twitter:data1\" content=\"Markus Hotakainen\" \/>\n\t<meta name=\"twitter:label2\" content=\"Est. reading time\" \/>\n\t<meta name=\"twitter:data2\" content=\"2 minuuttia\" \/>\n<script type=\"application\/ld+json\" class=\"yoast-schema-graph\">{\"@context\":\"https:\/\/schema.org\",\"@graph\":[{\"@type\":\"WebPage\",\"@id\":\"https:\/\/suomenkuvalehti.fi\/taivaan-tahden\/2020\/02\/24\/no-nyt-se-taas-kirkastuu\/\",\"url\":\"https:\/\/suomenkuvalehti.fi\/taivaan-tahden\/2020\/02\/24\/no-nyt-se-taas-kirkastuu\/\",\"name\":\"No nyt se taas kirkastuu - Taivaan t\u00e4hden\",\"isPartOf\":{\"@id\":\"https:\/\/suomenkuvalehti.fi\/taivaan-tahden\/#website\"},\"primaryImageOfPage\":{\"@id\":\"https:\/\/suomenkuvalehti.fi\/taivaan-tahden\/2020\/02\/24\/no-nyt-se-taas-kirkastuu\/#primaryimage\"},\"image\":{\"@id\":\"https:\/\/suomenkuvalehti.fi\/taivaan-tahden\/2020\/02\/24\/no-nyt-se-taas-kirkastuu\/#primaryimage\"},\"thumbnailUrl\":\"https:\/\/suomenkuvalehti.fi\/taivaan-tahden\/wp-content\/uploads\/sites\/36\/2020\/02\/betelgeuse-sphere-image-jan-and-dec-2019-e1581733682419.jpg\",\"datePublished\":\"2020-02-24T08:11:54+00:00\",\"author\":{\"@id\":\"https:\/\/suomenkuvalehti.fi\/taivaan-tahden\/#\/schema\/person\/c9c1373acb19750e11084ef640abeae0\"},\"breadcrumb\":{\"@id\":\"https:\/\/suomenkuvalehti.fi\/taivaan-tahden\/2020\/02\/24\/no-nyt-se-taas-kirkastuu\/#breadcrumb\"},\"inLanguage\":\"fi\",\"potentialAction\":[{\"@type\":\"ReadAction\",\"target\":[\"https:\/\/suomenkuvalehti.fi\/taivaan-tahden\/2020\/02\/24\/no-nyt-se-taas-kirkastuu\/\"]}]},{\"@type\":\"ImageObject\",\"inLanguage\":\"fi\",\"@id\":\"https:\/\/suomenkuvalehti.fi\/taivaan-tahden\/2020\/02\/24\/no-nyt-se-taas-kirkastuu\/#primaryimage\",\"url\":\"https:\/\/suomenkuvalehti.fi\/taivaan-tahden\/wp-content\/uploads\/sites\/36\/2020\/02\/betelgeuse-sphere-image-jan-and-dec-2019-e1581733682419.jpg\",\"contentUrl\":\"https:\/\/suomenkuvalehti.fi\/taivaan-tahden\/wp-content\/uploads\/sites\/36\/2020\/02\/betelgeuse-sphere-image-jan-and-dec-2019-e1581733682419.jpg\",\"width\":800,\"height\":400,\"caption\":\"Betelgeuze n\u00e4ytt\u00e4\u00e4 olevan osittain tumman p\u00f6lypilven peitossa. Kuva: ESO\/Miguel Montarg\u00e8s et al.\"},{\"@type\":\"BreadcrumbList\",\"@id\":\"https:\/\/suomenkuvalehti.fi\/taivaan-tahden\/2020\/02\/24\/no-nyt-se-taas-kirkastuu\/#breadcrumb\",\"itemListElement\":[{\"@type\":\"ListItem\",\"position\":1,\"name\":\"Home\",\"item\":\"https:\/\/suomenkuvalehti.fi\/taivaan-tahden\/\"},{\"@type\":\"ListItem\",\"position\":2,\"name\":\"No nyt se taas kirkastuu\"}]},{\"@type\":\"WebSite\",\"@id\":\"https:\/\/suomenkuvalehti.fi\/taivaan-tahden\/#website\",\"url\":\"https:\/\/suomenkuvalehti.fi\/taivaan-tahden\/\",\"name\":\"Taivaan t\u00e4hden\",\"description\":\"Tiedetoimittaja Markus Hotakainen h\u00e4mm\u00e4stelee maailmankaikkeutta.\",\"potentialAction\":[{\"@type\":\"SearchAction\",\"target\":{\"@type\":\"EntryPoint\",\"urlTemplate\":\"https:\/\/suomenkuvalehti.fi\/haku\/?q={search_term_string}\"},\"query-input\":{\"@type\":\"PropertyValueSpecification\",\"valueRequired\":true,\"valueName\":\"search_term_string\"}}],\"inLanguage\":\"fi\"},{\"@type\":\"Person\",\"@id\":\"https:\/\/suomenkuvalehti.fi\/taivaan-tahden\/#\/schema\/person\/c9c1373acb19750e11084ef640abeae0\",\"name\":\"Markus Hotakainen\",\"image\":{\"@type\":\"ImageObject\",\"inLanguage\":\"fi\",\"@id\":\"https:\/\/suomenkuvalehti.fi\/taivaan-tahden\/#\/schema\/person\/image\/\",\"url\":\"https:\/\/suomenkuvalehti.fi\/taivaan-tahden\/wp-content\/uploads\/sites\/36\/2018\/05\/markus_hotakainen_blogi_pieni-150x150.jpg\",\"contentUrl\":\"https:\/\/suomenkuvalehti.fi\/taivaan-tahden\/wp-content\/uploads\/sites\/36\/2018\/05\/markus_hotakainen_blogi_pieni-150x150.jpg\",\"caption\":\"Markus Hotakainen\"},\"description\":\"Kirjoittaja on tiedetoimittaja ja tietokirjailija.\"}]}<\/script>\n<!-- \/ Yoast SEO plugin. -->","yoast_head_json":{"title":"No nyt se taas kirkastuu - Taivaan t\u00e4hden","robots":{"index":"index","follow":"follow","max-snippet":"max-snippet:-1","max-image-preview":"max-image-preview:large","max-video-preview":"max-video-preview:-1"},"canonical":"https:\/\/suomenkuvalehti.fi\/taivaan-tahden\/2020\/02\/24\/no-nyt-se-taas-kirkastuu\/","og_locale":"fi_FI","og_type":"article","og_title":"No nyt se taas kirkastuu - Taivaan t\u00e4hden","og_description":"Viime kuukausina t\u00e4htitieteilij\u00e4t ovat tuijotelleet Orionia ja raapineet p\u00e4\u00e4t\u00e4\u00e4n. Kuvion toiseksi kirkkain t\u00e4hti Betelgeuze on himmentynyt kolmannekseen entisest\u00e4. Vastik\u00e4\u00e4n kehityksess\u00e4 on tapahtunut k\u00e4\u00e4nne parempaan \u2013 jos nyt t\u00e4hden kirkkauden suhteen on mielek\u00e4st\u00e4 puhua paremmasta ja huonommasta. T\u00e4hd&hellip;","og_url":"https:\/\/suomenkuvalehti.fi\/taivaan-tahden\/2020\/02\/24\/no-nyt-se-taas-kirkastuu\/","og_site_name":"Taivaan t\u00e4hden","article_published_time":"2020-02-24T08:11:54+00:00","og_image":[{"width":800,"height":400,"url":"https:\/\/suomenkuvalehti.fi\/taivaan-tahden\/wp-content\/uploads\/sites\/36\/2020\/02\/betelgeuse-sphere-image-jan-and-dec-2019-e1581733682419.jpg","type":"image\/jpeg"}],"author":"Markus Hotakainen","twitter_card":"summary_large_image","twitter_misc":{"Written by":"Markus Hotakainen","Est. reading time":"2 minuuttia"},"schema":{"@context":"https:\/\/schema.org","@graph":[{"@type":"WebPage","@id":"https:\/\/suomenkuvalehti.fi\/taivaan-tahden\/2020\/02\/24\/no-nyt-se-taas-kirkastuu\/","url":"https:\/\/suomenkuvalehti.fi\/taivaan-tahden\/2020\/02\/24\/no-nyt-se-taas-kirkastuu\/","name":"No nyt se taas kirkastuu - Taivaan t\u00e4hden","isPartOf":{"@id":"https:\/\/suomenkuvalehti.fi\/taivaan-tahden\/#website"},"primaryImageOfPage":{"@id":"https:\/\/suomenkuvalehti.fi\/taivaan-tahden\/2020\/02\/24\/no-nyt-se-taas-kirkastuu\/#primaryimage"},"image":{"@id":"https:\/\/suomenkuvalehti.fi\/taivaan-tahden\/2020\/02\/24\/no-nyt-se-taas-kirkastuu\/#primaryimage"},"thumbnailUrl":"https:\/\/suomenkuvalehti.fi\/taivaan-tahden\/wp-content\/uploads\/sites\/36\/2020\/02\/betelgeuse-sphere-image-jan-and-dec-2019-e1581733682419.jpg","datePublished":"2020-02-24T08:11:54+00:00","author":{"@id":"https:\/\/suomenkuvalehti.fi\/taivaan-tahden\/#\/schema\/person\/c9c1373acb19750e11084ef640abeae0"},"breadcrumb":{"@id":"https:\/\/suomenkuvalehti.fi\/taivaan-tahden\/2020\/02\/24\/no-nyt-se-taas-kirkastuu\/#breadcrumb"},"inLanguage":"fi","potentialAction":[{"@type":"ReadAction","target":["https:\/\/suomenkuvalehti.fi\/taivaan-tahden\/2020\/02\/24\/no-nyt-se-taas-kirkastuu\/"]}]},{"@type":"ImageObject","inLanguage":"fi","@id":"https:\/\/suomenkuvalehti.fi\/taivaan-tahden\/2020\/02\/24\/no-nyt-se-taas-kirkastuu\/#primaryimage","url":"https:\/\/suomenkuvalehti.fi\/taivaan-tahden\/wp-content\/uploads\/sites\/36\/2020\/02\/betelgeuse-sphere-image-jan-and-dec-2019-e1581733682419.jpg","contentUrl":"https:\/\/suomenkuvalehti.fi\/taivaan-tahden\/wp-content\/uploads\/sites\/36\/2020\/02\/betelgeuse-sphere-image-jan-and-dec-2019-e1581733682419.jpg","width":800,"height":400,"caption":"Betelgeuze n\u00e4ytt\u00e4\u00e4 olevan osittain tumman p\u00f6lypilven peitossa. Kuva: ESO\/Miguel Montarg\u00e8s et al."},{"@type":"BreadcrumbList","@id":"https:\/\/suomenkuvalehti.fi\/taivaan-tahden\/2020\/02\/24\/no-nyt-se-taas-kirkastuu\/#breadcrumb","itemListElement":[{"@type":"ListItem","position":1,"name":"Home","item":"https:\/\/suomenkuvalehti.fi\/taivaan-tahden\/"},{"@type":"ListItem","position":2,"name":"No nyt se taas kirkastuu"}]},{"@type":"WebSite","@id":"https:\/\/suomenkuvalehti.fi\/taivaan-tahden\/#website","url":"https:\/\/suomenkuvalehti.fi\/taivaan-tahden\/","name":"Taivaan t\u00e4hden","description":"Tiedetoimittaja Markus Hotakainen h\u00e4mm\u00e4stelee maailmankaikkeutta.","potentialAction":[{"@type":"SearchAction","target":{"@type":"EntryPoint","urlTemplate":"https:\/\/suomenkuvalehti.fi\/haku\/?q={search_term_string}"},"query-input":{"@type":"PropertyValueSpecification","valueRequired":true,"valueName":"search_term_string"}}],"inLanguage":"fi"},{"@type":"Person","@id":"https:\/\/suomenkuvalehti.fi\/taivaan-tahden\/#\/schema\/person\/c9c1373acb19750e11084ef640abeae0","name":"Markus Hotakainen","image":{"@type":"ImageObject","inLanguage":"fi","@id":"https:\/\/suomenkuvalehti.fi\/taivaan-tahden\/#\/schema\/person\/image\/","url":"https:\/\/suomenkuvalehti.fi\/taivaan-tahden\/wp-content\/uploads\/sites\/36\/2018\/05\/markus_hotakainen_blogi_pieni-150x150.jpg","contentUrl":"https:\/\/suomenkuvalehti.fi\/taivaan-tahden\/wp-content\/uploads\/sites\/36\/2018\/05\/markus_hotakainen_blogi_pieni-150x150.jpg","caption":"Markus Hotakainen"},"description":"Kirjoittaja on tiedetoimittaja ja tietokirjailija."}]}},"_links":{"self":[{"href":"https:\/\/suomenkuvalehti.fi\/taivaan-tahden\/wp-json\/wp\/v2\/posts\/2326","targetHints":{"allow":["GET"]}}],"collection":[{"href":"https:\/\/suomenkuvalehti.fi\/taivaan-tahden\/wp-json\/wp\/v2\/posts"}],"about":[{"href":"https:\/\/suomenkuvalehti.fi\/taivaan-tahden\/wp-json\/wp\/v2\/types\/post"}],"author":[{"embeddable":true,"href":"https:\/\/suomenkuvalehti.fi\/taivaan-tahden\/wp-json\/wp\/v2\/users\/557"}],"replies":[{"embeddable":true,"href":"https:\/\/suomenkuvalehti.fi\/taivaan-tahden\/wp-json\/wp\/v2\/comments?post=2326"}],"version-history":[{"count":3,"href":"https:\/\/suomenkuvalehti.fi\/taivaan-tahden\/wp-json\/wp\/v2\/posts\/2326\/revisions"}],"predecessor-version":[{"id":2330,"href":"https:\/\/suomenkuvalehti.fi\/taivaan-tahden\/wp-json\/wp\/v2\/posts\/2326\/revisions\/2330"}],"wp:featuredmedia":[{"embeddable":true,"href":"https:\/\/suomenkuvalehti.fi\/taivaan-tahden\/wp-json\/wp\/v2\/media\/2327"}],"wp:attachment":[{"href":"https:\/\/suomenkuvalehti.fi\/taivaan-tahden\/wp-json\/wp\/v2\/media?parent=2326"}],"wp:term":[{"taxonomy":"category","embeddable":true,"href":"https:\/\/suomenkuvalehti.fi\/taivaan-tahden\/wp-json\/wp\/v2\/categories?post=2326"},{"taxonomy":"post_tag","embeddable":true,"href":"https:\/\/suomenkuvalehti.fi\/taivaan-tahden\/wp-json\/wp\/v2\/tags?post=2326"}],"curies":[{"name":"wp","href":"https:\/\/api.w.org\/{rel}","templated":true}]}}