{"id":2311,"date":"2020-02-10T11:36:32","date_gmt":"2020-02-10T09:36:32","guid":{"rendered":"https:\/\/suomenkuvalehti.fi\/taivaan-tahden\/?p=2311"},"modified":"2020-02-10T11:36:32","modified_gmt":"2020-02-10T09:36:32","slug":"oliko-newton-vahan-vaarassa","status":"publish","type":"post","link":"https:\/\/suomenkuvalehti.fi\/taivaan-tahden\/2020\/02\/10\/oliko-newton-vahan-vaarassa\/","title":{"rendered":"Oliko Newton v\u00e4h\u00e4n v\u00e4\u00e4r\u00e4ss\u00e4?"},"content":{"rendered":"<figure class=\"aligncenter size-large is-resized wp-block-image\">\n  <div class=\"wp-block-image__inner-container\">\n    <a href=\"https:\/\/suomenkuvalehti.fi\/taivaan-tahden\/wp-content\/uploads\/sites\/36\/2020\/02\/eso1424a.jpg\"><img loading=\"lazy\" decoding=\"async\" src=\"https:\/\/suomenkuvalehti.fi\/taivaan-tahden\/wp-content\/uploads\/sites\/36\/2020\/02\/eso1424a-1024x859.jpg\" alt=\"\" class=\"wp-image-2312\" width=\"1024\" height=\"859\" style=\"--aspect-ratio: 1.19\" srcset=\"https:\/\/suomenkuvalehti.fi\/taivaan-tahden\/wp-content\/uploads\/sites\/36\/2020\/02\/eso1424a-1024x859.jpg 1024w, https:\/\/suomenkuvalehti.fi\/taivaan-tahden\/wp-content\/uploads\/sites\/36\/2020\/02\/eso1424a-300x252.jpg 300w, https:\/\/suomenkuvalehti.fi\/taivaan-tahden\/wp-content\/uploads\/sites\/36\/2020\/02\/eso1424a-768x644.jpg 768w, https:\/\/suomenkuvalehti.fi\/taivaan-tahden\/wp-content\/uploads\/sites\/36\/2020\/02\/eso1424a-630x528.jpg 630w\" sizes=\"auto, (max-width: 1024px) 100vw, 1024px\" \/><\/a>    <figcaption class=\"wp-block-image__figcaption\">\n      Galaksit muodostuivat pime\u00e4n aineen avittamina \u2013 tai sitten eiv\u00e4t. Kuva: ESO          <\/figcaption>\n      <\/div>\n<\/figure>\n\n\n<p><span class=\"capitalized\">Jos oli<\/span>, pime\u00e4\u00e4 ainetta ei ehk\u00e4 olekaan.<\/p>\n\n\n\n<p>Kosmologiassa eli maailmankaikkeuden synnyn, rakenteen ja kehityksen tutkimuksessa on ongelmana, ett\u00e4 monien ilmi\u00f6iden selitt\u00e4miseen tarvitaan pime\u00e4\u00e4 ainetta.<\/p>\n\n\n\n<p>Tai oikeastaan ongelma on se, ett\u00e4 pime\u00e4n aineen olemus ei mill\u00e4\u00e4n tunnu selvi\u00e4v\u00e4n. Sen ominaisuuksia on saatu aika hyvin rajattua, mutta esimerkiksi pime\u00e4n aineen hypoteettista hiukkasta ei ole onnistuttu pyydyst\u00e4m\u00e4\u00e4n.<\/p>\n\n\n\n<p><span class=\"capitalized\">Ei edes tiedet\u00e4<\/span>, koostuuko pime\u00e4 aine yhdest\u00e4 vai useammasta hiukkaslajista.<\/p>\n\n\n\n<p>Pime\u00e4st\u00e4 aineesta ei ole lainkaan suoria havaintoja, vaan sen olemassaolo on p\u00e4\u00e4telty t\u00e4htien ja galaksien liikkeist\u00e4, kaukaisempien kohteiden kuvajaisia v\u00e4\u00e4rist\u00e4vist\u00e4 gravitaatiolinsseist\u00e4 ja maailmankaikkeuden alkuhetki\u00e4 kuvaavista teorioista.<\/p>\n\n\n\n<p>Osa tutkijoista on pyrkinyt sivuuttamaan ongelmallisen pime\u00e4n aineen kokonaan. Yksi mahdollinen selitysmalli on MOND, MOdified Newtonian Dynamics eli \u201dmuokattu newtonilainen dynamiikka\u201d.<\/p>\n\n\n\n<p>Kuten nimitys kertoo, ajatuksena on, ett\u00e4 Sir <b>Isaac Newtonin<\/b> 1600-luvun lopulla kehitt\u00e4m\u00e4\u00e4 gravitaatiolakia voi ja pit\u00e4\u00e4 v\u00e4h\u00e4n tuunata, kun tarkastellaan hyvin suuren mittakaavan ilmi\u00f6it\u00e4.<\/p>\n\n\n\n<blockquote class=\"wp-block-quote\"><p>MOND ei selit\u00e4 l\u00e4hesk\u00e4\u00e4n kaikkea.<\/p><\/blockquote>\n\n\n\n<p><span class=\"capitalized\">Oletuksena on<\/span> aina ollut, ett\u00e4 gravitaatiolaki on universaali ja p\u00e4tee samalla tavalla kaikkialla ja kaikkina aikoina. MOND-hypoteesin mukaan galaksien ja galaksijoukkojen skaalassa kiihtyvyydet ovat niin pieni\u00e4, ett\u00e4 gravitaatio on voimakkaampaa kuin t\u00e4htien ja planeettojen mittakaavassa.<\/p>\n\n\n\n<p>Bonnin ja Strabourgin yliopistojen tutkijat olettivat laskelmissaan lis\u00e4ksi, ett\u00e4 kappaleen vetovoima riippuu paitsi sen massasta, my\u00f6s siit\u00e4, onko l\u00e4hist\u00f6ll\u00e4 muita kappaleita.<\/p>\n\n\n\n<p>Tietokonesimulaatio l\u00e4hti silt\u00e4 pohjalta rakentamaan galakseja kaasupilvist\u00e4, jollaisia oletetaan olleen maailmankaikkeudessa joitakin satojatuhansia vuosia alkur\u00e4j\u00e4hdyksen j\u00e4lkeen.<\/p>\n\n\n\n<p><span class=\"capitalized\">Tuloksena oli<\/span> virtuaalisia t\u00e4htij\u00e4rjestelmi\u00e4, jotka muistuttavat huomattavan paljon kaukoputkilla havaittavia galakseja, my\u00f6s omaa Linnunrataamme kiekkomaisine spiraalirakenteineen. Jopa t\u00e4htien jakaumat ja liikkeet vastaavat todellisuutta.<\/p>\n\n\n\n<p>Toisin kuin monissa pime\u00e4n aineen pohjalta tehdyiss\u00e4 simulaatioissa, joissa galaksien rakenne poikkeaa osittain havaitusta.<\/p>\n\n\n\n<p>MOND ei kuitenkaan selit\u00e4 viel\u00e4 l\u00e4hesk\u00e4\u00e4n kaikkea ja toisaalta nyt tehdyiss\u00e4 simulaatioissa on tehty olettamuksia, jotka eiv\u00e4t v\u00e4ltt\u00e4m\u00e4tt\u00e4 p\u00e4de maailmankaikkeuden varhaisvaiheissa.<\/p>\n\n\n\n<p>Pime\u00e4st\u00e4 aineesta ei ainakaan viel\u00e4 p\u00e4\u00e4sty.<\/p>\n\n\n\n<p>&nbsp;<\/p>\n\n\n","protected":false},"excerpt":{"rendered":"<p>Jos oli, pime\u00e4\u00e4 ainetta ei ehk\u00e4 olekaan. Kosmologiassa eli maailmankaikkeuden synnyn, rakenteen ja kehityksen tutkimuksessa on ongelmana, ett\u00e4 monien ilmi\u00f6iden selitt\u00e4miseen tarvitaan pime\u00e4\u00e4 ainetta. Tai oikeastaan ongelma on se, ett\u00e4 pime\u00e4n aineen olemus ei mill\u00e4\u00e4n tunnu selvi\u00e4v\u00e4n. Sen<br \/>\nominaisuuksia&hellip;<\/p>\n","protected":false},"author":557,"featured_media":2312,"comment_status":"open","ping_status":"open","sticky":false,"template":"","format":"standard","meta":{"_acf_changed":false,"asauth_required_access_level":3,"asauth_cansharepaid":"true","om_header_attributes":[],"footnotes":"","om_featured_image_focal_point":[],"om_primary_tag":0,"om_contributors":[],"om_co_authors":[],"beyondwords_generate_audio":"","beyondwords_project_id":"","beyondwords_content_id":"","beyondwords_preview_token":"","beyondwords_player_content":"","beyondwords_player_style":"","beyondwords_language_code":"","beyondwords_language_id":"","beyondwords_title_voice_id":"","beyondwords_body_voice_id":"","beyondwords_summary_voice_id":"","beyondwords_error_message":"","beyondwords_disabled":"","beyondwords_delete_content":"","beyondwords_podcast_id":"","beyondwords_hash":"","publish_post_to_speechkit":"","speechkit_hash":"","speechkit_generate_audio":"","speechkit_project_id":"","speechkit_podcast_id":"","speechkit_error_message":"","speechkit_disabled":"","speechkit_access_key":"","speechkit_error":"","speechkit_info":"","speechkit_response":"","speechkit_retries":"","speechkit_status":"","speechkit_updated_at":"","_speechkit_link":"","_speechkit_text":""},"categories":[1],"tags":[26,117,567,856,110],"class_list":["post-2311","post","type-post","status-publish","format-standard","has-post-thumbnail","hentry","category-taivaan-tahden","tag-galaksit","tag-gravitaatio","tag-isaac-newton","tag-mond","tag-pimea-aine"],"om_views":null,"acf":{"tuuma_off":false,"tuuma_kysymys":"","tuuma_vastaus":""},"asauth":{"required_access_level":1,"share_token":"","is_paid":false},"yoast_head":"<!-- This site is optimized with the Yoast SEO plugin v26.4 - https:\/\/yoast.com\/wordpress\/plugins\/seo\/ -->\n<title>Oliko Newton v\u00e4h\u00e4n v\u00e4\u00e4r\u00e4ss\u00e4? - Taivaan t\u00e4hden<\/title>\n<meta name=\"robots\" content=\"index, follow, max-snippet:-1, max-image-preview:large, max-video-preview:-1\" \/>\n<link rel=\"canonical\" href=\"https:\/\/suomenkuvalehti.fi\/taivaan-tahden\/2020\/02\/10\/oliko-newton-vahan-vaarassa\/\" \/>\n<meta property=\"og:locale\" content=\"fi_FI\" \/>\n<meta property=\"og:type\" content=\"article\" \/>\n<meta property=\"og:title\" content=\"Oliko Newton v\u00e4h\u00e4n v\u00e4\u00e4r\u00e4ss\u00e4? - Taivaan t\u00e4hden\" \/>\n<meta property=\"og:description\" content=\"Jos oli, pime\u00e4\u00e4 ainetta ei ehk\u00e4 olekaan. Kosmologiassa eli maailmankaikkeuden synnyn, rakenteen ja kehityksen tutkimuksessa on ongelmana, ett\u00e4 monien ilmi\u00f6iden selitt\u00e4miseen tarvitaan pime\u00e4\u00e4 ainetta. Tai oikeastaan ongelma on se, ett\u00e4 pime\u00e4n aineen olemus ei mill\u00e4\u00e4n tunnu selvi\u00e4v\u00e4n. Sen ominaisuuksia&hellip;\" \/>\n<meta property=\"og:url\" content=\"https:\/\/suomenkuvalehti.fi\/taivaan-tahden\/2020\/02\/10\/oliko-newton-vahan-vaarassa\/\" \/>\n<meta property=\"og:site_name\" content=\"Taivaan t\u00e4hden\" \/>\n<meta property=\"article:published_time\" content=\"2020-02-10T09:36:32+00:00\" \/>\n<meta property=\"og:image\" content=\"https:\/\/suomenkuvalehti.fi\/taivaan-tahden\/wp-content\/uploads\/sites\/36\/2020\/02\/eso1424a-1024x859.jpg\" \/>\n\t<meta property=\"og:image:width\" content=\"1024\" \/>\n\t<meta property=\"og:image:height\" content=\"859\" \/>\n\t<meta property=\"og:image:type\" content=\"image\/jpeg\" \/>\n<meta name=\"author\" content=\"Markus Hotakainen\" \/>\n<meta name=\"twitter:card\" content=\"summary_large_image\" \/>\n<meta name=\"twitter:label1\" content=\"Written by\" \/>\n\t<meta name=\"twitter:data1\" content=\"Markus Hotakainen\" \/>\n\t<meta name=\"twitter:label2\" content=\"Est. reading time\" \/>\n\t<meta name=\"twitter:data2\" content=\"2 minuuttia\" \/>\n<script type=\"application\/ld+json\" class=\"yoast-schema-graph\">{\"@context\":\"https:\/\/schema.org\",\"@graph\":[{\"@type\":\"WebPage\",\"@id\":\"https:\/\/suomenkuvalehti.fi\/taivaan-tahden\/2020\/02\/10\/oliko-newton-vahan-vaarassa\/\",\"url\":\"https:\/\/suomenkuvalehti.fi\/taivaan-tahden\/2020\/02\/10\/oliko-newton-vahan-vaarassa\/\",\"name\":\"Oliko Newton v\u00e4h\u00e4n v\u00e4\u00e4r\u00e4ss\u00e4? - Taivaan t\u00e4hden\",\"isPartOf\":{\"@id\":\"https:\/\/suomenkuvalehti.fi\/taivaan-tahden\/#website\"},\"primaryImageOfPage\":{\"@id\":\"https:\/\/suomenkuvalehti.fi\/taivaan-tahden\/2020\/02\/10\/oliko-newton-vahan-vaarassa\/#primaryimage\"},\"image\":{\"@id\":\"https:\/\/suomenkuvalehti.fi\/taivaan-tahden\/2020\/02\/10\/oliko-newton-vahan-vaarassa\/#primaryimage\"},\"thumbnailUrl\":\"https:\/\/suomenkuvalehti.fi\/taivaan-tahden\/wp-content\/uploads\/sites\/36\/2020\/02\/eso1424a.jpg\",\"datePublished\":\"2020-02-10T09:36:32+00:00\",\"author\":{\"@id\":\"https:\/\/suomenkuvalehti.fi\/taivaan-tahden\/#\/schema\/person\/c9c1373acb19750e11084ef640abeae0\"},\"breadcrumb\":{\"@id\":\"https:\/\/suomenkuvalehti.fi\/taivaan-tahden\/2020\/02\/10\/oliko-newton-vahan-vaarassa\/#breadcrumb\"},\"inLanguage\":\"fi\",\"potentialAction\":[{\"@type\":\"ReadAction\",\"target\":[\"https:\/\/suomenkuvalehti.fi\/taivaan-tahden\/2020\/02\/10\/oliko-newton-vahan-vaarassa\/\"]}]},{\"@type\":\"ImageObject\",\"inLanguage\":\"fi\",\"@id\":\"https:\/\/suomenkuvalehti.fi\/taivaan-tahden\/2020\/02\/10\/oliko-newton-vahan-vaarassa\/#primaryimage\",\"url\":\"https:\/\/suomenkuvalehti.fi\/taivaan-tahden\/wp-content\/uploads\/sites\/36\/2020\/02\/eso1424a.jpg\",\"contentUrl\":\"https:\/\/suomenkuvalehti.fi\/taivaan-tahden\/wp-content\/uploads\/sites\/36\/2020\/02\/eso1424a.jpg\",\"width\":4000,\"height\":3355,\"caption\":\"The VLT Survey Telescope (VST) at ESO\u2019s Paranal Observatory in Chile has captured this beautifully detailed image of the galaxy Messier 33, often called the Triangulum Galaxy. This nearby spiral, the second closest large galaxy to our own galaxy, the Milky Way, is packed with bright star clusters, and clouds of gas and dust. This picture is amongst the most detailed wide-field views of this object ever taken and shows the many glowing red gas clouds in the spiral arms with particular clarity.\"},{\"@type\":\"BreadcrumbList\",\"@id\":\"https:\/\/suomenkuvalehti.fi\/taivaan-tahden\/2020\/02\/10\/oliko-newton-vahan-vaarassa\/#breadcrumb\",\"itemListElement\":[{\"@type\":\"ListItem\",\"position\":1,\"name\":\"Home\",\"item\":\"https:\/\/suomenkuvalehti.fi\/taivaan-tahden\/\"},{\"@type\":\"ListItem\",\"position\":2,\"name\":\"Oliko Newton v\u00e4h\u00e4n v\u00e4\u00e4r\u00e4ss\u00e4?\"}]},{\"@type\":\"WebSite\",\"@id\":\"https:\/\/suomenkuvalehti.fi\/taivaan-tahden\/#website\",\"url\":\"https:\/\/suomenkuvalehti.fi\/taivaan-tahden\/\",\"name\":\"Taivaan t\u00e4hden\",\"description\":\"Tiedetoimittaja Markus Hotakainen h\u00e4mm\u00e4stelee maailmankaikkeutta.\",\"potentialAction\":[{\"@type\":\"SearchAction\",\"target\":{\"@type\":\"EntryPoint\",\"urlTemplate\":\"https:\/\/suomenkuvalehti.fi\/haku\/?q={search_term_string}\"},\"query-input\":{\"@type\":\"PropertyValueSpecification\",\"valueRequired\":true,\"valueName\":\"search_term_string\"}}],\"inLanguage\":\"fi\"},{\"@type\":\"Person\",\"@id\":\"https:\/\/suomenkuvalehti.fi\/taivaan-tahden\/#\/schema\/person\/c9c1373acb19750e11084ef640abeae0\",\"name\":\"Markus Hotakainen\",\"image\":{\"@type\":\"ImageObject\",\"inLanguage\":\"fi\",\"@id\":\"https:\/\/suomenkuvalehti.fi\/taivaan-tahden\/#\/schema\/person\/image\/\",\"url\":\"https:\/\/suomenkuvalehti.fi\/taivaan-tahden\/wp-content\/uploads\/sites\/36\/2018\/05\/markus_hotakainen_blogi_pieni-150x150.jpg\",\"contentUrl\":\"https:\/\/suomenkuvalehti.fi\/taivaan-tahden\/wp-content\/uploads\/sites\/36\/2018\/05\/markus_hotakainen_blogi_pieni-150x150.jpg\",\"caption\":\"Markus Hotakainen\"},\"description\":\"Kirjoittaja on tiedetoimittaja ja tietokirjailija.\"}]}<\/script>\n<!-- \/ Yoast SEO plugin. -->","yoast_head_json":{"title":"Oliko Newton v\u00e4h\u00e4n v\u00e4\u00e4r\u00e4ss\u00e4? - Taivaan t\u00e4hden","robots":{"index":"index","follow":"follow","max-snippet":"max-snippet:-1","max-image-preview":"max-image-preview:large","max-video-preview":"max-video-preview:-1"},"canonical":"https:\/\/suomenkuvalehti.fi\/taivaan-tahden\/2020\/02\/10\/oliko-newton-vahan-vaarassa\/","og_locale":"fi_FI","og_type":"article","og_title":"Oliko Newton v\u00e4h\u00e4n v\u00e4\u00e4r\u00e4ss\u00e4? - Taivaan t\u00e4hden","og_description":"Jos oli, pime\u00e4\u00e4 ainetta ei ehk\u00e4 olekaan. Kosmologiassa eli maailmankaikkeuden synnyn, rakenteen ja kehityksen tutkimuksessa on ongelmana, ett\u00e4 monien ilmi\u00f6iden selitt\u00e4miseen tarvitaan pime\u00e4\u00e4 ainetta. Tai oikeastaan ongelma on se, ett\u00e4 pime\u00e4n aineen olemus ei mill\u00e4\u00e4n tunnu selvi\u00e4v\u00e4n. Sen ominaisuuksia&hellip;","og_url":"https:\/\/suomenkuvalehti.fi\/taivaan-tahden\/2020\/02\/10\/oliko-newton-vahan-vaarassa\/","og_site_name":"Taivaan t\u00e4hden","article_published_time":"2020-02-10T09:36:32+00:00","og_image":[{"width":1024,"height":859,"url":"https:\/\/suomenkuvalehti.fi\/taivaan-tahden\/wp-content\/uploads\/sites\/36\/2020\/02\/eso1424a-1024x859.jpg","type":"image\/jpeg"}],"author":"Markus Hotakainen","twitter_card":"summary_large_image","twitter_misc":{"Written by":"Markus Hotakainen","Est. reading time":"2 minuuttia"},"schema":{"@context":"https:\/\/schema.org","@graph":[{"@type":"WebPage","@id":"https:\/\/suomenkuvalehti.fi\/taivaan-tahden\/2020\/02\/10\/oliko-newton-vahan-vaarassa\/","url":"https:\/\/suomenkuvalehti.fi\/taivaan-tahden\/2020\/02\/10\/oliko-newton-vahan-vaarassa\/","name":"Oliko Newton v\u00e4h\u00e4n v\u00e4\u00e4r\u00e4ss\u00e4? - Taivaan t\u00e4hden","isPartOf":{"@id":"https:\/\/suomenkuvalehti.fi\/taivaan-tahden\/#website"},"primaryImageOfPage":{"@id":"https:\/\/suomenkuvalehti.fi\/taivaan-tahden\/2020\/02\/10\/oliko-newton-vahan-vaarassa\/#primaryimage"},"image":{"@id":"https:\/\/suomenkuvalehti.fi\/taivaan-tahden\/2020\/02\/10\/oliko-newton-vahan-vaarassa\/#primaryimage"},"thumbnailUrl":"https:\/\/suomenkuvalehti.fi\/taivaan-tahden\/wp-content\/uploads\/sites\/36\/2020\/02\/eso1424a.jpg","datePublished":"2020-02-10T09:36:32+00:00","author":{"@id":"https:\/\/suomenkuvalehti.fi\/taivaan-tahden\/#\/schema\/person\/c9c1373acb19750e11084ef640abeae0"},"breadcrumb":{"@id":"https:\/\/suomenkuvalehti.fi\/taivaan-tahden\/2020\/02\/10\/oliko-newton-vahan-vaarassa\/#breadcrumb"},"inLanguage":"fi","potentialAction":[{"@type":"ReadAction","target":["https:\/\/suomenkuvalehti.fi\/taivaan-tahden\/2020\/02\/10\/oliko-newton-vahan-vaarassa\/"]}]},{"@type":"ImageObject","inLanguage":"fi","@id":"https:\/\/suomenkuvalehti.fi\/taivaan-tahden\/2020\/02\/10\/oliko-newton-vahan-vaarassa\/#primaryimage","url":"https:\/\/suomenkuvalehti.fi\/taivaan-tahden\/wp-content\/uploads\/sites\/36\/2020\/02\/eso1424a.jpg","contentUrl":"https:\/\/suomenkuvalehti.fi\/taivaan-tahden\/wp-content\/uploads\/sites\/36\/2020\/02\/eso1424a.jpg","width":4000,"height":3355,"caption":"The VLT Survey Telescope (VST) at ESO\u2019s Paranal Observatory in Chile has captured this beautifully detailed image of the galaxy Messier 33, often called the Triangulum Galaxy. This nearby spiral, the second closest large galaxy to our own galaxy, the Milky Way, is packed with bright star clusters, and clouds of gas and dust. This picture is amongst the most detailed wide-field views of this object ever taken and shows the many glowing red gas clouds in the spiral arms with particular clarity."},{"@type":"BreadcrumbList","@id":"https:\/\/suomenkuvalehti.fi\/taivaan-tahden\/2020\/02\/10\/oliko-newton-vahan-vaarassa\/#breadcrumb","itemListElement":[{"@type":"ListItem","position":1,"name":"Home","item":"https:\/\/suomenkuvalehti.fi\/taivaan-tahden\/"},{"@type":"ListItem","position":2,"name":"Oliko Newton v\u00e4h\u00e4n v\u00e4\u00e4r\u00e4ss\u00e4?"}]},{"@type":"WebSite","@id":"https:\/\/suomenkuvalehti.fi\/taivaan-tahden\/#website","url":"https:\/\/suomenkuvalehti.fi\/taivaan-tahden\/","name":"Taivaan t\u00e4hden","description":"Tiedetoimittaja Markus Hotakainen h\u00e4mm\u00e4stelee maailmankaikkeutta.","potentialAction":[{"@type":"SearchAction","target":{"@type":"EntryPoint","urlTemplate":"https:\/\/suomenkuvalehti.fi\/haku\/?q={search_term_string}"},"query-input":{"@type":"PropertyValueSpecification","valueRequired":true,"valueName":"search_term_string"}}],"inLanguage":"fi"},{"@type":"Person","@id":"https:\/\/suomenkuvalehti.fi\/taivaan-tahden\/#\/schema\/person\/c9c1373acb19750e11084ef640abeae0","name":"Markus Hotakainen","image":{"@type":"ImageObject","inLanguage":"fi","@id":"https:\/\/suomenkuvalehti.fi\/taivaan-tahden\/#\/schema\/person\/image\/","url":"https:\/\/suomenkuvalehti.fi\/taivaan-tahden\/wp-content\/uploads\/sites\/36\/2018\/05\/markus_hotakainen_blogi_pieni-150x150.jpg","contentUrl":"https:\/\/suomenkuvalehti.fi\/taivaan-tahden\/wp-content\/uploads\/sites\/36\/2018\/05\/markus_hotakainen_blogi_pieni-150x150.jpg","caption":"Markus Hotakainen"},"description":"Kirjoittaja on tiedetoimittaja ja tietokirjailija."}]}},"_links":{"self":[{"href":"https:\/\/suomenkuvalehti.fi\/taivaan-tahden\/wp-json\/wp\/v2\/posts\/2311","targetHints":{"allow":["GET"]}}],"collection":[{"href":"https:\/\/suomenkuvalehti.fi\/taivaan-tahden\/wp-json\/wp\/v2\/posts"}],"about":[{"href":"https:\/\/suomenkuvalehti.fi\/taivaan-tahden\/wp-json\/wp\/v2\/types\/post"}],"author":[{"embeddable":true,"href":"https:\/\/suomenkuvalehti.fi\/taivaan-tahden\/wp-json\/wp\/v2\/users\/557"}],"replies":[{"embeddable":true,"href":"https:\/\/suomenkuvalehti.fi\/taivaan-tahden\/wp-json\/wp\/v2\/comments?post=2311"}],"version-history":[{"count":2,"href":"https:\/\/suomenkuvalehti.fi\/taivaan-tahden\/wp-json\/wp\/v2\/posts\/2311\/revisions"}],"predecessor-version":[{"id":2314,"href":"https:\/\/suomenkuvalehti.fi\/taivaan-tahden\/wp-json\/wp\/v2\/posts\/2311\/revisions\/2314"}],"wp:featuredmedia":[{"embeddable":true,"href":"https:\/\/suomenkuvalehti.fi\/taivaan-tahden\/wp-json\/wp\/v2\/media\/2312"}],"wp:attachment":[{"href":"https:\/\/suomenkuvalehti.fi\/taivaan-tahden\/wp-json\/wp\/v2\/media?parent=2311"}],"wp:term":[{"taxonomy":"category","embeddable":true,"href":"https:\/\/suomenkuvalehti.fi\/taivaan-tahden\/wp-json\/wp\/v2\/categories?post=2311"},{"taxonomy":"post_tag","embeddable":true,"href":"https:\/\/suomenkuvalehti.fi\/taivaan-tahden\/wp-json\/wp\/v2\/tags?post=2311"}],"curies":[{"name":"wp","href":"https:\/\/api.w.org\/{rel}","templated":true}]}}