{"id":2301,"date":"2020-01-30T13:08:34","date_gmt":"2020-01-30T11:08:34","guid":{"rendered":"https:\/\/suomenkuvalehti.fi\/taivaan-tahden\/?p=2301"},"modified":"2020-01-30T13:08:34","modified_gmt":"2020-01-30T11:08:34","slug":"onko-pimealla-aineella-kuumetta","status":"publish","type":"post","link":"https:\/\/suomenkuvalehti.fi\/taivaan-tahden\/2020\/01\/30\/onko-pimealla-aineella-kuumetta\/","title":{"rendered":"Onko pime\u00e4ll\u00e4 aineella kuumetta?"},"content":{"rendered":"<figure class=\"aligncenter size-large is-resized wp-block-image\">\n  <div class=\"wp-block-image__inner-container\">\n    <a href=\"https:\/\/suomenkuvalehti.fi\/taivaan-tahden\/wp-content\/uploads\/sites\/36\/2020\/01\/luotijoukko_1e0657_4k.jpg\"><img loading=\"lazy\" decoding=\"async\" src=\"https:\/\/suomenkuvalehti.fi\/taivaan-tahden\/wp-content\/uploads\/sites\/36\/2020\/01\/luotijoukko_1e0657_4k-1024x729.jpg\" alt=\"\" class=\"wp-image-2302\" width=\"1024\" height=\"729\" style=\"--aspect-ratio: 1.4\" srcset=\"https:\/\/suomenkuvalehti.fi\/taivaan-tahden\/wp-content\/uploads\/sites\/36\/2020\/01\/luotijoukko_1e0657_4k-1024x729.jpg 1024w, https:\/\/suomenkuvalehti.fi\/taivaan-tahden\/wp-content\/uploads\/sites\/36\/2020\/01\/luotijoukko_1e0657_4k-300x214.jpg 300w, https:\/\/suomenkuvalehti.fi\/taivaan-tahden\/wp-content\/uploads\/sites\/36\/2020\/01\/luotijoukko_1e0657_4k-768x547.jpg 768w, https:\/\/suomenkuvalehti.fi\/taivaan-tahden\/wp-content\/uploads\/sites\/36\/2020\/01\/luotijoukko_1e0657_4k-630x449.jpg 630w, https:\/\/suomenkuvalehti.fi\/taivaan-tahden\/wp-content\/uploads\/sites\/36\/2020\/01\/luotijoukko_1e0657_4k.jpg 1241w\" sizes=\"auto, (max-width: 1024px) 100vw, 1024px\" \/><\/a>    <figcaption class=\"wp-block-image__figcaption\">\n      Luotijoukossa sinisell\u00e4 merkityt pime\u00e4n aineen pilvet paljastuvat niiden muuttaessa kaukaisemmista kohteista tulevan valon kulkusuuntaa. Kuva: NASA          <\/figcaption>\n      <\/div>\n<\/figure>\n\n\n<p><span class=\"capitalized\">Suuri osa<\/span> maailmankaikkeudesta on edelleen h\u00e4v\u00f6ksiss\u00e4. Tavallinen aine muodostaa universumista vain viitisen prosenttia, kun pime\u00e4n aineen osuus on 27 ja pime\u00e4n energian 68 prosenttia.<\/p>\n\n\n\n<p>Pime\u00e4st\u00e4 aineesta tiedet\u00e4\u00e4n hyvin v\u00e4h\u00e4n \u2013 ja pime\u00e4st\u00e4 energiasta viel\u00e4 v\u00e4hemm\u00e4n \u2013 mutta nyt tutkijat ovat mitanneet sen l\u00e4mp\u00f6tilan.<\/p>\n\n\n\n<p>Erilaisia vaihtoehtoja pime\u00e4n aineen olemukselle on esitetty useita. Ruskeista k\u00e4\u00e4pi\u00f6ist\u00e4 eli ep\u00e4onnistuneista ja siksi hyvin himmeist\u00e4 t\u00e4hdist\u00e4, mustista aukoista tai neutriinoista ei ole selitykseksi, mutta toisaalta tutkijat eiv\u00e4t my\u00f6sk\u00e4\u00e4n ole onnistuneet nappaamaan pime\u00e4n aineen muodostavia hiukkasia.<\/p>\n\n\n\n<p><span class=\"capitalized\">Keskeinen ongelma<\/span> on, ett\u00e4 mahdollisten hiukkasten ominaisuuksista ei ole juuri arvailua parempaa tietoa.<\/p>\n\n\n\n<p>Ovatko ne harvalukuisia, mutta massiivisia, vai runsaslukuisia, mutta kevyit\u00e4?<\/p>\n\n\n\n<p>Pime\u00e4n aineen oletettujen hiukkasten l\u00e4mp\u00f6tila liittyy likeisesti niiden massaan. Kyse ei siis ole siit\u00e4, mit\u00e4 l\u00e4mp\u00f6mittari n\u00e4ytt\u00e4isi, jos anturi voitaisiin t\u00f6k\u00e4t\u00e4 tuntemattomaan hiukkaseen.<\/p>\n\n\n\n<p>\u201dL\u00e4mp\u00f6tila\u201d kertoo sen, millaisilla nopeuksilla pime\u00e4n aineen hiukkaset liikkuvat.<\/p>\n\n\n\n<p><span class=\"capitalized\">Vallitseva k\u00e4sitys<\/span> on, ett\u00e4 pime\u00e4 aine on \u201dkylm\u00e4\u00e4\u201d eli hiukkaset liikehtiv\u00e4t paljon valon nopeutta hitaammin. Silloin ne olisivat melko massiivisia.<\/p>\n\n\n\n<blockquote class=\"wp-block-quote\"><p>Yksitt\u00e4isten galaksien kohdalla onkin sitten ongelmia.<\/p><\/blockquote>\n\n\n\n<p>\u201dKylmien\u201d hiukkasten avulla pystyt\u00e4\u00e4n selitt\u00e4m\u00e4\u00e4n laajan skaalan eli galaksien muodostamien joukkojen kokoluokassa esiintyvi\u00e4 ilmi\u00f6it\u00e4.<\/p>\n\n\n\n<p>Pienemm\u00e4ss\u00e4 mittakaavassa eli yksitt\u00e4isten galaksien kohdalla onkin sitten ongelmia. Siksi joissakin malleissa on mukana my\u00f6s \u201dl\u00e4mpimi\u00e4\u201d pime\u00e4n aineen hiukkasia, jotka ovat \u201dkylmi\u00e4\u201d keve\u00e4mpi\u00e4 ja liikkuvat suuremmilla nopeuksilla.<\/p>\n\n\n\n<p><span class=\"capitalized\">Teoreettisesti<\/span> on tarkasteltu my\u00f6s \u201dkuumia\u201d hiukkasia, jotka olisivat hyvin keveit\u00e4 ja kulkisivat l\u00e4hes valon nopeudella, mutta aikaisempien havaintojen perusteella sellaisista ei ole merkkej\u00e4.<\/p>\n\n\n\n<p>L\u00e4mp\u00f6tila mitattiin tarkastelemalla gravitaatiolinssien aiheuttamia vaihteluita kaukaisten kvasaarien kirkkauksissa. Kun valo kulkee ison ainekasauman kuten galaksijoukon ja sit\u00e4 ymp\u00e4r\u00f6iv\u00e4n pime\u00e4n aineen ohi, sen suunta muuttuu hieman.<\/p>\n\n\n\n<p>Jos pime\u00e4ss\u00e4 aineessa on erillisi\u00e4 tihentymi\u00e4, kirkkaudessa tapahtuvien muutosten perusteella voidaan arvioida, kuinka isoja tihentym\u00e4t ovat.<\/p>\n\n\n\n<p><span class=\"capitalized\">Niiden koko<\/span> puolestaan riippuu siit\u00e4, kuinka \u201dl\u00e4mpimi\u00e4\u201d hiukkaset ovat: vinhasti vipelt\u00e4v\u00e4t kevyet hiukkaset eiv\u00e4t pysty muodostamaan tietty\u00e4 kokoa pienempi\u00e4 rakenteita.<\/p>\n\n\n\n<p>Nyt tehty tutkimus m\u00e4\u00e4ritti alarajan pime\u00e4n aineen hiukkasten massalle: noin sadasosa elektronin massasta. Sit\u00e4 tulokset eiv\u00e4t kerro, mik\u00e4 on massan yl\u00e4raja.<\/p>\n\n\n\n<p>&nbsp;<\/p>\n\n\n","protected":false},"excerpt":{"rendered":"<p>Suuri osa maailmankaikkeudesta on edelleen h\u00e4v\u00f6ksiss\u00e4. Tavallinen aine muodostaa universumista vain viitisen prosenttia, kun pime\u00e4n aineen osuus on 27 ja pime\u00e4n energian 68 prosenttia. Pime\u00e4st\u00e4 aineesta tiedet\u00e4\u00e4n hyvin v\u00e4h\u00e4n \u2013 ja pime\u00e4st\u00e4 energiasta viel\u00e4 v\u00e4hemm\u00e4n \u2013 mutta nyt<br \/>\ntutkijat ovat mitan&hellip;<\/p>\n","protected":false},"author":557,"featured_media":2302,"comment_status":"open","ping_status":"open","sticky":false,"template":"","format":"standard","meta":{"_acf_changed":false,"asauth_required_access_level":3,"asauth_cansharepaid":"true","om_header_attributes":[],"footnotes":"","om_featured_image_focal_point":[],"om_primary_tag":0,"om_contributors":[],"om_co_authors":[],"beyondwords_generate_audio":"","beyondwords_project_id":"","beyondwords_content_id":"","beyondwords_preview_token":"","beyondwords_player_content":"","beyondwords_player_style":"","beyondwords_language_code":"","beyondwords_language_id":"","beyondwords_title_voice_id":"","beyondwords_body_voice_id":"","beyondwords_summary_voice_id":"","beyondwords_error_message":"","beyondwords_disabled":"","beyondwords_delete_content":"","beyondwords_podcast_id":"","beyondwords_hash":"","publish_post_to_speechkit":"","speechkit_hash":"","speechkit_generate_audio":"","speechkit_project_id":"","speechkit_podcast_id":"","speechkit_error_message":"","speechkit_disabled":"","speechkit_access_key":"","speechkit_error":"","speechkit_info":"","speechkit_response":"","speechkit_retries":"","speechkit_status":"","speechkit_updated_at":"","_speechkit_link":"","_speechkit_text":""},"categories":[1],"tags":[166,26,458,110],"class_list":["post-2301","post","type-post","status-publish","format-standard","has-post-thumbnail","hentry","category-taivaan-tahden","tag-galaksijoukot","tag-galaksit","tag-lampotila","tag-pimea-aine"],"om_views":null,"acf":{"tuuma_off":false,"tuuma_kysymys":"","tuuma_vastaus":""},"asauth":{"required_access_level":1,"share_token":"","is_paid":false},"yoast_head":"<!-- This site is optimized with the Yoast SEO plugin v26.4 - https:\/\/yoast.com\/wordpress\/plugins\/seo\/ -->\n<title>Onko pime\u00e4ll\u00e4 aineella kuumetta? - Taivaan t\u00e4hden<\/title>\n<meta name=\"robots\" content=\"index, follow, max-snippet:-1, max-image-preview:large, max-video-preview:-1\" \/>\n<link rel=\"canonical\" href=\"https:\/\/suomenkuvalehti.fi\/taivaan-tahden\/2020\/01\/30\/onko-pimealla-aineella-kuumetta\/\" \/>\n<meta property=\"og:locale\" content=\"fi_FI\" \/>\n<meta property=\"og:type\" content=\"article\" \/>\n<meta property=\"og:title\" content=\"Onko pime\u00e4ll\u00e4 aineella kuumetta? - Taivaan t\u00e4hden\" \/>\n<meta property=\"og:description\" content=\"Suuri osa maailmankaikkeudesta on edelleen h\u00e4v\u00f6ksiss\u00e4. Tavallinen aine muodostaa universumista vain viitisen prosenttia, kun pime\u00e4n aineen osuus on 27 ja pime\u00e4n energian 68 prosenttia. Pime\u00e4st\u00e4 aineesta tiedet\u00e4\u00e4n hyvin v\u00e4h\u00e4n \u2013 ja pime\u00e4st\u00e4 energiasta viel\u00e4 v\u00e4hemm\u00e4n \u2013 mutta nyt tutkijat ovat mitan&hellip;\" \/>\n<meta property=\"og:url\" content=\"https:\/\/suomenkuvalehti.fi\/taivaan-tahden\/2020\/01\/30\/onko-pimealla-aineella-kuumetta\/\" \/>\n<meta property=\"og:site_name\" content=\"Taivaan t\u00e4hden\" \/>\n<meta property=\"article:published_time\" content=\"2020-01-30T11:08:34+00:00\" \/>\n<meta property=\"og:image\" content=\"https:\/\/suomenkuvalehti.fi\/taivaan-tahden\/wp-content\/uploads\/sites\/36\/2020\/01\/luotijoukko_1e0657_4k.jpg\" \/>\n\t<meta property=\"og:image:width\" content=\"1241\" \/>\n\t<meta property=\"og:image:height\" content=\"884\" \/>\n\t<meta property=\"og:image:type\" content=\"image\/jpeg\" \/>\n<meta name=\"author\" content=\"Markus Hotakainen\" \/>\n<meta name=\"twitter:card\" content=\"summary_large_image\" \/>\n<meta name=\"twitter:label1\" content=\"Written by\" \/>\n\t<meta name=\"twitter:data1\" content=\"Markus Hotakainen\" \/>\n\t<meta name=\"twitter:label2\" content=\"Est. reading time\" \/>\n\t<meta name=\"twitter:data2\" content=\"2 minuuttia\" \/>\n<script type=\"application\/ld+json\" class=\"yoast-schema-graph\">{\"@context\":\"https:\/\/schema.org\",\"@graph\":[{\"@type\":\"WebPage\",\"@id\":\"https:\/\/suomenkuvalehti.fi\/taivaan-tahden\/2020\/01\/30\/onko-pimealla-aineella-kuumetta\/\",\"url\":\"https:\/\/suomenkuvalehti.fi\/taivaan-tahden\/2020\/01\/30\/onko-pimealla-aineella-kuumetta\/\",\"name\":\"Onko pime\u00e4ll\u00e4 aineella kuumetta? - Taivaan t\u00e4hden\",\"isPartOf\":{\"@id\":\"https:\/\/suomenkuvalehti.fi\/taivaan-tahden\/#website\"},\"primaryImageOfPage\":{\"@id\":\"https:\/\/suomenkuvalehti.fi\/taivaan-tahden\/2020\/01\/30\/onko-pimealla-aineella-kuumetta\/#primaryimage\"},\"image\":{\"@id\":\"https:\/\/suomenkuvalehti.fi\/taivaan-tahden\/2020\/01\/30\/onko-pimealla-aineella-kuumetta\/#primaryimage\"},\"thumbnailUrl\":\"https:\/\/suomenkuvalehti.fi\/taivaan-tahden\/wp-content\/uploads\/sites\/36\/2020\/01\/luotijoukko_1e0657_4k.jpg\",\"datePublished\":\"2020-01-30T11:08:34+00:00\",\"author\":{\"@id\":\"https:\/\/suomenkuvalehti.fi\/taivaan-tahden\/#\/schema\/person\/c9c1373acb19750e11084ef640abeae0\"},\"breadcrumb\":{\"@id\":\"https:\/\/suomenkuvalehti.fi\/taivaan-tahden\/2020\/01\/30\/onko-pimealla-aineella-kuumetta\/#breadcrumb\"},\"inLanguage\":\"fi\",\"potentialAction\":[{\"@type\":\"ReadAction\",\"target\":[\"https:\/\/suomenkuvalehti.fi\/taivaan-tahden\/2020\/01\/30\/onko-pimealla-aineella-kuumetta\/\"]}]},{\"@type\":\"ImageObject\",\"inLanguage\":\"fi\",\"@id\":\"https:\/\/suomenkuvalehti.fi\/taivaan-tahden\/2020\/01\/30\/onko-pimealla-aineella-kuumetta\/#primaryimage\",\"url\":\"https:\/\/suomenkuvalehti.fi\/taivaan-tahden\/wp-content\/uploads\/sites\/36\/2020\/01\/luotijoukko_1e0657_4k.jpg\",\"contentUrl\":\"https:\/\/suomenkuvalehti.fi\/taivaan-tahden\/wp-content\/uploads\/sites\/36\/2020\/01\/luotijoukko_1e0657_4k.jpg\",\"width\":1241,\"height\":884,\"caption\":\"Luotijoukossa sinisell\u00e4 merkityt pime\u00e4n aineen pilvet paljastuvat niiden muuttaessa kaukaisemmista kohteista tulevan valon kulkusuuntaa. Kuva: NASA\"},{\"@type\":\"BreadcrumbList\",\"@id\":\"https:\/\/suomenkuvalehti.fi\/taivaan-tahden\/2020\/01\/30\/onko-pimealla-aineella-kuumetta\/#breadcrumb\",\"itemListElement\":[{\"@type\":\"ListItem\",\"position\":1,\"name\":\"Home\",\"item\":\"https:\/\/suomenkuvalehti.fi\/taivaan-tahden\/\"},{\"@type\":\"ListItem\",\"position\":2,\"name\":\"Onko pime\u00e4ll\u00e4 aineella kuumetta?\"}]},{\"@type\":\"WebSite\",\"@id\":\"https:\/\/suomenkuvalehti.fi\/taivaan-tahden\/#website\",\"url\":\"https:\/\/suomenkuvalehti.fi\/taivaan-tahden\/\",\"name\":\"Taivaan t\u00e4hden\",\"description\":\"Tiedetoimittaja Markus Hotakainen h\u00e4mm\u00e4stelee maailmankaikkeutta.\",\"potentialAction\":[{\"@type\":\"SearchAction\",\"target\":{\"@type\":\"EntryPoint\",\"urlTemplate\":\"https:\/\/suomenkuvalehti.fi\/haku\/?q={search_term_string}\"},\"query-input\":{\"@type\":\"PropertyValueSpecification\",\"valueRequired\":true,\"valueName\":\"search_term_string\"}}],\"inLanguage\":\"fi\"},{\"@type\":\"Person\",\"@id\":\"https:\/\/suomenkuvalehti.fi\/taivaan-tahden\/#\/schema\/person\/c9c1373acb19750e11084ef640abeae0\",\"name\":\"Markus Hotakainen\",\"image\":{\"@type\":\"ImageObject\",\"inLanguage\":\"fi\",\"@id\":\"https:\/\/suomenkuvalehti.fi\/taivaan-tahden\/#\/schema\/person\/image\/\",\"url\":\"https:\/\/suomenkuvalehti.fi\/taivaan-tahden\/wp-content\/uploads\/sites\/36\/2018\/05\/markus_hotakainen_blogi_pieni-150x150.jpg\",\"contentUrl\":\"https:\/\/suomenkuvalehti.fi\/taivaan-tahden\/wp-content\/uploads\/sites\/36\/2018\/05\/markus_hotakainen_blogi_pieni-150x150.jpg\",\"caption\":\"Markus Hotakainen\"},\"description\":\"Kirjoittaja on tiedetoimittaja ja tietokirjailija.\"}]}<\/script>\n<!-- \/ Yoast SEO plugin. -->","yoast_head_json":{"title":"Onko pime\u00e4ll\u00e4 aineella kuumetta? - Taivaan t\u00e4hden","robots":{"index":"index","follow":"follow","max-snippet":"max-snippet:-1","max-image-preview":"max-image-preview:large","max-video-preview":"max-video-preview:-1"},"canonical":"https:\/\/suomenkuvalehti.fi\/taivaan-tahden\/2020\/01\/30\/onko-pimealla-aineella-kuumetta\/","og_locale":"fi_FI","og_type":"article","og_title":"Onko pime\u00e4ll\u00e4 aineella kuumetta? - Taivaan t\u00e4hden","og_description":"Suuri osa maailmankaikkeudesta on edelleen h\u00e4v\u00f6ksiss\u00e4. Tavallinen aine muodostaa universumista vain viitisen prosenttia, kun pime\u00e4n aineen osuus on 27 ja pime\u00e4n energian 68 prosenttia. Pime\u00e4st\u00e4 aineesta tiedet\u00e4\u00e4n hyvin v\u00e4h\u00e4n \u2013 ja pime\u00e4st\u00e4 energiasta viel\u00e4 v\u00e4hemm\u00e4n \u2013 mutta nyt tutkijat ovat mitan&hellip;","og_url":"https:\/\/suomenkuvalehti.fi\/taivaan-tahden\/2020\/01\/30\/onko-pimealla-aineella-kuumetta\/","og_site_name":"Taivaan t\u00e4hden","article_published_time":"2020-01-30T11:08:34+00:00","og_image":[{"width":1241,"height":884,"url":"https:\/\/suomenkuvalehti.fi\/taivaan-tahden\/wp-content\/uploads\/sites\/36\/2020\/01\/luotijoukko_1e0657_4k.jpg","type":"image\/jpeg"}],"author":"Markus Hotakainen","twitter_card":"summary_large_image","twitter_misc":{"Written by":"Markus Hotakainen","Est. reading time":"2 minuuttia"},"schema":{"@context":"https:\/\/schema.org","@graph":[{"@type":"WebPage","@id":"https:\/\/suomenkuvalehti.fi\/taivaan-tahden\/2020\/01\/30\/onko-pimealla-aineella-kuumetta\/","url":"https:\/\/suomenkuvalehti.fi\/taivaan-tahden\/2020\/01\/30\/onko-pimealla-aineella-kuumetta\/","name":"Onko pime\u00e4ll\u00e4 aineella kuumetta? - Taivaan t\u00e4hden","isPartOf":{"@id":"https:\/\/suomenkuvalehti.fi\/taivaan-tahden\/#website"},"primaryImageOfPage":{"@id":"https:\/\/suomenkuvalehti.fi\/taivaan-tahden\/2020\/01\/30\/onko-pimealla-aineella-kuumetta\/#primaryimage"},"image":{"@id":"https:\/\/suomenkuvalehti.fi\/taivaan-tahden\/2020\/01\/30\/onko-pimealla-aineella-kuumetta\/#primaryimage"},"thumbnailUrl":"https:\/\/suomenkuvalehti.fi\/taivaan-tahden\/wp-content\/uploads\/sites\/36\/2020\/01\/luotijoukko_1e0657_4k.jpg","datePublished":"2020-01-30T11:08:34+00:00","author":{"@id":"https:\/\/suomenkuvalehti.fi\/taivaan-tahden\/#\/schema\/person\/c9c1373acb19750e11084ef640abeae0"},"breadcrumb":{"@id":"https:\/\/suomenkuvalehti.fi\/taivaan-tahden\/2020\/01\/30\/onko-pimealla-aineella-kuumetta\/#breadcrumb"},"inLanguage":"fi","potentialAction":[{"@type":"ReadAction","target":["https:\/\/suomenkuvalehti.fi\/taivaan-tahden\/2020\/01\/30\/onko-pimealla-aineella-kuumetta\/"]}]},{"@type":"ImageObject","inLanguage":"fi","@id":"https:\/\/suomenkuvalehti.fi\/taivaan-tahden\/2020\/01\/30\/onko-pimealla-aineella-kuumetta\/#primaryimage","url":"https:\/\/suomenkuvalehti.fi\/taivaan-tahden\/wp-content\/uploads\/sites\/36\/2020\/01\/luotijoukko_1e0657_4k.jpg","contentUrl":"https:\/\/suomenkuvalehti.fi\/taivaan-tahden\/wp-content\/uploads\/sites\/36\/2020\/01\/luotijoukko_1e0657_4k.jpg","width":1241,"height":884,"caption":"Luotijoukossa sinisell\u00e4 merkityt pime\u00e4n aineen pilvet paljastuvat niiden muuttaessa kaukaisemmista kohteista tulevan valon kulkusuuntaa. Kuva: NASA"},{"@type":"BreadcrumbList","@id":"https:\/\/suomenkuvalehti.fi\/taivaan-tahden\/2020\/01\/30\/onko-pimealla-aineella-kuumetta\/#breadcrumb","itemListElement":[{"@type":"ListItem","position":1,"name":"Home","item":"https:\/\/suomenkuvalehti.fi\/taivaan-tahden\/"},{"@type":"ListItem","position":2,"name":"Onko pime\u00e4ll\u00e4 aineella kuumetta?"}]},{"@type":"WebSite","@id":"https:\/\/suomenkuvalehti.fi\/taivaan-tahden\/#website","url":"https:\/\/suomenkuvalehti.fi\/taivaan-tahden\/","name":"Taivaan t\u00e4hden","description":"Tiedetoimittaja Markus Hotakainen h\u00e4mm\u00e4stelee maailmankaikkeutta.","potentialAction":[{"@type":"SearchAction","target":{"@type":"EntryPoint","urlTemplate":"https:\/\/suomenkuvalehti.fi\/haku\/?q={search_term_string}"},"query-input":{"@type":"PropertyValueSpecification","valueRequired":true,"valueName":"search_term_string"}}],"inLanguage":"fi"},{"@type":"Person","@id":"https:\/\/suomenkuvalehti.fi\/taivaan-tahden\/#\/schema\/person\/c9c1373acb19750e11084ef640abeae0","name":"Markus Hotakainen","image":{"@type":"ImageObject","inLanguage":"fi","@id":"https:\/\/suomenkuvalehti.fi\/taivaan-tahden\/#\/schema\/person\/image\/","url":"https:\/\/suomenkuvalehti.fi\/taivaan-tahden\/wp-content\/uploads\/sites\/36\/2018\/05\/markus_hotakainen_blogi_pieni-150x150.jpg","contentUrl":"https:\/\/suomenkuvalehti.fi\/taivaan-tahden\/wp-content\/uploads\/sites\/36\/2018\/05\/markus_hotakainen_blogi_pieni-150x150.jpg","caption":"Markus Hotakainen"},"description":"Kirjoittaja on tiedetoimittaja ja tietokirjailija."}]}},"_links":{"self":[{"href":"https:\/\/suomenkuvalehti.fi\/taivaan-tahden\/wp-json\/wp\/v2\/posts\/2301","targetHints":{"allow":["GET"]}}],"collection":[{"href":"https:\/\/suomenkuvalehti.fi\/taivaan-tahden\/wp-json\/wp\/v2\/posts"}],"about":[{"href":"https:\/\/suomenkuvalehti.fi\/taivaan-tahden\/wp-json\/wp\/v2\/types\/post"}],"author":[{"embeddable":true,"href":"https:\/\/suomenkuvalehti.fi\/taivaan-tahden\/wp-json\/wp\/v2\/users\/557"}],"replies":[{"embeddable":true,"href":"https:\/\/suomenkuvalehti.fi\/taivaan-tahden\/wp-json\/wp\/v2\/comments?post=2301"}],"version-history":[{"count":3,"href":"https:\/\/suomenkuvalehti.fi\/taivaan-tahden\/wp-json\/wp\/v2\/posts\/2301\/revisions"}],"predecessor-version":[{"id":2305,"href":"https:\/\/suomenkuvalehti.fi\/taivaan-tahden\/wp-json\/wp\/v2\/posts\/2301\/revisions\/2305"}],"wp:featuredmedia":[{"embeddable":true,"href":"https:\/\/suomenkuvalehti.fi\/taivaan-tahden\/wp-json\/wp\/v2\/media\/2302"}],"wp:attachment":[{"href":"https:\/\/suomenkuvalehti.fi\/taivaan-tahden\/wp-json\/wp\/v2\/media?parent=2301"}],"wp:term":[{"taxonomy":"category","embeddable":true,"href":"https:\/\/suomenkuvalehti.fi\/taivaan-tahden\/wp-json\/wp\/v2\/categories?post=2301"},{"taxonomy":"post_tag","embeddable":true,"href":"https:\/\/suomenkuvalehti.fi\/taivaan-tahden\/wp-json\/wp\/v2\/tags?post=2301"}],"curies":[{"name":"wp","href":"https:\/\/api.w.org\/{rel}","templated":true}]}}