{"id":2296,"date":"2020-01-26T10:40:22","date_gmt":"2020-01-26T08:40:22","guid":{"rendered":"https:\/\/suomenkuvalehti.fi\/taivaan-tahden\/?p=2296"},"modified":"2020-01-26T10:40:22","modified_gmt":"2020-01-26T08:40:22","slug":"vampyyritahti-jai-kiinni-rysan-paalta","status":"publish","type":"post","link":"https:\/\/suomenkuvalehti.fi\/taivaan-tahden\/2020\/01\/26\/vampyyritahti-jai-kiinni-rysan-paalta\/","title":{"rendered":"Vampyyrit\u00e4hti j\u00e4i kiinni rys\u00e4n p\u00e4\u00e4lt\u00e4"},"content":{"rendered":"<figure class=\"aligncenter size-large is-resized wp-block-image\">\n  <div class=\"wp-block-image__inner-container\">\n    <a href=\"https:\/\/suomenkuvalehti.fi\/taivaan-tahden\/wp-content\/uploads\/sites\/36\/2020\/01\/suneater.jpg\"><img loading=\"lazy\" decoding=\"async\" src=\"https:\/\/suomenkuvalehti.fi\/taivaan-tahden\/wp-content\/uploads\/sites\/36\/2020\/01\/suneater-1024x537.jpg\" alt=\"\" class=\"wp-image-2297\" width=\"1024\" height=\"537\" style=\"--aspect-ratio: 1.91\" srcset=\"https:\/\/suomenkuvalehti.fi\/taivaan-tahden\/wp-content\/uploads\/sites\/36\/2020\/01\/suneater-1024x537.jpg 1024w, https:\/\/suomenkuvalehti.fi\/taivaan-tahden\/wp-content\/uploads\/sites\/36\/2020\/01\/suneater-300x157.jpg 300w, https:\/\/suomenkuvalehti.fi\/taivaan-tahden\/wp-content\/uploads\/sites\/36\/2020\/01\/suneater-768x403.jpg 768w, https:\/\/suomenkuvalehti.fi\/taivaan-tahden\/wp-content\/uploads\/sites\/36\/2020\/01\/suneater-630x331.jpg 630w, https:\/\/suomenkuvalehti.fi\/taivaan-tahden\/wp-content\/uploads\/sites\/36\/2020\/01\/suneater.jpg 1260w\" sizes=\"auto, (max-width: 1024px) 100vw, 1024px\" \/><\/a>    <figcaption class=\"wp-block-image__figcaption\">\n      Valkoinen k\u00e4\u00e4pi\u00f6 riist\u00e4\u00e4 raa\u2019asti ruskeaa k\u00e4\u00e4pi\u00f6t\u00e4. Kuva: NASA\/L. Hustak\/STScI          <\/figcaption>\n      <\/div>\n<\/figure>\n\n\n<p><span class=\"capitalized\">Talvella kitsaasti <\/span>n\u00e4ytt\u00e4ytyv\u00e4 Aurinko loistaa jokseenkin tasaisesti vuosimiljardista toiseen, mutta kaikki t\u00e4hdet eiv\u00e4t ole yht\u00e4 s\u00e4yseit\u00e4 ja seesteisi\u00e4.<\/p>\n\n\n\n<p>Monien t\u00e4htien kirkkaus vaihtelee \u2013 esimerkiksi Orionin t\u00e4hdist\u00f6n oranssinpunainen Betelgeuze on viime aikoina himmentynyt huomattavasti \u2013 ja ennen pitk\u00e4\u00e4 t\u00e4hti kuin t\u00e4hti p\u00e4\u00e4tt\u00e4\u00e4 p\u00e4iv\u00e4ns\u00e4 enemm\u00e4n tai v\u00e4hemm\u00e4n tuhoisalla tavalla.<\/p>\n\n\n\n<p>Kaikkien pahimmat gangstat\u00e4hdet majailevat kaksoist\u00e4htij\u00e4rjestelmiss\u00e4, joissa ne s\u00e4\u00e4lim\u00e4tt\u00e4 terrorisoivat naapuriaan.<\/p>\n\n\n\n<p>Tutkijat ovat vastik\u00e4\u00e4n l\u00f6yt\u00e4neet \u00e4kisti kirkastuneen t\u00e4hden, joka imee kumppanistaan ainetta niin, ett\u00e4 sill\u00e4 itsell\u00e4\u00e4nkin on ruoansulatusvaikeuksia.<\/p>\n\n\n\n<p><span class=\"capitalized\">Kaksoist\u00e4hdet<\/span>, joissa t\u00e4hdest\u00e4 toiseen virtaa kaasua, eiv\u00e4t ole mitenk\u00e4\u00e4n poikkeuksellisia. Yleens\u00e4 imurina toimiva osapuoli on valkoinen k\u00e4\u00e4pi\u00f6, suunnilleen Auringon kokoisen t\u00e4hden hiljalleen hiipuva j\u00e4\u00e4nne.<\/p>\n\n\n\n<blockquote class=\"wp-block-quote\"><p>Kaikki t\u00e4hdet eiv\u00e4t ole yht\u00e4 s\u00e4yseit\u00e4 ja seesteisi\u00e4.<\/p><\/blockquote>\n\n\n\n<p>Valkoiset k\u00e4\u00e4pi\u00f6t ovat korkeintaan puolisentoista kertaa Aurinkoa massiivisempia, mutta l\u00e4pimitaltaan ne ovat vain maapallon luokkaa.<\/p>\n\n\n\n<p>Nyt l\u00f6ytyneen pariskunnan tekee erikoiseksi toisen \u201dt\u00e4hden\u201d viel\u00e4 vaatimattomampi koko, sill\u00e4 sen arvioidaan olevan massaltaan vain noin kymmenesosa valkoisesta k\u00e4\u00e4pi\u00f6st\u00e4.<\/p>\n\n\n\n<p><span class=\"capitalized\">Tarkkaan ottaen<\/span> kyseess\u00e4 ei edes ole oikea t\u00e4hti, vaan ruskea k\u00e4\u00e4pi\u00f6. Sellaisiksi luokitellaan taivaankappaleet, jotka ovat liian isoja planeetoiksi, mutta liian pieni\u00e4 t\u00e4hdiksi.<\/p>\n\n\n\n<p>Niiden sisuksissa l\u00e4mp\u00f6tila ei nouse riitt\u00e4v\u00e4n korkeaksi, jotta fuusioreaktiot k\u00e4ynnistyisiv\u00e4t. Siksi ne s\u00e4teilev\u00e4t hyvin heikosti ja hohkaavat avaruuteen ainoastaan l\u00e4mp\u00f6\u00e4, joka niiden uumeniin on j\u00e4\u00e4nyt, kun ne aikoinaan ovat tiivistyneet t\u00e4htienv\u00e4lisest\u00e4 kaasupilvest\u00e4.<\/p>\n\n\n\n<p>Pienemp\u00e4\u00e4ns\u00e4 kiusaavan valkoisen k\u00e4\u00e4pi\u00f6n j\u00e4ljille p\u00e4\u00e4stiin tutkimalla jo k\u00e4yt\u00f6st\u00e4 poistuneen Kepler-avaruusteleskoopin arkistomateriaalia. Kepler etsi liki kymmenen vuoden ajan eksoplaneettoja tarkkailemalla t\u00e4htien kirkkauksia: jos planeetta kulkee Maasta katsottuna t\u00e4hden editse, se himmenee hetkellisesti.<\/p>\n\n\n\n<p>Samalla kun Kepler l\u00f6ysi yli 2 300 eksoplaneettaa ja toisen mokoman potentiaalisia kandidaatteja, se tuli bonganneeksi t\u00e4hti\u00e4, joiden kirkkaus vaihtelee muista syist\u00e4.<\/p>\n\n\n\n<p>T\u00e4ss\u00e4 kahden k\u00e4\u00e4pi\u00f6n tapauksessa kirkkaus kasvoi siksi, ett\u00e4 valkoisen k\u00e4\u00e4pi\u00f6n imuroima kaasu muodosti sen ymp\u00e4rille kiekon, jonka l\u00e4mp\u00f6tila nousi l\u00e4hes 12 000 celsiusasteeseen.<\/p>\n\n\n\n<p><span class=\"capitalized\">K\u00e4\u00e4pi\u00f6novaksi<\/span> kutsuttu purkaus kasvatti kaksoist\u00e4hden kirkkauden noin 1600-kertaiseksi. Muutamassa viikossa se oli palannut ennalleen, mutta jos muista samankaltaisista systeemeist\u00e4 tehdyt havainnot antavat mink\u00e4\u00e4nlaista osviittaa, odotettavissa on uusia kirkastumisia.<\/p>\n\n\n\n<p>&nbsp;<\/p>\n\n\n","protected":false},"excerpt":{"rendered":"<p>Talvella kitsaasti n\u00e4ytt\u00e4ytyv\u00e4 Aurinko loistaa jokseenkin tasaisesti vuosimiljardista toiseen, mutta kaikki t\u00e4hdet eiv\u00e4t ole yht\u00e4 s\u00e4yseit\u00e4 ja seesteisi\u00e4. Monien t\u00e4htien kirkkaus vaihtelee \u2013 esimerkiksi Orionin t\u00e4hdist\u00f6n oranssinpunainen Betelgeuze on viime aikoina himmentynyt<br \/>\nhuomattavasti&hellip;<\/p>\n","protected":false},"author":557,"featured_media":2297,"comment_status":"open","ping_status":"open","sticky":false,"template":"","format":"standard","meta":{"_acf_changed":false,"asauth_required_access_level":3,"asauth_cansharepaid":"true","om_header_attributes":[],"footnotes":"","om_featured_image_focal_point":[],"om_primary_tag":0,"om_contributors":[],"om_co_authors":[],"beyondwords_generate_audio":"","beyondwords_project_id":"","beyondwords_content_id":"","beyondwords_preview_token":"","beyondwords_player_content":"","beyondwords_player_style":"","beyondwords_language_code":"","beyondwords_language_id":"","beyondwords_title_voice_id":"","beyondwords_body_voice_id":"","beyondwords_summary_voice_id":"","beyondwords_error_message":"","beyondwords_disabled":"","beyondwords_delete_content":"","beyondwords_podcast_id":"","beyondwords_hash":"","publish_post_to_speechkit":"","speechkit_hash":"","speechkit_generate_audio":"","speechkit_project_id":"","speechkit_podcast_id":"","speechkit_error_message":"","speechkit_disabled":"","speechkit_access_key":"","speechkit_error":"","speechkit_info":"","speechkit_response":"","speechkit_retries":"","speechkit_status":"","speechkit_updated_at":"","_speechkit_link":"","_speechkit_text":""},"categories":[1],"tags":[852,359,448,77],"class_list":["post-2296","post","type-post","status-publish","format-standard","has-post-thumbnail","hentry","category-taivaan-tahden","tag-kaapionova","tag-kaksoistahti","tag-ruskea-kaapio","tag-valkoinen-kaapio"],"om_views":null,"acf":{"tuuma_off":false,"tuuma_kysymys":"","tuuma_vastaus":""},"asauth":{"required_access_level":1,"share_token":"","is_paid":false},"yoast_head":"<!-- This site is optimized with the Yoast SEO plugin v26.4 - https:\/\/yoast.com\/wordpress\/plugins\/seo\/ -->\n<title>Vampyyrit\u00e4hti j\u00e4i kiinni rys\u00e4n p\u00e4\u00e4lt\u00e4 - Taivaan t\u00e4hden<\/title>\n<meta name=\"robots\" content=\"index, follow, max-snippet:-1, max-image-preview:large, max-video-preview:-1\" \/>\n<link rel=\"canonical\" href=\"https:\/\/suomenkuvalehti.fi\/taivaan-tahden\/2020\/01\/26\/vampyyritahti-jai-kiinni-rysan-paalta\/\" \/>\n<meta property=\"og:locale\" content=\"fi_FI\" \/>\n<meta property=\"og:type\" content=\"article\" \/>\n<meta property=\"og:title\" content=\"Vampyyrit\u00e4hti j\u00e4i kiinni rys\u00e4n p\u00e4\u00e4lt\u00e4 - Taivaan t\u00e4hden\" \/>\n<meta property=\"og:description\" content=\"Talvella kitsaasti n\u00e4ytt\u00e4ytyv\u00e4 Aurinko loistaa jokseenkin tasaisesti vuosimiljardista toiseen, mutta kaikki t\u00e4hdet eiv\u00e4t ole yht\u00e4 s\u00e4yseit\u00e4 ja seesteisi\u00e4. Monien t\u00e4htien kirkkaus vaihtelee \u2013 esimerkiksi Orionin t\u00e4hdist\u00f6n oranssinpunainen Betelgeuze on viime aikoina himmentynyt huomattavasti&hellip;\" \/>\n<meta property=\"og:url\" content=\"https:\/\/suomenkuvalehti.fi\/taivaan-tahden\/2020\/01\/26\/vampyyritahti-jai-kiinni-rysan-paalta\/\" \/>\n<meta property=\"og:site_name\" content=\"Taivaan t\u00e4hden\" \/>\n<meta property=\"article:published_time\" content=\"2020-01-26T08:40:22+00:00\" \/>\n<meta property=\"og:image\" content=\"https:\/\/suomenkuvalehti.fi\/taivaan-tahden\/wp-content\/uploads\/sites\/36\/2020\/01\/suneater.jpg\" \/>\n\t<meta property=\"og:image:width\" content=\"1260\" \/>\n\t<meta property=\"og:image:height\" content=\"661\" \/>\n\t<meta property=\"og:image:type\" content=\"image\/jpeg\" \/>\n<meta name=\"author\" content=\"Markus Hotakainen\" \/>\n<meta name=\"twitter:card\" content=\"summary_large_image\" \/>\n<meta name=\"twitter:label1\" content=\"Written by\" \/>\n\t<meta name=\"twitter:data1\" content=\"Markus Hotakainen\" \/>\n\t<meta name=\"twitter:label2\" content=\"Est. reading time\" \/>\n\t<meta name=\"twitter:data2\" content=\"2 minuuttia\" \/>\n<script type=\"application\/ld+json\" class=\"yoast-schema-graph\">{\"@context\":\"https:\/\/schema.org\",\"@graph\":[{\"@type\":\"WebPage\",\"@id\":\"https:\/\/suomenkuvalehti.fi\/taivaan-tahden\/2020\/01\/26\/vampyyritahti-jai-kiinni-rysan-paalta\/\",\"url\":\"https:\/\/suomenkuvalehti.fi\/taivaan-tahden\/2020\/01\/26\/vampyyritahti-jai-kiinni-rysan-paalta\/\",\"name\":\"Vampyyrit\u00e4hti j\u00e4i kiinni rys\u00e4n p\u00e4\u00e4lt\u00e4 - Taivaan t\u00e4hden\",\"isPartOf\":{\"@id\":\"https:\/\/suomenkuvalehti.fi\/taivaan-tahden\/#website\"},\"primaryImageOfPage\":{\"@id\":\"https:\/\/suomenkuvalehti.fi\/taivaan-tahden\/2020\/01\/26\/vampyyritahti-jai-kiinni-rysan-paalta\/#primaryimage\"},\"image\":{\"@id\":\"https:\/\/suomenkuvalehti.fi\/taivaan-tahden\/2020\/01\/26\/vampyyritahti-jai-kiinni-rysan-paalta\/#primaryimage\"},\"thumbnailUrl\":\"https:\/\/suomenkuvalehti.fi\/taivaan-tahden\/wp-content\/uploads\/sites\/36\/2020\/01\/suneater.jpg\",\"datePublished\":\"2020-01-26T08:40:22+00:00\",\"author\":{\"@id\":\"https:\/\/suomenkuvalehti.fi\/taivaan-tahden\/#\/schema\/person\/c9c1373acb19750e11084ef640abeae0\"},\"breadcrumb\":{\"@id\":\"https:\/\/suomenkuvalehti.fi\/taivaan-tahden\/2020\/01\/26\/vampyyritahti-jai-kiinni-rysan-paalta\/#breadcrumb\"},\"inLanguage\":\"fi\",\"potentialAction\":[{\"@type\":\"ReadAction\",\"target\":[\"https:\/\/suomenkuvalehti.fi\/taivaan-tahden\/2020\/01\/26\/vampyyritahti-jai-kiinni-rysan-paalta\/\"]}]},{\"@type\":\"ImageObject\",\"inLanguage\":\"fi\",\"@id\":\"https:\/\/suomenkuvalehti.fi\/taivaan-tahden\/2020\/01\/26\/vampyyritahti-jai-kiinni-rysan-paalta\/#primaryimage\",\"url\":\"https:\/\/suomenkuvalehti.fi\/taivaan-tahden\/wp-content\/uploads\/sites\/36\/2020\/01\/suneater.jpg\",\"contentUrl\":\"https:\/\/suomenkuvalehti.fi\/taivaan-tahden\/wp-content\/uploads\/sites\/36\/2020\/01\/suneater.jpg\",\"width\":1260,\"height\":661,\"caption\":\"Valkoinen k\u00e4\u00e4pi\u00f6 riist\u00e4\u00e4 raa\u2019asti ruskeaa k\u00e4\u00e4pi\u00f6t\u00e4. Kuva: NASA\/L. Hustak\/STScI\"},{\"@type\":\"BreadcrumbList\",\"@id\":\"https:\/\/suomenkuvalehti.fi\/taivaan-tahden\/2020\/01\/26\/vampyyritahti-jai-kiinni-rysan-paalta\/#breadcrumb\",\"itemListElement\":[{\"@type\":\"ListItem\",\"position\":1,\"name\":\"Home\",\"item\":\"https:\/\/suomenkuvalehti.fi\/taivaan-tahden\/\"},{\"@type\":\"ListItem\",\"position\":2,\"name\":\"Vampyyrit\u00e4hti j\u00e4i kiinni rys\u00e4n p\u00e4\u00e4lt\u00e4\"}]},{\"@type\":\"WebSite\",\"@id\":\"https:\/\/suomenkuvalehti.fi\/taivaan-tahden\/#website\",\"url\":\"https:\/\/suomenkuvalehti.fi\/taivaan-tahden\/\",\"name\":\"Taivaan t\u00e4hden\",\"description\":\"Tiedetoimittaja Markus Hotakainen h\u00e4mm\u00e4stelee maailmankaikkeutta.\",\"potentialAction\":[{\"@type\":\"SearchAction\",\"target\":{\"@type\":\"EntryPoint\",\"urlTemplate\":\"https:\/\/suomenkuvalehti.fi\/haku\/?q={search_term_string}\"},\"query-input\":{\"@type\":\"PropertyValueSpecification\",\"valueRequired\":true,\"valueName\":\"search_term_string\"}}],\"inLanguage\":\"fi\"},{\"@type\":\"Person\",\"@id\":\"https:\/\/suomenkuvalehti.fi\/taivaan-tahden\/#\/schema\/person\/c9c1373acb19750e11084ef640abeae0\",\"name\":\"Markus Hotakainen\",\"image\":{\"@type\":\"ImageObject\",\"inLanguage\":\"fi\",\"@id\":\"https:\/\/suomenkuvalehti.fi\/taivaan-tahden\/#\/schema\/person\/image\/\",\"url\":\"https:\/\/suomenkuvalehti.fi\/taivaan-tahden\/wp-content\/uploads\/sites\/36\/2018\/05\/markus_hotakainen_blogi_pieni-150x150.jpg\",\"contentUrl\":\"https:\/\/suomenkuvalehti.fi\/taivaan-tahden\/wp-content\/uploads\/sites\/36\/2018\/05\/markus_hotakainen_blogi_pieni-150x150.jpg\",\"caption\":\"Markus Hotakainen\"},\"description\":\"Kirjoittaja on tiedetoimittaja ja tietokirjailija.\"}]}<\/script>\n<!-- \/ Yoast SEO plugin. -->","yoast_head_json":{"title":"Vampyyrit\u00e4hti j\u00e4i kiinni rys\u00e4n p\u00e4\u00e4lt\u00e4 - Taivaan t\u00e4hden","robots":{"index":"index","follow":"follow","max-snippet":"max-snippet:-1","max-image-preview":"max-image-preview:large","max-video-preview":"max-video-preview:-1"},"canonical":"https:\/\/suomenkuvalehti.fi\/taivaan-tahden\/2020\/01\/26\/vampyyritahti-jai-kiinni-rysan-paalta\/","og_locale":"fi_FI","og_type":"article","og_title":"Vampyyrit\u00e4hti j\u00e4i kiinni rys\u00e4n p\u00e4\u00e4lt\u00e4 - Taivaan t\u00e4hden","og_description":"Talvella kitsaasti n\u00e4ytt\u00e4ytyv\u00e4 Aurinko loistaa jokseenkin tasaisesti vuosimiljardista toiseen, mutta kaikki t\u00e4hdet eiv\u00e4t ole yht\u00e4 s\u00e4yseit\u00e4 ja seesteisi\u00e4. Monien t\u00e4htien kirkkaus vaihtelee \u2013 esimerkiksi Orionin t\u00e4hdist\u00f6n oranssinpunainen Betelgeuze on viime aikoina himmentynyt huomattavasti&hellip;","og_url":"https:\/\/suomenkuvalehti.fi\/taivaan-tahden\/2020\/01\/26\/vampyyritahti-jai-kiinni-rysan-paalta\/","og_site_name":"Taivaan t\u00e4hden","article_published_time":"2020-01-26T08:40:22+00:00","og_image":[{"width":1260,"height":661,"url":"https:\/\/suomenkuvalehti.fi\/taivaan-tahden\/wp-content\/uploads\/sites\/36\/2020\/01\/suneater.jpg","type":"image\/jpeg"}],"author":"Markus Hotakainen","twitter_card":"summary_large_image","twitter_misc":{"Written by":"Markus Hotakainen","Est. reading time":"2 minuuttia"},"schema":{"@context":"https:\/\/schema.org","@graph":[{"@type":"WebPage","@id":"https:\/\/suomenkuvalehti.fi\/taivaan-tahden\/2020\/01\/26\/vampyyritahti-jai-kiinni-rysan-paalta\/","url":"https:\/\/suomenkuvalehti.fi\/taivaan-tahden\/2020\/01\/26\/vampyyritahti-jai-kiinni-rysan-paalta\/","name":"Vampyyrit\u00e4hti j\u00e4i kiinni rys\u00e4n p\u00e4\u00e4lt\u00e4 - Taivaan t\u00e4hden","isPartOf":{"@id":"https:\/\/suomenkuvalehti.fi\/taivaan-tahden\/#website"},"primaryImageOfPage":{"@id":"https:\/\/suomenkuvalehti.fi\/taivaan-tahden\/2020\/01\/26\/vampyyritahti-jai-kiinni-rysan-paalta\/#primaryimage"},"image":{"@id":"https:\/\/suomenkuvalehti.fi\/taivaan-tahden\/2020\/01\/26\/vampyyritahti-jai-kiinni-rysan-paalta\/#primaryimage"},"thumbnailUrl":"https:\/\/suomenkuvalehti.fi\/taivaan-tahden\/wp-content\/uploads\/sites\/36\/2020\/01\/suneater.jpg","datePublished":"2020-01-26T08:40:22+00:00","author":{"@id":"https:\/\/suomenkuvalehti.fi\/taivaan-tahden\/#\/schema\/person\/c9c1373acb19750e11084ef640abeae0"},"breadcrumb":{"@id":"https:\/\/suomenkuvalehti.fi\/taivaan-tahden\/2020\/01\/26\/vampyyritahti-jai-kiinni-rysan-paalta\/#breadcrumb"},"inLanguage":"fi","potentialAction":[{"@type":"ReadAction","target":["https:\/\/suomenkuvalehti.fi\/taivaan-tahden\/2020\/01\/26\/vampyyritahti-jai-kiinni-rysan-paalta\/"]}]},{"@type":"ImageObject","inLanguage":"fi","@id":"https:\/\/suomenkuvalehti.fi\/taivaan-tahden\/2020\/01\/26\/vampyyritahti-jai-kiinni-rysan-paalta\/#primaryimage","url":"https:\/\/suomenkuvalehti.fi\/taivaan-tahden\/wp-content\/uploads\/sites\/36\/2020\/01\/suneater.jpg","contentUrl":"https:\/\/suomenkuvalehti.fi\/taivaan-tahden\/wp-content\/uploads\/sites\/36\/2020\/01\/suneater.jpg","width":1260,"height":661,"caption":"Valkoinen k\u00e4\u00e4pi\u00f6 riist\u00e4\u00e4 raa\u2019asti ruskeaa k\u00e4\u00e4pi\u00f6t\u00e4. Kuva: NASA\/L. Hustak\/STScI"},{"@type":"BreadcrumbList","@id":"https:\/\/suomenkuvalehti.fi\/taivaan-tahden\/2020\/01\/26\/vampyyritahti-jai-kiinni-rysan-paalta\/#breadcrumb","itemListElement":[{"@type":"ListItem","position":1,"name":"Home","item":"https:\/\/suomenkuvalehti.fi\/taivaan-tahden\/"},{"@type":"ListItem","position":2,"name":"Vampyyrit\u00e4hti j\u00e4i kiinni rys\u00e4n p\u00e4\u00e4lt\u00e4"}]},{"@type":"WebSite","@id":"https:\/\/suomenkuvalehti.fi\/taivaan-tahden\/#website","url":"https:\/\/suomenkuvalehti.fi\/taivaan-tahden\/","name":"Taivaan t\u00e4hden","description":"Tiedetoimittaja Markus Hotakainen h\u00e4mm\u00e4stelee maailmankaikkeutta.","potentialAction":[{"@type":"SearchAction","target":{"@type":"EntryPoint","urlTemplate":"https:\/\/suomenkuvalehti.fi\/haku\/?q={search_term_string}"},"query-input":{"@type":"PropertyValueSpecification","valueRequired":true,"valueName":"search_term_string"}}],"inLanguage":"fi"},{"@type":"Person","@id":"https:\/\/suomenkuvalehti.fi\/taivaan-tahden\/#\/schema\/person\/c9c1373acb19750e11084ef640abeae0","name":"Markus Hotakainen","image":{"@type":"ImageObject","inLanguage":"fi","@id":"https:\/\/suomenkuvalehti.fi\/taivaan-tahden\/#\/schema\/person\/image\/","url":"https:\/\/suomenkuvalehti.fi\/taivaan-tahden\/wp-content\/uploads\/sites\/36\/2018\/05\/markus_hotakainen_blogi_pieni-150x150.jpg","contentUrl":"https:\/\/suomenkuvalehti.fi\/taivaan-tahden\/wp-content\/uploads\/sites\/36\/2018\/05\/markus_hotakainen_blogi_pieni-150x150.jpg","caption":"Markus Hotakainen"},"description":"Kirjoittaja on tiedetoimittaja ja tietokirjailija."}]}},"_links":{"self":[{"href":"https:\/\/suomenkuvalehti.fi\/taivaan-tahden\/wp-json\/wp\/v2\/posts\/2296","targetHints":{"allow":["GET"]}}],"collection":[{"href":"https:\/\/suomenkuvalehti.fi\/taivaan-tahden\/wp-json\/wp\/v2\/posts"}],"about":[{"href":"https:\/\/suomenkuvalehti.fi\/taivaan-tahden\/wp-json\/wp\/v2\/types\/post"}],"author":[{"embeddable":true,"href":"https:\/\/suomenkuvalehti.fi\/taivaan-tahden\/wp-json\/wp\/v2\/users\/557"}],"replies":[{"embeddable":true,"href":"https:\/\/suomenkuvalehti.fi\/taivaan-tahden\/wp-json\/wp\/v2\/comments?post=2296"}],"version-history":[{"count":3,"href":"https:\/\/suomenkuvalehti.fi\/taivaan-tahden\/wp-json\/wp\/v2\/posts\/2296\/revisions"}],"predecessor-version":[{"id":2300,"href":"https:\/\/suomenkuvalehti.fi\/taivaan-tahden\/wp-json\/wp\/v2\/posts\/2296\/revisions\/2300"}],"wp:featuredmedia":[{"embeddable":true,"href":"https:\/\/suomenkuvalehti.fi\/taivaan-tahden\/wp-json\/wp\/v2\/media\/2297"}],"wp:attachment":[{"href":"https:\/\/suomenkuvalehti.fi\/taivaan-tahden\/wp-json\/wp\/v2\/media?parent=2296"}],"wp:term":[{"taxonomy":"category","embeddable":true,"href":"https:\/\/suomenkuvalehti.fi\/taivaan-tahden\/wp-json\/wp\/v2\/categories?post=2296"},{"taxonomy":"post_tag","embeddable":true,"href":"https:\/\/suomenkuvalehti.fi\/taivaan-tahden\/wp-json\/wp\/v2\/tags?post=2296"}],"curies":[{"name":"wp","href":"https:\/\/api.w.org\/{rel}","templated":true}]}}