{"id":2279,"date":"2020-01-08T07:06:48","date_gmt":"2020-01-08T05:06:48","guid":{"rendered":"https:\/\/suomenkuvalehti.fi\/taivaan-tahden\/?p=2279"},"modified":"2020-01-08T07:06:48","modified_gmt":"2020-01-08T05:06:48","slug":"orionin-olkapaalla-posahtaa-kohta","status":"publish","type":"post","link":"https:\/\/suomenkuvalehti.fi\/taivaan-tahden\/2020\/01\/08\/orionin-olkapaalla-posahtaa-kohta\/","title":{"rendered":"Orionin olkap\u00e4\u00e4ll\u00e4 posahtaa kohta"},"content":{"rendered":"<figure class=\"aligncenter size-large is-resized wp-block-image\">\n  <div class=\"wp-block-image__inner-container\">\n    <a href=\"https:\/\/suomenkuvalehti.fi\/taivaan-tahden\/wp-content\/uploads\/sites\/36\/2020\/01\/orion_21022017.jpeg\"><img loading=\"lazy\" decoding=\"async\" src=\"https:\/\/suomenkuvalehti.fi\/taivaan-tahden\/wp-content\/uploads\/sites\/36\/2020\/01\/orion_21022017-1024x683.jpeg\" alt=\"\" class=\"wp-image-2280\" width=\"1024\" height=\"683\" style=\"--aspect-ratio: 1.5\" srcset=\"https:\/\/suomenkuvalehti.fi\/taivaan-tahden\/wp-content\/uploads\/sites\/36\/2020\/01\/orion_21022017-1024x683.jpeg 1024w, https:\/\/suomenkuvalehti.fi\/taivaan-tahden\/wp-content\/uploads\/sites\/36\/2020\/01\/orion_21022017-300x200.jpeg 300w, https:\/\/suomenkuvalehti.fi\/taivaan-tahden\/wp-content\/uploads\/sites\/36\/2020\/01\/orion_21022017-768x512.jpeg 768w, https:\/\/suomenkuvalehti.fi\/taivaan-tahden\/wp-content\/uploads\/sites\/36\/2020\/01\/orion_21022017-630x420.jpeg 630w, https:\/\/suomenkuvalehti.fi\/taivaan-tahden\/wp-content\/uploads\/sites\/36\/2020\/01\/orion_21022017.jpeg 1575w\" sizes=\"auto, (max-width: 1024px) 100vw, 1024px\" \/><\/a>    <figcaption class=\"wp-block-image__figcaption\">\n      Orionin t\u00e4hdist\u00f6 ja Betelgeuze talvisella taivaalla. Kuva: Markus Hotakainen          <\/figcaption>\n      <\/div>\n<\/figure>\n\n\n<p><span class=\"capitalized\">Betelgeuze himmenee!<\/span><\/p>\n\n\n\n<p>Talvista y\u00f6taivasta hallitsevan Orionin t\u00e4htikuvion vasemmassa yl\u00e4kulmassa loistava oranssinpunainen j\u00e4ttil\u00e4ist\u00e4hti ei ole entisell\u00e4\u00e4n. Viime viikkoina \u2013 eli t\u00e4htitieteellisess\u00e4 aikaskaalassa hyvin nopeasti \u2013 se on himmentynyt kokonaisen magnitudin verran.<\/p>\n\n\n\n<p>Kun Betelgeuzen n\u00e4enn\u00e4inen kirkkaus oli viel\u00e4 viime syksyn\u00e4 luokkaa 0,5, se on nyt noin 1,5. Magnitudiasteikolla se tarkoittaa, ett\u00e4 t\u00e4hti oli aiemmin 2,5 kertaa nykyist\u00e4 kirkkaampi.<\/p>\n\n\n\n<p><span class=\"capitalized\">Tai nykyist\u00e4<\/span> ja nykyist\u00e4: Betelgeuze n\u00e4ytt\u00e4\u00e4 olevan himmenem\u00e4ss\u00e4 edelleen.<\/p>\n\n\n\n<p>Kun se on aiemmin ollut taivaan kymmenen kirkkaimman t\u00e4hden joukossa, nyt se ei en\u00e4\u00e4 mahdu 20 kirkkaimman sakkiin.<\/p>\n\n\n\n<p>Sin\u00e4ns\u00e4 siin\u00e4 ei ole mit\u00e4\u00e4n yll\u00e4tt\u00e4v\u00e4\u00e4. Betelgeuze on el\u00e4m\u00e4ns\u00e4 ehtoopuolella oleva punainen j\u00e4ttil\u00e4ist\u00e4hti, jonka kirkkaus muuttuu hitaasti. Pitk\u00e4aikaisten mittausten perusteella vaihtelulla on kaksi jaksoa, hieman alle kuusi vuotta ja noin 425 vuorokautta.<\/p>\n\n\n\n<p><span class=\"capitalized\">Ilmeisesti nyt<\/span> ollaan kummankin jakson minimiss\u00e4 ja siksi Betelgeuze on himme\u00e4mpi kuin koskaan aiemmin sin\u00e4 aikana, kun t\u00e4htien kirkkautta on pystytty mittaamaan tarkasti.<\/p>\n\n\n\n<p>Massiivisten t\u00e4htien kehityksess\u00e4 punainen j\u00e4ttil\u00e4isvaihe tarkoittaa sit\u00e4, ett\u00e4 t\u00e4hden kohtalo on sinet\u00f6ity.<\/p>\n\n\n\n<p>Aurinkokin laajenee muutaman miljardin vuoden kuluttua punaiseksi j\u00e4ttil\u00e4iseksi, mutta se on liian pieni saadakseen aikaan kosmisen ilotulituksen. Betelgeuze on yli kymmenen kertaa Aurinkoa raskaampi, joten se r\u00e4j\u00e4ht\u00e4\u00e4 supernovana.<\/p>\n\n\n\n<blockquote class=\"wp-block-quote\"><p>Se n\u00e4kyisi helposti keskell\u00e4 p\u00e4iv\u00e4\u00e4kin.<\/p><\/blockquote>\n\n\n\n<p>T\u00e4hti hajoaa ja j\u00e4ljelle j\u00e4\u00e4 hyvin tihe\u00e4, korkeintaan parinkymmenen kilometrin l\u00e4pimittainen neutronit\u00e4hti, viel\u00e4 pienempi musta aukko tai vain avaruuteen laajeneva kaasupilvi.<\/p>\n\n\n\n<p>Mutta milloin?<\/p>\n\n\n\n<p><span class=\"capitalized\">Otsikon \u201dkohta\u201d<\/span> on k\u00e4sitteen\u00e4 yht\u00e4 venyv\u00e4 ja ep\u00e4m\u00e4\u00e4r\u00e4inen kuin teinin aikataulu huoneen siivoamiselle.<\/p>\n\n\n\n<p>Betelgeuze voi r\u00e4j\u00e4ht\u00e4\u00e4 huomenna tai 100 000 vuoden p\u00e4\u00e4st\u00e4.<\/p>\n\n\n\n<p>T\u00e4htien kehityst\u00e4 ei tunneta niin hyvin, ett\u00e4 supernovar\u00e4j\u00e4hdyst\u00e4 osattaisiin ennustaa juuri mink\u00e4\u00e4nlaisella tarkkuudella.<\/p>\n\n\n\n<p>Kun Betelgeuze viimein posahtaa, sen kirkkaus kasvaa huimasti. Orionin olkap\u00e4\u00e4ll\u00e4 loistaa hetken aikaa kuoleva t\u00e4hti, jolla saattaa olla kirkkautta saman verran kuin t\u00e4ysikuulla. Se n\u00e4kyisi helposti keskell\u00e4 p\u00e4iv\u00e4\u00e4kin.<\/p>\n\n\n\n<p><span class=\"capitalized\">Supernovar\u00e4j\u00e4hdys<\/span> saa aikaan kirkkaan leimahduksen n\u00e4kyv\u00e4n valon alueella, mutta se syyt\u00e4\u00e4 ymp\u00e4rilleen my\u00f6s muita, el\u00e4m\u00e4n kannalta haitallisia aallonpituuksia.<\/p>\n\n\n\n<p>Betelgeuzen et\u00e4isyys on kuitenkin l\u00e4hes 650 valovuotta, joten n\u00e4in kaukana s\u00e4teily ei aiheuta vaaraa.<\/p>\n\n\n\n<p>T\u00e4\u00e4ll\u00e4 matoisella maapallolla ei siis ole syyt\u00e4 huoleen. Ainakaan Betelgeuzen suhteen.<\/p>\n\n\n\n<p>&nbsp;<\/p>\n\n\n\n<p>&nbsp;<\/p>\n\n\n\n<p>&nbsp;<\/p>\n\n\n","protected":false},"excerpt":{"rendered":"<p>Betelgeuze himmenee! Talvista y\u00f6taivasta hallitsevan Orionin t\u00e4htikuvion vasemmassa yl\u00e4kulmassa loistava oranssinpunainen j\u00e4ttil\u00e4ist\u00e4hti ei ole entisell\u00e4\u00e4n. Viime viikkoina \u2013 eli t\u00e4htitieteellisess\u00e4 aikaskaalassa hyvin nopeasti \u2013 se on himmentynyt kokonaisen magnitudin verran. Kun<br \/>\nBetelgeuzen n&hellip;<\/p>\n","protected":false},"author":557,"featured_media":2280,"comment_status":"open","ping_status":"open","sticky":false,"template":"","format":"standard","meta":{"_acf_changed":false,"asauth_required_access_level":3,"asauth_cansharepaid":"true","om_header_attributes":[],"footnotes":"","om_featured_image_focal_point":[],"om_primary_tag":0,"om_contributors":[],"om_co_authors":[],"beyondwords_generate_audio":"","beyondwords_project_id":"","beyondwords_content_id":"","beyondwords_preview_token":"","beyondwords_player_content":"","beyondwords_player_style":"","beyondwords_language_code":"","beyondwords_language_id":"","beyondwords_title_voice_id":"","beyondwords_body_voice_id":"","beyondwords_summary_voice_id":"","beyondwords_error_message":"","beyondwords_disabled":"","beyondwords_delete_content":"","beyondwords_podcast_id":"","beyondwords_hash":"","publish_post_to_speechkit":"","speechkit_hash":"","speechkit_generate_audio":"","speechkit_project_id":"","speechkit_podcast_id":"","speechkit_error_message":"","speechkit_disabled":"","speechkit_access_key":"","speechkit_error":"","speechkit_info":"","speechkit_response":"","speechkit_retries":"","speechkit_status":"","speechkit_updated_at":"","_speechkit_link":"","_speechkit_text":""},"categories":[1],"tags":[849,131,341],"class_list":["post-2279","post","type-post","status-publish","format-standard","has-post-thumbnail","hentry","category-taivaan-tahden","tag-betelgeuze","tag-orion","tag-supernova"],"om_views":null,"acf":{"tuuma_off":false,"tuuma_kysymys":"","tuuma_vastaus":""},"asauth":{"required_access_level":1,"share_token":"","is_paid":false},"yoast_head":"<!-- This site is optimized with the Yoast SEO plugin v26.4 - https:\/\/yoast.com\/wordpress\/plugins\/seo\/ -->\n<title>Orionin olkap\u00e4\u00e4ll\u00e4 posahtaa kohta - Taivaan t\u00e4hden<\/title>\n<meta name=\"robots\" content=\"index, follow, max-snippet:-1, max-image-preview:large, max-video-preview:-1\" \/>\n<link rel=\"canonical\" href=\"https:\/\/suomenkuvalehti.fi\/taivaan-tahden\/2020\/01\/08\/orionin-olkapaalla-posahtaa-kohta\/\" \/>\n<meta property=\"og:locale\" content=\"fi_FI\" \/>\n<meta property=\"og:type\" content=\"article\" \/>\n<meta property=\"og:title\" content=\"Orionin olkap\u00e4\u00e4ll\u00e4 posahtaa kohta - Taivaan t\u00e4hden\" \/>\n<meta property=\"og:description\" content=\"Betelgeuze himmenee! Talvista y\u00f6taivasta hallitsevan Orionin t\u00e4htikuvion vasemmassa yl\u00e4kulmassa loistava oranssinpunainen j\u00e4ttil\u00e4ist\u00e4hti ei ole entisell\u00e4\u00e4n. Viime viikkoina \u2013 eli t\u00e4htitieteellisess\u00e4 aikaskaalassa hyvin nopeasti \u2013 se on himmentynyt kokonaisen magnitudin verran. Kun Betelgeuzen n&hellip;\" \/>\n<meta property=\"og:url\" content=\"https:\/\/suomenkuvalehti.fi\/taivaan-tahden\/2020\/01\/08\/orionin-olkapaalla-posahtaa-kohta\/\" \/>\n<meta property=\"og:site_name\" content=\"Taivaan t\u00e4hden\" \/>\n<meta property=\"article:published_time\" content=\"2020-01-08T05:06:48+00:00\" \/>\n<meta property=\"og:image\" content=\"https:\/\/suomenkuvalehti.fi\/taivaan-tahden\/wp-content\/uploads\/sites\/36\/2020\/01\/orion_21022017.jpeg\" \/>\n\t<meta property=\"og:image:width\" content=\"1575\" \/>\n\t<meta property=\"og:image:height\" content=\"1050\" \/>\n\t<meta property=\"og:image:type\" content=\"image\/jpeg\" \/>\n<meta name=\"author\" content=\"Markus Hotakainen\" \/>\n<meta name=\"twitter:card\" content=\"summary_large_image\" \/>\n<meta name=\"twitter:label1\" content=\"Written by\" \/>\n\t<meta name=\"twitter:data1\" content=\"Markus Hotakainen\" \/>\n\t<meta name=\"twitter:label2\" content=\"Est. reading time\" \/>\n\t<meta name=\"twitter:data2\" content=\"2 minuuttia\" \/>\n<script type=\"application\/ld+json\" class=\"yoast-schema-graph\">{\"@context\":\"https:\/\/schema.org\",\"@graph\":[{\"@type\":\"WebPage\",\"@id\":\"https:\/\/suomenkuvalehti.fi\/taivaan-tahden\/2020\/01\/08\/orionin-olkapaalla-posahtaa-kohta\/\",\"url\":\"https:\/\/suomenkuvalehti.fi\/taivaan-tahden\/2020\/01\/08\/orionin-olkapaalla-posahtaa-kohta\/\",\"name\":\"Orionin olkap\u00e4\u00e4ll\u00e4 posahtaa kohta - Taivaan t\u00e4hden\",\"isPartOf\":{\"@id\":\"https:\/\/suomenkuvalehti.fi\/taivaan-tahden\/#website\"},\"primaryImageOfPage\":{\"@id\":\"https:\/\/suomenkuvalehti.fi\/taivaan-tahden\/2020\/01\/08\/orionin-olkapaalla-posahtaa-kohta\/#primaryimage\"},\"image\":{\"@id\":\"https:\/\/suomenkuvalehti.fi\/taivaan-tahden\/2020\/01\/08\/orionin-olkapaalla-posahtaa-kohta\/#primaryimage\"},\"thumbnailUrl\":\"https:\/\/suomenkuvalehti.fi\/taivaan-tahden\/wp-content\/uploads\/sites\/36\/2020\/01\/orion_21022017.jpeg\",\"datePublished\":\"2020-01-08T05:06:48+00:00\",\"author\":{\"@id\":\"https:\/\/suomenkuvalehti.fi\/taivaan-tahden\/#\/schema\/person\/c9c1373acb19750e11084ef640abeae0\"},\"breadcrumb\":{\"@id\":\"https:\/\/suomenkuvalehti.fi\/taivaan-tahden\/2020\/01\/08\/orionin-olkapaalla-posahtaa-kohta\/#breadcrumb\"},\"inLanguage\":\"fi\",\"potentialAction\":[{\"@type\":\"ReadAction\",\"target\":[\"https:\/\/suomenkuvalehti.fi\/taivaan-tahden\/2020\/01\/08\/orionin-olkapaalla-posahtaa-kohta\/\"]}]},{\"@type\":\"ImageObject\",\"inLanguage\":\"fi\",\"@id\":\"https:\/\/suomenkuvalehti.fi\/taivaan-tahden\/2020\/01\/08\/orionin-olkapaalla-posahtaa-kohta\/#primaryimage\",\"url\":\"https:\/\/suomenkuvalehti.fi\/taivaan-tahden\/wp-content\/uploads\/sites\/36\/2020\/01\/orion_21022017.jpeg\",\"contentUrl\":\"https:\/\/suomenkuvalehti.fi\/taivaan-tahden\/wp-content\/uploads\/sites\/36\/2020\/01\/orion_21022017.jpeg\",\"width\":1575,\"height\":1050,\"caption\":\"Orionin t\u00e4hdist\u00f6 ja Betelgeuze talvisella taivaalla. Kuva: Markus Hotakainen\"},{\"@type\":\"BreadcrumbList\",\"@id\":\"https:\/\/suomenkuvalehti.fi\/taivaan-tahden\/2020\/01\/08\/orionin-olkapaalla-posahtaa-kohta\/#breadcrumb\",\"itemListElement\":[{\"@type\":\"ListItem\",\"position\":1,\"name\":\"Home\",\"item\":\"https:\/\/suomenkuvalehti.fi\/taivaan-tahden\/\"},{\"@type\":\"ListItem\",\"position\":2,\"name\":\"Orionin olkap\u00e4\u00e4ll\u00e4 posahtaa kohta\"}]},{\"@type\":\"WebSite\",\"@id\":\"https:\/\/suomenkuvalehti.fi\/taivaan-tahden\/#website\",\"url\":\"https:\/\/suomenkuvalehti.fi\/taivaan-tahden\/\",\"name\":\"Taivaan t\u00e4hden\",\"description\":\"Tiedetoimittaja Markus Hotakainen h\u00e4mm\u00e4stelee maailmankaikkeutta.\",\"potentialAction\":[{\"@type\":\"SearchAction\",\"target\":{\"@type\":\"EntryPoint\",\"urlTemplate\":\"https:\/\/suomenkuvalehti.fi\/haku\/?q={search_term_string}\"},\"query-input\":{\"@type\":\"PropertyValueSpecification\",\"valueRequired\":true,\"valueName\":\"search_term_string\"}}],\"inLanguage\":\"fi\"},{\"@type\":\"Person\",\"@id\":\"https:\/\/suomenkuvalehti.fi\/taivaan-tahden\/#\/schema\/person\/c9c1373acb19750e11084ef640abeae0\",\"name\":\"Markus Hotakainen\",\"image\":{\"@type\":\"ImageObject\",\"inLanguage\":\"fi\",\"@id\":\"https:\/\/suomenkuvalehti.fi\/taivaan-tahden\/#\/schema\/person\/image\/\",\"url\":\"https:\/\/suomenkuvalehti.fi\/taivaan-tahden\/wp-content\/uploads\/sites\/36\/2018\/05\/markus_hotakainen_blogi_pieni-150x150.jpg\",\"contentUrl\":\"https:\/\/suomenkuvalehti.fi\/taivaan-tahden\/wp-content\/uploads\/sites\/36\/2018\/05\/markus_hotakainen_blogi_pieni-150x150.jpg\",\"caption\":\"Markus Hotakainen\"},\"description\":\"Kirjoittaja on tiedetoimittaja ja tietokirjailija.\"}]}<\/script>\n<!-- \/ Yoast SEO plugin. -->","yoast_head_json":{"title":"Orionin olkap\u00e4\u00e4ll\u00e4 posahtaa kohta - Taivaan t\u00e4hden","robots":{"index":"index","follow":"follow","max-snippet":"max-snippet:-1","max-image-preview":"max-image-preview:large","max-video-preview":"max-video-preview:-1"},"canonical":"https:\/\/suomenkuvalehti.fi\/taivaan-tahden\/2020\/01\/08\/orionin-olkapaalla-posahtaa-kohta\/","og_locale":"fi_FI","og_type":"article","og_title":"Orionin olkap\u00e4\u00e4ll\u00e4 posahtaa kohta - Taivaan t\u00e4hden","og_description":"Betelgeuze himmenee! Talvista y\u00f6taivasta hallitsevan Orionin t\u00e4htikuvion vasemmassa yl\u00e4kulmassa loistava oranssinpunainen j\u00e4ttil\u00e4ist\u00e4hti ei ole entisell\u00e4\u00e4n. Viime viikkoina \u2013 eli t\u00e4htitieteellisess\u00e4 aikaskaalassa hyvin nopeasti \u2013 se on himmentynyt kokonaisen magnitudin verran. Kun Betelgeuzen n&hellip;","og_url":"https:\/\/suomenkuvalehti.fi\/taivaan-tahden\/2020\/01\/08\/orionin-olkapaalla-posahtaa-kohta\/","og_site_name":"Taivaan t\u00e4hden","article_published_time":"2020-01-08T05:06:48+00:00","og_image":[{"width":1575,"height":1050,"url":"https:\/\/suomenkuvalehti.fi\/taivaan-tahden\/wp-content\/uploads\/sites\/36\/2020\/01\/orion_21022017.jpeg","type":"image\/jpeg"}],"author":"Markus Hotakainen","twitter_card":"summary_large_image","twitter_misc":{"Written by":"Markus Hotakainen","Est. reading time":"2 minuuttia"},"schema":{"@context":"https:\/\/schema.org","@graph":[{"@type":"WebPage","@id":"https:\/\/suomenkuvalehti.fi\/taivaan-tahden\/2020\/01\/08\/orionin-olkapaalla-posahtaa-kohta\/","url":"https:\/\/suomenkuvalehti.fi\/taivaan-tahden\/2020\/01\/08\/orionin-olkapaalla-posahtaa-kohta\/","name":"Orionin olkap\u00e4\u00e4ll\u00e4 posahtaa kohta - Taivaan t\u00e4hden","isPartOf":{"@id":"https:\/\/suomenkuvalehti.fi\/taivaan-tahden\/#website"},"primaryImageOfPage":{"@id":"https:\/\/suomenkuvalehti.fi\/taivaan-tahden\/2020\/01\/08\/orionin-olkapaalla-posahtaa-kohta\/#primaryimage"},"image":{"@id":"https:\/\/suomenkuvalehti.fi\/taivaan-tahden\/2020\/01\/08\/orionin-olkapaalla-posahtaa-kohta\/#primaryimage"},"thumbnailUrl":"https:\/\/suomenkuvalehti.fi\/taivaan-tahden\/wp-content\/uploads\/sites\/36\/2020\/01\/orion_21022017.jpeg","datePublished":"2020-01-08T05:06:48+00:00","author":{"@id":"https:\/\/suomenkuvalehti.fi\/taivaan-tahden\/#\/schema\/person\/c9c1373acb19750e11084ef640abeae0"},"breadcrumb":{"@id":"https:\/\/suomenkuvalehti.fi\/taivaan-tahden\/2020\/01\/08\/orionin-olkapaalla-posahtaa-kohta\/#breadcrumb"},"inLanguage":"fi","potentialAction":[{"@type":"ReadAction","target":["https:\/\/suomenkuvalehti.fi\/taivaan-tahden\/2020\/01\/08\/orionin-olkapaalla-posahtaa-kohta\/"]}]},{"@type":"ImageObject","inLanguage":"fi","@id":"https:\/\/suomenkuvalehti.fi\/taivaan-tahden\/2020\/01\/08\/orionin-olkapaalla-posahtaa-kohta\/#primaryimage","url":"https:\/\/suomenkuvalehti.fi\/taivaan-tahden\/wp-content\/uploads\/sites\/36\/2020\/01\/orion_21022017.jpeg","contentUrl":"https:\/\/suomenkuvalehti.fi\/taivaan-tahden\/wp-content\/uploads\/sites\/36\/2020\/01\/orion_21022017.jpeg","width":1575,"height":1050,"caption":"Orionin t\u00e4hdist\u00f6 ja Betelgeuze talvisella taivaalla. Kuva: Markus Hotakainen"},{"@type":"BreadcrumbList","@id":"https:\/\/suomenkuvalehti.fi\/taivaan-tahden\/2020\/01\/08\/orionin-olkapaalla-posahtaa-kohta\/#breadcrumb","itemListElement":[{"@type":"ListItem","position":1,"name":"Home","item":"https:\/\/suomenkuvalehti.fi\/taivaan-tahden\/"},{"@type":"ListItem","position":2,"name":"Orionin olkap\u00e4\u00e4ll\u00e4 posahtaa kohta"}]},{"@type":"WebSite","@id":"https:\/\/suomenkuvalehti.fi\/taivaan-tahden\/#website","url":"https:\/\/suomenkuvalehti.fi\/taivaan-tahden\/","name":"Taivaan t\u00e4hden","description":"Tiedetoimittaja Markus Hotakainen h\u00e4mm\u00e4stelee maailmankaikkeutta.","potentialAction":[{"@type":"SearchAction","target":{"@type":"EntryPoint","urlTemplate":"https:\/\/suomenkuvalehti.fi\/haku\/?q={search_term_string}"},"query-input":{"@type":"PropertyValueSpecification","valueRequired":true,"valueName":"search_term_string"}}],"inLanguage":"fi"},{"@type":"Person","@id":"https:\/\/suomenkuvalehti.fi\/taivaan-tahden\/#\/schema\/person\/c9c1373acb19750e11084ef640abeae0","name":"Markus Hotakainen","image":{"@type":"ImageObject","inLanguage":"fi","@id":"https:\/\/suomenkuvalehti.fi\/taivaan-tahden\/#\/schema\/person\/image\/","url":"https:\/\/suomenkuvalehti.fi\/taivaan-tahden\/wp-content\/uploads\/sites\/36\/2018\/05\/markus_hotakainen_blogi_pieni-150x150.jpg","contentUrl":"https:\/\/suomenkuvalehti.fi\/taivaan-tahden\/wp-content\/uploads\/sites\/36\/2018\/05\/markus_hotakainen_blogi_pieni-150x150.jpg","caption":"Markus Hotakainen"},"description":"Kirjoittaja on tiedetoimittaja ja tietokirjailija."}]}},"_links":{"self":[{"href":"https:\/\/suomenkuvalehti.fi\/taivaan-tahden\/wp-json\/wp\/v2\/posts\/2279","targetHints":{"allow":["GET"]}}],"collection":[{"href":"https:\/\/suomenkuvalehti.fi\/taivaan-tahden\/wp-json\/wp\/v2\/posts"}],"about":[{"href":"https:\/\/suomenkuvalehti.fi\/taivaan-tahden\/wp-json\/wp\/v2\/types\/post"}],"author":[{"embeddable":true,"href":"https:\/\/suomenkuvalehti.fi\/taivaan-tahden\/wp-json\/wp\/v2\/users\/557"}],"replies":[{"embeddable":true,"href":"https:\/\/suomenkuvalehti.fi\/taivaan-tahden\/wp-json\/wp\/v2\/comments?post=2279"}],"version-history":[{"count":3,"href":"https:\/\/suomenkuvalehti.fi\/taivaan-tahden\/wp-json\/wp\/v2\/posts\/2279\/revisions"}],"predecessor-version":[{"id":2283,"href":"https:\/\/suomenkuvalehti.fi\/taivaan-tahden\/wp-json\/wp\/v2\/posts\/2279\/revisions\/2283"}],"wp:featuredmedia":[{"embeddable":true,"href":"https:\/\/suomenkuvalehti.fi\/taivaan-tahden\/wp-json\/wp\/v2\/media\/2280"}],"wp:attachment":[{"href":"https:\/\/suomenkuvalehti.fi\/taivaan-tahden\/wp-json\/wp\/v2\/media?parent=2279"}],"wp:term":[{"taxonomy":"category","embeddable":true,"href":"https:\/\/suomenkuvalehti.fi\/taivaan-tahden\/wp-json\/wp\/v2\/categories?post=2279"},{"taxonomy":"post_tag","embeddable":true,"href":"https:\/\/suomenkuvalehti.fi\/taivaan-tahden\/wp-json\/wp\/v2\/tags?post=2279"}],"curies":[{"name":"wp","href":"https:\/\/api.w.org\/{rel}","templated":true}]}}