{"id":2266,"date":"2019-12-31T09:32:15","date_gmt":"2019-12-31T07:32:15","guid":{"rendered":"https:\/\/suomenkuvalehti.fi\/taivaan-tahden\/?p=2266"},"modified":"2019-12-31T09:32:15","modified_gmt":"2019-12-31T07:32:15","slug":"aamut-ovat-marsia-illat-venusta","status":"publish","type":"post","link":"https:\/\/suomenkuvalehti.fi\/taivaan-tahden\/2019\/12\/31\/aamut-ovat-marsia-illat-venusta\/","title":{"rendered":"Aamut ovat Marsia, illat Venusta"},"content":{"rendered":"<figure class=\"aligncenter size-large is-resized wp-block-image\">\n  <div class=\"wp-block-image__inner-container\">\n    <a href=\"https:\/\/suomenkuvalehti.fi\/taivaan-tahden\/wp-content\/uploads\/sites\/36\/2019\/12\/venus_27122019.jpeg\"><img loading=\"lazy\" decoding=\"async\" src=\"https:\/\/suomenkuvalehti.fi\/taivaan-tahden\/wp-content\/uploads\/sites\/36\/2019\/12\/venus_27122019-1024x683.jpeg\" alt=\"\" class=\"wp-image-2267\" width=\"1024\" height=\"683\" style=\"--aspect-ratio: 1.5\" srcset=\"https:\/\/suomenkuvalehti.fi\/taivaan-tahden\/wp-content\/uploads\/sites\/36\/2019\/12\/venus_27122019-1024x683.jpeg 1024w, https:\/\/suomenkuvalehti.fi\/taivaan-tahden\/wp-content\/uploads\/sites\/36\/2019\/12\/venus_27122019-300x200.jpeg 300w, https:\/\/suomenkuvalehti.fi\/taivaan-tahden\/wp-content\/uploads\/sites\/36\/2019\/12\/venus_27122019-768x512.jpeg 768w, https:\/\/suomenkuvalehti.fi\/taivaan-tahden\/wp-content\/uploads\/sites\/36\/2019\/12\/venus_27122019-630x420.jpeg 630w, https:\/\/suomenkuvalehti.fi\/taivaan-tahden\/wp-content\/uploads\/sites\/36\/2019\/12\/venus_27122019.jpeg 1575w\" sizes=\"auto, (max-width: 1024px) 100vw, 1024px\" \/><\/a>    <figcaption class=\"wp-block-image__figcaption\">\n      Venus pilkisteli pilvien lomasta 27. joulukuuta. Kuva: Markus Hotakainen          <\/figcaption>\n      <\/div>\n<\/figure>\n\n\n<p><span class=\"capitalized\">Kun taivas alkaa<\/span> aamulla hiljalleen vaaleta eiv\u00e4tk\u00e4 pilvet peit\u00e4 n\u00e4kym\u00e4\u00e4, matalalla etel\u00e4n suunnalla kimmelt\u00e4\u00e4 punainen valopiste: Mars.<\/p>\n\n\n\n<p>Ja kun taivas lyhyen p\u00e4iv\u00e4n j\u00e4lkeen alkaa taas tummua, suunnilleen yht\u00e4 matalalla etel\u00e4n suunnalla loistelee \u2013 jos s\u00e4\u00e4 sallii \u2013 toinen, selv\u00e4sti kirkkaampi valopiste: Venus.<\/p>\n\n\n\n<p>Naapuriplaneettamme ovat tulevina kuukausina kuin eri paria. Venus n\u00e4ytt\u00e4\u00e4 et\u00e4\u00e4ntyv\u00e4n yh\u00e4 kauemmas Auringosta, kun se ottaa omalla radallaan kiinni kauempana kiert\u00e4v\u00e4\u00e4 Maata.<\/p>\n\n\n\n<p><span class=\"capitalized\">Samaan aikaan<\/span> Maa kirii kiinni v\u00e4limatkaa Marsiin, jonka kiertorata on puolestaan et\u00e4\u00e4mp\u00e4n\u00e4 Auringosta kuin Maan rata.<\/p>\n\n\n\n<p>Venus n\u00e4kyy aina samalla taivaankantilla kuin Aurinko. Se on joko \u201daamut\u00e4hti\u201d tai \u201diltat\u00e4hti\u201d, riippuen siit\u00e4, onko planeetta Auringon l\u00e4nsi- vai it\u00e4puolella.<\/p>\n\n\n\n<blockquote class=\"wp-block-quote\"><p>Venuksesta ei voi erehty\u00e4.<\/p><\/blockquote>\n\n\n\n<p>Antiikin kreikkalaiset itse asiassa luulivat, ett\u00e4 kyseess\u00e4 on kaksi eri planeettaa, ja antoivat niille nimet Hesperos ja Fosforos.<\/p>\n\n\n\n<p><span class=\"capitalized\">Maaliskuun lopulla<\/span> Venuksen n\u00e4enn\u00e4inen et\u00e4isyys Auringosta on suurimmillaan ja kirkkaasti loistava planeetta laskee yli viisi tuntia my\u00f6hemmin kuin Aurinko.<\/p>\n\n\n\n<p>Venuksesta ei voi erehty\u00e4, sill\u00e4 se on selv\u00e4sti kaikkia taivaan t\u00e4hti\u00e4 kirkkaampi.<\/p>\n\n\n\n<p>Kun ilta- ja y\u00f6taivas kev\u00e4\u00e4n edistyess\u00e4 ja kes\u00e4n l\u00e4hestyess\u00e4 vaalenee, Venus katoaa Auringon loisteeseen. Kes\u00e4kuun alussa se on Maan ja Auringon v\u00e4liss\u00e4 \u2013 ei t\u00e4sm\u00e4lleen, koska silloin planeetta kulkisi Auringon editse, mik\u00e4 tapahtuu hyvin harvoin \u2013 mutta viilett\u00e4\u00e4 vauhdilla aamupuolelle taivasta.<\/p>\n\n\n\n<p><span class=\"capitalized\">Elokuun puoliv\u00e4liss\u00e4<\/span> Venus on korkealla aamuy\u00f6n taivaalla, kun se kipuaa taivaanrannan takaa yli nelj\u00e4 tuntia ennen Aurinkoa. Planeetta on j\u00e4lleen helppo erottaa t\u00e4hdist\u00e4 ja se n\u00e4kyy aamunkoin vaalentamalla taivaallakin.<\/p>\n\n\n\n<p>Jos Venuksen sijainnin tiet\u00e4\u00e4 tarkalleen, sen pystyy bongaamaan jopa p\u00e4iv\u00e4taivaalta.<\/p>\n\n\n\n<p>Kev\u00e4\u00e4n ja kes\u00e4n mittaan punainen planeetta Mars nousee yh\u00e4 aikaisemmin. Toisin kuin Venus, joka on aina samalla suunnalla kuin Aurinko, Mars on aika ajoin t\u00e4sm\u00e4lleen vastakkaisella puolella taivasta. Oppositiossa siis.<\/p>\n\n\n\n<p><span class=\"capitalized\">Tilanne ei toistu<\/span> kovin usein, sill\u00e4 Maa ja Mars osuvat Auringon kanssa samalle linjalle noin 26 kuukauden v\u00e4lein. Edellinen oppositio oli hein\u00e4kuun lopulla 2018, seuraava lokakuun puoliv\u00e4liss\u00e4 2020.<\/p>\n\n\n\n<p>Silloin Mars nousee Auringon laskiessa, on etel\u00e4ss\u00e4 korkeimmillaan puolilta\u00f6in ja laskee auringonnousun aikoihin.<\/p>\n\n\n\n<p>Ennen oppositiota Mars on aamutaivaalla \u2013 miss\u00e4 se odottelee alkusyksyst\u00e4 2020 Venusta nousevaksi \u2013 ja opposition j\u00e4lkeen se on iltataivaalla.<\/p>\n\n\n\n<p>Eli ensi vuoden mittaan Venus siirtyy illasta aamuun ja Mars aamusta iltaan.<\/p>\n\n\n\n<p>&nbsp;<\/p>\n\n\n","protected":false},"excerpt":{"rendered":"<p>Kun taivas alkaa aamulla hiljalleen vaaleta eiv\u00e4tk\u00e4 pilvet peit\u00e4 n\u00e4kym\u00e4\u00e4, matalalla etel\u00e4n suunnalla kimmelt\u00e4\u00e4 punainen valopiste: Mars. Ja kun taivas lyhyen p\u00e4iv\u00e4n j\u00e4lkeen alkaa taas tummua, suunnilleen yht\u00e4 matalalla etel\u00e4n suunnalla loistelee \u2013 jos s\u00e4\u00e4 sallii \u2013 toinen,<br \/>\nselv\u00e4sti kirkkaampi&hellip;<\/p>\n","protected":false},"author":557,"featured_media":2267,"comment_status":"open","ping_status":"open","sticky":false,"template":"","format":"standard","meta":{"_acf_changed":false,"asauth_required_access_level":3,"asauth_cansharepaid":"true","om_header_attributes":[],"footnotes":"","om_featured_image_focal_point":[],"om_primary_tag":0,"om_contributors":[],"om_co_authors":[],"beyondwords_generate_audio":"","beyondwords_project_id":"","beyondwords_content_id":"","beyondwords_preview_token":"","beyondwords_player_content":"","beyondwords_player_style":"","beyondwords_language_code":"","beyondwords_language_id":"","beyondwords_title_voice_id":"","beyondwords_body_voice_id":"","beyondwords_summary_voice_id":"","beyondwords_error_message":"","beyondwords_disabled":"","beyondwords_delete_content":"","beyondwords_podcast_id":"","beyondwords_hash":"","publish_post_to_speechkit":"","speechkit_hash":"","speechkit_generate_audio":"","speechkit_project_id":"","speechkit_podcast_id":"","speechkit_error_message":"","speechkit_disabled":"","speechkit_access_key":"","speechkit_error":"","speechkit_info":"","speechkit_response":"","speechkit_retries":"","speechkit_status":"","speechkit_updated_at":"","_speechkit_link":"","_speechkit_text":""},"categories":[1],"tags":[31,32,14],"class_list":["post-2266","post","type-post","status-publish","format-standard","has-post-thumbnail","hentry","category-taivaan-tahden","tag-maa","tag-mars","tag-venus"],"om_views":null,"acf":{"tuuma_off":false,"tuuma_kysymys":"","tuuma_vastaus":""},"asauth":{"required_access_level":1,"share_token":"","is_paid":false},"yoast_head":"<!-- This site is optimized with the Yoast SEO plugin v26.4 - https:\/\/yoast.com\/wordpress\/plugins\/seo\/ -->\n<title>Aamut ovat Marsia, illat Venusta - Taivaan t\u00e4hden<\/title>\n<meta name=\"robots\" content=\"index, follow, max-snippet:-1, max-image-preview:large, max-video-preview:-1\" \/>\n<link rel=\"canonical\" href=\"https:\/\/suomenkuvalehti.fi\/taivaan-tahden\/2019\/12\/31\/aamut-ovat-marsia-illat-venusta\/\" \/>\n<meta property=\"og:locale\" content=\"fi_FI\" \/>\n<meta property=\"og:type\" content=\"article\" \/>\n<meta property=\"og:title\" content=\"Aamut ovat Marsia, illat Venusta - Taivaan t\u00e4hden\" \/>\n<meta property=\"og:description\" content=\"Kun taivas alkaa aamulla hiljalleen vaaleta eiv\u00e4tk\u00e4 pilvet peit\u00e4 n\u00e4kym\u00e4\u00e4, matalalla etel\u00e4n suunnalla kimmelt\u00e4\u00e4 punainen valopiste: Mars. Ja kun taivas lyhyen p\u00e4iv\u00e4n j\u00e4lkeen alkaa taas tummua, suunnilleen yht\u00e4 matalalla etel\u00e4n suunnalla loistelee \u2013 jos s\u00e4\u00e4 sallii \u2013 toinen, selv\u00e4sti kirkkaampi&hellip;\" \/>\n<meta property=\"og:url\" content=\"https:\/\/suomenkuvalehti.fi\/taivaan-tahden\/2019\/12\/31\/aamut-ovat-marsia-illat-venusta\/\" \/>\n<meta property=\"og:site_name\" content=\"Taivaan t\u00e4hden\" \/>\n<meta property=\"article:published_time\" content=\"2019-12-31T07:32:15+00:00\" \/>\n<meta property=\"og:image\" content=\"https:\/\/suomenkuvalehti.fi\/taivaan-tahden\/wp-content\/uploads\/sites\/36\/2019\/12\/venus_27122019.jpeg\" \/>\n\t<meta property=\"og:image:width\" content=\"1575\" \/>\n\t<meta property=\"og:image:height\" content=\"1050\" \/>\n\t<meta property=\"og:image:type\" content=\"image\/jpeg\" \/>\n<meta name=\"author\" content=\"Markus Hotakainen\" \/>\n<meta name=\"twitter:card\" content=\"summary_large_image\" \/>\n<meta name=\"twitter:label1\" content=\"Written by\" \/>\n\t<meta name=\"twitter:data1\" content=\"Markus Hotakainen\" \/>\n\t<meta name=\"twitter:label2\" content=\"Est. reading time\" \/>\n\t<meta name=\"twitter:data2\" content=\"2 minuuttia\" \/>\n<script type=\"application\/ld+json\" class=\"yoast-schema-graph\">{\"@context\":\"https:\/\/schema.org\",\"@graph\":[{\"@type\":\"WebPage\",\"@id\":\"https:\/\/suomenkuvalehti.fi\/taivaan-tahden\/2019\/12\/31\/aamut-ovat-marsia-illat-venusta\/\",\"url\":\"https:\/\/suomenkuvalehti.fi\/taivaan-tahden\/2019\/12\/31\/aamut-ovat-marsia-illat-venusta\/\",\"name\":\"Aamut ovat Marsia, illat Venusta - Taivaan t\u00e4hden\",\"isPartOf\":{\"@id\":\"https:\/\/suomenkuvalehti.fi\/taivaan-tahden\/#website\"},\"primaryImageOfPage\":{\"@id\":\"https:\/\/suomenkuvalehti.fi\/taivaan-tahden\/2019\/12\/31\/aamut-ovat-marsia-illat-venusta\/#primaryimage\"},\"image\":{\"@id\":\"https:\/\/suomenkuvalehti.fi\/taivaan-tahden\/2019\/12\/31\/aamut-ovat-marsia-illat-venusta\/#primaryimage\"},\"thumbnailUrl\":\"https:\/\/suomenkuvalehti.fi\/taivaan-tahden\/wp-content\/uploads\/sites\/36\/2019\/12\/venus_27122019.jpeg\",\"datePublished\":\"2019-12-31T07:32:15+00:00\",\"author\":{\"@id\":\"https:\/\/suomenkuvalehti.fi\/taivaan-tahden\/#\/schema\/person\/c9c1373acb19750e11084ef640abeae0\"},\"breadcrumb\":{\"@id\":\"https:\/\/suomenkuvalehti.fi\/taivaan-tahden\/2019\/12\/31\/aamut-ovat-marsia-illat-venusta\/#breadcrumb\"},\"inLanguage\":\"fi\",\"potentialAction\":[{\"@type\":\"ReadAction\",\"target\":[\"https:\/\/suomenkuvalehti.fi\/taivaan-tahden\/2019\/12\/31\/aamut-ovat-marsia-illat-venusta\/\"]}]},{\"@type\":\"ImageObject\",\"inLanguage\":\"fi\",\"@id\":\"https:\/\/suomenkuvalehti.fi\/taivaan-tahden\/2019\/12\/31\/aamut-ovat-marsia-illat-venusta\/#primaryimage\",\"url\":\"https:\/\/suomenkuvalehti.fi\/taivaan-tahden\/wp-content\/uploads\/sites\/36\/2019\/12\/venus_27122019.jpeg\",\"contentUrl\":\"https:\/\/suomenkuvalehti.fi\/taivaan-tahden\/wp-content\/uploads\/sites\/36\/2019\/12\/venus_27122019.jpeg\",\"width\":1575,\"height\":1050,\"caption\":\"Venus pilkisteli pilvien lomasta 27. joulukuuta. Kuva: Markus Hotakainen\"},{\"@type\":\"BreadcrumbList\",\"@id\":\"https:\/\/suomenkuvalehti.fi\/taivaan-tahden\/2019\/12\/31\/aamut-ovat-marsia-illat-venusta\/#breadcrumb\",\"itemListElement\":[{\"@type\":\"ListItem\",\"position\":1,\"name\":\"Home\",\"item\":\"https:\/\/suomenkuvalehti.fi\/taivaan-tahden\/\"},{\"@type\":\"ListItem\",\"position\":2,\"name\":\"Aamut ovat Marsia, illat Venusta\"}]},{\"@type\":\"WebSite\",\"@id\":\"https:\/\/suomenkuvalehti.fi\/taivaan-tahden\/#website\",\"url\":\"https:\/\/suomenkuvalehti.fi\/taivaan-tahden\/\",\"name\":\"Taivaan t\u00e4hden\",\"description\":\"Tiedetoimittaja Markus Hotakainen h\u00e4mm\u00e4stelee maailmankaikkeutta.\",\"potentialAction\":[{\"@type\":\"SearchAction\",\"target\":{\"@type\":\"EntryPoint\",\"urlTemplate\":\"https:\/\/suomenkuvalehti.fi\/haku\/?q={search_term_string}\"},\"query-input\":{\"@type\":\"PropertyValueSpecification\",\"valueRequired\":true,\"valueName\":\"search_term_string\"}}],\"inLanguage\":\"fi\"},{\"@type\":\"Person\",\"@id\":\"https:\/\/suomenkuvalehti.fi\/taivaan-tahden\/#\/schema\/person\/c9c1373acb19750e11084ef640abeae0\",\"name\":\"Markus Hotakainen\",\"image\":{\"@type\":\"ImageObject\",\"inLanguage\":\"fi\",\"@id\":\"https:\/\/suomenkuvalehti.fi\/taivaan-tahden\/#\/schema\/person\/image\/\",\"url\":\"https:\/\/suomenkuvalehti.fi\/taivaan-tahden\/wp-content\/uploads\/sites\/36\/2018\/05\/markus_hotakainen_blogi_pieni-150x150.jpg\",\"contentUrl\":\"https:\/\/suomenkuvalehti.fi\/taivaan-tahden\/wp-content\/uploads\/sites\/36\/2018\/05\/markus_hotakainen_blogi_pieni-150x150.jpg\",\"caption\":\"Markus Hotakainen\"},\"description\":\"Kirjoittaja on tiedetoimittaja ja tietokirjailija.\"}]}<\/script>\n<!-- \/ Yoast SEO plugin. -->","yoast_head_json":{"title":"Aamut ovat Marsia, illat Venusta - Taivaan t\u00e4hden","robots":{"index":"index","follow":"follow","max-snippet":"max-snippet:-1","max-image-preview":"max-image-preview:large","max-video-preview":"max-video-preview:-1"},"canonical":"https:\/\/suomenkuvalehti.fi\/taivaan-tahden\/2019\/12\/31\/aamut-ovat-marsia-illat-venusta\/","og_locale":"fi_FI","og_type":"article","og_title":"Aamut ovat Marsia, illat Venusta - Taivaan t\u00e4hden","og_description":"Kun taivas alkaa aamulla hiljalleen vaaleta eiv\u00e4tk\u00e4 pilvet peit\u00e4 n\u00e4kym\u00e4\u00e4, matalalla etel\u00e4n suunnalla kimmelt\u00e4\u00e4 punainen valopiste: Mars. Ja kun taivas lyhyen p\u00e4iv\u00e4n j\u00e4lkeen alkaa taas tummua, suunnilleen yht\u00e4 matalalla etel\u00e4n suunnalla loistelee \u2013 jos s\u00e4\u00e4 sallii \u2013 toinen, selv\u00e4sti kirkkaampi&hellip;","og_url":"https:\/\/suomenkuvalehti.fi\/taivaan-tahden\/2019\/12\/31\/aamut-ovat-marsia-illat-venusta\/","og_site_name":"Taivaan t\u00e4hden","article_published_time":"2019-12-31T07:32:15+00:00","og_image":[{"width":1575,"height":1050,"url":"https:\/\/suomenkuvalehti.fi\/taivaan-tahden\/wp-content\/uploads\/sites\/36\/2019\/12\/venus_27122019.jpeg","type":"image\/jpeg"}],"author":"Markus Hotakainen","twitter_card":"summary_large_image","twitter_misc":{"Written by":"Markus Hotakainen","Est. reading time":"2 minuuttia"},"schema":{"@context":"https:\/\/schema.org","@graph":[{"@type":"WebPage","@id":"https:\/\/suomenkuvalehti.fi\/taivaan-tahden\/2019\/12\/31\/aamut-ovat-marsia-illat-venusta\/","url":"https:\/\/suomenkuvalehti.fi\/taivaan-tahden\/2019\/12\/31\/aamut-ovat-marsia-illat-venusta\/","name":"Aamut ovat Marsia, illat Venusta - Taivaan t\u00e4hden","isPartOf":{"@id":"https:\/\/suomenkuvalehti.fi\/taivaan-tahden\/#website"},"primaryImageOfPage":{"@id":"https:\/\/suomenkuvalehti.fi\/taivaan-tahden\/2019\/12\/31\/aamut-ovat-marsia-illat-venusta\/#primaryimage"},"image":{"@id":"https:\/\/suomenkuvalehti.fi\/taivaan-tahden\/2019\/12\/31\/aamut-ovat-marsia-illat-venusta\/#primaryimage"},"thumbnailUrl":"https:\/\/suomenkuvalehti.fi\/taivaan-tahden\/wp-content\/uploads\/sites\/36\/2019\/12\/venus_27122019.jpeg","datePublished":"2019-12-31T07:32:15+00:00","author":{"@id":"https:\/\/suomenkuvalehti.fi\/taivaan-tahden\/#\/schema\/person\/c9c1373acb19750e11084ef640abeae0"},"breadcrumb":{"@id":"https:\/\/suomenkuvalehti.fi\/taivaan-tahden\/2019\/12\/31\/aamut-ovat-marsia-illat-venusta\/#breadcrumb"},"inLanguage":"fi","potentialAction":[{"@type":"ReadAction","target":["https:\/\/suomenkuvalehti.fi\/taivaan-tahden\/2019\/12\/31\/aamut-ovat-marsia-illat-venusta\/"]}]},{"@type":"ImageObject","inLanguage":"fi","@id":"https:\/\/suomenkuvalehti.fi\/taivaan-tahden\/2019\/12\/31\/aamut-ovat-marsia-illat-venusta\/#primaryimage","url":"https:\/\/suomenkuvalehti.fi\/taivaan-tahden\/wp-content\/uploads\/sites\/36\/2019\/12\/venus_27122019.jpeg","contentUrl":"https:\/\/suomenkuvalehti.fi\/taivaan-tahden\/wp-content\/uploads\/sites\/36\/2019\/12\/venus_27122019.jpeg","width":1575,"height":1050,"caption":"Venus pilkisteli pilvien lomasta 27. joulukuuta. Kuva: Markus Hotakainen"},{"@type":"BreadcrumbList","@id":"https:\/\/suomenkuvalehti.fi\/taivaan-tahden\/2019\/12\/31\/aamut-ovat-marsia-illat-venusta\/#breadcrumb","itemListElement":[{"@type":"ListItem","position":1,"name":"Home","item":"https:\/\/suomenkuvalehti.fi\/taivaan-tahden\/"},{"@type":"ListItem","position":2,"name":"Aamut ovat Marsia, illat Venusta"}]},{"@type":"WebSite","@id":"https:\/\/suomenkuvalehti.fi\/taivaan-tahden\/#website","url":"https:\/\/suomenkuvalehti.fi\/taivaan-tahden\/","name":"Taivaan t\u00e4hden","description":"Tiedetoimittaja Markus Hotakainen h\u00e4mm\u00e4stelee maailmankaikkeutta.","potentialAction":[{"@type":"SearchAction","target":{"@type":"EntryPoint","urlTemplate":"https:\/\/suomenkuvalehti.fi\/haku\/?q={search_term_string}"},"query-input":{"@type":"PropertyValueSpecification","valueRequired":true,"valueName":"search_term_string"}}],"inLanguage":"fi"},{"@type":"Person","@id":"https:\/\/suomenkuvalehti.fi\/taivaan-tahden\/#\/schema\/person\/c9c1373acb19750e11084ef640abeae0","name":"Markus Hotakainen","image":{"@type":"ImageObject","inLanguage":"fi","@id":"https:\/\/suomenkuvalehti.fi\/taivaan-tahden\/#\/schema\/person\/image\/","url":"https:\/\/suomenkuvalehti.fi\/taivaan-tahden\/wp-content\/uploads\/sites\/36\/2018\/05\/markus_hotakainen_blogi_pieni-150x150.jpg","contentUrl":"https:\/\/suomenkuvalehti.fi\/taivaan-tahden\/wp-content\/uploads\/sites\/36\/2018\/05\/markus_hotakainen_blogi_pieni-150x150.jpg","caption":"Markus Hotakainen"},"description":"Kirjoittaja on tiedetoimittaja ja tietokirjailija."}]}},"_links":{"self":[{"href":"https:\/\/suomenkuvalehti.fi\/taivaan-tahden\/wp-json\/wp\/v2\/posts\/2266","targetHints":{"allow":["GET"]}}],"collection":[{"href":"https:\/\/suomenkuvalehti.fi\/taivaan-tahden\/wp-json\/wp\/v2\/posts"}],"about":[{"href":"https:\/\/suomenkuvalehti.fi\/taivaan-tahden\/wp-json\/wp\/v2\/types\/post"}],"author":[{"embeddable":true,"href":"https:\/\/suomenkuvalehti.fi\/taivaan-tahden\/wp-json\/wp\/v2\/users\/557"}],"replies":[{"embeddable":true,"href":"https:\/\/suomenkuvalehti.fi\/taivaan-tahden\/wp-json\/wp\/v2\/comments?post=2266"}],"version-history":[{"count":3,"href":"https:\/\/suomenkuvalehti.fi\/taivaan-tahden\/wp-json\/wp\/v2\/posts\/2266\/revisions"}],"predecessor-version":[{"id":2270,"href":"https:\/\/suomenkuvalehti.fi\/taivaan-tahden\/wp-json\/wp\/v2\/posts\/2266\/revisions\/2270"}],"wp:featuredmedia":[{"embeddable":true,"href":"https:\/\/suomenkuvalehti.fi\/taivaan-tahden\/wp-json\/wp\/v2\/media\/2267"}],"wp:attachment":[{"href":"https:\/\/suomenkuvalehti.fi\/taivaan-tahden\/wp-json\/wp\/v2\/media?parent=2266"}],"wp:term":[{"taxonomy":"category","embeddable":true,"href":"https:\/\/suomenkuvalehti.fi\/taivaan-tahden\/wp-json\/wp\/v2\/categories?post=2266"},{"taxonomy":"post_tag","embeddable":true,"href":"https:\/\/suomenkuvalehti.fi\/taivaan-tahden\/wp-json\/wp\/v2\/tags?post=2266"}],"curies":[{"name":"wp","href":"https:\/\/api.w.org\/{rel}","templated":true}]}}