{"id":2256,"date":"2019-12-20T08:56:07","date_gmt":"2019-12-20T06:56:07","guid":{"rendered":"https:\/\/suomenkuvalehti.fi\/taivaan-tahden\/?p=2256"},"modified":"2019-12-20T08:56:07","modified_gmt":"2019-12-20T06:56:07","slug":"alien-siella-taas-vilkuttelee","status":"publish","type":"post","link":"https:\/\/suomenkuvalehti.fi\/taivaan-tahden\/2019\/12\/20\/alien-siella-taas-vilkuttelee\/","title":{"rendered":"Alien siell\u00e4 taas vilkuttelee"},"content":{"rendered":"<figure class=\"aligncenter size-large is-resized wp-block-image\">\n  <div class=\"wp-block-image__inner-container\">\n    <a href=\"https:\/\/suomenkuvalehti.fi\/taivaan-tahden\/wp-content\/uploads\/sites\/36\/2019\/12\/denebbi_sk-kopio.jpg\"><img loading=\"lazy\" decoding=\"async\" src=\"https:\/\/suomenkuvalehti.fi\/taivaan-tahden\/wp-content\/uploads\/sites\/36\/2019\/12\/denebbi_sk-kopio-1024x341.jpg\" alt=\"\" class=\"wp-image-2257\" width=\"1024\" height=\"341\" style=\"--aspect-ratio: 3\" srcset=\"https:\/\/suomenkuvalehti.fi\/taivaan-tahden\/wp-content\/uploads\/sites\/36\/2019\/12\/denebbi_sk-kopio-1024x341.jpg 1024w, https:\/\/suomenkuvalehti.fi\/taivaan-tahden\/wp-content\/uploads\/sites\/36\/2019\/12\/denebbi_sk-kopio-300x100.jpg 300w, https:\/\/suomenkuvalehti.fi\/taivaan-tahden\/wp-content\/uploads\/sites\/36\/2019\/12\/denebbi_sk-kopio-768x256.jpg 768w, https:\/\/suomenkuvalehti.fi\/taivaan-tahden\/wp-content\/uploads\/sites\/36\/2019\/12\/denebbi_sk-kopio-630x210.jpg 630w, https:\/\/suomenkuvalehti.fi\/taivaan-tahden\/wp-content\/uploads\/sites\/36\/2019\/12\/denebbi_sk-kopio.jpg 1439w\" sizes=\"auto, (max-width: 1024px) 100vw, 1024px\" \/><\/a>    <figcaption class=\"wp-block-image__figcaption\">\n      Yksi t\u00e4hdist\u00e4 on kadonnut, mutta mik\u00e4? Ja miksi? (Kuvan t\u00e4hdet eiv\u00e4t liity tutkittuihin tapauksiin.) Kuva: Markus Hotakainen          <\/figcaption>\n      <\/div>\n<\/figure>\n\n\n<p><span class=\"capitalized\">Kosmoksesta kuuluu<\/span> j\u00e4lleen kerran kummia. Tai siis n\u00e4kyy. Tai pikemminkin ei n\u00e4y.<\/p>\n\n\n\n<p>T\u00e4hti\u00e4 katoilee.<\/p>\n\n\n\n<p>Mieleen tulee <b>Arthur C. Clarken<\/b> vuonna 1953 julkaistu novelli <i>Jumalan yhdeks\u00e4n biljoonaa nime\u00e4<\/i>. SPOILER ALERT! Tarinassa y\u00f6taivaan t\u00e4hdet sammuvat yksi kerrallaan.<\/p>\n\n\n\n<p>Arvoitus alkoi hahmottua, kun kansainv\u00e4linen tutkijaryhm\u00e4 vertasi vanhojen t\u00e4htiluetteloiden tietoja nykyiseen tilanteeseen. Joukko syv\u00e4npunaisia t\u00e4hti\u00e4 tai t\u00e4htim\u00e4isi\u00e4 kohteita on vuosien mittaan sammunut.<\/p>\n\n\n\n<p><span class=\"capitalized\">T\u00e4htien katoamisessa<\/span> ei sin\u00e4ns\u00e4 ole mit\u00e4\u00e4n omituista. Ne syntyv\u00e4t, el\u00e4v\u00e4t el\u00e4m\u00e4ns\u00e4 ja lopulta kuolevat.<\/p>\n\n\n\n<p>Auringon kokoluokkaa olevat t\u00e4hdet paisuvat punaisiksi j\u00e4ttil\u00e4isiksi ja puhaltavat sitten uloimmat kerroksensa avaruuteen laajenevaksi planetaariseksi sumuksi. Sen keskelle j\u00e4\u00e4 suunnilleen maapallon kokoinen valkoinen k\u00e4\u00e4pi\u00f6.<\/p>\n\n\n\n<p>Aurinkoa useita kertoja massiivisemmat t\u00e4hdet r\u00e4j\u00e4ht\u00e4v\u00e4t j\u00e4ttil\u00e4isvaiheen p\u00e4\u00e4tteeksi supernovina. J\u00e4ljelle j\u00e4\u00e4 parinkymmenen kilometrin l\u00e4pimittainen neutronit\u00e4hti, musta aukko tai pelkk\u00e4 kaasupilvi.<\/p>\n\n\n\n<p>Kummassakaan tapauksessa t\u00e4hti ei noin vain katoa. Loppuvaiheet pystyt\u00e4\u00e4n havaitsemaan tai ainakin ne j\u00e4tt\u00e4v\u00e4t j\u00e4lkens\u00e4 avaruuteen.<\/p>\n\n\n\n<p><span class=\"capitalized\">Tutkijoiden mukaan<\/span> yht\u00e4kki\u00e4 katoavat t\u00e4hdet voivat olla \u201dep\u00e4onnistuneita supernovia\u201d. Hyvin massiivinen t\u00e4hti saattaa luhistua suoraan mustaksi aukoksi ilman n\u00e4ytt\u00e4v\u00e4\u00e4 r\u00e4j\u00e4hdyst\u00e4. Toistaiseksi moiset luuserit ovat kuitenkin teoreettisia tapauksia.<\/p>\n\n\n\n<p>Arvoitusta syvent\u00e4\u00e4 se, ett\u00e4 osa tutkituista kohteista ei ole kadonnut, vaan p\u00e4invastoin ilmestynyt kuin tyhj\u00e4st\u00e4. Joissakin tapauksissa kirkkaus on kasvanut hyvin nopeasti monituhatkertaiseksi.<\/p>\n\n\n\n<blockquote class=\"wp-block-quote\"><p>Punainen hohde on merkki vieraan sivilisaation viestint\u00e4laserista.<\/p><\/blockquote>\n\n\n\n<p>Kun taivaalta l\u00f6ytyy jotain outoa, tuntuu nykyisin olevan muodikasta listata ep\u00e4iltyjen joukkoon my\u00f6s alienit ja niiden aktiviteetit.<\/p>\n\n\n\n<p>Se on ymm\u00e4rrett\u00e4v\u00e4\u00e4, sill\u00e4 vuosittain julkaistavista noin kahdesta miljoonasta tieteellisest\u00e4 artikkelista n\u00e4kyvyytt\u00e4 saavat yleens\u00e4 vain ne, joissa on jokin yleismediaa kiinnostava houkutin.<\/p>\n\n\n\n<p><span class=\"capitalized\">Onko tehokkaampaa<\/span> t\u00e4ky\u00e4 kuin avaruuden muukalaisten mainitseminen? (Ilmeisesti ei, mink\u00e4 t\u00e4m\u00e4kin blogiteksti todistaa\u2026)<\/p>\n\n\n\n<p>T\u00e4ll\u00e4 kertaa yhten\u00e4 hypoteesina on, ett\u00e4 katoavat t\u00e4hdet eiv\u00e4t ole t\u00e4hti\u00e4 ensink\u00e4\u00e4n. Punainen hohde on merkki vieraan sivilisaation viestint\u00e4laserista.<\/p>\n\n\n\n<p>Tutkijat korostavat, etteiv\u00e4t pid\u00e4 alien-selityst\u00e4 kovin todenn\u00e4k\u00f6isen\u00e4, sill\u00e4 mik\u00e4\u00e4n ei suoranaisesti viittaa siihen. He arvelevat kohteiden kummallisen k\u00e4yt\u00f6ksen kieliv\u00e4n t\u00e4htien kehityksen harvoin n\u00e4hdyst\u00e4 vaiheesta tai vaihtoehtoisesti aktiivisten galaksien \u00e4killisist\u00e4 purkauksista.<\/p>\n\n\n\n<p><span class=\"capitalized\">Asian selvitt\u00e4miseksi<\/span> t\u00e4htitieteilij\u00f6ill\u00e4 riitt\u00e4\u00e4 ty\u00f6sarkaa, sill\u00e4 nyt l\u00f6ytyneet noin sata anomaliaa on seulottu 150&nbsp;000 kiinnostavan kohteen joukosta, josta 85 prosenttia on viel\u00e4 tutkimatta.<\/p>\n\n\n\n<p>Ehk\u00e4 joku niist\u00e4 tosiaan on muukalaisten l\u00e4hett\u00e4m\u00e4 viesti. Tai sitten ei.<\/p>\n\n\n\n<p>&nbsp;<\/p>\n\n\n","protected":false},"excerpt":{"rendered":"<p>Kosmoksesta kuuluu j\u00e4lleen kerran kummia. Tai siis n\u00e4kyy. Tai pikemminkin ei n\u00e4y. T\u00e4hti\u00e4 katoilee. Mieleen tulee Arthur C. Clarken vuonna 1953 julkaistu novelli Jumalan yhdeks\u00e4n biljoonaa nime\u00e4. SPOILER ALERT! Tarinassa y\u00f6taivaan t\u00e4hdet sammuvat yksi kerrallaan. Arvoitus alkoi hahmottua, kun<br \/>\nkansainv&hellip;<\/p>\n","protected":false},"author":557,"featured_media":2257,"comment_status":"open","ping_status":"open","sticky":false,"template":"","format":"standard","meta":{"_acf_changed":false,"asauth_required_access_level":3,"asauth_cansharepaid":"true","om_header_attributes":[],"footnotes":"","om_featured_image_focal_point":[],"om_primary_tag":0,"om_contributors":[],"om_co_authors":[],"beyondwords_generate_audio":"","beyondwords_project_id":"","beyondwords_content_id":"","beyondwords_preview_token":"","beyondwords_player_content":"","beyondwords_player_style":"","beyondwords_language_code":"","beyondwords_language_id":"","beyondwords_title_voice_id":"","beyondwords_body_voice_id":"","beyondwords_summary_voice_id":"","beyondwords_error_message":"","beyondwords_disabled":"","beyondwords_delete_content":"","beyondwords_podcast_id":"","beyondwords_hash":"","publish_post_to_speechkit":"","speechkit_hash":"","speechkit_generate_audio":"","speechkit_project_id":"","speechkit_podcast_id":"","speechkit_error_message":"","speechkit_disabled":"","speechkit_access_key":"","speechkit_error":"","speechkit_info":"","speechkit_response":"","speechkit_retries":"","speechkit_status":"","speechkit_updated_at":"","_speechkit_link":"","_speechkit_text":""},"categories":[1],"tags":[846,531,185,158],"class_list":["post-2256","post","type-post","status-publish","format-standard","has-post-thumbnail","hentry","category-taivaan-tahden","tag-alien","tag-arthur-c-clarke","tag-avaruuden-muukalaiset","tag-tahti"],"om_views":null,"acf":{"tuuma_off":false,"tuuma_kysymys":"","tuuma_vastaus":""},"asauth":{"required_access_level":1,"share_token":"","is_paid":false},"yoast_head":"<!-- This site is optimized with the Yoast SEO plugin v26.4 - https:\/\/yoast.com\/wordpress\/plugins\/seo\/ -->\n<title>Alien siell\u00e4 taas vilkuttelee - Taivaan t\u00e4hden<\/title>\n<meta name=\"robots\" content=\"index, follow, max-snippet:-1, max-image-preview:large, max-video-preview:-1\" \/>\n<link rel=\"canonical\" href=\"https:\/\/suomenkuvalehti.fi\/taivaan-tahden\/2019\/12\/20\/alien-siella-taas-vilkuttelee\/\" \/>\n<meta property=\"og:locale\" content=\"fi_FI\" \/>\n<meta property=\"og:type\" content=\"article\" \/>\n<meta property=\"og:title\" content=\"Alien siell\u00e4 taas vilkuttelee - Taivaan t\u00e4hden\" \/>\n<meta property=\"og:description\" content=\"Kosmoksesta kuuluu j\u00e4lleen kerran kummia. Tai siis n\u00e4kyy. Tai pikemminkin ei n\u00e4y. T\u00e4hti\u00e4 katoilee. Mieleen tulee Arthur C. Clarken vuonna 1953 julkaistu novelli Jumalan yhdeks\u00e4n biljoonaa nime\u00e4. SPOILER ALERT! Tarinassa y\u00f6taivaan t\u00e4hdet sammuvat yksi kerrallaan. Arvoitus alkoi hahmottua, kun kansainv&hellip;\" \/>\n<meta property=\"og:url\" content=\"https:\/\/suomenkuvalehti.fi\/taivaan-tahden\/2019\/12\/20\/alien-siella-taas-vilkuttelee\/\" \/>\n<meta property=\"og:site_name\" content=\"Taivaan t\u00e4hden\" \/>\n<meta property=\"article:published_time\" content=\"2019-12-20T06:56:07+00:00\" \/>\n<meta property=\"og:image\" content=\"https:\/\/suomenkuvalehti.fi\/taivaan-tahden\/wp-content\/uploads\/sites\/36\/2019\/12\/denebbi_sk-kopio.jpg\" \/>\n\t<meta property=\"og:image:width\" content=\"1439\" \/>\n\t<meta property=\"og:image:height\" content=\"479\" \/>\n\t<meta property=\"og:image:type\" content=\"image\/jpeg\" \/>\n<meta name=\"author\" content=\"Markus Hotakainen\" \/>\n<meta name=\"twitter:card\" content=\"summary_large_image\" \/>\n<meta name=\"twitter:label1\" content=\"Written by\" \/>\n\t<meta name=\"twitter:data1\" content=\"Markus Hotakainen\" \/>\n\t<meta name=\"twitter:label2\" content=\"Est. reading time\" \/>\n\t<meta name=\"twitter:data2\" content=\"2 minuuttia\" \/>\n<script type=\"application\/ld+json\" class=\"yoast-schema-graph\">{\"@context\":\"https:\/\/schema.org\",\"@graph\":[{\"@type\":\"WebPage\",\"@id\":\"https:\/\/suomenkuvalehti.fi\/taivaan-tahden\/2019\/12\/20\/alien-siella-taas-vilkuttelee\/\",\"url\":\"https:\/\/suomenkuvalehti.fi\/taivaan-tahden\/2019\/12\/20\/alien-siella-taas-vilkuttelee\/\",\"name\":\"Alien siell\u00e4 taas vilkuttelee - Taivaan t\u00e4hden\",\"isPartOf\":{\"@id\":\"https:\/\/suomenkuvalehti.fi\/taivaan-tahden\/#website\"},\"primaryImageOfPage\":{\"@id\":\"https:\/\/suomenkuvalehti.fi\/taivaan-tahden\/2019\/12\/20\/alien-siella-taas-vilkuttelee\/#primaryimage\"},\"image\":{\"@id\":\"https:\/\/suomenkuvalehti.fi\/taivaan-tahden\/2019\/12\/20\/alien-siella-taas-vilkuttelee\/#primaryimage\"},\"thumbnailUrl\":\"https:\/\/suomenkuvalehti.fi\/taivaan-tahden\/wp-content\/uploads\/sites\/36\/2019\/12\/denebbi_sk-kopio.jpg\",\"datePublished\":\"2019-12-20T06:56:07+00:00\",\"author\":{\"@id\":\"https:\/\/suomenkuvalehti.fi\/taivaan-tahden\/#\/schema\/person\/c9c1373acb19750e11084ef640abeae0\"},\"breadcrumb\":{\"@id\":\"https:\/\/suomenkuvalehti.fi\/taivaan-tahden\/2019\/12\/20\/alien-siella-taas-vilkuttelee\/#breadcrumb\"},\"inLanguage\":\"fi\",\"potentialAction\":[{\"@type\":\"ReadAction\",\"target\":[\"https:\/\/suomenkuvalehti.fi\/taivaan-tahden\/2019\/12\/20\/alien-siella-taas-vilkuttelee\/\"]}]},{\"@type\":\"ImageObject\",\"inLanguage\":\"fi\",\"@id\":\"https:\/\/suomenkuvalehti.fi\/taivaan-tahden\/2019\/12\/20\/alien-siella-taas-vilkuttelee\/#primaryimage\",\"url\":\"https:\/\/suomenkuvalehti.fi\/taivaan-tahden\/wp-content\/uploads\/sites\/36\/2019\/12\/denebbi_sk-kopio.jpg\",\"contentUrl\":\"https:\/\/suomenkuvalehti.fi\/taivaan-tahden\/wp-content\/uploads\/sites\/36\/2019\/12\/denebbi_sk-kopio.jpg\",\"width\":1439,\"height\":479,\"caption\":\"Yksi t\u00e4hdist\u00e4 on kadonnut, mutta mik\u00e4? Ja miksi? (Kuvan t\u00e4hdet eiv\u00e4t liity tutkittuihin tapauksiin.) Kuva: Markus Hotakainen\"},{\"@type\":\"BreadcrumbList\",\"@id\":\"https:\/\/suomenkuvalehti.fi\/taivaan-tahden\/2019\/12\/20\/alien-siella-taas-vilkuttelee\/#breadcrumb\",\"itemListElement\":[{\"@type\":\"ListItem\",\"position\":1,\"name\":\"Home\",\"item\":\"https:\/\/suomenkuvalehti.fi\/taivaan-tahden\/\"},{\"@type\":\"ListItem\",\"position\":2,\"name\":\"Alien siell\u00e4 taas vilkuttelee\"}]},{\"@type\":\"WebSite\",\"@id\":\"https:\/\/suomenkuvalehti.fi\/taivaan-tahden\/#website\",\"url\":\"https:\/\/suomenkuvalehti.fi\/taivaan-tahden\/\",\"name\":\"Taivaan t\u00e4hden\",\"description\":\"Tiedetoimittaja Markus Hotakainen h\u00e4mm\u00e4stelee maailmankaikkeutta.\",\"potentialAction\":[{\"@type\":\"SearchAction\",\"target\":{\"@type\":\"EntryPoint\",\"urlTemplate\":\"https:\/\/suomenkuvalehti.fi\/haku\/?q={search_term_string}\"},\"query-input\":{\"@type\":\"PropertyValueSpecification\",\"valueRequired\":true,\"valueName\":\"search_term_string\"}}],\"inLanguage\":\"fi\"},{\"@type\":\"Person\",\"@id\":\"https:\/\/suomenkuvalehti.fi\/taivaan-tahden\/#\/schema\/person\/c9c1373acb19750e11084ef640abeae0\",\"name\":\"Markus Hotakainen\",\"image\":{\"@type\":\"ImageObject\",\"inLanguage\":\"fi\",\"@id\":\"https:\/\/suomenkuvalehti.fi\/taivaan-tahden\/#\/schema\/person\/image\/\",\"url\":\"https:\/\/suomenkuvalehti.fi\/taivaan-tahden\/wp-content\/uploads\/sites\/36\/2018\/05\/markus_hotakainen_blogi_pieni-150x150.jpg\",\"contentUrl\":\"https:\/\/suomenkuvalehti.fi\/taivaan-tahden\/wp-content\/uploads\/sites\/36\/2018\/05\/markus_hotakainen_blogi_pieni-150x150.jpg\",\"caption\":\"Markus Hotakainen\"},\"description\":\"Kirjoittaja on tiedetoimittaja ja tietokirjailija.\"}]}<\/script>\n<!-- \/ Yoast SEO plugin. -->","yoast_head_json":{"title":"Alien siell\u00e4 taas vilkuttelee - Taivaan t\u00e4hden","robots":{"index":"index","follow":"follow","max-snippet":"max-snippet:-1","max-image-preview":"max-image-preview:large","max-video-preview":"max-video-preview:-1"},"canonical":"https:\/\/suomenkuvalehti.fi\/taivaan-tahden\/2019\/12\/20\/alien-siella-taas-vilkuttelee\/","og_locale":"fi_FI","og_type":"article","og_title":"Alien siell\u00e4 taas vilkuttelee - Taivaan t\u00e4hden","og_description":"Kosmoksesta kuuluu j\u00e4lleen kerran kummia. Tai siis n\u00e4kyy. Tai pikemminkin ei n\u00e4y. T\u00e4hti\u00e4 katoilee. Mieleen tulee Arthur C. Clarken vuonna 1953 julkaistu novelli Jumalan yhdeks\u00e4n biljoonaa nime\u00e4. SPOILER ALERT! Tarinassa y\u00f6taivaan t\u00e4hdet sammuvat yksi kerrallaan. Arvoitus alkoi hahmottua, kun kansainv&hellip;","og_url":"https:\/\/suomenkuvalehti.fi\/taivaan-tahden\/2019\/12\/20\/alien-siella-taas-vilkuttelee\/","og_site_name":"Taivaan t\u00e4hden","article_published_time":"2019-12-20T06:56:07+00:00","og_image":[{"width":1439,"height":479,"url":"https:\/\/suomenkuvalehti.fi\/taivaan-tahden\/wp-content\/uploads\/sites\/36\/2019\/12\/denebbi_sk-kopio.jpg","type":"image\/jpeg"}],"author":"Markus Hotakainen","twitter_card":"summary_large_image","twitter_misc":{"Written by":"Markus Hotakainen","Est. reading time":"2 minuuttia"},"schema":{"@context":"https:\/\/schema.org","@graph":[{"@type":"WebPage","@id":"https:\/\/suomenkuvalehti.fi\/taivaan-tahden\/2019\/12\/20\/alien-siella-taas-vilkuttelee\/","url":"https:\/\/suomenkuvalehti.fi\/taivaan-tahden\/2019\/12\/20\/alien-siella-taas-vilkuttelee\/","name":"Alien siell\u00e4 taas vilkuttelee - Taivaan t\u00e4hden","isPartOf":{"@id":"https:\/\/suomenkuvalehti.fi\/taivaan-tahden\/#website"},"primaryImageOfPage":{"@id":"https:\/\/suomenkuvalehti.fi\/taivaan-tahden\/2019\/12\/20\/alien-siella-taas-vilkuttelee\/#primaryimage"},"image":{"@id":"https:\/\/suomenkuvalehti.fi\/taivaan-tahden\/2019\/12\/20\/alien-siella-taas-vilkuttelee\/#primaryimage"},"thumbnailUrl":"https:\/\/suomenkuvalehti.fi\/taivaan-tahden\/wp-content\/uploads\/sites\/36\/2019\/12\/denebbi_sk-kopio.jpg","datePublished":"2019-12-20T06:56:07+00:00","author":{"@id":"https:\/\/suomenkuvalehti.fi\/taivaan-tahden\/#\/schema\/person\/c9c1373acb19750e11084ef640abeae0"},"breadcrumb":{"@id":"https:\/\/suomenkuvalehti.fi\/taivaan-tahden\/2019\/12\/20\/alien-siella-taas-vilkuttelee\/#breadcrumb"},"inLanguage":"fi","potentialAction":[{"@type":"ReadAction","target":["https:\/\/suomenkuvalehti.fi\/taivaan-tahden\/2019\/12\/20\/alien-siella-taas-vilkuttelee\/"]}]},{"@type":"ImageObject","inLanguage":"fi","@id":"https:\/\/suomenkuvalehti.fi\/taivaan-tahden\/2019\/12\/20\/alien-siella-taas-vilkuttelee\/#primaryimage","url":"https:\/\/suomenkuvalehti.fi\/taivaan-tahden\/wp-content\/uploads\/sites\/36\/2019\/12\/denebbi_sk-kopio.jpg","contentUrl":"https:\/\/suomenkuvalehti.fi\/taivaan-tahden\/wp-content\/uploads\/sites\/36\/2019\/12\/denebbi_sk-kopio.jpg","width":1439,"height":479,"caption":"Yksi t\u00e4hdist\u00e4 on kadonnut, mutta mik\u00e4? Ja miksi? (Kuvan t\u00e4hdet eiv\u00e4t liity tutkittuihin tapauksiin.) Kuva: Markus Hotakainen"},{"@type":"BreadcrumbList","@id":"https:\/\/suomenkuvalehti.fi\/taivaan-tahden\/2019\/12\/20\/alien-siella-taas-vilkuttelee\/#breadcrumb","itemListElement":[{"@type":"ListItem","position":1,"name":"Home","item":"https:\/\/suomenkuvalehti.fi\/taivaan-tahden\/"},{"@type":"ListItem","position":2,"name":"Alien siell\u00e4 taas vilkuttelee"}]},{"@type":"WebSite","@id":"https:\/\/suomenkuvalehti.fi\/taivaan-tahden\/#website","url":"https:\/\/suomenkuvalehti.fi\/taivaan-tahden\/","name":"Taivaan t\u00e4hden","description":"Tiedetoimittaja Markus Hotakainen h\u00e4mm\u00e4stelee maailmankaikkeutta.","potentialAction":[{"@type":"SearchAction","target":{"@type":"EntryPoint","urlTemplate":"https:\/\/suomenkuvalehti.fi\/haku\/?q={search_term_string}"},"query-input":{"@type":"PropertyValueSpecification","valueRequired":true,"valueName":"search_term_string"}}],"inLanguage":"fi"},{"@type":"Person","@id":"https:\/\/suomenkuvalehti.fi\/taivaan-tahden\/#\/schema\/person\/c9c1373acb19750e11084ef640abeae0","name":"Markus Hotakainen","image":{"@type":"ImageObject","inLanguage":"fi","@id":"https:\/\/suomenkuvalehti.fi\/taivaan-tahden\/#\/schema\/person\/image\/","url":"https:\/\/suomenkuvalehti.fi\/taivaan-tahden\/wp-content\/uploads\/sites\/36\/2018\/05\/markus_hotakainen_blogi_pieni-150x150.jpg","contentUrl":"https:\/\/suomenkuvalehti.fi\/taivaan-tahden\/wp-content\/uploads\/sites\/36\/2018\/05\/markus_hotakainen_blogi_pieni-150x150.jpg","caption":"Markus Hotakainen"},"description":"Kirjoittaja on tiedetoimittaja ja tietokirjailija."}]}},"_links":{"self":[{"href":"https:\/\/suomenkuvalehti.fi\/taivaan-tahden\/wp-json\/wp\/v2\/posts\/2256","targetHints":{"allow":["GET"]}}],"collection":[{"href":"https:\/\/suomenkuvalehti.fi\/taivaan-tahden\/wp-json\/wp\/v2\/posts"}],"about":[{"href":"https:\/\/suomenkuvalehti.fi\/taivaan-tahden\/wp-json\/wp\/v2\/types\/post"}],"author":[{"embeddable":true,"href":"https:\/\/suomenkuvalehti.fi\/taivaan-tahden\/wp-json\/wp\/v2\/users\/557"}],"replies":[{"embeddable":true,"href":"https:\/\/suomenkuvalehti.fi\/taivaan-tahden\/wp-json\/wp\/v2\/comments?post=2256"}],"version-history":[{"count":2,"href":"https:\/\/suomenkuvalehti.fi\/taivaan-tahden\/wp-json\/wp\/v2\/posts\/2256\/revisions"}],"predecessor-version":[{"id":2259,"href":"https:\/\/suomenkuvalehti.fi\/taivaan-tahden\/wp-json\/wp\/v2\/posts\/2256\/revisions\/2259"}],"wp:featuredmedia":[{"embeddable":true,"href":"https:\/\/suomenkuvalehti.fi\/taivaan-tahden\/wp-json\/wp\/v2\/media\/2257"}],"wp:attachment":[{"href":"https:\/\/suomenkuvalehti.fi\/taivaan-tahden\/wp-json\/wp\/v2\/media?parent=2256"}],"wp:term":[{"taxonomy":"category","embeddable":true,"href":"https:\/\/suomenkuvalehti.fi\/taivaan-tahden\/wp-json\/wp\/v2\/categories?post=2256"},{"taxonomy":"post_tag","embeddable":true,"href":"https:\/\/suomenkuvalehti.fi\/taivaan-tahden\/wp-json\/wp\/v2\/tags?post=2256"}],"curies":[{"name":"wp","href":"https:\/\/api.w.org\/{rel}","templated":true}]}}